{"id":12780,"date":"2021-11-19T22:45:55","date_gmt":"2021-11-19T22:45:55","guid":{"rendered":"https:\/\/laprensacristiana.com\/?p=12780"},"modified":"2021-11-19T22:45:56","modified_gmt":"2021-11-19T22:45:56","slug":"capellanes-unidos-de-ny-en-el-salvador-realiza-graduacion","status":"publish","type":"post","link":"https:\/\/laprensacristiana.com\/?p=12780","title":{"rendered":"Capellanes Unidos de NY en El Salvador realiza graduaci\u00f3n"},"content":{"rendered":"\n<p>El pasado s\u00e1bado 06 de noviembre del presente a\u00f1o, Capellanes Unidos de NY en El Salvador realiz\u00f3 graduaci\u00f3n de nuevos capellanes para servir en las diferentes \u00e1reas en las que brindaran apoyo espiritual.<\/p>\n\n\n\n<p>El acto tuvo lugar en las instalaciones de El Castillo de la Polic\u00eda Nacional Civil, contando con la presencia del presidente y fundador de los Capellanes Unidos de New York, Reverendo Erick Arriaza, como del director para El Salvador, pastor Lester Aguirre.<\/p>\n\n\n\n<p>Durante la ceremonia se hizo la entrega de un reconocimiento para el comisionado Mauricio Arriaza Chicas, director de la Polic\u00eda Nacional Civil, quien a su vez tenia entreg\u00f3 una placa de reconocimiento al Rev. Erick Arriaza por su esfuerzo en preparar capellanes al servicio de la comunidad.<\/p>\n\n\n\n<p>Las palabras de agradecimiento estuvieron a cargo del pastor capit\u00e1n, Pedro Ernesto Alarc\u00f3n.<\/p>\n\n\n\n<p>La labor de los Capellanes Unidos de NY en El Salvador esta diseminada en diferentes partes del territorio nacional, recientemente llevaron apoyo espiritual a la delegaci\u00f3n policial de Chalchuapa, as\u00ed como tambi\u00e9n realizaron la presentaci\u00f3n del equipo de apoyo que brindar\u00e1 asistencia espiritual en la estaci\u00f3n de bomberos de San Miguel.<\/p>\n\n\n\n<figure class=\"wp-block-gallery columns-3 is-cropped wp-block-gallery-1 is-layout-flex\"><ul class=\"blocks-gallery-grid\"><li class=\"blocks-gallery-item\"><figure><img decoding=\"async\" loading=\"lazy\" width=\"1024\" height=\"771\" src=\"https:\/\/laprensacristiana.com\/wp-content\/uploads\/2021\/11\/WhatsApp-Image-2021-11-13-at-19.18.08-1024x771.jpeg\" alt=\"\" data-id=\"12782\" data-full-url=\"https:\/\/laprensacristiana.com\/wp-content\/uploads\/2021\/11\/WhatsApp-Image-2021-11-13-at-19.18.08.jpeg\" data-link=\"https:\/\/laprensacristiana.com\/?attachment_id=12782\" class=\"wp-image-12782\" srcset=\"https:\/\/laprensacristiana.com\/wp-content\/uploads\/2021\/11\/WhatsApp-Image-2021-11-13-at-19.18.08-1024x771.jpeg 1024w, https:\/\/laprensacristiana.com\/wp-content\/uploads\/2021\/11\/WhatsApp-Image-2021-11-13-at-19.18.08-300x226.jpeg 300w, https:\/\/laprensacristiana.com\/wp-content\/uploads\/2021\/11\/WhatsApp-Image-2021-11-13-at-19.18.08-768x578.jpeg 768w, https:\/\/laprensacristiana.com\/wp-content\/uploads\/2021\/11\/WhatsApp-Image-2021-11-13-at-19.18.08-696x524.jpeg 696w, https:\/\/laprensacristiana.com\/wp-content\/uploads\/2021\/11\/WhatsApp-Image-2021-11-13-at-19.18.08-1068x804.jpeg 1068w, https:\/\/laprensacristiana.com\/wp-content\/uploads\/2021\/11\/WhatsApp-Image-2021-11-13-at-19.18.08-600x452.jpeg 600w, https:\/\/laprensacristiana.com\/wp-content\/uploads\/2021\/11\/WhatsApp-Image-2021-11-13-at-19.18.08.jpeg 1077w\" sizes=\"(max-width: 1024px) 100vw, 1024px\" \/><\/figure><\/li><li class=\"blocks-gallery-item\"><figure><img decoding=\"async\" loading=\"lazy\" width=\"766\" height=\"1024\" src=\"https:\/\/laprensacristiana.com\/wp-content\/uploads\/2021\/11\/WhatsApp-Image-2021-11-13-at-19.17.29-766x1024.jpeg\" alt=\"\" data-id=\"12783\" data-full-url=\"https:\/\/laprensacristiana.com\/wp-content\/uploads\/2021\/11\/WhatsApp-Image-2021-11-13-at-19.17.29.jpeg\" data-link=\"https:\/\/laprensacristiana.com\/?attachment_id=12783\" class=\"wp-image-12783\" srcset=\"https:\/\/laprensacristiana.com\/wp-content\/uploads\/2021\/11\/WhatsApp-Image-2021-11-13-at-19.17.29-766x1024.jpeg 766w, https:\/\/laprensacristiana.com\/wp-content\/uploads\/2021\/11\/WhatsApp-Image-2021-11-13-at-19.17.29-224x300.jpeg 224w, https:\/\/laprensacristiana.com\/wp-content\/uploads\/2021\/11\/WhatsApp-Image-2021-11-13-at-19.17.29-768x1027.jpeg 768w, https:\/\/laprensacristiana.com\/wp-content\/uploads\/2021\/11\/WhatsApp-Image-2021-11-13-at-19.17.29-696x931.jpeg 696w, https:\/\/laprensacristiana.com\/wp-content\/uploads\/2021\/11\/WhatsApp-Image-2021-11-13-at-19.17.29-600x803.jpeg 600w, https:\/\/laprensacristiana.com\/wp-content\/uploads\/2021\/11\/WhatsApp-Image-2021-11-13-at-19.17.29.jpeg 957w\" sizes=\"(max-width: 766px) 100vw, 766px\" \/><\/figure><\/li><li class=\"blocks-gallery-item\"><figure><img decoding=\"async\" loading=\"lazy\" width=\"740\" height=\"1024\" src=\"https:\/\/laprensacristiana.com\/wp-content\/uploads\/2021\/11\/WhatsApp-Image-2021-11-12-at-21.15.48-740x1024.jpeg\" alt=\"\" data-id=\"12784\" data-full-url=\"https:\/\/laprensacristiana.com\/wp-content\/uploads\/2021\/11\/WhatsApp-Image-2021-11-12-at-21.15.48.jpeg\" data-link=\"https:\/\/laprensacristiana.com\/?attachment_id=12784\" class=\"wp-image-12784\" srcset=\"https:\/\/laprensacristiana.com\/wp-content\/uploads\/2021\/11\/WhatsApp-Image-2021-11-12-at-21.15.48-740x1024.jpeg 740w, https:\/\/laprensacristiana.com\/wp-content\/uploads\/2021\/11\/WhatsApp-Image-2021-11-12-at-21.15.48-217x300.jpeg 217w, https:\/\/laprensacristiana.com\/wp-content\/uploads\/2021\/11\/WhatsApp-Image-2021-11-12-at-21.15.48-768x1062.jpeg 768w, https:\/\/laprensacristiana.com\/wp-content\/uploads\/2021\/11\/WhatsApp-Image-2021-11-12-at-21.15.48-696x963.jpeg 696w, https:\/\/laprensacristiana.com\/wp-content\/uploads\/2021\/11\/WhatsApp-Image-2021-11-12-at-21.15.48-600x830.jpeg 600w, https:\/\/laprensacristiana.com\/wp-content\/uploads\/2021\/11\/WhatsApp-Image-2021-11-12-at-21.15.48.jpeg 1042w\" sizes=\"(max-width: 740px) 100vw, 740px\" \/><\/figure><\/li><li class=\"blocks-gallery-item\"><figure><img decoding=\"async\" loading=\"lazy\" width=\"484\" height=\"1024\" src=\"https:\/\/laprensacristiana.com\/wp-content\/uploads\/2021\/11\/WhatsApp-Image-2021-11-12-at-21.14.47-484x1024.jpeg\" alt=\"\" data-id=\"12785\" data-full-url=\"https:\/\/laprensacristiana.com\/wp-content\/uploads\/2021\/11\/WhatsApp-Image-2021-11-12-at-21.14.47.jpeg\" data-link=\"https:\/\/laprensacristiana.com\/?attachment_id=12785\" class=\"wp-image-12785\" srcset=\"https:\/\/laprensacristiana.com\/wp-content\/uploads\/2021\/11\/WhatsApp-Image-2021-11-12-at-21.14.47-484x1024.jpeg 484w, https:\/\/laprensacristiana.com\/wp-content\/uploads\/2021\/11\/WhatsApp-Image-2021-11-12-at-21.14.47-142x300.jpeg 142w, https:\/\/laprensacristiana.com\/wp-content\/uploads\/2021\/11\/WhatsApp-Image-2021-11-12-at-21.14.47-727x1536.jpeg 727w, https:\/\/laprensacristiana.com\/wp-content\/uploads\/2021\/11\/WhatsApp-Image-2021-11-12-at-21.14.47-696x1471.jpeg 696w, https:\/\/laprensacristiana.com\/wp-content\/uploads\/2021\/11\/WhatsApp-Image-2021-11-12-at-21.14.47-600x1268.jpeg 600w, https:\/\/laprensacristiana.com\/wp-content\/uploads\/2021\/11\/WhatsApp-Image-2021-11-12-at-21.14.47.jpeg 757w\" sizes=\"(max-width: 484px) 100vw, 484px\" \/><\/figure><\/li><li class=\"blocks-gallery-item\"><figure><img decoding=\"async\" loading=\"lazy\" width=\"484\" height=\"1024\" src=\"https:\/\/laprensacristiana.com\/wp-content\/uploads\/2021\/11\/WhatsApp-Image-2021-11-12-at-21.14.15-484x1024.jpeg\" alt=\"\" data-id=\"12786\" data-full-url=\"https:\/\/laprensacristiana.com\/wp-content\/uploads\/2021\/11\/WhatsApp-Image-2021-11-12-at-21.14.15.jpeg\" data-link=\"https:\/\/laprensacristiana.com\/?attachment_id=12786\" class=\"wp-image-12786\" srcset=\"https:\/\/laprensacristiana.com\/wp-content\/uploads\/2021\/11\/WhatsApp-Image-2021-11-12-at-21.14.15-484x1024.jpeg 484w, https:\/\/laprensacristiana.com\/wp-content\/uploads\/2021\/11\/WhatsApp-Image-2021-11-12-at-21.14.15-142x300.jpeg 142w, https:\/\/laprensacristiana.com\/wp-content\/uploads\/2021\/11\/WhatsApp-Image-2021-11-12-at-21.14.15-600x1269.jpeg 600w, https:\/\/laprensacristiana.com\/wp-content\/uploads\/2021\/11\/WhatsApp-Image-2021-11-12-at-21.14.15.jpeg 605w\" sizes=\"(max-width: 484px) 100vw, 484px\" \/><\/figure><\/li><li class=\"blocks-gallery-item\"><figure><img decoding=\"async\" loading=\"lazy\" width=\"484\" height=\"1024\" src=\"https:\/\/laprensacristiana.com\/wp-content\/uploads\/2021\/11\/WhatsApp-Image-2021-11-12-at-21.13.03-484x1024.jpeg\" alt=\"\" data-id=\"12787\" data-full-url=\"https:\/\/laprensacristiana.com\/wp-content\/uploads\/2021\/11\/WhatsApp-Image-2021-11-12-at-21.13.03.jpeg\" data-link=\"https:\/\/laprensacristiana.com\/?attachment_id=12787\" class=\"wp-image-12787\" srcset=\"https:\/\/laprensacristiana.com\/wp-content\/uploads\/2021\/11\/WhatsApp-Image-2021-11-12-at-21.13.03-484x1024.jpeg 484w, https:\/\/laprensacristiana.com\/wp-content\/uploads\/2021\/11\/WhatsApp-Image-2021-11-12-at-21.13.03-142x300.jpeg 142w, https:\/\/laprensacristiana.com\/wp-content\/uploads\/2021\/11\/WhatsApp-Image-2021-11-12-at-21.13.03-600x1269.jpeg 600w, https:\/\/laprensacristiana.com\/wp-content\/uploads\/2021\/11\/WhatsApp-Image-2021-11-12-at-21.13.03.jpeg 605w\" sizes=\"(max-width: 484px) 100vw, 484px\" \/><\/figure><\/li><li class=\"blocks-gallery-item\"><figure><img decoding=\"async\" loading=\"lazy\" width=\"1024\" height=\"485\" src=\"https:\/\/laprensacristiana.com\/wp-content\/uploads\/2021\/11\/WhatsApp-Image-2021-11-12-at-21.12.34-1024x485.jpeg\" alt=\"\" data-id=\"12788\" data-full-url=\"https:\/\/laprensacristiana.com\/wp-content\/uploads\/2021\/11\/WhatsApp-Image-2021-11-12-at-21.12.34.jpeg\" data-link=\"https:\/\/laprensacristiana.com\/?attachment_id=12788\" class=\"wp-image-12788\" srcset=\"https:\/\/laprensacristiana.com\/wp-content\/uploads\/2021\/11\/WhatsApp-Image-2021-11-12-at-21.12.34-1024x485.jpeg 1024w, https:\/\/laprensacristiana.com\/wp-content\/uploads\/2021\/11\/WhatsApp-Image-2021-11-12-at-21.12.34-300x142.jpeg 300w, https:\/\/laprensacristiana.com\/wp-content\/uploads\/2021\/11\/WhatsApp-Image-2021-11-12-at-21.12.34-768x364.jpeg 768w, https:\/\/laprensacristiana.com\/wp-content\/uploads\/2021\/11\/WhatsApp-Image-2021-11-12-at-21.12.34-1536x728.jpeg 1536w, https:\/\/laprensacristiana.com\/wp-content\/uploads\/2021\/11\/WhatsApp-Image-2021-11-12-at-21.12.34-696x330.jpeg 696w, https:\/\/laprensacristiana.com\/wp-content\/uploads\/2021\/11\/WhatsApp-Image-2021-11-12-at-21.12.34-1068x506.jpeg 1068w, https:\/\/laprensacristiana.com\/wp-content\/uploads\/2021\/11\/WhatsApp-Image-2021-11-12-at-21.12.34-600x284.jpeg 600w, https:\/\/laprensacristiana.com\/wp-content\/uploads\/2021\/11\/WhatsApp-Image-2021-11-12-at-21.12.34.jpeg 1599w\" sizes=\"(max-width: 1024px) 100vw, 1024px\" \/><\/figure><\/li><li class=\"blocks-gallery-item\"><figure><img decoding=\"async\" loading=\"lazy\" width=\"766\" height=\"1024\" src=\"https:\/\/laprensacristiana.com\/wp-content\/uploads\/2021\/11\/WhatsApp-Image-2021-11-12-at-21.08.56-766x1024.jpeg\" alt=\"\" data-id=\"12789\" data-full-url=\"https:\/\/laprensacristiana.com\/wp-content\/uploads\/2021\/11\/WhatsApp-Image-2021-11-12-at-21.08.56.jpeg\" data-link=\"https:\/\/laprensacristiana.com\/?attachment_id=12789\" class=\"wp-image-12789\" srcset=\"https:\/\/laprensacristiana.com\/wp-content\/uploads\/2021\/11\/WhatsApp-Image-2021-11-12-at-21.08.56-766x1024.jpeg 766w, https:\/\/laprensacristiana.com\/wp-content\/uploads\/2021\/11\/WhatsApp-Image-2021-11-12-at-21.08.56-224x300.jpeg 224w, https:\/\/laprensacristiana.com\/wp-content\/uploads\/2021\/11\/WhatsApp-Image-2021-11-12-at-21.08.56-768x1027.jpeg 768w, https:\/\/laprensacristiana.com\/wp-content\/uploads\/2021\/11\/WhatsApp-Image-2021-11-12-at-21.08.56-696x931.jpeg 696w, https:\/\/laprensacristiana.com\/wp-content\/uploads\/2021\/11\/WhatsApp-Image-2021-11-12-at-21.08.56-600x803.jpeg 600w, https:\/\/laprensacristiana.com\/wp-content\/uploads\/2021\/11\/WhatsApp-Image-2021-11-12-at-21.08.56.jpeg 957w\" sizes=\"(max-width: 766px) 100vw, 766px\" \/><\/figure><\/li><\/ul><\/figure>\n","protected":false},"excerpt":{"rendered":"<p>El pasado s\u00e1bado 06 de noviembre del presente a\u00f1o, Capellanes Unidos de NY en El Salvador realiz\u00f3 graduaci\u00f3n de nuevos capellanes para servir en las diferentes \u00e1reas en las que brindaran apoyo espiritual. El acto tuvo lugar en las instalaciones de El Castillo de la Polic\u00eda Nacional Civil, contando con la presencia del presidente y [&hellip;]<\/p>\n","protected":false},"author":3,"featured_media":12781,"comment_status":"open","ping_status":"open","sticky":false,"template":"","format":"standard","meta":[],"categories":[56],"tags":[],"yoast_head":"<!-- This site is optimized with the Yoast SEO plugin v20.8 - https:\/\/yoast.com\/wordpress\/plugins\/seo\/ -->\n<title>Capellanes Unidos de NY en El Salvador realiza graduaci\u00f3n - La Prensa Cristiana<\/title>\n<meta name=\"robots\" content=\"index, follow, max-snippet:-1, max-image-preview:large, max-video-preview:-1\" \/>\n<link rel=\"canonical\" href=\"https:\/\/laprensacristiana.com\/?p=12780\" \/>\n<meta property=\"og:locale\" content=\"es_ES\" \/>\n<meta property=\"og:type\" content=\"article\" \/>\n<meta property=\"og:title\" content=\"Capellanes Unidos de NY en El Salvador realiza graduaci\u00f3n - La Prensa Cristiana\" \/>\n<meta property=\"og:description\" content=\"El pasado s\u00e1bado 06 de noviembre del presente a\u00f1o, Capellanes Unidos de NY en El Salvador realiz\u00f3 graduaci\u00f3n de nuevos capellanes para servir en las diferentes \u00e1reas en las que brindaran apoyo espiritual. El acto tuvo lugar en las instalaciones de El Castillo de la Polic\u00eda Nacional Civil, contando con la presencia del presidente y [&hellip;]\" \/>\n<meta property=\"og:url\" content=\"https:\/\/laprensacristiana.com\/?p=12780\" \/>\n<meta property=\"og:site_name\" content=\"La Prensa Cristiana\" \/>\n<meta property=\"article:published_time\" content=\"2021-11-19T22:45:55+00:00\" \/>\n<meta property=\"article:modified_time\" content=\"2021-11-19T22:45:56+00:00\" \/>\n<meta property=\"og:image\" content=\"https:\/\/laprensacristiana.com\/wp-content\/uploads\/2021\/11\/WhatsApp-Image-2021-11-12-at-21.08.19.jpeg\" \/>\n\t<meta property=\"og:image:width\" content=\"1280\" \/>\n\t<meta property=\"og:image:height\" content=\"605\" \/>\n\t<meta property=\"og:image:type\" content=\"image\/jpeg\" \/>\n<meta name=\"author\" content=\"EDITOR\" \/>\n<meta name=\"twitter:card\" content=\"summary_large_image\" \/>\n<meta name=\"twitter:label1\" content=\"Escrito por\" \/>\n\t<meta name=\"twitter:data1\" content=\"EDITOR\" \/>\n\t<meta name=\"twitter:label2\" content=\"Tiempo de lectura\" \/>\n\t<meta name=\"twitter:data2\" content=\"1 minuto\" \/>\n<script type=\"application\/ld+json\" class=\"yoast-schema-graph\">{\"@context\":\"https:\/\/schema.org\",\"@graph\":[{\"@type\":\"WebPage\",\"@id\":\"https:\/\/laprensacristiana.com\/?p=12780\",\"url\":\"https:\/\/laprensacristiana.com\/?p=12780\",\"name\":\"Capellanes Unidos de NY en El Salvador realiza graduaci\u00f3n - La Prensa Cristiana\",\"isPartOf\":{\"@id\":\"https:\/\/laprensacristiana.com\/#website\"},\"datePublished\":\"2021-11-19T22:45:55+00:00\",\"dateModified\":\"2021-11-19T22:45:56+00:00\",\"author\":{\"@id\":\"https:\/\/laprensacristiana.com\/#\/schema\/person\/3e7d82c6bfd6b1fa67010f8f7cd5256e\"},\"breadcrumb\":{\"@id\":\"https:\/\/laprensacristiana.com\/?p=12780#breadcrumb\"},\"inLanguage\":\"es\",\"potentialAction\":[{\"@type\":\"ReadAction\",\"target\":[\"https:\/\/laprensacristiana.com\/?p=12780\"]}]},{\"@type\":\"BreadcrumbList\",\"@id\":\"https:\/\/laprensacristiana.com\/?p=12780#breadcrumb\",\"itemListElement\":[{\"@type\":\"ListItem\",\"position\":1,\"name\":\"Portada\",\"item\":\"https:\/\/laprensacristiana.com\/\"},{\"@type\":\"ListItem\",\"position\":2,\"name\":\"Capellanes Unidos de NY en El Salvador realiza graduaci\u00f3n\"}]},{\"@type\":\"WebSite\",\"@id\":\"https:\/\/laprensacristiana.com\/#website\",\"url\":\"https:\/\/laprensacristiana.com\/\",\"name\":\"La Prensa Cristiana\",\"description\":\"Anunciando Las Buenas Nuevas\",\"potentialAction\":[{\"@type\":\"SearchAction\",\"target\":{\"@type\":\"EntryPoint\",\"urlTemplate\":\"https:\/\/laprensacristiana.com\/?s={search_term_string}\"},\"query-input\":\"required name=search_term_string\"}],\"inLanguage\":\"es\"},{\"@type\":\"Person\",\"@id\":\"https:\/\/laprensacristiana.com\/#\/schema\/person\/3e7d82c6bfd6b1fa67010f8f7cd5256e\",\"name\":\"EDITOR\",\"image\":{\"@type\":\"ImageObject\",\"inLanguage\":\"es\",\"@id\":\"https:\/\/laprensacristiana.com\/#\/schema\/person\/image\/\",\"url\":\"https:\/\/secure.gravatar.com\/avatar\/72069dfb6c13772d9e8381e3638666d2?s=96&d=mm&r=g\",\"contentUrl\":\"https:\/\/secure.gravatar.com\/avatar\/72069dfb6c13772d9e8381e3638666d2?s=96&d=mm&r=g\",\"caption\":\"EDITOR\"},\"url\":\"https:\/\/laprensacristiana.com\/?author=3\"}]}<\/script>\n<!-- \/ Yoast SEO plugin. -->","yoast_head_json":{"title":"Capellanes Unidos de NY en El Salvador realiza graduaci\u00f3n - La Prensa Cristiana","robots":{"index":"index","follow":"follow","max-snippet":"max-snippet:-1","max-image-preview":"max-image-preview:large","max-video-preview":"max-video-preview:-1"},"canonical":"https:\/\/laprensacristiana.com\/?p=12780","og_locale":"es_ES","og_type":"article","og_title":"Capellanes Unidos de NY en El Salvador realiza graduaci\u00f3n - La Prensa Cristiana","og_description":"El pasado s\u00e1bado 06 de noviembre del presente a\u00f1o, Capellanes Unidos de NY en El Salvador realiz\u00f3 graduaci\u00f3n de nuevos capellanes para servir en las diferentes \u00e1reas en las que brindaran apoyo espiritual. El acto tuvo lugar en las instalaciones de El Castillo de la Polic\u00eda Nacional Civil, contando con la presencia del presidente y [&hellip;]","og_url":"https:\/\/laprensacristiana.com\/?p=12780","og_site_name":"La Prensa Cristiana","article_published_time":"2021-11-19T22:45:55+00:00","article_modified_time":"2021-11-19T22:45:56+00:00","og_image":[{"width":1280,"height":605,"url":"https:\/\/laprensacristiana.com\/wp-content\/uploads\/2021\/11\/WhatsApp-Image-2021-11-12-at-21.08.19.jpeg","type":"image\/jpeg"}],"author":"EDITOR","twitter_card":"summary_large_image","twitter_misc":{"Escrito por":"EDITOR","Tiempo de lectura":"1 minuto"},"schema":{"@context":"https:\/\/schema.org","@graph":[{"@type":"WebPage","@id":"https:\/\/laprensacristiana.com\/?p=12780","url":"https:\/\/laprensacristiana.com\/?p=12780","name":"Capellanes Unidos de NY en El Salvador realiza graduaci\u00f3n - La Prensa Cristiana","isPartOf":{"@id":"https:\/\/laprensacristiana.com\/#website"},"datePublished":"2021-11-19T22:45:55+00:00","dateModified":"2021-11-19T22:45:56+00:00","author":{"@id":"https:\/\/laprensacristiana.com\/#\/schema\/person\/3e7d82c6bfd6b1fa67010f8f7cd5256e"},"breadcrumb":{"@id":"https:\/\/laprensacristiana.com\/?p=12780#breadcrumb"},"inLanguage":"es","potentialAction":[{"@type":"ReadAction","target":["https:\/\/laprensacristiana.com\/?p=12780"]}]},{"@type":"BreadcrumbList","@id":"https:\/\/laprensacristiana.com\/?p=12780#breadcrumb","itemListElement":[{"@type":"ListItem","position":1,"name":"Portada","item":"https:\/\/laprensacristiana.com\/"},{"@type":"ListItem","position":2,"name":"Capellanes Unidos de NY en El Salvador realiza graduaci\u00f3n"}]},{"@type":"WebSite","@id":"https:\/\/laprensacristiana.com\/#website","url":"https:\/\/laprensacristiana.com\/","name":"La Prensa Cristiana","description":"Anunciando Las Buenas Nuevas","potentialAction":[{"@type":"SearchAction","target":{"@type":"EntryPoint","urlTemplate":"https:\/\/laprensacristiana.com\/?s={search_term_string}"},"query-input":"required name=search_term_string"}],"inLanguage":"es"},{"@type":"Person","@id":"https:\/\/laprensacristiana.com\/#\/schema\/person\/3e7d82c6bfd6b1fa67010f8f7cd5256e","name":"EDITOR","image":{"@type":"ImageObject","inLanguage":"es","@id":"https:\/\/laprensacristiana.com\/#\/schema\/person\/image\/","url":"https:\/\/secure.gravatar.com\/avatar\/72069dfb6c13772d9e8381e3638666d2?s=96&d=mm&r=g","contentUrl":"https:\/\/secure.gravatar.com\/avatar\/72069dfb6c13772d9e8381e3638666d2?s=96&d=mm&r=g","caption":"EDITOR"},"url":"https:\/\/laprensacristiana.com\/?author=3"}]}},"_links":{"self":[{"href":"https:\/\/laprensacristiana.com\/index.php?rest_route=\/wp\/v2\/posts\/12780"}],"collection":[{"href":"https:\/\/laprensacristiana.com\/index.php?rest_route=\/wp\/v2\/posts"}],"about":[{"href":"https:\/\/laprensacristiana.com\/index.php?rest_route=\/wp\/v2\/types\/post"}],"author":[{"embeddable":true,"href":"https:\/\/laprensacristiana.com\/index.php?rest_route=\/wp\/v2\/users\/3"}],"replies":[{"embeddable":true,"href":"https:\/\/laprensacristiana.com\/index.php?rest_route=%2Fwp%2Fv2%2Fcomments&post=12780"}],"version-history":[{"count":1,"href":"https:\/\/laprensacristiana.com\/index.php?rest_route=\/wp\/v2\/posts\/12780\/revisions"}],"predecessor-version":[{"id":12790,"href":"https:\/\/laprensacristiana.com\/index.php?rest_route=\/wp\/v2\/posts\/12780\/revisions\/12790"}],"wp:featuredmedia":[{"embeddable":true,"href":"https:\/\/laprensacristiana.com\/index.php?rest_route=\/wp\/v2\/media\/12781"}],"wp:attachment":[{"href":"https:\/\/laprensacristiana.com\/index.php?rest_route=%2Fwp%2Fv2%2Fmedia&parent=12780"}],"wp:term":[{"taxonomy":"category","embeddable":true,"href":"https:\/\/laprensacristiana.com\/index.php?rest_route=%2Fwp%2Fv2%2Fcategories&post=12780"},{"taxonomy":"post_tag","embeddable":true,"href":"https:\/\/laprensacristiana.com\/index.php?rest_route=%2Fwp%2Fv2%2Ftags&post=12780"}],"curies":[{"name":"wp","href":"https:\/\/api.w.org\/{rel}","templated":true}]}}