{"id":12816,"date":"2021-11-21T00:17:06","date_gmt":"2021-11-21T00:17:06","guid":{"rendered":"https:\/\/laprensacristiana.com\/?p=12816"},"modified":"2021-11-21T00:25:01","modified_gmt":"2021-11-21T00:25:01","slug":"iglesia-el-redil-realiza-tarde-urbana","status":"publish","type":"post","link":"https:\/\/laprensacristiana.com\/?p=12816","title":{"rendered":"Iglesia El Redil realiza tarde urbana"},"content":{"rendered":"\n<p>La Iglesia Cristiana El Redil, ubicada en Colonia La R\u00e1bida, desarrollo la semana juvenil, un evento con 3 d\u00edas de actividades, realizando el cierre con una tarde urbana, en la cual contaron con exhibici\u00f3n de veh\u00edculos modificados.<\/p>\n\n\n\n<p>Todo esto como una herramienta de evangelismo, seg\u00fan sus organizadores lo expresan es evangelizar de una manera diferente.<\/p>\n\n\n\n<p>\u201cNuestro enfoque como iglesia siempre es la parte evangel\u00edstica, es compartir el evangelio de Jesucristo, sabemos que hay diferentes estrategias para llegar a los j\u00f3venes, a los ni\u00f1os, a los adultos, queremos hablarles a los asistentes del mejor plan para la vida del ser humano, es el plan de salvaci\u00f3n de Jesucristo\u201d, declar\u00f3 la pastora Sara de G\u00e1lvez, de Iglesia Cristiana El Redil &nbsp;<\/p>\n\n\n\n<p>En la actividad se juntaron diferentes clubes automovil\u00edsticos, m\u00e1s de 50 veh\u00edculos, con modificaciones diversas, atrayendo la mirada de los asistentes, pero a la vez convirti\u00e9ndose en una puerta para poder presentarles la palabra de Dios. &nbsp;&nbsp;&nbsp;<\/p>\n\n\n\n<p>\u201cLa intensi\u00f3n final de desarrollar una actividad como esta es compartir el evangelio, que los j\u00f3venes vean que ser cristiano no es aburrido, podemos divertirnos y pasarla bien de una manera completamente sana\u201d, concluy\u00f3 William Aguilar, l\u00edder de j\u00f3venes, Iglesia Cristiana El Redil.<\/p>\n\n\n\n<figure class=\"wp-block-gallery columns-2 is-cropped wp-block-gallery-1 is-layout-flex\"><ul class=\"blocks-gallery-grid\"><li class=\"blocks-gallery-item\"><figure><img decoding=\"async\" loading=\"lazy\" width=\"1024\" height=\"683\" src=\"https:\/\/laprensacristiana.com\/wp-content\/uploads\/2021\/11\/IMG_5899-1024x683.jpg\" alt=\"\" data-id=\"12818\" data-link=\"https:\/\/laprensacristiana.com\/?attachment_id=12818\" class=\"wp-image-12818\" srcset=\"https:\/\/laprensacristiana.com\/wp-content\/uploads\/2021\/11\/IMG_5899-1024x683.jpg 1024w, https:\/\/laprensacristiana.com\/wp-content\/uploads\/2021\/11\/IMG_5899-300x200.jpg 300w, https:\/\/laprensacristiana.com\/wp-content\/uploads\/2021\/11\/IMG_5899-768x512.jpg 768w, https:\/\/laprensacristiana.com\/wp-content\/uploads\/2021\/11\/IMG_5899-1536x1024.jpg 1536w, https:\/\/laprensacristiana.com\/wp-content\/uploads\/2021\/11\/IMG_5899-2048x1365.jpg 2048w, https:\/\/laprensacristiana.com\/wp-content\/uploads\/2021\/11\/IMG_5899-696x464.jpg 696w, https:\/\/laprensacristiana.com\/wp-content\/uploads\/2021\/11\/IMG_5899-1068x712.jpg 1068w, https:\/\/laprensacristiana.com\/wp-content\/uploads\/2021\/11\/IMG_5899-1920x1280.jpg 1920w, https:\/\/laprensacristiana.com\/wp-content\/uploads\/2021\/11\/IMG_5899-600x400.jpg 600w\" sizes=\"(max-width: 1024px) 100vw, 1024px\" \/><\/figure><\/li><li class=\"blocks-gallery-item\"><figure><img decoding=\"async\" loading=\"lazy\" width=\"1024\" height=\"683\" src=\"https:\/\/laprensacristiana.com\/wp-content\/uploads\/2021\/11\/IMG_5893-1-1024x683.jpg\" alt=\"\" data-id=\"12821\" data-full-url=\"https:\/\/laprensacristiana.com\/wp-content\/uploads\/2021\/11\/IMG_5893-1-scaled.jpg\" data-link=\"https:\/\/laprensacristiana.com\/?attachment_id=12821\" class=\"wp-image-12821\" srcset=\"https:\/\/laprensacristiana.com\/wp-content\/uploads\/2021\/11\/IMG_5893-1-1024x683.jpg 1024w, https:\/\/laprensacristiana.com\/wp-content\/uploads\/2021\/11\/IMG_5893-1-300x200.jpg 300w, https:\/\/laprensacristiana.com\/wp-content\/uploads\/2021\/11\/IMG_5893-1-768x512.jpg 768w, https:\/\/laprensacristiana.com\/wp-content\/uploads\/2021\/11\/IMG_5893-1-1536x1024.jpg 1536w, https:\/\/laprensacristiana.com\/wp-content\/uploads\/2021\/11\/IMG_5893-1-2048x1365.jpg 2048w, https:\/\/laprensacristiana.com\/wp-content\/uploads\/2021\/11\/IMG_5893-1-696x464.jpg 696w, https:\/\/laprensacristiana.com\/wp-content\/uploads\/2021\/11\/IMG_5893-1-1068x712.jpg 1068w, https:\/\/laprensacristiana.com\/wp-content\/uploads\/2021\/11\/IMG_5893-1-1920x1280.jpg 1920w, https:\/\/laprensacristiana.com\/wp-content\/uploads\/2021\/11\/IMG_5893-1-600x400.jpg 600w\" sizes=\"(max-width: 1024px) 100vw, 1024px\" \/><\/figure><\/li><\/ul><\/figure>\n","protected":false},"excerpt":{"rendered":"<p>La Iglesia Cristiana El Redil, ubicada en Colonia La R\u00e1bida, desarrollo la semana juvenil, un evento con 3 d\u00edas de actividades, realizando el cierre con una tarde urbana, en la cual contaron con exhibici\u00f3n de veh\u00edculos modificados. Todo esto como una herramienta de evangelismo, seg\u00fan sus organizadores lo expresan es evangelizar de una manera diferente. [&hellip;]<\/p>\n","protected":false},"author":3,"featured_media":12819,"comment_status":"open","ping_status":"open","sticky":false,"template":"","format":"standard","meta":[],"categories":[56],"tags":[],"yoast_head":"<!-- This site is optimized with the Yoast SEO plugin v20.8 - https:\/\/yoast.com\/wordpress\/plugins\/seo\/ -->\n<title>Iglesia El Redil realiza tarde urbana - La Prensa Cristiana<\/title>\n<meta name=\"robots\" content=\"index, follow, max-snippet:-1, max-image-preview:large, max-video-preview:-1\" \/>\n<link rel=\"canonical\" href=\"https:\/\/laprensacristiana.com\/?p=12816\" \/>\n<meta property=\"og:locale\" content=\"es_ES\" \/>\n<meta property=\"og:type\" content=\"article\" \/>\n<meta property=\"og:title\" content=\"Iglesia El Redil realiza tarde urbana - La Prensa Cristiana\" \/>\n<meta property=\"og:description\" content=\"La Iglesia Cristiana El Redil, ubicada en Colonia La R\u00e1bida, desarrollo la semana juvenil, un evento con 3 d\u00edas de actividades, realizando el cierre con una tarde urbana, en la cual contaron con exhibici\u00f3n de veh\u00edculos modificados. Todo esto como una herramienta de evangelismo, seg\u00fan sus organizadores lo expresan es evangelizar de una manera diferente. [&hellip;]\" \/>\n<meta property=\"og:url\" content=\"https:\/\/laprensacristiana.com\/?p=12816\" \/>\n<meta property=\"og:site_name\" content=\"La Prensa Cristiana\" \/>\n<meta property=\"article:published_time\" content=\"2021-11-21T00:17:06+00:00\" \/>\n<meta property=\"article:modified_time\" content=\"2021-11-21T00:25:01+00:00\" \/>\n<meta property=\"og:image\" content=\"https:\/\/laprensacristiana.com\/wp-content\/uploads\/2021\/11\/IMG_5909-scaled.jpg\" \/>\n\t<meta property=\"og:image:width\" content=\"2560\" \/>\n\t<meta property=\"og:image:height\" content=\"1707\" \/>\n\t<meta property=\"og:image:type\" content=\"image\/jpeg\" \/>\n<meta name=\"author\" content=\"EDITOR\" \/>\n<meta name=\"twitter:card\" content=\"summary_large_image\" \/>\n<meta name=\"twitter:label1\" content=\"Escrito por\" \/>\n\t<meta name=\"twitter:data1\" content=\"EDITOR\" \/>\n\t<meta name=\"twitter:label2\" content=\"Tiempo de lectura\" \/>\n\t<meta name=\"twitter:data2\" content=\"1 minuto\" \/>\n<script type=\"application\/ld+json\" class=\"yoast-schema-graph\">{\"@context\":\"https:\/\/schema.org\",\"@graph\":[{\"@type\":\"WebPage\",\"@id\":\"https:\/\/laprensacristiana.com\/?p=12816\",\"url\":\"https:\/\/laprensacristiana.com\/?p=12816\",\"name\":\"Iglesia El Redil realiza tarde urbana - La Prensa Cristiana\",\"isPartOf\":{\"@id\":\"https:\/\/laprensacristiana.com\/#website\"},\"datePublished\":\"2021-11-21T00:17:06+00:00\",\"dateModified\":\"2021-11-21T00:25:01+00:00\",\"author\":{\"@id\":\"https:\/\/laprensacristiana.com\/#\/schema\/person\/3e7d82c6bfd6b1fa67010f8f7cd5256e\"},\"breadcrumb\":{\"@id\":\"https:\/\/laprensacristiana.com\/?p=12816#breadcrumb\"},\"inLanguage\":\"es\",\"potentialAction\":[{\"@type\":\"ReadAction\",\"target\":[\"https:\/\/laprensacristiana.com\/?p=12816\"]}]},{\"@type\":\"BreadcrumbList\",\"@id\":\"https:\/\/laprensacristiana.com\/?p=12816#breadcrumb\",\"itemListElement\":[{\"@type\":\"ListItem\",\"position\":1,\"name\":\"Portada\",\"item\":\"https:\/\/laprensacristiana.com\/\"},{\"@type\":\"ListItem\",\"position\":2,\"name\":\"Iglesia El Redil realiza tarde urbana\"}]},{\"@type\":\"WebSite\",\"@id\":\"https:\/\/laprensacristiana.com\/#website\",\"url\":\"https:\/\/laprensacristiana.com\/\",\"name\":\"La Prensa Cristiana\",\"description\":\"Anunciando Las Buenas Nuevas\",\"potentialAction\":[{\"@type\":\"SearchAction\",\"target\":{\"@type\":\"EntryPoint\",\"urlTemplate\":\"https:\/\/laprensacristiana.com\/?s={search_term_string}\"},\"query-input\":\"required name=search_term_string\"}],\"inLanguage\":\"es\"},{\"@type\":\"Person\",\"@id\":\"https:\/\/laprensacristiana.com\/#\/schema\/person\/3e7d82c6bfd6b1fa67010f8f7cd5256e\",\"name\":\"EDITOR\",\"image\":{\"@type\":\"ImageObject\",\"inLanguage\":\"es\",\"@id\":\"https:\/\/laprensacristiana.com\/#\/schema\/person\/image\/\",\"url\":\"https:\/\/secure.gravatar.com\/avatar\/72069dfb6c13772d9e8381e3638666d2?s=96&d=mm&r=g\",\"contentUrl\":\"https:\/\/secure.gravatar.com\/avatar\/72069dfb6c13772d9e8381e3638666d2?s=96&d=mm&r=g\",\"caption\":\"EDITOR\"},\"url\":\"https:\/\/laprensacristiana.com\/?author=3\"}]}<\/script>\n<!-- \/ Yoast SEO plugin. -->","yoast_head_json":{"title":"Iglesia El Redil realiza tarde urbana - La Prensa Cristiana","robots":{"index":"index","follow":"follow","max-snippet":"max-snippet:-1","max-image-preview":"max-image-preview:large","max-video-preview":"max-video-preview:-1"},"canonical":"https:\/\/laprensacristiana.com\/?p=12816","og_locale":"es_ES","og_type":"article","og_title":"Iglesia El Redil realiza tarde urbana - La Prensa Cristiana","og_description":"La Iglesia Cristiana El Redil, ubicada en Colonia La R\u00e1bida, desarrollo la semana juvenil, un evento con 3 d\u00edas de actividades, realizando el cierre con una tarde urbana, en la cual contaron con exhibici\u00f3n de veh\u00edculos modificados. Todo esto como una herramienta de evangelismo, seg\u00fan sus organizadores lo expresan es evangelizar de una manera diferente. [&hellip;]","og_url":"https:\/\/laprensacristiana.com\/?p=12816","og_site_name":"La Prensa Cristiana","article_published_time":"2021-11-21T00:17:06+00:00","article_modified_time":"2021-11-21T00:25:01+00:00","og_image":[{"width":2560,"height":1707,"url":"https:\/\/laprensacristiana.com\/wp-content\/uploads\/2021\/11\/IMG_5909-scaled.jpg","type":"image\/jpeg"}],"author":"EDITOR","twitter_card":"summary_large_image","twitter_misc":{"Escrito por":"EDITOR","Tiempo de lectura":"1 minuto"},"schema":{"@context":"https:\/\/schema.org","@graph":[{"@type":"WebPage","@id":"https:\/\/laprensacristiana.com\/?p=12816","url":"https:\/\/laprensacristiana.com\/?p=12816","name":"Iglesia El Redil realiza tarde urbana - La Prensa Cristiana","isPartOf":{"@id":"https:\/\/laprensacristiana.com\/#website"},"datePublished":"2021-11-21T00:17:06+00:00","dateModified":"2021-11-21T00:25:01+00:00","author":{"@id":"https:\/\/laprensacristiana.com\/#\/schema\/person\/3e7d82c6bfd6b1fa67010f8f7cd5256e"},"breadcrumb":{"@id":"https:\/\/laprensacristiana.com\/?p=12816#breadcrumb"},"inLanguage":"es","potentialAction":[{"@type":"ReadAction","target":["https:\/\/laprensacristiana.com\/?p=12816"]}]},{"@type":"BreadcrumbList","@id":"https:\/\/laprensacristiana.com\/?p=12816#breadcrumb","itemListElement":[{"@type":"ListItem","position":1,"name":"Portada","item":"https:\/\/laprensacristiana.com\/"},{"@type":"ListItem","position":2,"name":"Iglesia El Redil realiza tarde urbana"}]},{"@type":"WebSite","@id":"https:\/\/laprensacristiana.com\/#website","url":"https:\/\/laprensacristiana.com\/","name":"La Prensa Cristiana","description":"Anunciando Las Buenas Nuevas","potentialAction":[{"@type":"SearchAction","target":{"@type":"EntryPoint","urlTemplate":"https:\/\/laprensacristiana.com\/?s={search_term_string}"},"query-input":"required name=search_term_string"}],"inLanguage":"es"},{"@type":"Person","@id":"https:\/\/laprensacristiana.com\/#\/schema\/person\/3e7d82c6bfd6b1fa67010f8f7cd5256e","name":"EDITOR","image":{"@type":"ImageObject","inLanguage":"es","@id":"https:\/\/laprensacristiana.com\/#\/schema\/person\/image\/","url":"https:\/\/secure.gravatar.com\/avatar\/72069dfb6c13772d9e8381e3638666d2?s=96&d=mm&r=g","contentUrl":"https:\/\/secure.gravatar.com\/avatar\/72069dfb6c13772d9e8381e3638666d2?s=96&d=mm&r=g","caption":"EDITOR"},"url":"https:\/\/laprensacristiana.com\/?author=3"}]}},"_links":{"self":[{"href":"https:\/\/laprensacristiana.com\/index.php?rest_route=\/wp\/v2\/posts\/12816"}],"collection":[{"href":"https:\/\/laprensacristiana.com\/index.php?rest_route=\/wp\/v2\/posts"}],"about":[{"href":"https:\/\/laprensacristiana.com\/index.php?rest_route=\/wp\/v2\/types\/post"}],"author":[{"embeddable":true,"href":"https:\/\/laprensacristiana.com\/index.php?rest_route=\/wp\/v2\/users\/3"}],"replies":[{"embeddable":true,"href":"https:\/\/laprensacristiana.com\/index.php?rest_route=%2Fwp%2Fv2%2Fcomments&post=12816"}],"version-history":[{"count":2,"href":"https:\/\/laprensacristiana.com\/index.php?rest_route=\/wp\/v2\/posts\/12816\/revisions"}],"predecessor-version":[{"id":12822,"href":"https:\/\/laprensacristiana.com\/index.php?rest_route=\/wp\/v2\/posts\/12816\/revisions\/12822"}],"wp:featuredmedia":[{"embeddable":true,"href":"https:\/\/laprensacristiana.com\/index.php?rest_route=\/wp\/v2\/media\/12819"}],"wp:attachment":[{"href":"https:\/\/laprensacristiana.com\/index.php?rest_route=%2Fwp%2Fv2%2Fmedia&parent=12816"}],"wp:term":[{"taxonomy":"category","embeddable":true,"href":"https:\/\/laprensacristiana.com\/index.php?rest_route=%2Fwp%2Fv2%2Fcategories&post=12816"},{"taxonomy":"post_tag","embeddable":true,"href":"https:\/\/laprensacristiana.com\/index.php?rest_route=%2Fwp%2Fv2%2Ftags&post=12816"}],"curies":[{"name":"wp","href":"https:\/\/api.w.org\/{rel}","templated":true}]}}