{"id":12827,"date":"2021-11-24T16:48:59","date_gmt":"2021-11-24T16:48:59","guid":{"rendered":"https:\/\/laprensacristiana.com\/?p=12827"},"modified":"2021-11-24T16:49:00","modified_gmt":"2021-11-24T16:49:00","slug":"un-aplauso-al-senor-de-gloria","status":"publish","type":"post","link":"https:\/\/laprensacristiana.com\/?p=12827","title":{"rendered":"Un aplauso al Se\u00f1or de gloria"},"content":{"rendered":"\n<p>\u00bfPor qu\u00e9?<\/p>\n\n\n\n<p>Porque un d\u00eda como hoy, hace veintis\u00e9is a\u00f1os, naci\u00f3 nuestra Congregaci\u00f3n all\u00e1 en un lugar bien escondido del Barrio Bel\u00e9n, en la Ciudad de San Salvador. En una casa que bondadosamente nuestra hermana Adelita Valiente, que fue as\u00ed, muy valiente para dejarnos desarmarla con tal de hacer nuestro primer Templo. Que el Se\u00f1or la tenga en su Gloria.<\/p>\n\n\n\n<p>Nuestras sillas eran unos tablones sostenidos por blocs de cemento en donde apenas se pod\u00edan sentar dos o tres personas con riesgo de romperse, unos cumbos vac\u00edos de pintura de cinco galones que alguien bondadosamente hab\u00eda llevado para que nos sent\u00e1ramos en nuestros primeros servicios de adoraci\u00f3n al Se\u00f1or.<\/p>\n\n\n\n<p>Nuestro primer equipo de sonido fue un aparato de Radio con un micr\u00f3fono incorporado que Jos\u00e9 D\u00edaz tuvo la bondad de poner al servicio del Se\u00f1or, y era de donde sal\u00eda el sonido \u00a1se imaginar\u00e1n qu\u00e9 sonido! para que la Palabra fuera escuchada por los que fundaron aquella beb\u00e9 que hoy es toda una Se\u00f1ora al servicio del Se\u00f1or.<\/p>\n\n\n\n<p>\u00a1Ah\u2026! Fueron d\u00edas de mucha aventura. Empezamos un promedio de 25 o 30 personas y aquella salita en donde las palomas hab\u00edan hecho sus nidos, y que con nuestra presencia se pon\u00edan nerviosas y sobrevolaban sobre nuestras cabezas como reclamando su privacidad nos dejaban caer algunas veces sus \u201crecuerdos\u201d blanquecinos sobre nuestra ropa, como pidi\u00e9ndonos que las dej\u00e1ramos en paz.<\/p>\n\n\n\n<p>Una noche de tantas, las personas que escuchaban el mensaje de pronto se quedaron quietas viendo hacia arriba. Yo pens\u00e9, como \u201cbuen\u201d pastor en ciernes, que estaban viendo una visi\u00f3n celestial: Estaban todos con la boca abierta absortos viendo como una gran rata gris caminaba sobre las vigas que sosten\u00edan el techo desnudo, mientras en el p\u00falpito este servidor&nbsp; predicaba sin darse cuenta del gran animal que estaba sobre mi cabeza. Yo los hab\u00eda visto solo en el cine pero nunca en vivo y a todo color. \u00a1Se imaginan mi reacci\u00f3n entonces! Adi\u00f3s a la unci\u00f3n de la noche.<\/p>\n\n\n\n<p>Ah, pero cada Domingo contratamos los servicios de un conocido de la TV, para que con su c\u00e1mara nos grabara nuestros mensajes en formato Cassette, que dicho sea de paso ya no existen, porque los tiempos han cambiado, pero no Jesus.&nbsp; Y es que desde siempre nos han gustado las buenas cosas que Dios ha preparado para los que le amamos.<\/p>\n\n\n\n<p>Hoy, veintis\u00e9is a\u00f1os despu\u00e9s de tantos avatares, subidas y bajadas, cambios de local, renovaci\u00f3n de personas, renovaci\u00f3n de aparatos de sonido, teclados, bater\u00edas y hasta cabina de sonido, damos Gloria al Se\u00f1or porque, como dijo aquel amigo nuestro: Eben Ezer. Hasta aqu\u00ed nos ayud\u00f3 Jehov\u00e1.<\/p>\n\n\n\n<p>Aquella bebita que apenas hab\u00eda empezado a hacer sus pininos hace veintis\u00e9is a\u00f1os atr\u00e1s, hoy es una dama que le ha hecho cosquillas a muchos que nos antecedieron, a algunos que se preguntaban: \u201c\u00bfDe donde salieron estos?\u201d porque no hab\u00edamos sido \u201cautorizados\u201d por sus escuelas teol\u00f3gicas, porque no ten\u00edamos un carnet expedido por los que dirig\u00edan los asuntos espirituales de esta linda naci\u00f3n, s\u00ed, por aquellos que nos miraban por sobre el hombro cuando entr\u00e1bamos a un restaurante con mi esposa, a ellos les escoc\u00edan las entra\u00f1as porque el nombre de Jesus a trav\u00e9s de Visi\u00f3n de Fe empezaba a sonar de una manera diferente, de una manera que muchos que les hab\u00edan escuchado predicar no hab\u00edan conocido.<\/p>\n\n\n\n<p>No hay forma de devolverle al Se\u00f1or todo lo que nos ha ense\u00f1ado, instruido, provisto y sostenido, sino en darle el Honor que \u00c9l merece porque aquella ni\u00f1a que naci\u00f3 en aquel barrio Bel\u00e9n, ha impactado a muchas vidas, ha transformado muchos matrimonios, y ha enamorado a otros.&nbsp; Aunque algunos otros han rechinado los dientes.<\/p>\n\n\n\n<p>Y, en medio de todo, nosotros, los pastores Berges que por bendici\u00f3n de Dios fuimos levantados por Su Mano Bendita, y que disfrutamos de la Cobertura Ministerial del Pastor Vladimiro Vasquez, fundador de Iglesias Visi\u00f3n de Fe en Guatemala, hoy damos gracias al Se\u00f1or que ha sostenido nuestras vidas y la de la Congregaci\u00f3n.&nbsp; Gracias a Dios por su Palabra que nos ha sustentado para que en medio de todo, sigamos adelante como familia hasta que Cristo venga por nosotros.&nbsp; Esperamos verlos en el Cielo entonces.<\/p>\n","protected":false},"excerpt":{"rendered":"<p>\u00bfPor qu\u00e9? Porque un d\u00eda como hoy, hace veintis\u00e9is a\u00f1os, naci\u00f3 nuestra Congregaci\u00f3n all\u00e1 en un lugar bien escondido del Barrio Bel\u00e9n, en la Ciudad de San Salvador. En una casa que bondadosamente nuestra hermana Adelita Valiente, que fue as\u00ed, muy valiente para dejarnos desarmarla con tal de hacer nuestro primer Templo. Que el Se\u00f1or [&hellip;]<\/p>\n","protected":false},"author":3,"featured_media":11327,"comment_status":"open","ping_status":"open","sticky":false,"template":"","format":"standard","meta":[],"categories":[36],"tags":[],"yoast_head":"<!-- This site is optimized with the Yoast SEO plugin v20.8 - https:\/\/yoast.com\/wordpress\/plugins\/seo\/ -->\n<title>Un aplauso al Se\u00f1or de gloria - La Prensa Cristiana<\/title>\n<meta name=\"robots\" content=\"index, follow, max-snippet:-1, max-image-preview:large, max-video-preview:-1\" \/>\n<link rel=\"canonical\" href=\"https:\/\/laprensacristiana.com\/?p=12827\" \/>\n<meta property=\"og:locale\" content=\"es_ES\" \/>\n<meta property=\"og:type\" content=\"article\" \/>\n<meta property=\"og:title\" content=\"Un aplauso al Se\u00f1or de gloria - La Prensa Cristiana\" \/>\n<meta property=\"og:description\" content=\"\u00bfPor qu\u00e9? Porque un d\u00eda como hoy, hace veintis\u00e9is a\u00f1os, naci\u00f3 nuestra Congregaci\u00f3n all\u00e1 en un lugar bien escondido del Barrio Bel\u00e9n, en la Ciudad de San Salvador. En una casa que bondadosamente nuestra hermana Adelita Valiente, que fue as\u00ed, muy valiente para dejarnos desarmarla con tal de hacer nuestro primer Templo. Que el Se\u00f1or [&hellip;]\" \/>\n<meta property=\"og:url\" content=\"https:\/\/laprensacristiana.com\/?p=12827\" \/>\n<meta property=\"og:site_name\" content=\"La Prensa Cristiana\" \/>\n<meta property=\"article:published_time\" content=\"2021-11-24T16:48:59+00:00\" \/>\n<meta property=\"article:modified_time\" content=\"2021-11-24T16:49:00+00:00\" \/>\n<meta property=\"og:image\" content=\"https:\/\/laprensacristiana.com\/wp-content\/uploads\/2021\/02\/IMG_20210215_163352_769.jpg\" \/>\n\t<meta property=\"og:image:width\" content=\"1280\" \/>\n\t<meta property=\"og:image:height\" content=\"714\" \/>\n\t<meta property=\"og:image:type\" content=\"image\/jpeg\" \/>\n<meta name=\"author\" content=\"EDITOR\" \/>\n<meta name=\"twitter:card\" content=\"summary_large_image\" \/>\n<meta name=\"twitter:label1\" content=\"Escrito por\" \/>\n\t<meta name=\"twitter:data1\" content=\"EDITOR\" \/>\n\t<meta name=\"twitter:label2\" content=\"Tiempo de lectura\" \/>\n\t<meta name=\"twitter:data2\" content=\"4 minutos\" \/>\n<script type=\"application\/ld+json\" class=\"yoast-schema-graph\">{\"@context\":\"https:\/\/schema.org\",\"@graph\":[{\"@type\":\"WebPage\",\"@id\":\"https:\/\/laprensacristiana.com\/?p=12827\",\"url\":\"https:\/\/laprensacristiana.com\/?p=12827\",\"name\":\"Un aplauso al Se\u00f1or de gloria - La Prensa Cristiana\",\"isPartOf\":{\"@id\":\"https:\/\/laprensacristiana.com\/#website\"},\"datePublished\":\"2021-11-24T16:48:59+00:00\",\"dateModified\":\"2021-11-24T16:49:00+00:00\",\"author\":{\"@id\":\"https:\/\/laprensacristiana.com\/#\/schema\/person\/3e7d82c6bfd6b1fa67010f8f7cd5256e\"},\"breadcrumb\":{\"@id\":\"https:\/\/laprensacristiana.com\/?p=12827#breadcrumb\"},\"inLanguage\":\"es\",\"potentialAction\":[{\"@type\":\"ReadAction\",\"target\":[\"https:\/\/laprensacristiana.com\/?p=12827\"]}]},{\"@type\":\"BreadcrumbList\",\"@id\":\"https:\/\/laprensacristiana.com\/?p=12827#breadcrumb\",\"itemListElement\":[{\"@type\":\"ListItem\",\"position\":1,\"name\":\"Portada\",\"item\":\"https:\/\/laprensacristiana.com\/\"},{\"@type\":\"ListItem\",\"position\":2,\"name\":\"Un aplauso al Se\u00f1or de gloria\"}]},{\"@type\":\"WebSite\",\"@id\":\"https:\/\/laprensacristiana.com\/#website\",\"url\":\"https:\/\/laprensacristiana.com\/\",\"name\":\"La Prensa Cristiana\",\"description\":\"Anunciando Las Buenas Nuevas\",\"potentialAction\":[{\"@type\":\"SearchAction\",\"target\":{\"@type\":\"EntryPoint\",\"urlTemplate\":\"https:\/\/laprensacristiana.com\/?s={search_term_string}\"},\"query-input\":\"required name=search_term_string\"}],\"inLanguage\":\"es\"},{\"@type\":\"Person\",\"@id\":\"https:\/\/laprensacristiana.com\/#\/schema\/person\/3e7d82c6bfd6b1fa67010f8f7cd5256e\",\"name\":\"EDITOR\",\"image\":{\"@type\":\"ImageObject\",\"inLanguage\":\"es\",\"@id\":\"https:\/\/laprensacristiana.com\/#\/schema\/person\/image\/\",\"url\":\"https:\/\/secure.gravatar.com\/avatar\/72069dfb6c13772d9e8381e3638666d2?s=96&d=mm&r=g\",\"contentUrl\":\"https:\/\/secure.gravatar.com\/avatar\/72069dfb6c13772d9e8381e3638666d2?s=96&d=mm&r=g\",\"caption\":\"EDITOR\"},\"url\":\"https:\/\/laprensacristiana.com\/?author=3\"}]}<\/script>\n<!-- \/ Yoast SEO plugin. -->","yoast_head_json":{"title":"Un aplauso al Se\u00f1or de gloria - La Prensa Cristiana","robots":{"index":"index","follow":"follow","max-snippet":"max-snippet:-1","max-image-preview":"max-image-preview:large","max-video-preview":"max-video-preview:-1"},"canonical":"https:\/\/laprensacristiana.com\/?p=12827","og_locale":"es_ES","og_type":"article","og_title":"Un aplauso al Se\u00f1or de gloria - La Prensa Cristiana","og_description":"\u00bfPor qu\u00e9? Porque un d\u00eda como hoy, hace veintis\u00e9is a\u00f1os, naci\u00f3 nuestra Congregaci\u00f3n all\u00e1 en un lugar bien escondido del Barrio Bel\u00e9n, en la Ciudad de San Salvador. En una casa que bondadosamente nuestra hermana Adelita Valiente, que fue as\u00ed, muy valiente para dejarnos desarmarla con tal de hacer nuestro primer Templo. Que el Se\u00f1or [&hellip;]","og_url":"https:\/\/laprensacristiana.com\/?p=12827","og_site_name":"La Prensa Cristiana","article_published_time":"2021-11-24T16:48:59+00:00","article_modified_time":"2021-11-24T16:49:00+00:00","og_image":[{"width":1280,"height":714,"url":"https:\/\/laprensacristiana.com\/wp-content\/uploads\/2021\/02\/IMG_20210215_163352_769.jpg","type":"image\/jpeg"}],"author":"EDITOR","twitter_card":"summary_large_image","twitter_misc":{"Escrito por":"EDITOR","Tiempo de lectura":"4 minutos"},"schema":{"@context":"https:\/\/schema.org","@graph":[{"@type":"WebPage","@id":"https:\/\/laprensacristiana.com\/?p=12827","url":"https:\/\/laprensacristiana.com\/?p=12827","name":"Un aplauso al Se\u00f1or de gloria - La Prensa Cristiana","isPartOf":{"@id":"https:\/\/laprensacristiana.com\/#website"},"datePublished":"2021-11-24T16:48:59+00:00","dateModified":"2021-11-24T16:49:00+00:00","author":{"@id":"https:\/\/laprensacristiana.com\/#\/schema\/person\/3e7d82c6bfd6b1fa67010f8f7cd5256e"},"breadcrumb":{"@id":"https:\/\/laprensacristiana.com\/?p=12827#breadcrumb"},"inLanguage":"es","potentialAction":[{"@type":"ReadAction","target":["https:\/\/laprensacristiana.com\/?p=12827"]}]},{"@type":"BreadcrumbList","@id":"https:\/\/laprensacristiana.com\/?p=12827#breadcrumb","itemListElement":[{"@type":"ListItem","position":1,"name":"Portada","item":"https:\/\/laprensacristiana.com\/"},{"@type":"ListItem","position":2,"name":"Un aplauso al Se\u00f1or de gloria"}]},{"@type":"WebSite","@id":"https:\/\/laprensacristiana.com\/#website","url":"https:\/\/laprensacristiana.com\/","name":"La Prensa Cristiana","description":"Anunciando Las Buenas Nuevas","potentialAction":[{"@type":"SearchAction","target":{"@type":"EntryPoint","urlTemplate":"https:\/\/laprensacristiana.com\/?s={search_term_string}"},"query-input":"required name=search_term_string"}],"inLanguage":"es"},{"@type":"Person","@id":"https:\/\/laprensacristiana.com\/#\/schema\/person\/3e7d82c6bfd6b1fa67010f8f7cd5256e","name":"EDITOR","image":{"@type":"ImageObject","inLanguage":"es","@id":"https:\/\/laprensacristiana.com\/#\/schema\/person\/image\/","url":"https:\/\/secure.gravatar.com\/avatar\/72069dfb6c13772d9e8381e3638666d2?s=96&d=mm&r=g","contentUrl":"https:\/\/secure.gravatar.com\/avatar\/72069dfb6c13772d9e8381e3638666d2?s=96&d=mm&r=g","caption":"EDITOR"},"url":"https:\/\/laprensacristiana.com\/?author=3"}]}},"_links":{"self":[{"href":"https:\/\/laprensacristiana.com\/index.php?rest_route=\/wp\/v2\/posts\/12827"}],"collection":[{"href":"https:\/\/laprensacristiana.com\/index.php?rest_route=\/wp\/v2\/posts"}],"about":[{"href":"https:\/\/laprensacristiana.com\/index.php?rest_route=\/wp\/v2\/types\/post"}],"author":[{"embeddable":true,"href":"https:\/\/laprensacristiana.com\/index.php?rest_route=\/wp\/v2\/users\/3"}],"replies":[{"embeddable":true,"href":"https:\/\/laprensacristiana.com\/index.php?rest_route=%2Fwp%2Fv2%2Fcomments&post=12827"}],"version-history":[{"count":1,"href":"https:\/\/laprensacristiana.com\/index.php?rest_route=\/wp\/v2\/posts\/12827\/revisions"}],"predecessor-version":[{"id":12828,"href":"https:\/\/laprensacristiana.com\/index.php?rest_route=\/wp\/v2\/posts\/12827\/revisions\/12828"}],"wp:featuredmedia":[{"embeddable":true,"href":"https:\/\/laprensacristiana.com\/index.php?rest_route=\/wp\/v2\/media\/11327"}],"wp:attachment":[{"href":"https:\/\/laprensacristiana.com\/index.php?rest_route=%2Fwp%2Fv2%2Fmedia&parent=12827"}],"wp:term":[{"taxonomy":"category","embeddable":true,"href":"https:\/\/laprensacristiana.com\/index.php?rest_route=%2Fwp%2Fv2%2Fcategories&post=12827"},{"taxonomy":"post_tag","embeddable":true,"href":"https:\/\/laprensacristiana.com\/index.php?rest_route=%2Fwp%2Fv2%2Ftags&post=12827"}],"curies":[{"name":"wp","href":"https:\/\/api.w.org\/{rel}","templated":true}]}}