{"id":12848,"date":"2021-12-01T14:15:53","date_gmt":"2021-12-01T14:15:53","guid":{"rendered":"https:\/\/laprensacristiana.com\/?p=12848"},"modified":"2021-12-01T14:15:54","modified_gmt":"2021-12-01T14:15:54","slug":"recordar","status":"publish","type":"post","link":"https:\/\/laprensacristiana.com\/?p=12848","title":{"rendered":"Recordar"},"content":{"rendered":"\n<p>Lev\u00edtico 23:42-43 \u201cHabitar\u00e9is en tabern\u00e1culos por siete d\u00edas; todo nativo de Israel vivir\u00e1 en tabern\u00e1culos, para que vuestras generaciones sepan que yo hice habitar en tabern\u00e1culos a los hijos de Israel cuando los saqu\u00e9 de la tierra de Egipto. Yo soy el SE\u00d1OR vuestro Dios.\u201d<\/p>\n\n\n\n<p>No.&nbsp; Los j\u00f3venes de hoy no saben nada de lo que sus padres pasaron antes que ellos nacieran.<\/p>\n\n\n\n<p>Hoy estamos viendo una generaci\u00f3n de \u201cpantallas\u201d.&nbsp; Las pantallas de sus celulares, iPads y Laptops.&nbsp; Son los aparatos que interact\u00faan con sus hijos. He visto a muchos padres que para que sus hijos los dejen \u201ctranquilos\u201d les dan su celular para que jueguen. Y lo peor de todo, es que lo hacen en horas en que supuestamente la familia se sienta en la mesa de comedor para compartir las experiencias del d\u00eda.<\/p>\n\n\n\n<p>Entonces vemos con tristeza que los padres est\u00e1n comiendo aparentemente tranquilos, mientras sus hijos juegan con sus aplicaciones o sencillamente est\u00e1n platicando con sus amigos virtuales quienes les comparten a sabe qu\u00e9 cosas. Los alimentos pasan a segundo plano. Los padres pasan a segundo plano. Est\u00e1n all\u00ed, pero no est\u00e1n para los padres. \u00bfY los padres? Tranquilos. Que nos dejen conversar.<\/p>\n\n\n\n<p>Y se rompe el por qu\u00e9 de la familia. Se rompe el c\u00edrculo de comunicaci\u00f3n entre padres e hijos.&nbsp; Porque ellos est\u00e1n m\u00e1s preocupados por cuantos \u201clikes\u201d les est\u00e1n dando en sus perfiles que en comunicarse con sus progenitores.<\/p>\n\n\n\n<p>Craso error.<\/p>\n\n\n\n<p>Dicen los expertos que las aplicaciones de los tel\u00e9fonos celulares han sido hechas para ser adictivas.&nbsp; Es decir, fueron planificadas para que la gente sea adicta a sus redes. Que no puedan vivir ni un d\u00eda sin antes consultar su c\u00edrculo de amistades cibern\u00e9ticas. Que antes que nada averig\u00fcen si han sido vistos por m\u00e1s personas. Si sus comentarios han sido le\u00eddos por m\u00e1s gentes y si les han a\u00f1adido m\u00e1s likes a sus fotos.<\/p>\n\n\n\n<p>\u00bfPor qu\u00e9 tanto inter\u00e9s en pedir: dame un like? Porque las redes y las pantallas han pasado a ocupar un lugar dentro de los j\u00f3venes y adolescentes que sin ellos se deprimen.&nbsp; Se deprimen porque sienten que nadie los ama, que nadie los ve, que son invisibles en las redes y que sus vidas son totalmente anodinas. Y eso los lleva a la depresi\u00f3n y la depresi\u00f3n muchas veces al suicidio.<\/p>\n\n\n\n<p>De manera que dicen los expertos, que un celular es tan adictivo como un trago de licor. Empieza por marear, y ese mareo produce que la cortisona, la hormona que enciende nuestros cuerpos y se active cada ma\u00f1ana para empezar el d\u00eda, nos impulse a actuar de manera positiva.&nbsp; Pero, \u00bfqu\u00e9 sucede cuando nadie ha visto sus fotos o comentarios? Busca otras redes para abarcar m\u00e1s p\u00fablico tratando de buscar m\u00e1s y m\u00e1s seguidores. Entonces dicen ellos, que es como ponerle a su hijo en su cuarto un bar lleno de botellas de licor y decirle sin palabras: \u201cCuando te sientas deprimido o triste porque tus amigos no te ven, all\u00ed est\u00e1 el licor para que te calmes\u201d.<\/p>\n\n\n\n<p>Es por eso que Dios, en su Infinita sabidur\u00eda, le orden\u00f3 al pueblo de Israel en el desierto: \u201cHabitareis en tabern\u00e1culos por siete d\u00edas\u2026para que vuestras generaciones sepan\u2026\u201d<\/p>\n\n\n\n<p>La fiesta de los Tabern\u00e1culos no es otra que una ocasi\u00f3n para recordar que los padres de esa naci\u00f3n, en su viaje por el desierto despu\u00e9s de su liberaci\u00f3n de la esclavitud de Egipto, tuvieron siete para vivir en tabern\u00e1culos.&nbsp; Sin nada m\u00e1s que lo necesario para comer, dormir y pasar esos siete d\u00edas.<\/p>\n\n\n\n<p>Es decir, hoy, salir de la comodidad de sus casas. Dejar todo aparato de televisi\u00f3n, celular, electrodom\u00e9sticos, todo lo que haga f\u00e1cil la existencia y vivir en una choza improvisada para recordar lo que vivieron los padres de anta\u00f1o en que nada era imprescindible sino el vestido, el alimento y la familia. Esos siete d\u00edas servir\u00edan para que los hijos supieran las penalidades que sus padres pasaron en el desierto y sobrevivieron.<\/p>\n\n\n\n<p>Esa es la fiesta que hoy no se practica en las mayor\u00eda de los hogares.&nbsp; Los hijos de hoy ignoran totalmente las penalidades, sufrimientos y falencias que sus padres vivieron porque los mismos padres se niegan a que ellos, sus hijos, sepan vivir con lo que realmente importa: La comunicaci\u00f3n y la relaci\u00f3n con su n\u00facleo familiar.<\/p>\n","protected":false},"excerpt":{"rendered":"<p>Lev\u00edtico 23:42-43 \u201cHabitar\u00e9is en tabern\u00e1culos por siete d\u00edas; todo nativo de Israel vivir\u00e1 en tabern\u00e1culos, para que vuestras generaciones sepan que yo hice habitar en tabern\u00e1culos a los hijos de Israel cuando los saqu\u00e9 de la tierra de Egipto. Yo soy el SE\u00d1OR vuestro Dios.\u201d No.&nbsp; Los j\u00f3venes de hoy no saben nada de lo [&hellip;]<\/p>\n","protected":false},"author":3,"featured_media":12838,"comment_status":"open","ping_status":"open","sticky":false,"template":"","format":"standard","meta":[],"categories":[36],"tags":[],"yoast_head":"<!-- This site is optimized with the Yoast SEO plugin v20.8 - https:\/\/yoast.com\/wordpress\/plugins\/seo\/ -->\n<title>Recordar - La Prensa Cristiana<\/title>\n<meta name=\"robots\" content=\"index, follow, max-snippet:-1, max-image-preview:large, max-video-preview:-1\" \/>\n<link rel=\"canonical\" href=\"https:\/\/laprensacristiana.com\/?p=12848\" \/>\n<meta property=\"og:locale\" content=\"es_ES\" \/>\n<meta property=\"og:type\" content=\"article\" \/>\n<meta property=\"og:title\" content=\"Recordar - La Prensa Cristiana\" \/>\n<meta property=\"og:description\" content=\"Lev\u00edtico 23:42-43 \u201cHabitar\u00e9is en tabern\u00e1culos por siete d\u00edas; todo nativo de Israel vivir\u00e1 en tabern\u00e1culos, para que vuestras generaciones sepan que yo hice habitar en tabern\u00e1culos a los hijos de Israel cuando los saqu\u00e9 de la tierra de Egipto. Yo soy el SE\u00d1OR vuestro Dios.\u201d No.&nbsp; Los j\u00f3venes de hoy no saben nada de lo [&hellip;]\" \/>\n<meta property=\"og:url\" content=\"https:\/\/laprensacristiana.com\/?p=12848\" \/>\n<meta property=\"og:site_name\" content=\"La Prensa Cristiana\" \/>\n<meta property=\"article:published_time\" content=\"2021-12-01T14:15:53+00:00\" \/>\n<meta property=\"article:modified_time\" content=\"2021-12-01T14:15:54+00:00\" \/>\n<meta property=\"og:image\" content=\"https:\/\/laprensacristiana.com\/wp-content\/uploads\/2021\/11\/IMG_20210215_163352_769-1.jpg\" \/>\n\t<meta property=\"og:image:width\" content=\"1280\" \/>\n\t<meta property=\"og:image:height\" content=\"714\" \/>\n\t<meta property=\"og:image:type\" content=\"image\/jpeg\" \/>\n<meta name=\"author\" content=\"EDITOR\" \/>\n<meta name=\"twitter:card\" content=\"summary_large_image\" \/>\n<meta name=\"twitter:label1\" content=\"Escrito por\" \/>\n\t<meta name=\"twitter:data1\" content=\"EDITOR\" \/>\n\t<meta name=\"twitter:label2\" content=\"Tiempo de lectura\" \/>\n\t<meta name=\"twitter:data2\" content=\"4 minutos\" \/>\n<script type=\"application\/ld+json\" class=\"yoast-schema-graph\">{\"@context\":\"https:\/\/schema.org\",\"@graph\":[{\"@type\":\"WebPage\",\"@id\":\"https:\/\/laprensacristiana.com\/?p=12848\",\"url\":\"https:\/\/laprensacristiana.com\/?p=12848\",\"name\":\"Recordar - La Prensa Cristiana\",\"isPartOf\":{\"@id\":\"https:\/\/laprensacristiana.com\/#website\"},\"datePublished\":\"2021-12-01T14:15:53+00:00\",\"dateModified\":\"2021-12-01T14:15:54+00:00\",\"author\":{\"@id\":\"https:\/\/laprensacristiana.com\/#\/schema\/person\/3e7d82c6bfd6b1fa67010f8f7cd5256e\"},\"breadcrumb\":{\"@id\":\"https:\/\/laprensacristiana.com\/?p=12848#breadcrumb\"},\"inLanguage\":\"es\",\"potentialAction\":[{\"@type\":\"ReadAction\",\"target\":[\"https:\/\/laprensacristiana.com\/?p=12848\"]}]},{\"@type\":\"BreadcrumbList\",\"@id\":\"https:\/\/laprensacristiana.com\/?p=12848#breadcrumb\",\"itemListElement\":[{\"@type\":\"ListItem\",\"position\":1,\"name\":\"Portada\",\"item\":\"https:\/\/laprensacristiana.com\/\"},{\"@type\":\"ListItem\",\"position\":2,\"name\":\"Recordar\"}]},{\"@type\":\"WebSite\",\"@id\":\"https:\/\/laprensacristiana.com\/#website\",\"url\":\"https:\/\/laprensacristiana.com\/\",\"name\":\"La Prensa Cristiana\",\"description\":\"Anunciando Las Buenas Nuevas\",\"potentialAction\":[{\"@type\":\"SearchAction\",\"target\":{\"@type\":\"EntryPoint\",\"urlTemplate\":\"https:\/\/laprensacristiana.com\/?s={search_term_string}\"},\"query-input\":\"required name=search_term_string\"}],\"inLanguage\":\"es\"},{\"@type\":\"Person\",\"@id\":\"https:\/\/laprensacristiana.com\/#\/schema\/person\/3e7d82c6bfd6b1fa67010f8f7cd5256e\",\"name\":\"EDITOR\",\"image\":{\"@type\":\"ImageObject\",\"inLanguage\":\"es\",\"@id\":\"https:\/\/laprensacristiana.com\/#\/schema\/person\/image\/\",\"url\":\"https:\/\/secure.gravatar.com\/avatar\/72069dfb6c13772d9e8381e3638666d2?s=96&d=mm&r=g\",\"contentUrl\":\"https:\/\/secure.gravatar.com\/avatar\/72069dfb6c13772d9e8381e3638666d2?s=96&d=mm&r=g\",\"caption\":\"EDITOR\"},\"url\":\"https:\/\/laprensacristiana.com\/?author=3\"}]}<\/script>\n<!-- \/ Yoast SEO plugin. -->","yoast_head_json":{"title":"Recordar - La Prensa Cristiana","robots":{"index":"index","follow":"follow","max-snippet":"max-snippet:-1","max-image-preview":"max-image-preview:large","max-video-preview":"max-video-preview:-1"},"canonical":"https:\/\/laprensacristiana.com\/?p=12848","og_locale":"es_ES","og_type":"article","og_title":"Recordar - La Prensa Cristiana","og_description":"Lev\u00edtico 23:42-43 \u201cHabitar\u00e9is en tabern\u00e1culos por siete d\u00edas; todo nativo de Israel vivir\u00e1 en tabern\u00e1culos, para que vuestras generaciones sepan que yo hice habitar en tabern\u00e1culos a los hijos de Israel cuando los saqu\u00e9 de la tierra de Egipto. Yo soy el SE\u00d1OR vuestro Dios.\u201d No.&nbsp; Los j\u00f3venes de hoy no saben nada de lo [&hellip;]","og_url":"https:\/\/laprensacristiana.com\/?p=12848","og_site_name":"La Prensa Cristiana","article_published_time":"2021-12-01T14:15:53+00:00","article_modified_time":"2021-12-01T14:15:54+00:00","og_image":[{"width":1280,"height":714,"url":"https:\/\/laprensacristiana.com\/wp-content\/uploads\/2021\/11\/IMG_20210215_163352_769-1.jpg","type":"image\/jpeg"}],"author":"EDITOR","twitter_card":"summary_large_image","twitter_misc":{"Escrito por":"EDITOR","Tiempo de lectura":"4 minutos"},"schema":{"@context":"https:\/\/schema.org","@graph":[{"@type":"WebPage","@id":"https:\/\/laprensacristiana.com\/?p=12848","url":"https:\/\/laprensacristiana.com\/?p=12848","name":"Recordar - La Prensa Cristiana","isPartOf":{"@id":"https:\/\/laprensacristiana.com\/#website"},"datePublished":"2021-12-01T14:15:53+00:00","dateModified":"2021-12-01T14:15:54+00:00","author":{"@id":"https:\/\/laprensacristiana.com\/#\/schema\/person\/3e7d82c6bfd6b1fa67010f8f7cd5256e"},"breadcrumb":{"@id":"https:\/\/laprensacristiana.com\/?p=12848#breadcrumb"},"inLanguage":"es","potentialAction":[{"@type":"ReadAction","target":["https:\/\/laprensacristiana.com\/?p=12848"]}]},{"@type":"BreadcrumbList","@id":"https:\/\/laprensacristiana.com\/?p=12848#breadcrumb","itemListElement":[{"@type":"ListItem","position":1,"name":"Portada","item":"https:\/\/laprensacristiana.com\/"},{"@type":"ListItem","position":2,"name":"Recordar"}]},{"@type":"WebSite","@id":"https:\/\/laprensacristiana.com\/#website","url":"https:\/\/laprensacristiana.com\/","name":"La Prensa Cristiana","description":"Anunciando Las Buenas Nuevas","potentialAction":[{"@type":"SearchAction","target":{"@type":"EntryPoint","urlTemplate":"https:\/\/laprensacristiana.com\/?s={search_term_string}"},"query-input":"required name=search_term_string"}],"inLanguage":"es"},{"@type":"Person","@id":"https:\/\/laprensacristiana.com\/#\/schema\/person\/3e7d82c6bfd6b1fa67010f8f7cd5256e","name":"EDITOR","image":{"@type":"ImageObject","inLanguage":"es","@id":"https:\/\/laprensacristiana.com\/#\/schema\/person\/image\/","url":"https:\/\/secure.gravatar.com\/avatar\/72069dfb6c13772d9e8381e3638666d2?s=96&d=mm&r=g","contentUrl":"https:\/\/secure.gravatar.com\/avatar\/72069dfb6c13772d9e8381e3638666d2?s=96&d=mm&r=g","caption":"EDITOR"},"url":"https:\/\/laprensacristiana.com\/?author=3"}]}},"_links":{"self":[{"href":"https:\/\/laprensacristiana.com\/index.php?rest_route=\/wp\/v2\/posts\/12848"}],"collection":[{"href":"https:\/\/laprensacristiana.com\/index.php?rest_route=\/wp\/v2\/posts"}],"about":[{"href":"https:\/\/laprensacristiana.com\/index.php?rest_route=\/wp\/v2\/types\/post"}],"author":[{"embeddable":true,"href":"https:\/\/laprensacristiana.com\/index.php?rest_route=\/wp\/v2\/users\/3"}],"replies":[{"embeddable":true,"href":"https:\/\/laprensacristiana.com\/index.php?rest_route=%2Fwp%2Fv2%2Fcomments&post=12848"}],"version-history":[{"count":1,"href":"https:\/\/laprensacristiana.com\/index.php?rest_route=\/wp\/v2\/posts\/12848\/revisions"}],"predecessor-version":[{"id":12849,"href":"https:\/\/laprensacristiana.com\/index.php?rest_route=\/wp\/v2\/posts\/12848\/revisions\/12849"}],"wp:featuredmedia":[{"embeddable":true,"href":"https:\/\/laprensacristiana.com\/index.php?rest_route=\/wp\/v2\/media\/12838"}],"wp:attachment":[{"href":"https:\/\/laprensacristiana.com\/index.php?rest_route=%2Fwp%2Fv2%2Fmedia&parent=12848"}],"wp:term":[{"taxonomy":"category","embeddable":true,"href":"https:\/\/laprensacristiana.com\/index.php?rest_route=%2Fwp%2Fv2%2Fcategories&post=12848"},{"taxonomy":"post_tag","embeddable":true,"href":"https:\/\/laprensacristiana.com\/index.php?rest_route=%2Fwp%2Fv2%2Ftags&post=12848"}],"curies":[{"name":"wp","href":"https:\/\/api.w.org\/{rel}","templated":true}]}}