{"id":12854,"date":"2021-12-04T12:55:39","date_gmt":"2021-12-04T12:55:39","guid":{"rendered":"https:\/\/laprensacristiana.com\/?p=12854"},"modified":"2021-12-04T12:55:40","modified_gmt":"2021-12-04T12:55:40","slug":"nada-es-nuestro","status":"publish","type":"post","link":"https:\/\/laprensacristiana.com\/?p=12854","title":{"rendered":"Nada es nuestro"},"content":{"rendered":"\n<p>Lev\u00edtico 25:23&nbsp;\u201cLa tierra no se vender\u00e1&nbsp;a perpetuidad, porque la tierra m\u00eda es\u2026\u201d<\/p>\n\n\n\n<p>Se matan por ella. Hermanos, familiares y parientes se pelean constantemente por un pedazo de tierra.<\/p>\n\n\n\n<p>Un rey quiso que uno de sus conciudadanos le vendiera su vi\u00f1a.&nbsp;\u00c9ste le dijo que no pod\u00eda aunque el comprador fuera el rey del pa\u00eds. Lleg\u00f3&nbsp;triste a su casa por el enfado de no haber logrado lo que quer\u00eda. &nbsp;Su esposa le aconsej\u00f3&nbsp;que dejara ese asunto en sus manos. Tram\u00f3&nbsp;una mentira y orquest\u00f3&nbsp;que el due\u00f1o de la vi\u00f1a fuera ejecutado para que su esposo el rey pudiera tomar la vi\u00f1a como propiedad suya.<\/p>\n\n\n\n<p>Es la historia de Nabot. Est\u00e1&nbsp;en la Biblia. &nbsp;Lo&nbsp;\u00fanico que Nabot deseaba era mantener la orden del Se\u00f1or: Que la tierra no pod\u00eda venderse. Era una herencia de sus ancestros, por lo tanto, hab\u00eda que respetar lo que Dios hab\u00eda dicho. &nbsp;No, no se puede vender. Lo lamento.<\/p>\n\n\n\n<p>Hoy la historia no ha cambiado. &nbsp;Hoy no se trata de no vender la tierra. &nbsp;Se trata de no vender el honor. &nbsp;El honor de un nombre, de una esposa, de un hijo, de un testimonio.<\/p>\n\n\n\n<p>Si hay algo valioso que no debemos negociar es el honor del nombre. Porque el nombre es lo que le legamos a nuestros hijos. &nbsp;Porque en el futuro ello ser\u00e1n honrados por el buen nombre que los padres les legaron o ser\u00e1n despreciados por el mal nombre que recibieron. &nbsp;Les perseguir\u00e1&nbsp;la mala fama, el deshonor familiar, las consecuencias del mal comportamiento de sus padres en el pasado.<\/p>\n\n\n\n<p>Eso lo estamos viendo actualmente en muchas personas que se dedican a la pol\u00edtica y se encumbran tanto que se creen due\u00f1os de lo que no les pertenece. &nbsp;As\u00ed&nbsp;como la tierra es de Dios y no se puede vender, as\u00ed&nbsp;tambi\u00e9n el dinero. &nbsp;Dice la Palabra que Dios es due\u00f1o del oro y la plata.&nbsp;<\/p>\n\n\n\n<p>Si esto es as\u00ed:&nbsp;\u00bfPor qu\u00e9&nbsp;no entienden esto los hombres? &nbsp;\u00bfComo es que ellos se creen due\u00f1os de lo que claramente dice Dios que es de&nbsp;\u00e9l? &nbsp;La respuesta est\u00e1&nbsp;en que ellos ignoran o quieren ignorar lo que dicen la Escrituras. &nbsp;Y esa es la causa de muchos fracasos en hombres y mujeres que pudieron legar a sus hijos un buen nombre. &nbsp;Como se dice en la jerga callejera: Arruinaron su nombre. &nbsp;Porque lo mejor que podemos dejar a nuestro paso es un buen nombre, insisto.&nbsp;<\/p>\n\n\n\n<p>Eso es lo que dice el proverbista: Mejor es un buen nombre que las muchas riquezas.<\/p>\n\n\n\n<p>Entonces, triste y dolorosamente, tenemos que comprender que tienen que pagar las consecuencias de haberse apropiado de lo que no era de ellos.&nbsp;<\/p>\n\n\n\n<p>Abram fue un hombre distinguido por Dios. &nbsp;Lo favoreci\u00f3&nbsp;con engrandecerlo, bendecirlo y darle tanta bendici\u00f3n que&nbsp;\u00e9l mismo ser\u00eda de bendici\u00f3n.&nbsp;<\/p>\n\n\n\n<p>Pero tambi\u00e9n&nbsp;\u00e9l, como nosotros, tuvo su lado oscuro. &nbsp;Hubo hambre en la tierra de su tiempo. Ten\u00eda que buscar comida y sustento para su vida y sus animales. &nbsp;Cuando se dio cuenta que la cosa iba para largo, tuvo la brillante idea de ir a Egipto a buscar alimento.&nbsp;<\/p>\n\n\n\n<p>Pero hizo lo que nunca debi\u00f3&nbsp;hacer: Poner en peligro a su esposa. Y no dud\u00f3&nbsp;en hacerlo. Tram\u00f3&nbsp;un enga\u00f1o diciendo que ella era su hermana y no su esposa. Fara\u00f3n la tom\u00f3&nbsp;y se la llev\u00f3&nbsp;a su har\u00e9n para que la prepararan porque en alg\u00fan momento iba a llamarla para que durmiera con&nbsp;\u00e9l.&nbsp;<\/p>\n\n\n\n<p>Todo iba bien con Abram. Era conocido por sus altares, por su relaci\u00f3n con el Se\u00f1or, por tener Su favor y su bendici\u00f3n. &nbsp;Pero eso no le bast\u00f3&nbsp;a este patriarca. Permiti\u00f3&nbsp;que la duda y el temor llenaran su coraz\u00f3n y no prest\u00f3&nbsp;atenci\u00f3n al honor de su esposa. La expuso vergonzosamente a que fuera llevada el har\u00e9n con tal de salvar su vida.<\/p>\n\n\n\n<p>Hoy, cada vez que se predica sobre la vida de este gran hombre, no puede dejar de hablar de este fracaso. &nbsp;El honor de una persona es sagrado. Deshonrar a alguien es hablar mal del mismo Dios que lo ha creado.<\/p>\n\n\n\n<p>Nada es nuestro. Ni siquiera el derecho de denigrar y hablar mal de nadie. Ese es el fracaso de los pol\u00edticos que aspiran a puestos de importancia de un pa\u00eds: Basan sus discursos en hablar mal y expresar diatribas en contra de sus contrincantes y luego, cuando ya est\u00e1n en el poder, hacen cosas peores que sus antecesores. No vieron sus vigas por estar viendo las pajas en ojo ajeno.<\/p>\n","protected":false},"excerpt":{"rendered":"<p>Lev\u00edtico 25:23&nbsp;\u201cLa tierra no se vender\u00e1&nbsp;a perpetuidad, porque la tierra m\u00eda es\u2026\u201d Se matan por ella. Hermanos, familiares y parientes se pelean constantemente por un pedazo de tierra. Un rey quiso que uno de sus conciudadanos le vendiera su vi\u00f1a.&nbsp;\u00c9ste le dijo que no pod\u00eda aunque el comprador fuera el rey del pa\u00eds. Lleg\u00f3&nbsp;triste a [&hellip;]<\/p>\n","protected":false},"author":3,"featured_media":12838,"comment_status":"open","ping_status":"open","sticky":false,"template":"","format":"standard","meta":[],"categories":[36],"tags":[],"yoast_head":"<!-- This site is optimized with the Yoast SEO plugin v20.8 - https:\/\/yoast.com\/wordpress\/plugins\/seo\/ -->\n<title>Nada es nuestro - La Prensa Cristiana<\/title>\n<meta name=\"robots\" content=\"index, follow, max-snippet:-1, max-image-preview:large, max-video-preview:-1\" \/>\n<link rel=\"canonical\" href=\"https:\/\/laprensacristiana.com\/?p=12854\" \/>\n<meta property=\"og:locale\" content=\"es_ES\" \/>\n<meta property=\"og:type\" content=\"article\" \/>\n<meta property=\"og:title\" content=\"Nada es nuestro - La Prensa Cristiana\" \/>\n<meta property=\"og:description\" content=\"Lev\u00edtico 25:23&nbsp;\u201cLa tierra no se vender\u00e1&nbsp;a perpetuidad, porque la tierra m\u00eda es\u2026\u201d Se matan por ella. Hermanos, familiares y parientes se pelean constantemente por un pedazo de tierra. Un rey quiso que uno de sus conciudadanos le vendiera su vi\u00f1a.&nbsp;\u00c9ste le dijo que no pod\u00eda aunque el comprador fuera el rey del pa\u00eds. Lleg\u00f3&nbsp;triste a [&hellip;]\" \/>\n<meta property=\"og:url\" content=\"https:\/\/laprensacristiana.com\/?p=12854\" \/>\n<meta property=\"og:site_name\" content=\"La Prensa Cristiana\" \/>\n<meta property=\"article:published_time\" content=\"2021-12-04T12:55:39+00:00\" \/>\n<meta property=\"article:modified_time\" content=\"2021-12-04T12:55:40+00:00\" \/>\n<meta property=\"og:image\" content=\"https:\/\/laprensacristiana.com\/wp-content\/uploads\/2021\/11\/IMG_20210215_163352_769-1.jpg\" \/>\n\t<meta property=\"og:image:width\" content=\"1280\" \/>\n\t<meta property=\"og:image:height\" content=\"714\" \/>\n\t<meta property=\"og:image:type\" content=\"image\/jpeg\" \/>\n<meta name=\"author\" content=\"EDITOR\" \/>\n<meta name=\"twitter:card\" content=\"summary_large_image\" \/>\n<meta name=\"twitter:label1\" content=\"Escrito por\" \/>\n\t<meta name=\"twitter:data1\" content=\"EDITOR\" \/>\n\t<meta name=\"twitter:label2\" content=\"Tiempo de lectura\" \/>\n\t<meta name=\"twitter:data2\" content=\"4 minutos\" \/>\n<script type=\"application\/ld+json\" class=\"yoast-schema-graph\">{\"@context\":\"https:\/\/schema.org\",\"@graph\":[{\"@type\":\"WebPage\",\"@id\":\"https:\/\/laprensacristiana.com\/?p=12854\",\"url\":\"https:\/\/laprensacristiana.com\/?p=12854\",\"name\":\"Nada es nuestro - La Prensa Cristiana\",\"isPartOf\":{\"@id\":\"https:\/\/laprensacristiana.com\/#website\"},\"datePublished\":\"2021-12-04T12:55:39+00:00\",\"dateModified\":\"2021-12-04T12:55:40+00:00\",\"author\":{\"@id\":\"https:\/\/laprensacristiana.com\/#\/schema\/person\/3e7d82c6bfd6b1fa67010f8f7cd5256e\"},\"breadcrumb\":{\"@id\":\"https:\/\/laprensacristiana.com\/?p=12854#breadcrumb\"},\"inLanguage\":\"es\",\"potentialAction\":[{\"@type\":\"ReadAction\",\"target\":[\"https:\/\/laprensacristiana.com\/?p=12854\"]}]},{\"@type\":\"BreadcrumbList\",\"@id\":\"https:\/\/laprensacristiana.com\/?p=12854#breadcrumb\",\"itemListElement\":[{\"@type\":\"ListItem\",\"position\":1,\"name\":\"Portada\",\"item\":\"https:\/\/laprensacristiana.com\/\"},{\"@type\":\"ListItem\",\"position\":2,\"name\":\"Nada es nuestro\"}]},{\"@type\":\"WebSite\",\"@id\":\"https:\/\/laprensacristiana.com\/#website\",\"url\":\"https:\/\/laprensacristiana.com\/\",\"name\":\"La Prensa Cristiana\",\"description\":\"Anunciando Las Buenas Nuevas\",\"potentialAction\":[{\"@type\":\"SearchAction\",\"target\":{\"@type\":\"EntryPoint\",\"urlTemplate\":\"https:\/\/laprensacristiana.com\/?s={search_term_string}\"},\"query-input\":\"required name=search_term_string\"}],\"inLanguage\":\"es\"},{\"@type\":\"Person\",\"@id\":\"https:\/\/laprensacristiana.com\/#\/schema\/person\/3e7d82c6bfd6b1fa67010f8f7cd5256e\",\"name\":\"EDITOR\",\"image\":{\"@type\":\"ImageObject\",\"inLanguage\":\"es\",\"@id\":\"https:\/\/laprensacristiana.com\/#\/schema\/person\/image\/\",\"url\":\"https:\/\/secure.gravatar.com\/avatar\/72069dfb6c13772d9e8381e3638666d2?s=96&d=mm&r=g\",\"contentUrl\":\"https:\/\/secure.gravatar.com\/avatar\/72069dfb6c13772d9e8381e3638666d2?s=96&d=mm&r=g\",\"caption\":\"EDITOR\"},\"url\":\"https:\/\/laprensacristiana.com\/?author=3\"}]}<\/script>\n<!-- \/ Yoast SEO plugin. -->","yoast_head_json":{"title":"Nada es nuestro - La Prensa Cristiana","robots":{"index":"index","follow":"follow","max-snippet":"max-snippet:-1","max-image-preview":"max-image-preview:large","max-video-preview":"max-video-preview:-1"},"canonical":"https:\/\/laprensacristiana.com\/?p=12854","og_locale":"es_ES","og_type":"article","og_title":"Nada es nuestro - La Prensa Cristiana","og_description":"Lev\u00edtico 25:23&nbsp;\u201cLa tierra no se vender\u00e1&nbsp;a perpetuidad, porque la tierra m\u00eda es\u2026\u201d Se matan por ella. Hermanos, familiares y parientes se pelean constantemente por un pedazo de tierra. Un rey quiso que uno de sus conciudadanos le vendiera su vi\u00f1a.&nbsp;\u00c9ste le dijo que no pod\u00eda aunque el comprador fuera el rey del pa\u00eds. Lleg\u00f3&nbsp;triste a [&hellip;]","og_url":"https:\/\/laprensacristiana.com\/?p=12854","og_site_name":"La Prensa Cristiana","article_published_time":"2021-12-04T12:55:39+00:00","article_modified_time":"2021-12-04T12:55:40+00:00","og_image":[{"width":1280,"height":714,"url":"https:\/\/laprensacristiana.com\/wp-content\/uploads\/2021\/11\/IMG_20210215_163352_769-1.jpg","type":"image\/jpeg"}],"author":"EDITOR","twitter_card":"summary_large_image","twitter_misc":{"Escrito por":"EDITOR","Tiempo de lectura":"4 minutos"},"schema":{"@context":"https:\/\/schema.org","@graph":[{"@type":"WebPage","@id":"https:\/\/laprensacristiana.com\/?p=12854","url":"https:\/\/laprensacristiana.com\/?p=12854","name":"Nada es nuestro - La Prensa Cristiana","isPartOf":{"@id":"https:\/\/laprensacristiana.com\/#website"},"datePublished":"2021-12-04T12:55:39+00:00","dateModified":"2021-12-04T12:55:40+00:00","author":{"@id":"https:\/\/laprensacristiana.com\/#\/schema\/person\/3e7d82c6bfd6b1fa67010f8f7cd5256e"},"breadcrumb":{"@id":"https:\/\/laprensacristiana.com\/?p=12854#breadcrumb"},"inLanguage":"es","potentialAction":[{"@type":"ReadAction","target":["https:\/\/laprensacristiana.com\/?p=12854"]}]},{"@type":"BreadcrumbList","@id":"https:\/\/laprensacristiana.com\/?p=12854#breadcrumb","itemListElement":[{"@type":"ListItem","position":1,"name":"Portada","item":"https:\/\/laprensacristiana.com\/"},{"@type":"ListItem","position":2,"name":"Nada es nuestro"}]},{"@type":"WebSite","@id":"https:\/\/laprensacristiana.com\/#website","url":"https:\/\/laprensacristiana.com\/","name":"La Prensa Cristiana","description":"Anunciando Las Buenas Nuevas","potentialAction":[{"@type":"SearchAction","target":{"@type":"EntryPoint","urlTemplate":"https:\/\/laprensacristiana.com\/?s={search_term_string}"},"query-input":"required name=search_term_string"}],"inLanguage":"es"},{"@type":"Person","@id":"https:\/\/laprensacristiana.com\/#\/schema\/person\/3e7d82c6bfd6b1fa67010f8f7cd5256e","name":"EDITOR","image":{"@type":"ImageObject","inLanguage":"es","@id":"https:\/\/laprensacristiana.com\/#\/schema\/person\/image\/","url":"https:\/\/secure.gravatar.com\/avatar\/72069dfb6c13772d9e8381e3638666d2?s=96&d=mm&r=g","contentUrl":"https:\/\/secure.gravatar.com\/avatar\/72069dfb6c13772d9e8381e3638666d2?s=96&d=mm&r=g","caption":"EDITOR"},"url":"https:\/\/laprensacristiana.com\/?author=3"}]}},"_links":{"self":[{"href":"https:\/\/laprensacristiana.com\/index.php?rest_route=\/wp\/v2\/posts\/12854"}],"collection":[{"href":"https:\/\/laprensacristiana.com\/index.php?rest_route=\/wp\/v2\/posts"}],"about":[{"href":"https:\/\/laprensacristiana.com\/index.php?rest_route=\/wp\/v2\/types\/post"}],"author":[{"embeddable":true,"href":"https:\/\/laprensacristiana.com\/index.php?rest_route=\/wp\/v2\/users\/3"}],"replies":[{"embeddable":true,"href":"https:\/\/laprensacristiana.com\/index.php?rest_route=%2Fwp%2Fv2%2Fcomments&post=12854"}],"version-history":[{"count":1,"href":"https:\/\/laprensacristiana.com\/index.php?rest_route=\/wp\/v2\/posts\/12854\/revisions"}],"predecessor-version":[{"id":12855,"href":"https:\/\/laprensacristiana.com\/index.php?rest_route=\/wp\/v2\/posts\/12854\/revisions\/12855"}],"wp:featuredmedia":[{"embeddable":true,"href":"https:\/\/laprensacristiana.com\/index.php?rest_route=\/wp\/v2\/media\/12838"}],"wp:attachment":[{"href":"https:\/\/laprensacristiana.com\/index.php?rest_route=%2Fwp%2Fv2%2Fmedia&parent=12854"}],"wp:term":[{"taxonomy":"category","embeddable":true,"href":"https:\/\/laprensacristiana.com\/index.php?rest_route=%2Fwp%2Fv2%2Fcategories&post=12854"},{"taxonomy":"post_tag","embeddable":true,"href":"https:\/\/laprensacristiana.com\/index.php?rest_route=%2Fwp%2Fv2%2Ftags&post=12854"}],"curies":[{"name":"wp","href":"https:\/\/api.w.org\/{rel}","templated":true}]}}