{"id":12860,"date":"2021-12-08T13:48:58","date_gmt":"2021-12-08T13:48:58","guid":{"rendered":"https:\/\/laprensacristiana.com\/?p=12860"},"modified":"2021-12-08T13:48:59","modified_gmt":"2021-12-08T13:48:59","slug":"por-alli-dicen","status":"publish","type":"post","link":"https:\/\/laprensacristiana.com\/?p=12860","title":{"rendered":"Por all\u00ed dicen"},"content":{"rendered":"\n<p>Apoc. 22:17 \u201cY el que tiene sed, venga\u2026\u201d<\/p>\n\n\n\n<p>\u00a1Pastor, que bueno verle. L\u00e1stima que usted est\u00e1 vedado, porque si no, lo podr\u00eda invitar a predicar en mi iglesia!<\/p>\n\n\n\n<p>Ese fue el saludo y las palabras que un pastor que yo consideraba mi amigo me expres\u00f3 en un lugar donde nos encontramos frente a frente.<\/p>\n\n\n\n<p>Hasta ese momento, yo no sab\u00eda que estaba vedado.&nbsp; Y no lo sab\u00eda porque siempre he contado con el favor del Se\u00f1or sobre mi vida.&nbsp; Sigo predicando su Palabra a donde \u00e9l me indica que vaya.&nbsp; Su respaldo me acompa\u00f1a y me hace part\u00edcipe de su Naturaleza cuando ministro a las personas que se presentan al Altar cuando les llamo.<\/p>\n\n\n\n<p>Entonces, las palabras de aquel pastor imprudente me dejaron con una pregunta: Vedado, \u00bfpor quien? \u00bfQuien se ha tomado la libertad de declarar que un predicador sin fama, sin dinero ni toda esa parafernalia evang\u00e9lica puede ser vedado, o sea, que no est\u00e1 autorizado para hacer la Obra de Dios?<\/p>\n\n\n\n<p>Y claramente debo declarar que me dio l\u00e1stima. L\u00e1stima porque no ha le\u00eddo la Biblia de la cual dice predicar. No se que clase de mensaje predica, pero si cree que alguien en la tierra tiene la potestad de vedar a otro que ha sido llamado por Dios, o es un ignorante de primera clase o est\u00e1 supeditado a lo que le digan sus superiores.<\/p>\n\n\n\n<p>Que conste, no estoy enojado. Ese episodio pas\u00f3 hace un buen tiempo atr\u00e1s, pero me vino a la memoria esta ma\u00f1ana que estoy pensando qu\u00e9 escribir para ilustraci\u00f3n de lo que sucede en la vida de muchos ministros que anhelan llevar un poco de agua fresca a los que est\u00e1n sedientos en muchos templos que se dicen del Se\u00f1or pero que son templos al orgullo, la falsedad y la rutina religiosa.<\/p>\n\n\n\n<p>Y de todo eso nos hablan las Escrituras. No soy el primer vedado. Ya les pas\u00f3 a los ap\u00f3stoles que Lucas nos cuenta en su libro de Hechos. Los mismos encargados de cuidar la religi\u00f3n de Israel, los mastodontes de la fe farisaica, aquellos que no deseaban que el pueblo conociera la Obra que Jesus hab\u00eda hecho cuando anduvo en la tierra, s\u00ed, aquellos f\u00f3siles fariseos que eran m\u00e1s ego\u00edstas que el ego\u00edsmo mismo, se atrevieron a decirle a los valientes que hab\u00edan sido encarcelados y latigados que les estaba prohibido que hablaran en ese Nombre.<\/p>\n\n\n\n<p>\u00bfY que se sacaron a cambio? Que ellos escogieran obedecer a Dios antes que a los hombres. Y continuaron con su mandato. Nada ni nadie pudo detener lo que Jesus hab\u00eda dicho: \u201cLas puertas del Hades no prevalecer\u00e1n contra mi iglesia\u201d Y as\u00ed ha sido desde aquellos d\u00edas.&nbsp; Nada ha detenido el avance de la Esposa del Cordero.<\/p>\n\n\n\n<p>Sin embargo, da pena como hoy, a varios a\u00f1os ya metidos en el tercer siglo, a\u00fan quedan esa clase de prepotentes que repiten lo que hicieron sus maestros de anta\u00f1o. A\u00fan queda ese remanente que quiere prohibir que alguien llamado por el Se\u00f1or sea detenido porque no les gusta lo que dice, o porque no se doblega ante sus deseos.&nbsp; Alguien mencion\u00f3 que su temor es que venga otro y les cambie su doctrina. \u00bfEst\u00e1n realmente preocupados por su doctrina o por sus estatutos? \u00bfLes preocupa honestamente su doctrina o sus costumbres? \u00bfO ser\u00e1 que tienen miedo que otro les abra los ojos a sus miembros que se adormecen cada domingo en sus sillas sin conocer la Verdad de la Palabra de Dios?<\/p>\n\n\n\n<p>Pues eso me hacen pensar los que vedan a otros. Les contar\u00e9 un cuento\u2026<\/p>\n\n\n\n<p>Hace ya muchos a\u00f1os, en alg\u00fan pa\u00eds de la galaxia, estuve en una iglesia en donde se ense\u00f1aba que solo los que se congregaban all\u00ed eran salvos.&nbsp; Todos los dem\u00e1s eran falsos pastores, falsos maestros y falsos profetas. Ah, y adem\u00e1s, falsos cristianos. Es decir, el famoso axioma religioso: \u201csolo nosotros somos la Iglesia\u201d, los dem\u00e1s son hijos del Diablo.<\/p>\n\n\n\n<p>\u00bfQue pas\u00f3 con aquella congregaci\u00f3n? Ha pasado el tiempo, muri\u00f3 el fundador y con \u00e9l, muri\u00f3 la congregaci\u00f3n.&nbsp; Todo ha pasado al olvido.&nbsp; Cada quien tom\u00f3 su camino, se fragment\u00f3 la visi\u00f3n y hoy est\u00e1 regada por muchos lugares en donde aquellos que fueron amigos al principio, hoy son enemigos y adversarios entre ellos mismos.<\/p>\n\n\n\n<p>Todo por la famosa veda. Jesus les demostr\u00f3 que estaban equivocados. No podemos prohibir que alguien que no sabemos quien es, hable lo que el Esp\u00edritu dice a las Iglesias.<\/p>\n","protected":false},"excerpt":{"rendered":"<p>Apoc. 22:17 \u201cY el que tiene sed, venga\u2026\u201d \u00a1Pastor, que bueno verle. L\u00e1stima que usted est\u00e1 vedado, porque si no, lo podr\u00eda invitar a predicar en mi iglesia! Ese fue el saludo y las palabras que un pastor que yo consideraba mi amigo me expres\u00f3 en un lugar donde nos encontramos frente a frente. Hasta [&hellip;]<\/p>\n","protected":false},"author":3,"featured_media":12838,"comment_status":"open","ping_status":"open","sticky":false,"template":"","format":"standard","meta":[],"categories":[36],"tags":[],"yoast_head":"<!-- This site is optimized with the Yoast SEO plugin v20.8 - https:\/\/yoast.com\/wordpress\/plugins\/seo\/ -->\n<title>Por all\u00ed dicen - La Prensa Cristiana<\/title>\n<meta name=\"robots\" content=\"index, follow, max-snippet:-1, max-image-preview:large, max-video-preview:-1\" \/>\n<link rel=\"canonical\" href=\"https:\/\/laprensacristiana.com\/?p=12860\" \/>\n<meta property=\"og:locale\" content=\"es_ES\" \/>\n<meta property=\"og:type\" content=\"article\" \/>\n<meta property=\"og:title\" content=\"Por all\u00ed dicen - La Prensa Cristiana\" \/>\n<meta property=\"og:description\" content=\"Apoc. 22:17 \u201cY el que tiene sed, venga\u2026\u201d \u00a1Pastor, que bueno verle. L\u00e1stima que usted est\u00e1 vedado, porque si no, lo podr\u00eda invitar a predicar en mi iglesia! Ese fue el saludo y las palabras que un pastor que yo consideraba mi amigo me expres\u00f3 en un lugar donde nos encontramos frente a frente. Hasta [&hellip;]\" \/>\n<meta property=\"og:url\" content=\"https:\/\/laprensacristiana.com\/?p=12860\" \/>\n<meta property=\"og:site_name\" content=\"La Prensa Cristiana\" \/>\n<meta property=\"article:published_time\" content=\"2021-12-08T13:48:58+00:00\" \/>\n<meta property=\"article:modified_time\" content=\"2021-12-08T13:48:59+00:00\" \/>\n<meta property=\"og:image\" content=\"https:\/\/laprensacristiana.com\/wp-content\/uploads\/2021\/11\/IMG_20210215_163352_769-1.jpg\" \/>\n\t<meta property=\"og:image:width\" content=\"1280\" \/>\n\t<meta property=\"og:image:height\" content=\"714\" \/>\n\t<meta property=\"og:image:type\" content=\"image\/jpeg\" \/>\n<meta name=\"author\" content=\"EDITOR\" \/>\n<meta name=\"twitter:card\" content=\"summary_large_image\" \/>\n<meta name=\"twitter:label1\" content=\"Escrito por\" \/>\n\t<meta name=\"twitter:data1\" content=\"EDITOR\" \/>\n\t<meta name=\"twitter:label2\" content=\"Tiempo de lectura\" \/>\n\t<meta name=\"twitter:data2\" content=\"4 minutos\" \/>\n<script type=\"application\/ld+json\" class=\"yoast-schema-graph\">{\"@context\":\"https:\/\/schema.org\",\"@graph\":[{\"@type\":\"WebPage\",\"@id\":\"https:\/\/laprensacristiana.com\/?p=12860\",\"url\":\"https:\/\/laprensacristiana.com\/?p=12860\",\"name\":\"Por all\u00ed dicen - La Prensa Cristiana\",\"isPartOf\":{\"@id\":\"https:\/\/laprensacristiana.com\/#website\"},\"datePublished\":\"2021-12-08T13:48:58+00:00\",\"dateModified\":\"2021-12-08T13:48:59+00:00\",\"author\":{\"@id\":\"https:\/\/laprensacristiana.com\/#\/schema\/person\/3e7d82c6bfd6b1fa67010f8f7cd5256e\"},\"breadcrumb\":{\"@id\":\"https:\/\/laprensacristiana.com\/?p=12860#breadcrumb\"},\"inLanguage\":\"es\",\"potentialAction\":[{\"@type\":\"ReadAction\",\"target\":[\"https:\/\/laprensacristiana.com\/?p=12860\"]}]},{\"@type\":\"BreadcrumbList\",\"@id\":\"https:\/\/laprensacristiana.com\/?p=12860#breadcrumb\",\"itemListElement\":[{\"@type\":\"ListItem\",\"position\":1,\"name\":\"Portada\",\"item\":\"https:\/\/laprensacristiana.com\/\"},{\"@type\":\"ListItem\",\"position\":2,\"name\":\"Por all\u00ed dicen\"}]},{\"@type\":\"WebSite\",\"@id\":\"https:\/\/laprensacristiana.com\/#website\",\"url\":\"https:\/\/laprensacristiana.com\/\",\"name\":\"La Prensa Cristiana\",\"description\":\"Anunciando Las Buenas Nuevas\",\"potentialAction\":[{\"@type\":\"SearchAction\",\"target\":{\"@type\":\"EntryPoint\",\"urlTemplate\":\"https:\/\/laprensacristiana.com\/?s={search_term_string}\"},\"query-input\":\"required name=search_term_string\"}],\"inLanguage\":\"es\"},{\"@type\":\"Person\",\"@id\":\"https:\/\/laprensacristiana.com\/#\/schema\/person\/3e7d82c6bfd6b1fa67010f8f7cd5256e\",\"name\":\"EDITOR\",\"image\":{\"@type\":\"ImageObject\",\"inLanguage\":\"es\",\"@id\":\"https:\/\/laprensacristiana.com\/#\/schema\/person\/image\/\",\"url\":\"https:\/\/secure.gravatar.com\/avatar\/72069dfb6c13772d9e8381e3638666d2?s=96&d=mm&r=g\",\"contentUrl\":\"https:\/\/secure.gravatar.com\/avatar\/72069dfb6c13772d9e8381e3638666d2?s=96&d=mm&r=g\",\"caption\":\"EDITOR\"},\"url\":\"https:\/\/laprensacristiana.com\/?author=3\"}]}<\/script>\n<!-- \/ Yoast SEO plugin. -->","yoast_head_json":{"title":"Por all\u00ed dicen - La Prensa Cristiana","robots":{"index":"index","follow":"follow","max-snippet":"max-snippet:-1","max-image-preview":"max-image-preview:large","max-video-preview":"max-video-preview:-1"},"canonical":"https:\/\/laprensacristiana.com\/?p=12860","og_locale":"es_ES","og_type":"article","og_title":"Por all\u00ed dicen - La Prensa Cristiana","og_description":"Apoc. 22:17 \u201cY el que tiene sed, venga\u2026\u201d \u00a1Pastor, que bueno verle. L\u00e1stima que usted est\u00e1 vedado, porque si no, lo podr\u00eda invitar a predicar en mi iglesia! Ese fue el saludo y las palabras que un pastor que yo consideraba mi amigo me expres\u00f3 en un lugar donde nos encontramos frente a frente. Hasta [&hellip;]","og_url":"https:\/\/laprensacristiana.com\/?p=12860","og_site_name":"La Prensa Cristiana","article_published_time":"2021-12-08T13:48:58+00:00","article_modified_time":"2021-12-08T13:48:59+00:00","og_image":[{"width":1280,"height":714,"url":"https:\/\/laprensacristiana.com\/wp-content\/uploads\/2021\/11\/IMG_20210215_163352_769-1.jpg","type":"image\/jpeg"}],"author":"EDITOR","twitter_card":"summary_large_image","twitter_misc":{"Escrito por":"EDITOR","Tiempo de lectura":"4 minutos"},"schema":{"@context":"https:\/\/schema.org","@graph":[{"@type":"WebPage","@id":"https:\/\/laprensacristiana.com\/?p=12860","url":"https:\/\/laprensacristiana.com\/?p=12860","name":"Por all\u00ed dicen - La Prensa Cristiana","isPartOf":{"@id":"https:\/\/laprensacristiana.com\/#website"},"datePublished":"2021-12-08T13:48:58+00:00","dateModified":"2021-12-08T13:48:59+00:00","author":{"@id":"https:\/\/laprensacristiana.com\/#\/schema\/person\/3e7d82c6bfd6b1fa67010f8f7cd5256e"},"breadcrumb":{"@id":"https:\/\/laprensacristiana.com\/?p=12860#breadcrumb"},"inLanguage":"es","potentialAction":[{"@type":"ReadAction","target":["https:\/\/laprensacristiana.com\/?p=12860"]}]},{"@type":"BreadcrumbList","@id":"https:\/\/laprensacristiana.com\/?p=12860#breadcrumb","itemListElement":[{"@type":"ListItem","position":1,"name":"Portada","item":"https:\/\/laprensacristiana.com\/"},{"@type":"ListItem","position":2,"name":"Por all\u00ed dicen"}]},{"@type":"WebSite","@id":"https:\/\/laprensacristiana.com\/#website","url":"https:\/\/laprensacristiana.com\/","name":"La Prensa Cristiana","description":"Anunciando Las Buenas Nuevas","potentialAction":[{"@type":"SearchAction","target":{"@type":"EntryPoint","urlTemplate":"https:\/\/laprensacristiana.com\/?s={search_term_string}"},"query-input":"required name=search_term_string"}],"inLanguage":"es"},{"@type":"Person","@id":"https:\/\/laprensacristiana.com\/#\/schema\/person\/3e7d82c6bfd6b1fa67010f8f7cd5256e","name":"EDITOR","image":{"@type":"ImageObject","inLanguage":"es","@id":"https:\/\/laprensacristiana.com\/#\/schema\/person\/image\/","url":"https:\/\/secure.gravatar.com\/avatar\/72069dfb6c13772d9e8381e3638666d2?s=96&d=mm&r=g","contentUrl":"https:\/\/secure.gravatar.com\/avatar\/72069dfb6c13772d9e8381e3638666d2?s=96&d=mm&r=g","caption":"EDITOR"},"url":"https:\/\/laprensacristiana.com\/?author=3"}]}},"_links":{"self":[{"href":"https:\/\/laprensacristiana.com\/index.php?rest_route=\/wp\/v2\/posts\/12860"}],"collection":[{"href":"https:\/\/laprensacristiana.com\/index.php?rest_route=\/wp\/v2\/posts"}],"about":[{"href":"https:\/\/laprensacristiana.com\/index.php?rest_route=\/wp\/v2\/types\/post"}],"author":[{"embeddable":true,"href":"https:\/\/laprensacristiana.com\/index.php?rest_route=\/wp\/v2\/users\/3"}],"replies":[{"embeddable":true,"href":"https:\/\/laprensacristiana.com\/index.php?rest_route=%2Fwp%2Fv2%2Fcomments&post=12860"}],"version-history":[{"count":1,"href":"https:\/\/laprensacristiana.com\/index.php?rest_route=\/wp\/v2\/posts\/12860\/revisions"}],"predecessor-version":[{"id":12861,"href":"https:\/\/laprensacristiana.com\/index.php?rest_route=\/wp\/v2\/posts\/12860\/revisions\/12861"}],"wp:featuredmedia":[{"embeddable":true,"href":"https:\/\/laprensacristiana.com\/index.php?rest_route=\/wp\/v2\/media\/12838"}],"wp:attachment":[{"href":"https:\/\/laprensacristiana.com\/index.php?rest_route=%2Fwp%2Fv2%2Fmedia&parent=12860"}],"wp:term":[{"taxonomy":"category","embeddable":true,"href":"https:\/\/laprensacristiana.com\/index.php?rest_route=%2Fwp%2Fv2%2Fcategories&post=12860"},{"taxonomy":"post_tag","embeddable":true,"href":"https:\/\/laprensacristiana.com\/index.php?rest_route=%2Fwp%2Fv2%2Ftags&post=12860"}],"curies":[{"name":"wp","href":"https:\/\/api.w.org\/{rel}","templated":true}]}}