{"id":12866,"date":"2021-12-11T06:05:23","date_gmt":"2021-12-11T06:05:23","guid":{"rendered":"https:\/\/laprensacristiana.com\/?p=12866"},"modified":"2021-12-11T06:05:24","modified_gmt":"2021-12-11T06:05:24","slug":"fundacion-el-gran-yo-soy-lleva-ayuda-a-familias-de-finca-san-isidro","status":"publish","type":"post","link":"https:\/\/laprensacristiana.com\/?p=12866","title":{"rendered":"Fundaci\u00f3n El Gran Yo Soy lleva ayuda a familias de Finca San Isidro"},"content":{"rendered":"\n<p>La Fundaci\u00f3n El Gran Yo Soy est\u00e1 a punto de cumplir 4 a\u00f1os de existencia, en los cuales han demostrado amor por el pr\u00f3jimo, supliendo diferentes necesidades.<\/p>\n\n\n\n<p>En el municipio de Chinameca, del departamento de San Miguel, se encuentra la finca San Isidro, lugar que visitan por segunda vez con ayuda, en esta ocasi\u00f3n para otorgar un momento de alegr\u00eda en el marco de las festividades de fin de a\u00f1o, proveyendo comida para los adultos y un kit infantil, equipado con juguetes, una pelota de futbol, legos, rompecabezas, pasta de dientes, calcetines, tijeras, colores, cuadernos, crayolas, y muchos art\u00edculos m\u00e1s.<\/p>\n\n\n\n<p>\u201cLos habitantes de este lugar nos han recibido con mucha alegr\u00eda, el prop\u00f3sito de estar aqu\u00ed es brindar el amor y la esperanza de Dios, especialmente en estos tiempos de fiesta, Dios es bueno, \u00e9l nos manda a ayudar a otros\u201d, detall\u00f3 Jefferson Flores, fundador y director de Fundaci\u00f3n El Gran Yo Soy.<\/p>\n\n\n\n<figure class=\"wp-block-image size-large\"><img decoding=\"async\" loading=\"lazy\" width=\"1024\" height=\"683\" src=\"https:\/\/laprensacristiana.com\/wp-content\/uploads\/2021\/12\/IMG_6065-1024x683.jpg\" alt=\"\" class=\"wp-image-12868\" srcset=\"https:\/\/laprensacristiana.com\/wp-content\/uploads\/2021\/12\/IMG_6065-1024x683.jpg 1024w, https:\/\/laprensacristiana.com\/wp-content\/uploads\/2021\/12\/IMG_6065-300x200.jpg 300w, https:\/\/laprensacristiana.com\/wp-content\/uploads\/2021\/12\/IMG_6065-768x512.jpg 768w, https:\/\/laprensacristiana.com\/wp-content\/uploads\/2021\/12\/IMG_6065-1536x1024.jpg 1536w, https:\/\/laprensacristiana.com\/wp-content\/uploads\/2021\/12\/IMG_6065-2048x1365.jpg 2048w, https:\/\/laprensacristiana.com\/wp-content\/uploads\/2021\/12\/IMG_6065-696x464.jpg 696w, https:\/\/laprensacristiana.com\/wp-content\/uploads\/2021\/12\/IMG_6065-1068x712.jpg 1068w, https:\/\/laprensacristiana.com\/wp-content\/uploads\/2021\/12\/IMG_6065-1920x1280.jpg 1920w, https:\/\/laprensacristiana.com\/wp-content\/uploads\/2021\/12\/IMG_6065-600x400.jpg 600w\" sizes=\"(max-width: 1024px) 100vw, 1024px\" \/><figcaption>Jefferson Flores, fundador y director de Fundaci\u00f3n El Gran Yo Soy.<\/figcaption><\/figure>\n\n\n\n<p>Sus habitantes mostraron el agradecimiento por los beneficios recibidos, tal es el caso de do\u00f1a Marta Lilian Mendiola quien esperaba con alegr\u00eda la llegada de la Fundaci\u00f3n El Gran Yo Soy, \u201cEstoy muy agradecida por este aporte que nos han venido a dar, le pido al Se\u00f1or que les de muchas bendiciones porque \u00e9l ha tocado sus corazones para que vengan a compartir con nosotros\u201d, expres\u00f3.<\/p>\n\n\n\n<p>Para la cobertura de la Fundaci\u00f3n El Gran Yo Soy, el pastor Roberto Flores del Ministerio Rey de Reyes de Tallahassee en Florida, Estados Unidos, es una bendici\u00f3n estar en El Salvador y servirle a las personas, \u201cCompartir es un privilegio, gracias a todos los que a trav\u00e9s de sus oraciones y donaciones est\u00e1n pendientes de nuestro viaje para festejar a las personas de El Salvador y regalarles una rayo de esperanza\u201d, detall\u00f3 el pastor Flores.<\/p>\n\n\n\n<figure class=\"wp-block-image size-large\"><img decoding=\"async\" loading=\"lazy\" width=\"1024\" height=\"683\" src=\"https:\/\/laprensacristiana.com\/wp-content\/uploads\/2021\/12\/IMG_6049-1024x683.jpg\" alt=\"\" class=\"wp-image-12869\" srcset=\"https:\/\/laprensacristiana.com\/wp-content\/uploads\/2021\/12\/IMG_6049-1024x683.jpg 1024w, https:\/\/laprensacristiana.com\/wp-content\/uploads\/2021\/12\/IMG_6049-300x200.jpg 300w, https:\/\/laprensacristiana.com\/wp-content\/uploads\/2021\/12\/IMG_6049-768x512.jpg 768w, https:\/\/laprensacristiana.com\/wp-content\/uploads\/2021\/12\/IMG_6049-1536x1024.jpg 1536w, https:\/\/laprensacristiana.com\/wp-content\/uploads\/2021\/12\/IMG_6049-2048x1365.jpg 2048w, https:\/\/laprensacristiana.com\/wp-content\/uploads\/2021\/12\/IMG_6049-696x464.jpg 696w, https:\/\/laprensacristiana.com\/wp-content\/uploads\/2021\/12\/IMG_6049-1068x712.jpg 1068w, https:\/\/laprensacristiana.com\/wp-content\/uploads\/2021\/12\/IMG_6049-1920x1280.jpg 1920w, https:\/\/laprensacristiana.com\/wp-content\/uploads\/2021\/12\/IMG_6049-600x400.jpg 600w\" sizes=\"(max-width: 1024px) 100vw, 1024px\" \/><figcaption>Pastor Roberto Flores del Ministerio Rey de Reyes de Tallahassee en Florida, Estados Unidos<\/figcaption><\/figure>\n\n\n\n<p>Juan Carlos Quintanilla es el representante de los habitantes de la finca San Isidro, quien agradece a la fundaci\u00f3n por la visita que les han realizado, \u201cSomos muy agradecidos y bendecidos por la ayuda que nos est\u00e1n dando, han venido a mover el coraz\u00f3n de todos nosotros, dan ganas de rodar l\u00e1grimas de alegr\u00eda\u201d, especific\u00f3 Quintanilla.<\/p>\n\n\n\n<p>Para la pastora Raquel Flores es indescriptible y satisfactorio el sentimiento que causa la sonrisa que se dibuja en las personas al recibir diferentes detalles, \u201cLa Biblia nos manda que debemos compartir con otros lo que de Dios hemos recibido, estoy muy feliz de estar en este lugar como parte del Ministerio Rey de Reyes y de la Fundaci\u00f3n El Gran Yo Soy, para colaborar, no se puede describir la alegr\u00eda que causa el rostro de felicidad de un ni\u00f1o al ver un regalo\u201d, concluy\u00f3 Raquel Flores. \u00a0<\/p>\n\n\n\n<figure class=\"wp-block-embed-twitter wp-block-embed is-type-rich is-provider-twitter\"><div class=\"wp-block-embed__wrapper\">\n<blockquote class=\"twitter-tweet\" data-width=\"550\" data-dnt=\"true\"><p lang=\"es\" dir=\"ltr\"><a href=\"https:\/\/twitter.com\/hashtag\/FotoGaler%C3%ADa?src=hash&amp;ref_src=twsrc%5Etfw\">#FotoGaler\u00eda<\/a><br>Fundaci\u00f3n El Gran Yo Soy lleva alimentos a familias y juguetes a ni\u00f1os de Finca San Isidro del municipio de Chinameca, en San Miguel. <a href=\"https:\/\/t.co\/DLvuF7Ey7o\">pic.twitter.com\/DLvuF7Ey7o<\/a><\/p>&mdash; La Prensa Cristiana (@LPCristiana) <a href=\"https:\/\/twitter.com\/LPCristiana\/status\/1469534368473489410?ref_src=twsrc%5Etfw\">December 11, 2021<\/a><\/blockquote><script async src=\"https:\/\/platform.twitter.com\/widgets.js\" charset=\"utf-8\"><\/script>\n<\/div><\/figure>\n","protected":false},"excerpt":{"rendered":"<p>La Fundaci\u00f3n El Gran Yo Soy est\u00e1 a punto de cumplir 4 a\u00f1os de existencia, en los cuales han demostrado amor por el pr\u00f3jimo, supliendo diferentes necesidades. En el municipio de Chinameca, del departamento de San Miguel, se encuentra la finca San Isidro, lugar que visitan por segunda vez con ayuda, en esta ocasi\u00f3n para [&hellip;]<\/p>\n","protected":false},"author":3,"featured_media":12867,"comment_status":"open","ping_status":"open","sticky":false,"template":"","format":"standard","meta":[],"categories":[56],"tags":[],"yoast_head":"<!-- This site is optimized with the Yoast SEO plugin v20.8 - https:\/\/yoast.com\/wordpress\/plugins\/seo\/ -->\n<title>Fundaci\u00f3n El Gran Yo Soy lleva ayuda a familias de Finca San Isidro - La Prensa Cristiana<\/title>\n<meta name=\"robots\" content=\"index, follow, max-snippet:-1, max-image-preview:large, max-video-preview:-1\" \/>\n<link rel=\"canonical\" href=\"https:\/\/laprensacristiana.com\/?p=12866\" \/>\n<meta property=\"og:locale\" content=\"es_ES\" \/>\n<meta property=\"og:type\" content=\"article\" \/>\n<meta property=\"og:title\" content=\"Fundaci\u00f3n El Gran Yo Soy lleva ayuda a familias de Finca San Isidro - La Prensa Cristiana\" \/>\n<meta property=\"og:description\" content=\"La Fundaci\u00f3n El Gran Yo Soy est\u00e1 a punto de cumplir 4 a\u00f1os de existencia, en los cuales han demostrado amor por el pr\u00f3jimo, supliendo diferentes necesidades. En el municipio de Chinameca, del departamento de San Miguel, se encuentra la finca San Isidro, lugar que visitan por segunda vez con ayuda, en esta ocasi\u00f3n para [&hellip;]\" \/>\n<meta property=\"og:url\" content=\"https:\/\/laprensacristiana.com\/?p=12866\" \/>\n<meta property=\"og:site_name\" content=\"La Prensa Cristiana\" \/>\n<meta property=\"article:published_time\" content=\"2021-12-11T06:05:23+00:00\" \/>\n<meta property=\"article:modified_time\" content=\"2021-12-11T06:05:24+00:00\" \/>\n<meta property=\"og:image\" content=\"https:\/\/laprensacristiana.com\/wp-content\/uploads\/2021\/12\/IMG_6176-scaled.jpg\" \/>\n\t<meta property=\"og:image:width\" content=\"2560\" \/>\n\t<meta property=\"og:image:height\" content=\"1847\" \/>\n\t<meta property=\"og:image:type\" content=\"image\/jpeg\" \/>\n<meta name=\"author\" content=\"EDITOR\" \/>\n<meta name=\"twitter:card\" content=\"summary_large_image\" \/>\n<meta name=\"twitter:label1\" content=\"Escrito por\" \/>\n\t<meta name=\"twitter:data1\" content=\"EDITOR\" \/>\n\t<meta name=\"twitter:label2\" content=\"Tiempo de lectura\" \/>\n\t<meta name=\"twitter:data2\" content=\"2 minutos\" \/>\n<script type=\"application\/ld+json\" class=\"yoast-schema-graph\">{\"@context\":\"https:\/\/schema.org\",\"@graph\":[{\"@type\":\"WebPage\",\"@id\":\"https:\/\/laprensacristiana.com\/?p=12866\",\"url\":\"https:\/\/laprensacristiana.com\/?p=12866\",\"name\":\"Fundaci\u00f3n El Gran Yo Soy lleva ayuda a familias de Finca San Isidro - La Prensa Cristiana\",\"isPartOf\":{\"@id\":\"https:\/\/laprensacristiana.com\/#website\"},\"datePublished\":\"2021-12-11T06:05:23+00:00\",\"dateModified\":\"2021-12-11T06:05:24+00:00\",\"author\":{\"@id\":\"https:\/\/laprensacristiana.com\/#\/schema\/person\/3e7d82c6bfd6b1fa67010f8f7cd5256e\"},\"breadcrumb\":{\"@id\":\"https:\/\/laprensacristiana.com\/?p=12866#breadcrumb\"},\"inLanguage\":\"es\",\"potentialAction\":[{\"@type\":\"ReadAction\",\"target\":[\"https:\/\/laprensacristiana.com\/?p=12866\"]}]},{\"@type\":\"BreadcrumbList\",\"@id\":\"https:\/\/laprensacristiana.com\/?p=12866#breadcrumb\",\"itemListElement\":[{\"@type\":\"ListItem\",\"position\":1,\"name\":\"Portada\",\"item\":\"https:\/\/laprensacristiana.com\/\"},{\"@type\":\"ListItem\",\"position\":2,\"name\":\"Fundaci\u00f3n El Gran Yo Soy lleva ayuda a familias de Finca San Isidro\"}]},{\"@type\":\"WebSite\",\"@id\":\"https:\/\/laprensacristiana.com\/#website\",\"url\":\"https:\/\/laprensacristiana.com\/\",\"name\":\"La Prensa Cristiana\",\"description\":\"Anunciando Las Buenas Nuevas\",\"potentialAction\":[{\"@type\":\"SearchAction\",\"target\":{\"@type\":\"EntryPoint\",\"urlTemplate\":\"https:\/\/laprensacristiana.com\/?s={search_term_string}\"},\"query-input\":\"required name=search_term_string\"}],\"inLanguage\":\"es\"},{\"@type\":\"Person\",\"@id\":\"https:\/\/laprensacristiana.com\/#\/schema\/person\/3e7d82c6bfd6b1fa67010f8f7cd5256e\",\"name\":\"EDITOR\",\"image\":{\"@type\":\"ImageObject\",\"inLanguage\":\"es\",\"@id\":\"https:\/\/laprensacristiana.com\/#\/schema\/person\/image\/\",\"url\":\"https:\/\/secure.gravatar.com\/avatar\/72069dfb6c13772d9e8381e3638666d2?s=96&d=mm&r=g\",\"contentUrl\":\"https:\/\/secure.gravatar.com\/avatar\/72069dfb6c13772d9e8381e3638666d2?s=96&d=mm&r=g\",\"caption\":\"EDITOR\"},\"url\":\"https:\/\/laprensacristiana.com\/?author=3\"}]}<\/script>\n<!-- \/ Yoast SEO plugin. -->","yoast_head_json":{"title":"Fundaci\u00f3n El Gran Yo Soy lleva ayuda a familias de Finca San Isidro - La Prensa Cristiana","robots":{"index":"index","follow":"follow","max-snippet":"max-snippet:-1","max-image-preview":"max-image-preview:large","max-video-preview":"max-video-preview:-1"},"canonical":"https:\/\/laprensacristiana.com\/?p=12866","og_locale":"es_ES","og_type":"article","og_title":"Fundaci\u00f3n El Gran Yo Soy lleva ayuda a familias de Finca San Isidro - La Prensa Cristiana","og_description":"La Fundaci\u00f3n El Gran Yo Soy est\u00e1 a punto de cumplir 4 a\u00f1os de existencia, en los cuales han demostrado amor por el pr\u00f3jimo, supliendo diferentes necesidades. En el municipio de Chinameca, del departamento de San Miguel, se encuentra la finca San Isidro, lugar que visitan por segunda vez con ayuda, en esta ocasi\u00f3n para [&hellip;]","og_url":"https:\/\/laprensacristiana.com\/?p=12866","og_site_name":"La Prensa Cristiana","article_published_time":"2021-12-11T06:05:23+00:00","article_modified_time":"2021-12-11T06:05:24+00:00","og_image":[{"width":2560,"height":1847,"url":"https:\/\/laprensacristiana.com\/wp-content\/uploads\/2021\/12\/IMG_6176-scaled.jpg","type":"image\/jpeg"}],"author":"EDITOR","twitter_card":"summary_large_image","twitter_misc":{"Escrito por":"EDITOR","Tiempo de lectura":"2 minutos"},"schema":{"@context":"https:\/\/schema.org","@graph":[{"@type":"WebPage","@id":"https:\/\/laprensacristiana.com\/?p=12866","url":"https:\/\/laprensacristiana.com\/?p=12866","name":"Fundaci\u00f3n El Gran Yo Soy lleva ayuda a familias de Finca San Isidro - La Prensa Cristiana","isPartOf":{"@id":"https:\/\/laprensacristiana.com\/#website"},"datePublished":"2021-12-11T06:05:23+00:00","dateModified":"2021-12-11T06:05:24+00:00","author":{"@id":"https:\/\/laprensacristiana.com\/#\/schema\/person\/3e7d82c6bfd6b1fa67010f8f7cd5256e"},"breadcrumb":{"@id":"https:\/\/laprensacristiana.com\/?p=12866#breadcrumb"},"inLanguage":"es","potentialAction":[{"@type":"ReadAction","target":["https:\/\/laprensacristiana.com\/?p=12866"]}]},{"@type":"BreadcrumbList","@id":"https:\/\/laprensacristiana.com\/?p=12866#breadcrumb","itemListElement":[{"@type":"ListItem","position":1,"name":"Portada","item":"https:\/\/laprensacristiana.com\/"},{"@type":"ListItem","position":2,"name":"Fundaci\u00f3n El Gran Yo Soy lleva ayuda a familias de Finca San Isidro"}]},{"@type":"WebSite","@id":"https:\/\/laprensacristiana.com\/#website","url":"https:\/\/laprensacristiana.com\/","name":"La Prensa Cristiana","description":"Anunciando Las Buenas Nuevas","potentialAction":[{"@type":"SearchAction","target":{"@type":"EntryPoint","urlTemplate":"https:\/\/laprensacristiana.com\/?s={search_term_string}"},"query-input":"required name=search_term_string"}],"inLanguage":"es"},{"@type":"Person","@id":"https:\/\/laprensacristiana.com\/#\/schema\/person\/3e7d82c6bfd6b1fa67010f8f7cd5256e","name":"EDITOR","image":{"@type":"ImageObject","inLanguage":"es","@id":"https:\/\/laprensacristiana.com\/#\/schema\/person\/image\/","url":"https:\/\/secure.gravatar.com\/avatar\/72069dfb6c13772d9e8381e3638666d2?s=96&d=mm&r=g","contentUrl":"https:\/\/secure.gravatar.com\/avatar\/72069dfb6c13772d9e8381e3638666d2?s=96&d=mm&r=g","caption":"EDITOR"},"url":"https:\/\/laprensacristiana.com\/?author=3"}]}},"_links":{"self":[{"href":"https:\/\/laprensacristiana.com\/index.php?rest_route=\/wp\/v2\/posts\/12866"}],"collection":[{"href":"https:\/\/laprensacristiana.com\/index.php?rest_route=\/wp\/v2\/posts"}],"about":[{"href":"https:\/\/laprensacristiana.com\/index.php?rest_route=\/wp\/v2\/types\/post"}],"author":[{"embeddable":true,"href":"https:\/\/laprensacristiana.com\/index.php?rest_route=\/wp\/v2\/users\/3"}],"replies":[{"embeddable":true,"href":"https:\/\/laprensacristiana.com\/index.php?rest_route=%2Fwp%2Fv2%2Fcomments&post=12866"}],"version-history":[{"count":1,"href":"https:\/\/laprensacristiana.com\/index.php?rest_route=\/wp\/v2\/posts\/12866\/revisions"}],"predecessor-version":[{"id":12870,"href":"https:\/\/laprensacristiana.com\/index.php?rest_route=\/wp\/v2\/posts\/12866\/revisions\/12870"}],"wp:featuredmedia":[{"embeddable":true,"href":"https:\/\/laprensacristiana.com\/index.php?rest_route=\/wp\/v2\/media\/12867"}],"wp:attachment":[{"href":"https:\/\/laprensacristiana.com\/index.php?rest_route=%2Fwp%2Fv2%2Fmedia&parent=12866"}],"wp:term":[{"taxonomy":"category","embeddable":true,"href":"https:\/\/laprensacristiana.com\/index.php?rest_route=%2Fwp%2Fv2%2Fcategories&post=12866"},{"taxonomy":"post_tag","embeddable":true,"href":"https:\/\/laprensacristiana.com\/index.php?rest_route=%2Fwp%2Fv2%2Ftags&post=12866"}],"curies":[{"name":"wp","href":"https:\/\/api.w.org\/{rel}","templated":true}]}}