{"id":12872,"date":"2021-12-12T06:20:09","date_gmt":"2021-12-12T06:20:09","guid":{"rendered":"https:\/\/laprensacristiana.com\/?p=12872"},"modified":"2021-12-12T06:20:10","modified_gmt":"2021-12-12T06:20:10","slug":"cacaopera-recibe-ayuda-de-fundacion-el-gran-yo-soy","status":"publish","type":"post","link":"https:\/\/laprensacristiana.com\/?p=12872","title":{"rendered":"Cacaopera recibe ayuda de Fundaci\u00f3n El Gran Yo Soy"},"content":{"rendered":"\n<p>La Fundaci\u00f3n El Gran Yo Soy visit\u00f3 el municipio de Cacaopera en Moraz\u00e1n, para llevar ayuda a los habitantes de los caser\u00edos San Miguelito y El Tabl\u00f3n.<\/p>\n\n\n\n<p>\u201cEn un solo d\u00eda hemos tenido 2 actividades, \u00c9l nos ha dado la fuerza y hemos podido cumplir nuestra misi\u00f3n, esta es la segunda vez que visitamos estos lugares, las personas siempre nos recibe de forma especial, damos gracias a Dios porque \u00e9l pone la gracia y favor sobre nuestra fundaci\u00f3n, y gracias a cada uno de las personas que han donado\u201d expres\u00f3 Jefferson Flores, fundador y director de la Fundaci\u00f3n El Gran Yo Soy.<\/p>\n\n\n\n<p>En segundo d\u00eda consecutivo en El Salvador llevando esperanza a diferentes partes del pa\u00eds, se prepararon para donar una bolsa con art\u00edculos para ni\u00f1os, que termin\u00f3 siendo una bolsa de alegr\u00eda, mientras que para los adultos aparte de compartir un refrigerio otorgaron canastas con v\u00edveres a diferentes personas.<\/p>\n\n\n\n<figure class=\"wp-block-image size-large\"><img decoding=\"async\" loading=\"lazy\" width=\"1024\" height=\"791\" src=\"https:\/\/laprensacristiana.com\/wp-content\/uploads\/2021\/12\/IMG_6369-1024x791.jpg\" alt=\"\" class=\"wp-image-12874\" srcset=\"https:\/\/laprensacristiana.com\/wp-content\/uploads\/2021\/12\/IMG_6369-1024x791.jpg 1024w, https:\/\/laprensacristiana.com\/wp-content\/uploads\/2021\/12\/IMG_6369-300x232.jpg 300w, https:\/\/laprensacristiana.com\/wp-content\/uploads\/2021\/12\/IMG_6369-768x593.jpg 768w, https:\/\/laprensacristiana.com\/wp-content\/uploads\/2021\/12\/IMG_6369-1536x1186.jpg 1536w, https:\/\/laprensacristiana.com\/wp-content\/uploads\/2021\/12\/IMG_6369-2048x1581.jpg 2048w, https:\/\/laprensacristiana.com\/wp-content\/uploads\/2021\/12\/IMG_6369-696x537.jpg 696w, https:\/\/laprensacristiana.com\/wp-content\/uploads\/2021\/12\/IMG_6369-1068x825.jpg 1068w, https:\/\/laprensacristiana.com\/wp-content\/uploads\/2021\/12\/IMG_6369-1920x1482.jpg 1920w, https:\/\/laprensacristiana.com\/wp-content\/uploads\/2021\/12\/IMG_6369-600x463.jpg 600w\" sizes=\"(max-width: 1024px) 100vw, 1024px\" \/><figcaption>Jefferson Flores, fundador de El Gran Yo Soy entregando refrigerio a ni\u00f1os de cant\u00f3n San Miguelito en Cacaopera<\/figcaption><\/figure>\n\n\n\n<p>&nbsp;\u201cGracias a la Fundaci\u00f3n El Gran Yo Soy, para nosotros es muy importante y valioso lo que ellos han hecho, tambi\u00e9n les recordamos cuando vinieron a darnos ayuda en los momentos m\u00e1s dif\u00edciles que ten\u00edamos en los inicios de la pandemia\u201d, detall\u00f3 Santos Mart\u00ednez, habitante beneficiado en comunidad San Miguelito, Cacaopera.<\/p>\n\n\n\n<p>Para el pastor Roberto Flores, quien aunque ahora reside en Florida, Estados Unidos, los recuerdos de su infancia en Cacaopera est\u00e1n muy marcados, y ahora que est\u00e1 al frente del Ministerio Rey de Reyes, no duda en apoyar a su hijo en el trabajo con la Fundaci\u00f3n El Gran Yo Soy, \u201cHemos llegado a un lugar con mucha necesidad, hay mucho trabajo que realizar, pero damos Gracias a Dios que con la bendici\u00f3n de \u00c9l hemos podido llegar hasta aqu\u00ed, agradecer a quienes se han sumado al trabajo de la fundaci\u00f3n para compartir regalos y momentos de alegr\u00eda con las personas\u201d. \u00a0Concluy\u00f3 el pastor Flores.<\/p>\n\n\n\n<figure class=\"wp-block-embed-twitter wp-block-embed is-type-rich is-provider-twitter\"><div class=\"wp-block-embed__wrapper\">\n<blockquote class=\"twitter-tweet\" data-width=\"550\" data-dnt=\"true\"><p lang=\"es\" dir=\"ltr\"><a href=\"https:\/\/twitter.com\/hashtag\/FotoGaler%C3%ADa?src=hash&amp;ref_src=twsrc%5Etfw\">#FotoGaler\u00eda<\/a><br>Fundaci\u00f3n El Gran Yo Soy llev\u00f3 ayuda a los habitantes del municipio de Cacaopera en el departamento de Moraz\u00e1n. <a href=\"https:\/\/twitter.com\/flores31?ref_src=twsrc%5Etfw\">@flores31<\/a> <a href=\"https:\/\/t.co\/TEQDDlMRz1\">pic.twitter.com\/TEQDDlMRz1<\/a><\/p>&mdash; La Prensa Cristiana (@LPCristiana) <a href=\"https:\/\/twitter.com\/LPCristiana\/status\/1469906634134765572?ref_src=twsrc%5Etfw\">December 12, 2021<\/a><\/blockquote><script async src=\"https:\/\/platform.twitter.com\/widgets.js\" charset=\"utf-8\"><\/script>\n<\/div><\/figure>\n","protected":false},"excerpt":{"rendered":"<p>La Fundaci\u00f3n El Gran Yo Soy visit\u00f3 el municipio de Cacaopera en Moraz\u00e1n, para llevar ayuda a los habitantes de los caser\u00edos San Miguelito y El Tabl\u00f3n. \u201cEn un solo d\u00eda hemos tenido 2 actividades, \u00c9l nos ha dado la fuerza y hemos podido cumplir nuestra misi\u00f3n, esta es la segunda vez que visitamos estos [&hellip;]<\/p>\n","protected":false},"author":3,"featured_media":12873,"comment_status":"open","ping_status":"open","sticky":false,"template":"","format":"standard","meta":[],"categories":[56],"tags":[],"yoast_head":"<!-- This site is optimized with the Yoast SEO plugin v20.8 - https:\/\/yoast.com\/wordpress\/plugins\/seo\/ -->\n<title>Cacaopera recibe ayuda de Fundaci\u00f3n El Gran Yo Soy - La Prensa Cristiana<\/title>\n<meta name=\"robots\" content=\"index, follow, max-snippet:-1, max-image-preview:large, max-video-preview:-1\" \/>\n<link rel=\"canonical\" href=\"https:\/\/laprensacristiana.com\/?p=12872\" \/>\n<meta property=\"og:locale\" content=\"es_ES\" \/>\n<meta property=\"og:type\" content=\"article\" \/>\n<meta property=\"og:title\" content=\"Cacaopera recibe ayuda de Fundaci\u00f3n El Gran Yo Soy - La Prensa Cristiana\" \/>\n<meta property=\"og:description\" content=\"La Fundaci\u00f3n El Gran Yo Soy visit\u00f3 el municipio de Cacaopera en Moraz\u00e1n, para llevar ayuda a los habitantes de los caser\u00edos San Miguelito y El Tabl\u00f3n. \u201cEn un solo d\u00eda hemos tenido 2 actividades, \u00c9l nos ha dado la fuerza y hemos podido cumplir nuestra misi\u00f3n, esta es la segunda vez que visitamos estos [&hellip;]\" \/>\n<meta property=\"og:url\" content=\"https:\/\/laprensacristiana.com\/?p=12872\" \/>\n<meta property=\"og:site_name\" content=\"La Prensa Cristiana\" \/>\n<meta property=\"article:published_time\" content=\"2021-12-12T06:20:09+00:00\" \/>\n<meta property=\"article:modified_time\" content=\"2021-12-12T06:20:10+00:00\" \/>\n<meta property=\"og:image\" content=\"https:\/\/laprensacristiana.com\/wp-content\/uploads\/2021\/12\/IMG_6322-scaled.jpg\" \/>\n\t<meta property=\"og:image:width\" content=\"2560\" \/>\n\t<meta property=\"og:image:height\" content=\"1707\" \/>\n\t<meta property=\"og:image:type\" content=\"image\/jpeg\" \/>\n<meta name=\"author\" content=\"EDITOR\" \/>\n<meta name=\"twitter:card\" content=\"summary_large_image\" \/>\n<meta name=\"twitter:label1\" content=\"Escrito por\" \/>\n\t<meta name=\"twitter:data1\" content=\"EDITOR\" \/>\n\t<meta name=\"twitter:label2\" content=\"Tiempo de lectura\" \/>\n\t<meta name=\"twitter:data2\" content=\"2 minutos\" \/>\n<script type=\"application\/ld+json\" class=\"yoast-schema-graph\">{\"@context\":\"https:\/\/schema.org\",\"@graph\":[{\"@type\":\"WebPage\",\"@id\":\"https:\/\/laprensacristiana.com\/?p=12872\",\"url\":\"https:\/\/laprensacristiana.com\/?p=12872\",\"name\":\"Cacaopera recibe ayuda de Fundaci\u00f3n El Gran Yo Soy - La Prensa Cristiana\",\"isPartOf\":{\"@id\":\"https:\/\/laprensacristiana.com\/#website\"},\"datePublished\":\"2021-12-12T06:20:09+00:00\",\"dateModified\":\"2021-12-12T06:20:10+00:00\",\"author\":{\"@id\":\"https:\/\/laprensacristiana.com\/#\/schema\/person\/3e7d82c6bfd6b1fa67010f8f7cd5256e\"},\"breadcrumb\":{\"@id\":\"https:\/\/laprensacristiana.com\/?p=12872#breadcrumb\"},\"inLanguage\":\"es\",\"potentialAction\":[{\"@type\":\"ReadAction\",\"target\":[\"https:\/\/laprensacristiana.com\/?p=12872\"]}]},{\"@type\":\"BreadcrumbList\",\"@id\":\"https:\/\/laprensacristiana.com\/?p=12872#breadcrumb\",\"itemListElement\":[{\"@type\":\"ListItem\",\"position\":1,\"name\":\"Portada\",\"item\":\"https:\/\/laprensacristiana.com\/\"},{\"@type\":\"ListItem\",\"position\":2,\"name\":\"Cacaopera recibe ayuda de Fundaci\u00f3n El Gran Yo Soy\"}]},{\"@type\":\"WebSite\",\"@id\":\"https:\/\/laprensacristiana.com\/#website\",\"url\":\"https:\/\/laprensacristiana.com\/\",\"name\":\"La Prensa Cristiana\",\"description\":\"Anunciando Las Buenas Nuevas\",\"potentialAction\":[{\"@type\":\"SearchAction\",\"target\":{\"@type\":\"EntryPoint\",\"urlTemplate\":\"https:\/\/laprensacristiana.com\/?s={search_term_string}\"},\"query-input\":\"required name=search_term_string\"}],\"inLanguage\":\"es\"},{\"@type\":\"Person\",\"@id\":\"https:\/\/laprensacristiana.com\/#\/schema\/person\/3e7d82c6bfd6b1fa67010f8f7cd5256e\",\"name\":\"EDITOR\",\"image\":{\"@type\":\"ImageObject\",\"inLanguage\":\"es\",\"@id\":\"https:\/\/laprensacristiana.com\/#\/schema\/person\/image\/\",\"url\":\"https:\/\/secure.gravatar.com\/avatar\/72069dfb6c13772d9e8381e3638666d2?s=96&d=mm&r=g\",\"contentUrl\":\"https:\/\/secure.gravatar.com\/avatar\/72069dfb6c13772d9e8381e3638666d2?s=96&d=mm&r=g\",\"caption\":\"EDITOR\"},\"url\":\"https:\/\/laprensacristiana.com\/?author=3\"}]}<\/script>\n<!-- \/ Yoast SEO plugin. -->","yoast_head_json":{"title":"Cacaopera recibe ayuda de Fundaci\u00f3n El Gran Yo Soy - La Prensa Cristiana","robots":{"index":"index","follow":"follow","max-snippet":"max-snippet:-1","max-image-preview":"max-image-preview:large","max-video-preview":"max-video-preview:-1"},"canonical":"https:\/\/laprensacristiana.com\/?p=12872","og_locale":"es_ES","og_type":"article","og_title":"Cacaopera recibe ayuda de Fundaci\u00f3n El Gran Yo Soy - La Prensa Cristiana","og_description":"La Fundaci\u00f3n El Gran Yo Soy visit\u00f3 el municipio de Cacaopera en Moraz\u00e1n, para llevar ayuda a los habitantes de los caser\u00edos San Miguelito y El Tabl\u00f3n. \u201cEn un solo d\u00eda hemos tenido 2 actividades, \u00c9l nos ha dado la fuerza y hemos podido cumplir nuestra misi\u00f3n, esta es la segunda vez que visitamos estos [&hellip;]","og_url":"https:\/\/laprensacristiana.com\/?p=12872","og_site_name":"La Prensa Cristiana","article_published_time":"2021-12-12T06:20:09+00:00","article_modified_time":"2021-12-12T06:20:10+00:00","og_image":[{"width":2560,"height":1707,"url":"https:\/\/laprensacristiana.com\/wp-content\/uploads\/2021\/12\/IMG_6322-scaled.jpg","type":"image\/jpeg"}],"author":"EDITOR","twitter_card":"summary_large_image","twitter_misc":{"Escrito por":"EDITOR","Tiempo de lectura":"2 minutos"},"schema":{"@context":"https:\/\/schema.org","@graph":[{"@type":"WebPage","@id":"https:\/\/laprensacristiana.com\/?p=12872","url":"https:\/\/laprensacristiana.com\/?p=12872","name":"Cacaopera recibe ayuda de Fundaci\u00f3n El Gran Yo Soy - La Prensa Cristiana","isPartOf":{"@id":"https:\/\/laprensacristiana.com\/#website"},"datePublished":"2021-12-12T06:20:09+00:00","dateModified":"2021-12-12T06:20:10+00:00","author":{"@id":"https:\/\/laprensacristiana.com\/#\/schema\/person\/3e7d82c6bfd6b1fa67010f8f7cd5256e"},"breadcrumb":{"@id":"https:\/\/laprensacristiana.com\/?p=12872#breadcrumb"},"inLanguage":"es","potentialAction":[{"@type":"ReadAction","target":["https:\/\/laprensacristiana.com\/?p=12872"]}]},{"@type":"BreadcrumbList","@id":"https:\/\/laprensacristiana.com\/?p=12872#breadcrumb","itemListElement":[{"@type":"ListItem","position":1,"name":"Portada","item":"https:\/\/laprensacristiana.com\/"},{"@type":"ListItem","position":2,"name":"Cacaopera recibe ayuda de Fundaci\u00f3n El Gran Yo Soy"}]},{"@type":"WebSite","@id":"https:\/\/laprensacristiana.com\/#website","url":"https:\/\/laprensacristiana.com\/","name":"La Prensa Cristiana","description":"Anunciando Las Buenas Nuevas","potentialAction":[{"@type":"SearchAction","target":{"@type":"EntryPoint","urlTemplate":"https:\/\/laprensacristiana.com\/?s={search_term_string}"},"query-input":"required name=search_term_string"}],"inLanguage":"es"},{"@type":"Person","@id":"https:\/\/laprensacristiana.com\/#\/schema\/person\/3e7d82c6bfd6b1fa67010f8f7cd5256e","name":"EDITOR","image":{"@type":"ImageObject","inLanguage":"es","@id":"https:\/\/laprensacristiana.com\/#\/schema\/person\/image\/","url":"https:\/\/secure.gravatar.com\/avatar\/72069dfb6c13772d9e8381e3638666d2?s=96&d=mm&r=g","contentUrl":"https:\/\/secure.gravatar.com\/avatar\/72069dfb6c13772d9e8381e3638666d2?s=96&d=mm&r=g","caption":"EDITOR"},"url":"https:\/\/laprensacristiana.com\/?author=3"}]}},"_links":{"self":[{"href":"https:\/\/laprensacristiana.com\/index.php?rest_route=\/wp\/v2\/posts\/12872"}],"collection":[{"href":"https:\/\/laprensacristiana.com\/index.php?rest_route=\/wp\/v2\/posts"}],"about":[{"href":"https:\/\/laprensacristiana.com\/index.php?rest_route=\/wp\/v2\/types\/post"}],"author":[{"embeddable":true,"href":"https:\/\/laprensacristiana.com\/index.php?rest_route=\/wp\/v2\/users\/3"}],"replies":[{"embeddable":true,"href":"https:\/\/laprensacristiana.com\/index.php?rest_route=%2Fwp%2Fv2%2Fcomments&post=12872"}],"version-history":[{"count":1,"href":"https:\/\/laprensacristiana.com\/index.php?rest_route=\/wp\/v2\/posts\/12872\/revisions"}],"predecessor-version":[{"id":12875,"href":"https:\/\/laprensacristiana.com\/index.php?rest_route=\/wp\/v2\/posts\/12872\/revisions\/12875"}],"wp:featuredmedia":[{"embeddable":true,"href":"https:\/\/laprensacristiana.com\/index.php?rest_route=\/wp\/v2\/media\/12873"}],"wp:attachment":[{"href":"https:\/\/laprensacristiana.com\/index.php?rest_route=%2Fwp%2Fv2%2Fmedia&parent=12872"}],"wp:term":[{"taxonomy":"category","embeddable":true,"href":"https:\/\/laprensacristiana.com\/index.php?rest_route=%2Fwp%2Fv2%2Fcategories&post=12872"},{"taxonomy":"post_tag","embeddable":true,"href":"https:\/\/laprensacristiana.com\/index.php?rest_route=%2Fwp%2Fv2%2Ftags&post=12872"}],"curies":[{"name":"wp","href":"https:\/\/api.w.org\/{rel}","templated":true}]}}