{"id":12876,"date":"2021-12-12T23:27:48","date_gmt":"2021-12-12T23:27:48","guid":{"rendered":"https:\/\/laprensacristiana.com\/?p=12876"},"modified":"2021-12-12T23:27:49","modified_gmt":"2021-12-12T23:27:49","slug":"fundacion-el-gran-yo-soy-lleva-ayuda-a-habitantes-de-chalatenango","status":"publish","type":"post","link":"https:\/\/laprensacristiana.com\/?p=12876","title":{"rendered":"Fundaci\u00f3n El Gran Yo Soy lleva ayuda a habitantes de Chalatenango"},"content":{"rendered":"\n<p>En su tercer d\u00eda consecutivo de ayuda en El Salvador, la Fundaci\u00f3n El Gran Yo Soy llev\u00f3 ayuda a los habitantes de El Copinolito, en Tejutla, Chalatenango.<\/p>\n\n\n\n<p>La fundaci\u00f3n lleg\u00f3 a la Iglesia La Senda Antigua para entregar bolsas con art\u00edculos infantiles para alegrar el coraz\u00f3n de los ni\u00f1os, entre juguetes, libros para colorear, burbujas, m\u00e1s una fiesta con pi\u00f1atas, galletas, pizza y gasesosas.<\/p>\n\n\n\n<p>\u201cDamos gracias a Dios por la oportunidad de compartir con los ni\u00f1os y con las familias de Chalatenango, gracias a cada persona que ha estado orando por nosotros, es una bendici\u00f3n ver la sonrisa de las personas al recibir un regalo, este tiempo se trata de recordar que Jes\u00fas naci\u00f3\u201d, destac\u00f3 Jefferson Flores, fundador y director de Fundaci\u00f3n El Gran Yo Soy.<\/p>\n\n\n\n<figure class=\"wp-block-image size-large\"><img decoding=\"async\" loading=\"lazy\" width=\"1024\" height=\"683\" src=\"https:\/\/laprensacristiana.com\/wp-content\/uploads\/2021\/12\/IMG_6545-1024x683.jpg\" alt=\"\" class=\"wp-image-12878\" srcset=\"https:\/\/laprensacristiana.com\/wp-content\/uploads\/2021\/12\/IMG_6545-1024x683.jpg 1024w, https:\/\/laprensacristiana.com\/wp-content\/uploads\/2021\/12\/IMG_6545-300x200.jpg 300w, https:\/\/laprensacristiana.com\/wp-content\/uploads\/2021\/12\/IMG_6545-768x512.jpg 768w, https:\/\/laprensacristiana.com\/wp-content\/uploads\/2021\/12\/IMG_6545-1536x1024.jpg 1536w, https:\/\/laprensacristiana.com\/wp-content\/uploads\/2021\/12\/IMG_6545-2048x1365.jpg 2048w, https:\/\/laprensacristiana.com\/wp-content\/uploads\/2021\/12\/IMG_6545-696x464.jpg 696w, https:\/\/laprensacristiana.com\/wp-content\/uploads\/2021\/12\/IMG_6545-1068x712.jpg 1068w, https:\/\/laprensacristiana.com\/wp-content\/uploads\/2021\/12\/IMG_6545-1920x1280.jpg 1920w, https:\/\/laprensacristiana.com\/wp-content\/uploads\/2021\/12\/IMG_6545-600x400.jpg 600w\" sizes=\"(max-width: 1024px) 100vw, 1024px\" \/><figcaption>Jefferson Flores, fundador y director de Fundaci\u00f3n El Gran Yo Soy preparando bolsas de regalo para los ni\u00f1os<\/figcaption><\/figure>\n\n\n\n<p>Para la abuela de Jefferson Flores, quien abri\u00f3 las puertas de su hogar para recibir a las personas que ser\u00edan beneficiadas con las donaciones, es importante que existan personas dispuestas a servir, \u201cGracias a Dios por mi nieto, por la obra que est\u00e1 realizando, cuenta con el respaldo de Dios, es \u00c9l que ha puesto en su coraz\u00f3n el sentir de servirle, que sea el quien lo siga bendiciendo\u201d, expres\u00f3 Do\u00f1a Amelia de Flores.<\/p>\n\n\n\n<figure class=\"wp-block-image size-large\"><img decoding=\"async\" loading=\"lazy\" width=\"1024\" height=\"683\" src=\"https:\/\/laprensacristiana.com\/wp-content\/uploads\/2021\/12\/IMG_6805-1024x683.jpg\" alt=\"\" class=\"wp-image-12879\" srcset=\"https:\/\/laprensacristiana.com\/wp-content\/uploads\/2021\/12\/IMG_6805-1024x683.jpg 1024w, https:\/\/laprensacristiana.com\/wp-content\/uploads\/2021\/12\/IMG_6805-300x200.jpg 300w, https:\/\/laprensacristiana.com\/wp-content\/uploads\/2021\/12\/IMG_6805-768x512.jpg 768w, https:\/\/laprensacristiana.com\/wp-content\/uploads\/2021\/12\/IMG_6805-1536x1024.jpg 1536w, https:\/\/laprensacristiana.com\/wp-content\/uploads\/2021\/12\/IMG_6805-2048x1365.jpg 2048w, https:\/\/laprensacristiana.com\/wp-content\/uploads\/2021\/12\/IMG_6805-696x464.jpg 696w, https:\/\/laprensacristiana.com\/wp-content\/uploads\/2021\/12\/IMG_6805-1068x712.jpg 1068w, https:\/\/laprensacristiana.com\/wp-content\/uploads\/2021\/12\/IMG_6805-1920x1280.jpg 1920w, https:\/\/laprensacristiana.com\/wp-content\/uploads\/2021\/12\/IMG_6805-600x400.jpg 600w\" sizes=\"(max-width: 1024px) 100vw, 1024px\" \/><figcaption>Jefferson Flores entrega canasta con alimentos a pastor Ivan Hern\u00e1ndez<\/figcaption><\/figure>\n\n\n\n<p>El pastor Ivan Hern\u00e1ndez de Iglesia La Senda Antigua, agradeci\u00f3 a la fundaci\u00f3n por visitarles y llevar ayuda a diferentes personas, \u201cPara nosotros en un gusto haber recibido estas bendiciones, estamos agradecidos con Dios y con Jefferson Flores y el pastor Roberto Flores, por traer esta alegr\u00eda para los ni\u00f1os, estamos muy alegres y muy motivados\u201d, declar\u00f3 el pastor Hern\u00e1ndez.<\/p>\n\n\n\n<p>Seg\u00fan el pastor Roberto Flores de la Iglesia Rey de Reyes, en Florida, Estados Unidos, han sido 3 d\u00edas intensos de ayudar al pr\u00f3jimo, \u201cEstamos cerrando con la Fundaci\u00f3n el Gran Yo Soy las jornadas de ayuda de fin de a\u00f1o, todo esto ha sido una gran bendici\u00f3n y una gran experiencia para nosotros\u201d, concluy\u00f3 el pastor Flores.<\/p>\n\n\n\n<figure class=\"wp-block-embed-twitter wp-block-embed is-type-rich is-provider-twitter\"><div class=\"wp-block-embed__wrapper\">\n<blockquote class=\"twitter-tweet\" data-width=\"550\" data-dnt=\"true\"><p lang=\"es\" dir=\"ltr\"><a href=\"https:\/\/twitter.com\/hashtag\/FotoGaler%C3%ADa?src=hash&amp;ref_src=twsrc%5Etfw\">#FotoGaler\u00eda<\/a> <br>Iglesia la Senda Antigua recibe ayuda de Fundaci\u00f3n El Gran Yo Soy en El Copinolito, en Tejutla, Chalatenango. <a href=\"https:\/\/t.co\/OHwyUI6N8U\">pic.twitter.com\/OHwyUI6N8U<\/a><\/p>&mdash; La Prensa Cristiana (@LPCristiana) <a href=\"https:\/\/twitter.com\/LPCristiana\/status\/1470161981068005384?ref_src=twsrc%5Etfw\">December 12, 2021<\/a><\/blockquote><script async src=\"https:\/\/platform.twitter.com\/widgets.js\" charset=\"utf-8\"><\/script>\n<\/div><\/figure>\n","protected":false},"excerpt":{"rendered":"<p>En su tercer d\u00eda consecutivo de ayuda en El Salvador, la Fundaci\u00f3n El Gran Yo Soy llev\u00f3 ayuda a los habitantes de El Copinolito, en Tejutla, Chalatenango. La fundaci\u00f3n lleg\u00f3 a la Iglesia La Senda Antigua para entregar bolsas con art\u00edculos infantiles para alegrar el coraz\u00f3n de los ni\u00f1os, entre juguetes, libros para colorear, burbujas, [&hellip;]<\/p>\n","protected":false},"author":3,"featured_media":12877,"comment_status":"open","ping_status":"open","sticky":false,"template":"","format":"standard","meta":[],"categories":[56],"tags":[],"yoast_head":"<!-- This site is optimized with the Yoast SEO plugin v20.8 - https:\/\/yoast.com\/wordpress\/plugins\/seo\/ -->\n<title>Fundaci\u00f3n El Gran Yo Soy lleva ayuda a habitantes de Chalatenango - La Prensa Cristiana<\/title>\n<meta name=\"robots\" content=\"index, follow, max-snippet:-1, max-image-preview:large, max-video-preview:-1\" \/>\n<link rel=\"canonical\" href=\"https:\/\/laprensacristiana.com\/?p=12876\" \/>\n<meta property=\"og:locale\" content=\"es_ES\" \/>\n<meta property=\"og:type\" content=\"article\" \/>\n<meta property=\"og:title\" content=\"Fundaci\u00f3n El Gran Yo Soy lleva ayuda a habitantes de Chalatenango - La Prensa Cristiana\" \/>\n<meta property=\"og:description\" content=\"En su tercer d\u00eda consecutivo de ayuda en El Salvador, la Fundaci\u00f3n El Gran Yo Soy llev\u00f3 ayuda a los habitantes de El Copinolito, en Tejutla, Chalatenango. La fundaci\u00f3n lleg\u00f3 a la Iglesia La Senda Antigua para entregar bolsas con art\u00edculos infantiles para alegrar el coraz\u00f3n de los ni\u00f1os, entre juguetes, libros para colorear, burbujas, [&hellip;]\" \/>\n<meta property=\"og:url\" content=\"https:\/\/laprensacristiana.com\/?p=12876\" \/>\n<meta property=\"og:site_name\" content=\"La Prensa Cristiana\" \/>\n<meta property=\"article:published_time\" content=\"2021-12-12T23:27:48+00:00\" \/>\n<meta property=\"article:modified_time\" content=\"2021-12-12T23:27:49+00:00\" \/>\n<meta property=\"og:image\" content=\"https:\/\/laprensacristiana.com\/wp-content\/uploads\/2021\/12\/IMG_6633-scaled.jpg\" \/>\n\t<meta property=\"og:image:width\" content=\"2560\" \/>\n\t<meta property=\"og:image:height\" content=\"1707\" \/>\n\t<meta property=\"og:image:type\" content=\"image\/jpeg\" \/>\n<meta name=\"author\" content=\"EDITOR\" \/>\n<meta name=\"twitter:card\" content=\"summary_large_image\" \/>\n<meta name=\"twitter:label1\" content=\"Escrito por\" \/>\n\t<meta name=\"twitter:data1\" content=\"EDITOR\" \/>\n\t<meta name=\"twitter:label2\" content=\"Tiempo de lectura\" \/>\n\t<meta name=\"twitter:data2\" content=\"2 minutos\" \/>\n<script type=\"application\/ld+json\" class=\"yoast-schema-graph\">{\"@context\":\"https:\/\/schema.org\",\"@graph\":[{\"@type\":\"WebPage\",\"@id\":\"https:\/\/laprensacristiana.com\/?p=12876\",\"url\":\"https:\/\/laprensacristiana.com\/?p=12876\",\"name\":\"Fundaci\u00f3n El Gran Yo Soy lleva ayuda a habitantes de Chalatenango - La Prensa Cristiana\",\"isPartOf\":{\"@id\":\"https:\/\/laprensacristiana.com\/#website\"},\"datePublished\":\"2021-12-12T23:27:48+00:00\",\"dateModified\":\"2021-12-12T23:27:49+00:00\",\"author\":{\"@id\":\"https:\/\/laprensacristiana.com\/#\/schema\/person\/3e7d82c6bfd6b1fa67010f8f7cd5256e\"},\"breadcrumb\":{\"@id\":\"https:\/\/laprensacristiana.com\/?p=12876#breadcrumb\"},\"inLanguage\":\"es\",\"potentialAction\":[{\"@type\":\"ReadAction\",\"target\":[\"https:\/\/laprensacristiana.com\/?p=12876\"]}]},{\"@type\":\"BreadcrumbList\",\"@id\":\"https:\/\/laprensacristiana.com\/?p=12876#breadcrumb\",\"itemListElement\":[{\"@type\":\"ListItem\",\"position\":1,\"name\":\"Portada\",\"item\":\"https:\/\/laprensacristiana.com\/\"},{\"@type\":\"ListItem\",\"position\":2,\"name\":\"Fundaci\u00f3n El Gran Yo Soy lleva ayuda a habitantes de Chalatenango\"}]},{\"@type\":\"WebSite\",\"@id\":\"https:\/\/laprensacristiana.com\/#website\",\"url\":\"https:\/\/laprensacristiana.com\/\",\"name\":\"La Prensa Cristiana\",\"description\":\"Anunciando Las Buenas Nuevas\",\"potentialAction\":[{\"@type\":\"SearchAction\",\"target\":{\"@type\":\"EntryPoint\",\"urlTemplate\":\"https:\/\/laprensacristiana.com\/?s={search_term_string}\"},\"query-input\":\"required name=search_term_string\"}],\"inLanguage\":\"es\"},{\"@type\":\"Person\",\"@id\":\"https:\/\/laprensacristiana.com\/#\/schema\/person\/3e7d82c6bfd6b1fa67010f8f7cd5256e\",\"name\":\"EDITOR\",\"image\":{\"@type\":\"ImageObject\",\"inLanguage\":\"es\",\"@id\":\"https:\/\/laprensacristiana.com\/#\/schema\/person\/image\/\",\"url\":\"https:\/\/secure.gravatar.com\/avatar\/72069dfb6c13772d9e8381e3638666d2?s=96&d=mm&r=g\",\"contentUrl\":\"https:\/\/secure.gravatar.com\/avatar\/72069dfb6c13772d9e8381e3638666d2?s=96&d=mm&r=g\",\"caption\":\"EDITOR\"},\"url\":\"https:\/\/laprensacristiana.com\/?author=3\"}]}<\/script>\n<!-- \/ Yoast SEO plugin. -->","yoast_head_json":{"title":"Fundaci\u00f3n El Gran Yo Soy lleva ayuda a habitantes de Chalatenango - La Prensa Cristiana","robots":{"index":"index","follow":"follow","max-snippet":"max-snippet:-1","max-image-preview":"max-image-preview:large","max-video-preview":"max-video-preview:-1"},"canonical":"https:\/\/laprensacristiana.com\/?p=12876","og_locale":"es_ES","og_type":"article","og_title":"Fundaci\u00f3n El Gran Yo Soy lleva ayuda a habitantes de Chalatenango - La Prensa Cristiana","og_description":"En su tercer d\u00eda consecutivo de ayuda en El Salvador, la Fundaci\u00f3n El Gran Yo Soy llev\u00f3 ayuda a los habitantes de El Copinolito, en Tejutla, Chalatenango. La fundaci\u00f3n lleg\u00f3 a la Iglesia La Senda Antigua para entregar bolsas con art\u00edculos infantiles para alegrar el coraz\u00f3n de los ni\u00f1os, entre juguetes, libros para colorear, burbujas, [&hellip;]","og_url":"https:\/\/laprensacristiana.com\/?p=12876","og_site_name":"La Prensa Cristiana","article_published_time":"2021-12-12T23:27:48+00:00","article_modified_time":"2021-12-12T23:27:49+00:00","og_image":[{"width":2560,"height":1707,"url":"https:\/\/laprensacristiana.com\/wp-content\/uploads\/2021\/12\/IMG_6633-scaled.jpg","type":"image\/jpeg"}],"author":"EDITOR","twitter_card":"summary_large_image","twitter_misc":{"Escrito por":"EDITOR","Tiempo de lectura":"2 minutos"},"schema":{"@context":"https:\/\/schema.org","@graph":[{"@type":"WebPage","@id":"https:\/\/laprensacristiana.com\/?p=12876","url":"https:\/\/laprensacristiana.com\/?p=12876","name":"Fundaci\u00f3n El Gran Yo Soy lleva ayuda a habitantes de Chalatenango - La Prensa Cristiana","isPartOf":{"@id":"https:\/\/laprensacristiana.com\/#website"},"datePublished":"2021-12-12T23:27:48+00:00","dateModified":"2021-12-12T23:27:49+00:00","author":{"@id":"https:\/\/laprensacristiana.com\/#\/schema\/person\/3e7d82c6bfd6b1fa67010f8f7cd5256e"},"breadcrumb":{"@id":"https:\/\/laprensacristiana.com\/?p=12876#breadcrumb"},"inLanguage":"es","potentialAction":[{"@type":"ReadAction","target":["https:\/\/laprensacristiana.com\/?p=12876"]}]},{"@type":"BreadcrumbList","@id":"https:\/\/laprensacristiana.com\/?p=12876#breadcrumb","itemListElement":[{"@type":"ListItem","position":1,"name":"Portada","item":"https:\/\/laprensacristiana.com\/"},{"@type":"ListItem","position":2,"name":"Fundaci\u00f3n El Gran Yo Soy lleva ayuda a habitantes de Chalatenango"}]},{"@type":"WebSite","@id":"https:\/\/laprensacristiana.com\/#website","url":"https:\/\/laprensacristiana.com\/","name":"La Prensa Cristiana","description":"Anunciando Las Buenas Nuevas","potentialAction":[{"@type":"SearchAction","target":{"@type":"EntryPoint","urlTemplate":"https:\/\/laprensacristiana.com\/?s={search_term_string}"},"query-input":"required name=search_term_string"}],"inLanguage":"es"},{"@type":"Person","@id":"https:\/\/laprensacristiana.com\/#\/schema\/person\/3e7d82c6bfd6b1fa67010f8f7cd5256e","name":"EDITOR","image":{"@type":"ImageObject","inLanguage":"es","@id":"https:\/\/laprensacristiana.com\/#\/schema\/person\/image\/","url":"https:\/\/secure.gravatar.com\/avatar\/72069dfb6c13772d9e8381e3638666d2?s=96&d=mm&r=g","contentUrl":"https:\/\/secure.gravatar.com\/avatar\/72069dfb6c13772d9e8381e3638666d2?s=96&d=mm&r=g","caption":"EDITOR"},"url":"https:\/\/laprensacristiana.com\/?author=3"}]}},"_links":{"self":[{"href":"https:\/\/laprensacristiana.com\/index.php?rest_route=\/wp\/v2\/posts\/12876"}],"collection":[{"href":"https:\/\/laprensacristiana.com\/index.php?rest_route=\/wp\/v2\/posts"}],"about":[{"href":"https:\/\/laprensacristiana.com\/index.php?rest_route=\/wp\/v2\/types\/post"}],"author":[{"embeddable":true,"href":"https:\/\/laprensacristiana.com\/index.php?rest_route=\/wp\/v2\/users\/3"}],"replies":[{"embeddable":true,"href":"https:\/\/laprensacristiana.com\/index.php?rest_route=%2Fwp%2Fv2%2Fcomments&post=12876"}],"version-history":[{"count":1,"href":"https:\/\/laprensacristiana.com\/index.php?rest_route=\/wp\/v2\/posts\/12876\/revisions"}],"predecessor-version":[{"id":12880,"href":"https:\/\/laprensacristiana.com\/index.php?rest_route=\/wp\/v2\/posts\/12876\/revisions\/12880"}],"wp:featuredmedia":[{"embeddable":true,"href":"https:\/\/laprensacristiana.com\/index.php?rest_route=\/wp\/v2\/media\/12877"}],"wp:attachment":[{"href":"https:\/\/laprensacristiana.com\/index.php?rest_route=%2Fwp%2Fv2%2Fmedia&parent=12876"}],"wp:term":[{"taxonomy":"category","embeddable":true,"href":"https:\/\/laprensacristiana.com\/index.php?rest_route=%2Fwp%2Fv2%2Fcategories&post=12876"},{"taxonomy":"post_tag","embeddable":true,"href":"https:\/\/laprensacristiana.com\/index.php?rest_route=%2Fwp%2Fv2%2Ftags&post=12876"}],"curies":[{"name":"wp","href":"https:\/\/api.w.org\/{rel}","templated":true}]}}