{"id":12907,"date":"2021-12-16T16:28:56","date_gmt":"2021-12-16T16:28:56","guid":{"rendered":"https:\/\/laprensacristiana.com\/?p=12907"},"modified":"2021-12-16T16:28:57","modified_gmt":"2021-12-16T16:28:57","slug":"colaboradores-del-taber-oran-por-las-personas-en-diferentes-partes-del-pais","status":"publish","type":"post","link":"https:\/\/laprensacristiana.com\/?p=12907","title":{"rendered":"Colaboradores del Taber oran por las personas en diferentes partes del pa\u00eds"},"content":{"rendered":"\n<p>Los colaboradores del ministerio de evangelismo del Tabern\u00e1culo B\u00edblico Bautista Amigos de Israel dieron a la tarea de visitar diferentes partes del pa\u00eds para llevar un mensaje de esperanza a las personas en este fin de a\u00f1o.<\/p>\n\n\n\n<p>Tambi\u00e9n oraron a Dios para que escuche el clamor de todo aquel que encontraron en su ruta y responda sus peticiones. &nbsp;<\/p>\n\n\n\n<p>\u201c\u00a1Llevamos oraci\u00f3n a cada lugar! Sin duda Dios estar\u00e1 haciendo milagros en cada persona que ora con fe\u201d. Expresaron a trav\u00e9s de sus redes sociales<\/p>\n\n\n\n<figure class=\"wp-block-gallery columns-2 is-cropped wp-block-gallery-1 is-layout-flex\"><ul class=\"blocks-gallery-grid\"><li class=\"blocks-gallery-item\"><figure><img decoding=\"async\" loading=\"lazy\" width=\"819\" height=\"1024\" src=\"https:\/\/laprensacristiana.com\/wp-content\/uploads\/2021\/12\/WhatsApp-Image-2021-12-16-at-10.01.05-2-819x1024.jpeg\" alt=\"\" data-id=\"12908\" data-full-url=\"https:\/\/laprensacristiana.com\/wp-content\/uploads\/2021\/12\/WhatsApp-Image-2021-12-16-at-10.01.05-2.jpeg\" data-link=\"https:\/\/laprensacristiana.com\/?attachment_id=12908\" class=\"wp-image-12908\" srcset=\"https:\/\/laprensacristiana.com\/wp-content\/uploads\/2021\/12\/WhatsApp-Image-2021-12-16-at-10.01.05-2-819x1024.jpeg 819w, https:\/\/laprensacristiana.com\/wp-content\/uploads\/2021\/12\/WhatsApp-Image-2021-12-16-at-10.01.05-2-240x300.jpeg 240w, https:\/\/laprensacristiana.com\/wp-content\/uploads\/2021\/12\/WhatsApp-Image-2021-12-16-at-10.01.05-2-768x960.jpeg 768w, https:\/\/laprensacristiana.com\/wp-content\/uploads\/2021\/12\/WhatsApp-Image-2021-12-16-at-10.01.05-2-696x870.jpeg 696w, https:\/\/laprensacristiana.com\/wp-content\/uploads\/2021\/12\/WhatsApp-Image-2021-12-16-at-10.01.05-2-600x750.jpeg 600w, https:\/\/laprensacristiana.com\/wp-content\/uploads\/2021\/12\/WhatsApp-Image-2021-12-16-at-10.01.05-2.jpeg 961w\" sizes=\"(max-width: 819px) 100vw, 819px\" \/><\/figure><\/li><li class=\"blocks-gallery-item\"><figure><img decoding=\"async\" loading=\"lazy\" width=\"820\" height=\"1024\" src=\"https:\/\/laprensacristiana.com\/wp-content\/uploads\/2021\/12\/WhatsApp-Image-2021-12-16-at-10.01.05-1-820x1024.jpeg\" alt=\"\" data-id=\"12909\" data-full-url=\"https:\/\/laprensacristiana.com\/wp-content\/uploads\/2021\/12\/WhatsApp-Image-2021-12-16-at-10.01.05-1.jpeg\" data-link=\"https:\/\/laprensacristiana.com\/?attachment_id=12909\" class=\"wp-image-12909\" srcset=\"https:\/\/laprensacristiana.com\/wp-content\/uploads\/2021\/12\/WhatsApp-Image-2021-12-16-at-10.01.05-1-820x1024.jpeg 820w, https:\/\/laprensacristiana.com\/wp-content\/uploads\/2021\/12\/WhatsApp-Image-2021-12-16-at-10.01.05-1-240x300.jpeg 240w, https:\/\/laprensacristiana.com\/wp-content\/uploads\/2021\/12\/WhatsApp-Image-2021-12-16-at-10.01.05-1-768x959.jpeg 768w, https:\/\/laprensacristiana.com\/wp-content\/uploads\/2021\/12\/WhatsApp-Image-2021-12-16-at-10.01.05-1-696x869.jpeg 696w, https:\/\/laprensacristiana.com\/wp-content\/uploads\/2021\/12\/WhatsApp-Image-2021-12-16-at-10.01.05-1-1068x1334.jpeg 1068w, https:\/\/laprensacristiana.com\/wp-content\/uploads\/2021\/12\/WhatsApp-Image-2021-12-16-at-10.01.05-1-600x749.jpeg 600w, https:\/\/laprensacristiana.com\/wp-content\/uploads\/2021\/12\/WhatsApp-Image-2021-12-16-at-10.01.05-1.jpeg 1080w\" sizes=\"(max-width: 820px) 100vw, 820px\" \/><\/figure><\/li><\/ul><\/figure>\n","protected":false},"excerpt":{"rendered":"<p>Los colaboradores del ministerio de evangelismo del Tabern\u00e1culo B\u00edblico Bautista Amigos de Israel dieron a la tarea de visitar diferentes partes del pa\u00eds para llevar un mensaje de esperanza a las personas en este fin de a\u00f1o. Tambi\u00e9n oraron a Dios para que escuche el clamor de todo aquel que encontraron en su ruta y [&hellip;]<\/p>\n","protected":false},"author":3,"featured_media":12910,"comment_status":"open","ping_status":"open","sticky":false,"template":"","format":"standard","meta":[],"categories":[56],"tags":[],"yoast_head":"<!-- This site is optimized with the Yoast SEO plugin v20.8 - https:\/\/yoast.com\/wordpress\/plugins\/seo\/ -->\n<title>Colaboradores del Taber oran por las personas en diferentes partes del pa\u00eds - La Prensa Cristiana<\/title>\n<meta name=\"robots\" content=\"index, follow, max-snippet:-1, max-image-preview:large, max-video-preview:-1\" \/>\n<link rel=\"canonical\" href=\"https:\/\/laprensacristiana.com\/?p=12907\" \/>\n<meta property=\"og:locale\" content=\"es_ES\" \/>\n<meta property=\"og:type\" content=\"article\" \/>\n<meta property=\"og:title\" content=\"Colaboradores del Taber oran por las personas en diferentes partes del pa\u00eds - La Prensa Cristiana\" \/>\n<meta property=\"og:description\" content=\"Los colaboradores del ministerio de evangelismo del Tabern\u00e1culo B\u00edblico Bautista Amigos de Israel dieron a la tarea de visitar diferentes partes del pa\u00eds para llevar un mensaje de esperanza a las personas en este fin de a\u00f1o. Tambi\u00e9n oraron a Dios para que escuche el clamor de todo aquel que encontraron en su ruta y [&hellip;]\" \/>\n<meta property=\"og:url\" content=\"https:\/\/laprensacristiana.com\/?p=12907\" \/>\n<meta property=\"og:site_name\" content=\"La Prensa Cristiana\" \/>\n<meta property=\"article:published_time\" content=\"2021-12-16T16:28:56+00:00\" \/>\n<meta property=\"article:modified_time\" content=\"2021-12-16T16:28:57+00:00\" \/>\n<meta property=\"og:image\" content=\"https:\/\/laprensacristiana.com\/wp-content\/uploads\/2021\/12\/WhatsApp-Image-2021-12-16-at-10.00.45.jpeg\" \/>\n\t<meta property=\"og:image:width\" content=\"1080\" \/>\n\t<meta property=\"og:image:height\" content=\"1349\" \/>\n\t<meta property=\"og:image:type\" content=\"image\/jpeg\" \/>\n<meta name=\"author\" content=\"EDITOR\" \/>\n<meta name=\"twitter:card\" content=\"summary_large_image\" \/>\n<meta name=\"twitter:label1\" content=\"Escrito por\" \/>\n\t<meta name=\"twitter:data1\" content=\"EDITOR\" \/>\n<script type=\"application\/ld+json\" class=\"yoast-schema-graph\">{\"@context\":\"https:\/\/schema.org\",\"@graph\":[{\"@type\":\"WebPage\",\"@id\":\"https:\/\/laprensacristiana.com\/?p=12907\",\"url\":\"https:\/\/laprensacristiana.com\/?p=12907\",\"name\":\"Colaboradores del Taber oran por las personas en diferentes partes del pa\u00eds - La Prensa Cristiana\",\"isPartOf\":{\"@id\":\"https:\/\/laprensacristiana.com\/#website\"},\"datePublished\":\"2021-12-16T16:28:56+00:00\",\"dateModified\":\"2021-12-16T16:28:57+00:00\",\"author\":{\"@id\":\"https:\/\/laprensacristiana.com\/#\/schema\/person\/3e7d82c6bfd6b1fa67010f8f7cd5256e\"},\"breadcrumb\":{\"@id\":\"https:\/\/laprensacristiana.com\/?p=12907#breadcrumb\"},\"inLanguage\":\"es\",\"potentialAction\":[{\"@type\":\"ReadAction\",\"target\":[\"https:\/\/laprensacristiana.com\/?p=12907\"]}]},{\"@type\":\"BreadcrumbList\",\"@id\":\"https:\/\/laprensacristiana.com\/?p=12907#breadcrumb\",\"itemListElement\":[{\"@type\":\"ListItem\",\"position\":1,\"name\":\"Portada\",\"item\":\"https:\/\/laprensacristiana.com\/\"},{\"@type\":\"ListItem\",\"position\":2,\"name\":\"Colaboradores del Taber oran por las personas en diferentes partes del pa\u00eds\"}]},{\"@type\":\"WebSite\",\"@id\":\"https:\/\/laprensacristiana.com\/#website\",\"url\":\"https:\/\/laprensacristiana.com\/\",\"name\":\"La Prensa Cristiana\",\"description\":\"Anunciando Las Buenas Nuevas\",\"potentialAction\":[{\"@type\":\"SearchAction\",\"target\":{\"@type\":\"EntryPoint\",\"urlTemplate\":\"https:\/\/laprensacristiana.com\/?s={search_term_string}\"},\"query-input\":\"required name=search_term_string\"}],\"inLanguage\":\"es\"},{\"@type\":\"Person\",\"@id\":\"https:\/\/laprensacristiana.com\/#\/schema\/person\/3e7d82c6bfd6b1fa67010f8f7cd5256e\",\"name\":\"EDITOR\",\"image\":{\"@type\":\"ImageObject\",\"inLanguage\":\"es\",\"@id\":\"https:\/\/laprensacristiana.com\/#\/schema\/person\/image\/\",\"url\":\"https:\/\/secure.gravatar.com\/avatar\/72069dfb6c13772d9e8381e3638666d2?s=96&d=mm&r=g\",\"contentUrl\":\"https:\/\/secure.gravatar.com\/avatar\/72069dfb6c13772d9e8381e3638666d2?s=96&d=mm&r=g\",\"caption\":\"EDITOR\"},\"url\":\"https:\/\/laprensacristiana.com\/?author=3\"}]}<\/script>\n<!-- \/ Yoast SEO plugin. -->","yoast_head_json":{"title":"Colaboradores del Taber oran por las personas en diferentes partes del pa\u00eds - La Prensa Cristiana","robots":{"index":"index","follow":"follow","max-snippet":"max-snippet:-1","max-image-preview":"max-image-preview:large","max-video-preview":"max-video-preview:-1"},"canonical":"https:\/\/laprensacristiana.com\/?p=12907","og_locale":"es_ES","og_type":"article","og_title":"Colaboradores del Taber oran por las personas en diferentes partes del pa\u00eds - La Prensa Cristiana","og_description":"Los colaboradores del ministerio de evangelismo del Tabern\u00e1culo B\u00edblico Bautista Amigos de Israel dieron a la tarea de visitar diferentes partes del pa\u00eds para llevar un mensaje de esperanza a las personas en este fin de a\u00f1o. Tambi\u00e9n oraron a Dios para que escuche el clamor de todo aquel que encontraron en su ruta y [&hellip;]","og_url":"https:\/\/laprensacristiana.com\/?p=12907","og_site_name":"La Prensa Cristiana","article_published_time":"2021-12-16T16:28:56+00:00","article_modified_time":"2021-12-16T16:28:57+00:00","og_image":[{"width":1080,"height":1349,"url":"https:\/\/laprensacristiana.com\/wp-content\/uploads\/2021\/12\/WhatsApp-Image-2021-12-16-at-10.00.45.jpeg","type":"image\/jpeg"}],"author":"EDITOR","twitter_card":"summary_large_image","twitter_misc":{"Escrito por":"EDITOR"},"schema":{"@context":"https:\/\/schema.org","@graph":[{"@type":"WebPage","@id":"https:\/\/laprensacristiana.com\/?p=12907","url":"https:\/\/laprensacristiana.com\/?p=12907","name":"Colaboradores del Taber oran por las personas en diferentes partes del pa\u00eds - La Prensa Cristiana","isPartOf":{"@id":"https:\/\/laprensacristiana.com\/#website"},"datePublished":"2021-12-16T16:28:56+00:00","dateModified":"2021-12-16T16:28:57+00:00","author":{"@id":"https:\/\/laprensacristiana.com\/#\/schema\/person\/3e7d82c6bfd6b1fa67010f8f7cd5256e"},"breadcrumb":{"@id":"https:\/\/laprensacristiana.com\/?p=12907#breadcrumb"},"inLanguage":"es","potentialAction":[{"@type":"ReadAction","target":["https:\/\/laprensacristiana.com\/?p=12907"]}]},{"@type":"BreadcrumbList","@id":"https:\/\/laprensacristiana.com\/?p=12907#breadcrumb","itemListElement":[{"@type":"ListItem","position":1,"name":"Portada","item":"https:\/\/laprensacristiana.com\/"},{"@type":"ListItem","position":2,"name":"Colaboradores del Taber oran por las personas en diferentes partes del pa\u00eds"}]},{"@type":"WebSite","@id":"https:\/\/laprensacristiana.com\/#website","url":"https:\/\/laprensacristiana.com\/","name":"La Prensa Cristiana","description":"Anunciando Las Buenas Nuevas","potentialAction":[{"@type":"SearchAction","target":{"@type":"EntryPoint","urlTemplate":"https:\/\/laprensacristiana.com\/?s={search_term_string}"},"query-input":"required name=search_term_string"}],"inLanguage":"es"},{"@type":"Person","@id":"https:\/\/laprensacristiana.com\/#\/schema\/person\/3e7d82c6bfd6b1fa67010f8f7cd5256e","name":"EDITOR","image":{"@type":"ImageObject","inLanguage":"es","@id":"https:\/\/laprensacristiana.com\/#\/schema\/person\/image\/","url":"https:\/\/secure.gravatar.com\/avatar\/72069dfb6c13772d9e8381e3638666d2?s=96&d=mm&r=g","contentUrl":"https:\/\/secure.gravatar.com\/avatar\/72069dfb6c13772d9e8381e3638666d2?s=96&d=mm&r=g","caption":"EDITOR"},"url":"https:\/\/laprensacristiana.com\/?author=3"}]}},"_links":{"self":[{"href":"https:\/\/laprensacristiana.com\/index.php?rest_route=\/wp\/v2\/posts\/12907"}],"collection":[{"href":"https:\/\/laprensacristiana.com\/index.php?rest_route=\/wp\/v2\/posts"}],"about":[{"href":"https:\/\/laprensacristiana.com\/index.php?rest_route=\/wp\/v2\/types\/post"}],"author":[{"embeddable":true,"href":"https:\/\/laprensacristiana.com\/index.php?rest_route=\/wp\/v2\/users\/3"}],"replies":[{"embeddable":true,"href":"https:\/\/laprensacristiana.com\/index.php?rest_route=%2Fwp%2Fv2%2Fcomments&post=12907"}],"version-history":[{"count":1,"href":"https:\/\/laprensacristiana.com\/index.php?rest_route=\/wp\/v2\/posts\/12907\/revisions"}],"predecessor-version":[{"id":12911,"href":"https:\/\/laprensacristiana.com\/index.php?rest_route=\/wp\/v2\/posts\/12907\/revisions\/12911"}],"wp:featuredmedia":[{"embeddable":true,"href":"https:\/\/laprensacristiana.com\/index.php?rest_route=\/wp\/v2\/media\/12910"}],"wp:attachment":[{"href":"https:\/\/laprensacristiana.com\/index.php?rest_route=%2Fwp%2Fv2%2Fmedia&parent=12907"}],"wp:term":[{"taxonomy":"category","embeddable":true,"href":"https:\/\/laprensacristiana.com\/index.php?rest_route=%2Fwp%2Fv2%2Fcategories&post=12907"},{"taxonomy":"post_tag","embeddable":true,"href":"https:\/\/laprensacristiana.com\/index.php?rest_route=%2Fwp%2Fv2%2Ftags&post=12907"}],"curies":[{"name":"wp","href":"https:\/\/api.w.org\/{rel}","templated":true}]}}