{"id":12912,"date":"2021-12-17T14:10:47","date_gmt":"2021-12-17T14:10:47","guid":{"rendered":"https:\/\/laprensacristiana.com\/?p=12912"},"modified":"2021-12-17T14:10:48","modified_gmt":"2021-12-17T14:10:48","slug":"tradiciones","status":"publish","type":"post","link":"https:\/\/laprensacristiana.com\/?p=12912","title":{"rendered":"Tradiciones"},"content":{"rendered":"\n<p>Hechos 16:21&nbsp;\u201c\u2026y proclaman costumbres que no nos es l\u00edcito aceptar ni observar\u201d<\/p>\n\n\n\n<p>Mmmmm\u2026&nbsp;s\u00e9&nbsp;que voy a caer mal, s\u00e9&nbsp;que ser\u00e9&nbsp;una piedra en el zapato de muchos de mis compa\u00f1eros pastores y que lo que escribir\u00e9&nbsp;hoy ser\u00e1&nbsp;un insulto a sus creencias, tradiciones y costumbres evang\u00e9licas.<\/p>\n\n\n\n<p>Pero creo que si me quedo callado, muchos seguir\u00e1n equivocados con respecto a vivir en un cristianismo oscuro, pobret\u00f3n, mediocre, sin crecimiento espiritual y muchas falencias m\u00e1s.<\/p>\n\n\n\n<p>Hay dos maneras de leer la Biblia: Profesionalmente y Devocionalmente.<\/p>\n\n\n\n<p>La mayor\u00eda de pastores que conozco y s\u00e9&nbsp;que hay otros que no conozco, la leen profesionalmente. &nbsp;La abren horas antes de ir a predicar un mensaje a los que esperan que el sacerdote les ense\u00f1e a guardar los mandamientos del Se\u00f1or. Y, en lugar de darles el Pan de vida, les dan piedrecitas. &nbsp;Piedras en lugar de pan.<\/p>\n\n\n\n<p>Son los maestros de teolog\u00eda que dan clases magistrales en las aulas de los institutos b\u00edblicos, se saben los vericuetos de la Biblia y de sus personajes, pero nunca las aplican a sus propias vidas. &nbsp;Es decir, usan la Biblia como un libro de texto pero ni ellos mismos creen en lo que all\u00ed&nbsp;se dicen.<\/p>\n\n\n\n<p>Porque no esperan que la Biblia les hable a ellos, solo que les d\u00e9&nbsp;el esquema de la clase del d\u00eda. &nbsp;Son hombres y mujeres que al salir del aula, con el pecho inflado porque su materia sali\u00f3&nbsp;a pedir de boca y sus alumnos quedaron con la boca abierta por la excelencia de su prosa, pero quedaron con el coraz\u00f3n m\u00e1s duro que una piedra.<\/p>\n\n\n\n<p>Como el maestro, el alumno. Es el axioma que se cumple sin tapujos.<\/p>\n\n\n\n<p>Pero, los pastores y personas que la leen devocionalmente, cambian el paradigma. Porque antes de abrirla le oran al Esp\u00edritu Santo para que les hable a trav\u00e9s de las l\u00edneas, que les ense\u00f1e lo escondido de los pasajes que van a leer, que les permita aprender para ellos mismos antes que para ense\u00f1ar a otros. &nbsp;Estos son los que se quedan con la boca abierta de lo que aprenden ellos mismos, de su relaci\u00f3n con Dios y adem\u00e1s con el coraz\u00f3n lleno de vida, emoci\u00f3n y crecimiento.<\/p>\n\n\n\n<p>De estos hay pocos.&nbsp;<\/p>\n\n\n\n<p>Estamos en Diciembre. Y, si usted que me lee es observador, ver\u00e1&nbsp;en la mayor\u00eda de iglesias evang\u00e9licas viviendo las tradiciones de nuestro pa\u00eds. Lucecitas de colores, adornos navide\u00f1os, actividades para entretener al pueblo, las famosas piedras para que se conviertan en el pan de ellos, clubs de intercambio de regalos, el amigo secreto, los nacimientos con sus camellos, Maikol Jackson, Madonna y toda una pl\u00e9yade de artistas del mundo acompa\u00f1ando a Jos\u00e9&nbsp;y Mar\u00eda en el nacimiento del ni\u00f1o.&nbsp;<\/p>\n\n\n\n<p>Tambi\u00e9n podr\u00e1&nbsp;ver altares adornados en una de sus esquinas con el&nbsp;\u00e1rbol de navidad que no es otra cosa que tradici\u00f3n &nbsp;pagana del Antiguo Testamento, en donde se hizo creer que Nimrod, esposo e hijo de Sem\u00edramis despu\u00e9s de muerto, resucit\u00f3&nbsp;en un&nbsp;\u00e1rbol, figura de Tamuz, el dios de la fertilidad en el Antiguo reino de Babel, el d\u00eda precisamente que se celebra el supuesto nacimiento de Jesus, o sea el veinticinco de Diciembre de cada a\u00f1o.<\/p>\n\n\n\n<p>Bueno, no estoy en contra de que cada quien celebre lo que quiera. Eso es irrelevante, lo que realmente me asusta y me previene, es como la Iglesia Evang\u00e9lica a\u00fan sigue celebrando mitos, historias paganas y toda esa parafernalia religiosa y tradicional que ya solo el mundo debiera celebrar. Y es que el pecado de muchos ministros del Se\u00f1or, por quedar bien con el pueblo que los sostiene financieramente u orgullosamente, les conceden sus gustos y hacen, sin darse cuenta, a un lado a Jesus y su Santidad para dedicarle el templo y su altar al dios de la tradici\u00f3n.&nbsp;<\/p>\n\n\n\n<p>Para que las hermanitas no se enojen. &nbsp;Para que sus j\u00f3venes hagan dramas sobre el nacimiento en el cual uno de ellos siempre hace el papel de diablo, para que los hombres se entretengan y tengan un poco de solaz en estas fechas.<\/p>\n\n\n\n<p>No, mis queridos. A\u00fan estamos en la&nbsp;\u00e9poca de los ap\u00f3stoles del Cordero en los tiempos iniciales de la Iglesia: Ellos trataron de cambiar el paradigma jud\u00edo &nbsp;lleno de tradiciones y eso les hizo cosquillas a los religiosos de ese tiempo.&nbsp;<\/p>\n\n\n\n<p>Me imagino escuchar esto de parte de alguna hermanita:&nbsp;\u201cPastor,&nbsp;\u00bfy este a\u00f1o tambi\u00e9n adornaremos el templo con lucecitas y figuritas del ni\u00f1o Jesus?&nbsp;\u00bfNos va a dar permiso para poner el arbolito tan bonito que tenemos en la bodega?<\/p>\n","protected":false},"excerpt":{"rendered":"<p>Hechos 16:21&nbsp;\u201c\u2026y proclaman costumbres que no nos es l\u00edcito aceptar ni observar\u201d Mmmmm\u2026&nbsp;s\u00e9&nbsp;que voy a caer mal, s\u00e9&nbsp;que ser\u00e9&nbsp;una piedra en el zapato de muchos de mis compa\u00f1eros pastores y que lo que escribir\u00e9&nbsp;hoy ser\u00e1&nbsp;un insulto a sus creencias, tradiciones y costumbres evang\u00e9licas. Pero creo que si me quedo callado, muchos seguir\u00e1n equivocados con respecto [&hellip;]<\/p>\n","protected":false},"author":3,"featured_media":12838,"comment_status":"open","ping_status":"open","sticky":false,"template":"","format":"standard","meta":[],"categories":[36],"tags":[],"yoast_head":"<!-- This site is optimized with the Yoast SEO plugin v20.8 - https:\/\/yoast.com\/wordpress\/plugins\/seo\/ -->\n<title>Tradiciones - La Prensa Cristiana<\/title>\n<meta name=\"robots\" content=\"index, follow, max-snippet:-1, max-image-preview:large, max-video-preview:-1\" \/>\n<link rel=\"canonical\" href=\"https:\/\/laprensacristiana.com\/?p=12912\" \/>\n<meta property=\"og:locale\" content=\"es_ES\" \/>\n<meta property=\"og:type\" content=\"article\" \/>\n<meta property=\"og:title\" content=\"Tradiciones - La Prensa Cristiana\" \/>\n<meta property=\"og:description\" content=\"Hechos 16:21&nbsp;\u201c\u2026y proclaman costumbres que no nos es l\u00edcito aceptar ni observar\u201d Mmmmm\u2026&nbsp;s\u00e9&nbsp;que voy a caer mal, s\u00e9&nbsp;que ser\u00e9&nbsp;una piedra en el zapato de muchos de mis compa\u00f1eros pastores y que lo que escribir\u00e9&nbsp;hoy ser\u00e1&nbsp;un insulto a sus creencias, tradiciones y costumbres evang\u00e9licas. Pero creo que si me quedo callado, muchos seguir\u00e1n equivocados con respecto [&hellip;]\" \/>\n<meta property=\"og:url\" content=\"https:\/\/laprensacristiana.com\/?p=12912\" \/>\n<meta property=\"og:site_name\" content=\"La Prensa Cristiana\" \/>\n<meta property=\"article:published_time\" content=\"2021-12-17T14:10:47+00:00\" \/>\n<meta property=\"article:modified_time\" content=\"2021-12-17T14:10:48+00:00\" \/>\n<meta property=\"og:image\" content=\"https:\/\/laprensacristiana.com\/wp-content\/uploads\/2021\/11\/IMG_20210215_163352_769-1.jpg\" \/>\n\t<meta property=\"og:image:width\" content=\"1280\" \/>\n\t<meta property=\"og:image:height\" content=\"714\" \/>\n\t<meta property=\"og:image:type\" content=\"image\/jpeg\" \/>\n<meta name=\"author\" content=\"EDITOR\" \/>\n<meta name=\"twitter:card\" content=\"summary_large_image\" \/>\n<meta name=\"twitter:label1\" content=\"Escrito por\" \/>\n\t<meta name=\"twitter:data1\" content=\"EDITOR\" \/>\n\t<meta name=\"twitter:label2\" content=\"Tiempo de lectura\" \/>\n\t<meta name=\"twitter:data2\" content=\"4 minutos\" \/>\n<script type=\"application\/ld+json\" class=\"yoast-schema-graph\">{\"@context\":\"https:\/\/schema.org\",\"@graph\":[{\"@type\":\"WebPage\",\"@id\":\"https:\/\/laprensacristiana.com\/?p=12912\",\"url\":\"https:\/\/laprensacristiana.com\/?p=12912\",\"name\":\"Tradiciones - La Prensa Cristiana\",\"isPartOf\":{\"@id\":\"https:\/\/laprensacristiana.com\/#website\"},\"datePublished\":\"2021-12-17T14:10:47+00:00\",\"dateModified\":\"2021-12-17T14:10:48+00:00\",\"author\":{\"@id\":\"https:\/\/laprensacristiana.com\/#\/schema\/person\/3e7d82c6bfd6b1fa67010f8f7cd5256e\"},\"breadcrumb\":{\"@id\":\"https:\/\/laprensacristiana.com\/?p=12912#breadcrumb\"},\"inLanguage\":\"es\",\"potentialAction\":[{\"@type\":\"ReadAction\",\"target\":[\"https:\/\/laprensacristiana.com\/?p=12912\"]}]},{\"@type\":\"BreadcrumbList\",\"@id\":\"https:\/\/laprensacristiana.com\/?p=12912#breadcrumb\",\"itemListElement\":[{\"@type\":\"ListItem\",\"position\":1,\"name\":\"Portada\",\"item\":\"https:\/\/laprensacristiana.com\/\"},{\"@type\":\"ListItem\",\"position\":2,\"name\":\"Tradiciones\"}]},{\"@type\":\"WebSite\",\"@id\":\"https:\/\/laprensacristiana.com\/#website\",\"url\":\"https:\/\/laprensacristiana.com\/\",\"name\":\"La Prensa Cristiana\",\"description\":\"Anunciando Las Buenas Nuevas\",\"potentialAction\":[{\"@type\":\"SearchAction\",\"target\":{\"@type\":\"EntryPoint\",\"urlTemplate\":\"https:\/\/laprensacristiana.com\/?s={search_term_string}\"},\"query-input\":\"required name=search_term_string\"}],\"inLanguage\":\"es\"},{\"@type\":\"Person\",\"@id\":\"https:\/\/laprensacristiana.com\/#\/schema\/person\/3e7d82c6bfd6b1fa67010f8f7cd5256e\",\"name\":\"EDITOR\",\"image\":{\"@type\":\"ImageObject\",\"inLanguage\":\"es\",\"@id\":\"https:\/\/laprensacristiana.com\/#\/schema\/person\/image\/\",\"url\":\"https:\/\/secure.gravatar.com\/avatar\/72069dfb6c13772d9e8381e3638666d2?s=96&d=mm&r=g\",\"contentUrl\":\"https:\/\/secure.gravatar.com\/avatar\/72069dfb6c13772d9e8381e3638666d2?s=96&d=mm&r=g\",\"caption\":\"EDITOR\"},\"url\":\"https:\/\/laprensacristiana.com\/?author=3\"}]}<\/script>\n<!-- \/ Yoast SEO plugin. -->","yoast_head_json":{"title":"Tradiciones - La Prensa Cristiana","robots":{"index":"index","follow":"follow","max-snippet":"max-snippet:-1","max-image-preview":"max-image-preview:large","max-video-preview":"max-video-preview:-1"},"canonical":"https:\/\/laprensacristiana.com\/?p=12912","og_locale":"es_ES","og_type":"article","og_title":"Tradiciones - La Prensa Cristiana","og_description":"Hechos 16:21&nbsp;\u201c\u2026y proclaman costumbres que no nos es l\u00edcito aceptar ni observar\u201d Mmmmm\u2026&nbsp;s\u00e9&nbsp;que voy a caer mal, s\u00e9&nbsp;que ser\u00e9&nbsp;una piedra en el zapato de muchos de mis compa\u00f1eros pastores y que lo que escribir\u00e9&nbsp;hoy ser\u00e1&nbsp;un insulto a sus creencias, tradiciones y costumbres evang\u00e9licas. Pero creo que si me quedo callado, muchos seguir\u00e1n equivocados con respecto [&hellip;]","og_url":"https:\/\/laprensacristiana.com\/?p=12912","og_site_name":"La Prensa Cristiana","article_published_time":"2021-12-17T14:10:47+00:00","article_modified_time":"2021-12-17T14:10:48+00:00","og_image":[{"width":1280,"height":714,"url":"https:\/\/laprensacristiana.com\/wp-content\/uploads\/2021\/11\/IMG_20210215_163352_769-1.jpg","type":"image\/jpeg"}],"author":"EDITOR","twitter_card":"summary_large_image","twitter_misc":{"Escrito por":"EDITOR","Tiempo de lectura":"4 minutos"},"schema":{"@context":"https:\/\/schema.org","@graph":[{"@type":"WebPage","@id":"https:\/\/laprensacristiana.com\/?p=12912","url":"https:\/\/laprensacristiana.com\/?p=12912","name":"Tradiciones - La Prensa Cristiana","isPartOf":{"@id":"https:\/\/laprensacristiana.com\/#website"},"datePublished":"2021-12-17T14:10:47+00:00","dateModified":"2021-12-17T14:10:48+00:00","author":{"@id":"https:\/\/laprensacristiana.com\/#\/schema\/person\/3e7d82c6bfd6b1fa67010f8f7cd5256e"},"breadcrumb":{"@id":"https:\/\/laprensacristiana.com\/?p=12912#breadcrumb"},"inLanguage":"es","potentialAction":[{"@type":"ReadAction","target":["https:\/\/laprensacristiana.com\/?p=12912"]}]},{"@type":"BreadcrumbList","@id":"https:\/\/laprensacristiana.com\/?p=12912#breadcrumb","itemListElement":[{"@type":"ListItem","position":1,"name":"Portada","item":"https:\/\/laprensacristiana.com\/"},{"@type":"ListItem","position":2,"name":"Tradiciones"}]},{"@type":"WebSite","@id":"https:\/\/laprensacristiana.com\/#website","url":"https:\/\/laprensacristiana.com\/","name":"La Prensa Cristiana","description":"Anunciando Las Buenas Nuevas","potentialAction":[{"@type":"SearchAction","target":{"@type":"EntryPoint","urlTemplate":"https:\/\/laprensacristiana.com\/?s={search_term_string}"},"query-input":"required name=search_term_string"}],"inLanguage":"es"},{"@type":"Person","@id":"https:\/\/laprensacristiana.com\/#\/schema\/person\/3e7d82c6bfd6b1fa67010f8f7cd5256e","name":"EDITOR","image":{"@type":"ImageObject","inLanguage":"es","@id":"https:\/\/laprensacristiana.com\/#\/schema\/person\/image\/","url":"https:\/\/secure.gravatar.com\/avatar\/72069dfb6c13772d9e8381e3638666d2?s=96&d=mm&r=g","contentUrl":"https:\/\/secure.gravatar.com\/avatar\/72069dfb6c13772d9e8381e3638666d2?s=96&d=mm&r=g","caption":"EDITOR"},"url":"https:\/\/laprensacristiana.com\/?author=3"}]}},"_links":{"self":[{"href":"https:\/\/laprensacristiana.com\/index.php?rest_route=\/wp\/v2\/posts\/12912"}],"collection":[{"href":"https:\/\/laprensacristiana.com\/index.php?rest_route=\/wp\/v2\/posts"}],"about":[{"href":"https:\/\/laprensacristiana.com\/index.php?rest_route=\/wp\/v2\/types\/post"}],"author":[{"embeddable":true,"href":"https:\/\/laprensacristiana.com\/index.php?rest_route=\/wp\/v2\/users\/3"}],"replies":[{"embeddable":true,"href":"https:\/\/laprensacristiana.com\/index.php?rest_route=%2Fwp%2Fv2%2Fcomments&post=12912"}],"version-history":[{"count":1,"href":"https:\/\/laprensacristiana.com\/index.php?rest_route=\/wp\/v2\/posts\/12912\/revisions"}],"predecessor-version":[{"id":12913,"href":"https:\/\/laprensacristiana.com\/index.php?rest_route=\/wp\/v2\/posts\/12912\/revisions\/12913"}],"wp:featuredmedia":[{"embeddable":true,"href":"https:\/\/laprensacristiana.com\/index.php?rest_route=\/wp\/v2\/media\/12838"}],"wp:attachment":[{"href":"https:\/\/laprensacristiana.com\/index.php?rest_route=%2Fwp%2Fv2%2Fmedia&parent=12912"}],"wp:term":[{"taxonomy":"category","embeddable":true,"href":"https:\/\/laprensacristiana.com\/index.php?rest_route=%2Fwp%2Fv2%2Fcategories&post=12912"},{"taxonomy":"post_tag","embeddable":true,"href":"https:\/\/laprensacristiana.com\/index.php?rest_route=%2Fwp%2Fv2%2Ftags&post=12912"}],"curies":[{"name":"wp","href":"https:\/\/api.w.org\/{rel}","templated":true}]}}