{"id":1293,"date":"2016-08-11T21:50:29","date_gmt":"2016-08-11T21:50:29","guid":{"rendered":"https:\/\/laprensacristiana.com\/?p=1293"},"modified":"2020-07-02T02:04:21","modified_gmt":"2020-07-02T02:04:21","slug":"douglas-fernandez-lanza-nueva-disco","status":"publish","type":"post","link":"https:\/\/laprensacristiana.com\/?p=1293","title":{"rendered":"Douglas Fern\u00e1ndez lanza nuevo disco"},"content":{"rendered":"<p>Douglas Fern\u00e1ndez es un salmista que est\u00e1 lanzando su nueva producci\u00f3n titulada <em>\u201cDesciende en Gloria\u201d<\/em>. Despu\u00e9s de 6 a\u00f1os aproximadamente de haber sacado su \u00faltimo disco (Tu amor me conquisto), estuvo en la preparaci\u00f3n de este nuevo trabajo con g\u00e9nero pop y con algunas influencias electr\u00f3nicas, sus letras est\u00e1n enfocadas a la necesidad que se tiene como persona e iglesia que la gloria de Dios descienda sobre cada vida.<\/p>\n<p>Cada canci\u00f3n plasmada en este disco habla sobre la Fe que debemos tener en Cristo; ya que es un ser sanador, que perdona nuestras\u00a0 fallas y alza nuestra cabeza<\/p>\n<p>Douglas, afirma que lo que se espera de este material es que llene las vidas de las personas y descansen al recordar que Dios es quien tiene el control de nuestras vidas hasta en los detalles m\u00e1s peque\u00f1os, de igual manera que por medio de estas melod\u00edas la gente pueda adorar al Se\u00f1or.<\/p>\n<p><em>Realmente el hacer m\u00fasica solo es un pretexto para llevar el mensaje del Se\u00f1or a los J\u00f3venes, ahora en d\u00eda la m\u00fasica secular est\u00e1 siendo de influencia para ellos y creo que como Cristianos debemos hacer m\u00fasica que ellos quieren escuchar pero con un mensaje que transforme sus vidas para hacia El Se\u00f1or<\/em>. Expres\u00f3 Douglas.<\/p>\n<p>Mencion\u00f3 que no hay colaboraci\u00f3n alguna, pero que se prepara un concierto en el que se tendr\u00e1 a salmistas invitados. \u00a0Actualmente se cuenta con el primer videoclip de la canci\u00f3n<em> \u201cDesciende en Gloria\u201d <\/em>y trabajan en el pr\u00f3ximo que ser\u00e1 de la canci\u00f3n <em>\u201cDe tu mano me sostendr\u00e9\u201d.<\/em> Su m\u00fasica estar\u00e1 disponible en las diversas plataformas digitales como: iTunes, Deezer, Spotify, Apple Music y otras m\u00e1s.<\/p>\n","protected":false},"excerpt":{"rendered":"<p>Douglas Fern\u00e1ndez es un salmista que est\u00e1 lanzando su nueva producci\u00f3n titulada \u201cDesciende en Gloria\u201d. Despu\u00e9s de 6 a\u00f1os aproximadamente de haber sacado su \u00faltimo disco (Tu amor me conquisto), estuvo en la preparaci\u00f3n de este nuevo trabajo con g\u00e9nero pop y con algunas influencias electr\u00f3nicas, sus letras est\u00e1n enfocadas a la necesidad que se [&hellip;]<\/p>\n","protected":false},"author":3,"featured_media":1294,"comment_status":"open","ping_status":"open","sticky":false,"template":"","format":"standard","meta":[],"categories":[101],"tags":[],"yoast_head":"<!-- This site is optimized with the Yoast SEO plugin v20.8 - https:\/\/yoast.com\/wordpress\/plugins\/seo\/ -->\n<title>Douglas Fern\u00e1ndez lanza nuevo disco - La Prensa Cristiana<\/title>\n<meta name=\"robots\" content=\"index, follow, max-snippet:-1, max-image-preview:large, max-video-preview:-1\" \/>\n<link rel=\"canonical\" href=\"https:\/\/laprensacristiana.com\/?p=1293\" \/>\n<meta property=\"og:locale\" content=\"es_ES\" \/>\n<meta property=\"og:type\" content=\"article\" \/>\n<meta property=\"og:title\" content=\"Douglas Fern\u00e1ndez lanza nuevo disco - La Prensa Cristiana\" \/>\n<meta property=\"og:description\" content=\"Douglas Fern\u00e1ndez es un salmista que est\u00e1 lanzando su nueva producci\u00f3n titulada \u201cDesciende en Gloria\u201d. Despu\u00e9s de 6 a\u00f1os aproximadamente de haber sacado su \u00faltimo disco (Tu amor me conquisto), estuvo en la preparaci\u00f3n de este nuevo trabajo con g\u00e9nero pop y con algunas influencias electr\u00f3nicas, sus letras est\u00e1n enfocadas a la necesidad que se [&hellip;]\" \/>\n<meta property=\"og:url\" content=\"https:\/\/laprensacristiana.com\/?p=1293\" \/>\n<meta property=\"og:site_name\" content=\"La Prensa Cristiana\" \/>\n<meta property=\"article:published_time\" content=\"2016-08-11T21:50:29+00:00\" \/>\n<meta property=\"article:modified_time\" content=\"2020-07-02T02:04:21+00:00\" \/>\n<meta property=\"og:image\" content=\"https:\/\/laprensacristiana.com\/wp-content\/uploads\/2016\/08\/DOUGLAS.jpg\" \/>\n\t<meta property=\"og:image:width\" content=\"960\" \/>\n\t<meta property=\"og:image:height\" content=\"960\" \/>\n\t<meta property=\"og:image:type\" content=\"image\/jpeg\" \/>\n<meta name=\"author\" content=\"EDITOR\" \/>\n<meta name=\"twitter:card\" content=\"summary_large_image\" \/>\n<meta name=\"twitter:label1\" content=\"Escrito por\" \/>\n\t<meta name=\"twitter:data1\" content=\"EDITOR\" \/>\n\t<meta name=\"twitter:label2\" content=\"Tiempo de lectura\" \/>\n\t<meta name=\"twitter:data2\" content=\"1 minuto\" \/>\n<script type=\"application\/ld+json\" class=\"yoast-schema-graph\">{\"@context\":\"https:\/\/schema.org\",\"@graph\":[{\"@type\":\"WebPage\",\"@id\":\"https:\/\/laprensacristiana.com\/?p=1293\",\"url\":\"https:\/\/laprensacristiana.com\/?p=1293\",\"name\":\"Douglas Fern\u00e1ndez lanza nuevo disco - La Prensa Cristiana\",\"isPartOf\":{\"@id\":\"https:\/\/laprensacristiana.com\/#website\"},\"datePublished\":\"2016-08-11T21:50:29+00:00\",\"dateModified\":\"2020-07-02T02:04:21+00:00\",\"author\":{\"@id\":\"https:\/\/laprensacristiana.com\/#\/schema\/person\/3e7d82c6bfd6b1fa67010f8f7cd5256e\"},\"breadcrumb\":{\"@id\":\"https:\/\/laprensacristiana.com\/?p=1293#breadcrumb\"},\"inLanguage\":\"es\",\"potentialAction\":[{\"@type\":\"ReadAction\",\"target\":[\"https:\/\/laprensacristiana.com\/?p=1293\"]}]},{\"@type\":\"BreadcrumbList\",\"@id\":\"https:\/\/laprensacristiana.com\/?p=1293#breadcrumb\",\"itemListElement\":[{\"@type\":\"ListItem\",\"position\":1,\"name\":\"Portada\",\"item\":\"https:\/\/laprensacristiana.com\/\"},{\"@type\":\"ListItem\",\"position\":2,\"name\":\"Douglas Fern\u00e1ndez lanza nuevo disco\"}]},{\"@type\":\"WebSite\",\"@id\":\"https:\/\/laprensacristiana.com\/#website\",\"url\":\"https:\/\/laprensacristiana.com\/\",\"name\":\"La Prensa Cristiana\",\"description\":\"Anunciando Las Buenas Nuevas\",\"potentialAction\":[{\"@type\":\"SearchAction\",\"target\":{\"@type\":\"EntryPoint\",\"urlTemplate\":\"https:\/\/laprensacristiana.com\/?s={search_term_string}\"},\"query-input\":\"required name=search_term_string\"}],\"inLanguage\":\"es\"},{\"@type\":\"Person\",\"@id\":\"https:\/\/laprensacristiana.com\/#\/schema\/person\/3e7d82c6bfd6b1fa67010f8f7cd5256e\",\"name\":\"EDITOR\",\"image\":{\"@type\":\"ImageObject\",\"inLanguage\":\"es\",\"@id\":\"https:\/\/laprensacristiana.com\/#\/schema\/person\/image\/\",\"url\":\"https:\/\/secure.gravatar.com\/avatar\/72069dfb6c13772d9e8381e3638666d2?s=96&d=mm&r=g\",\"contentUrl\":\"https:\/\/secure.gravatar.com\/avatar\/72069dfb6c13772d9e8381e3638666d2?s=96&d=mm&r=g\",\"caption\":\"EDITOR\"},\"url\":\"https:\/\/laprensacristiana.com\/?author=3\"}]}<\/script>\n<!-- \/ Yoast SEO plugin. -->","yoast_head_json":{"title":"Douglas Fern\u00e1ndez lanza nuevo disco - La Prensa Cristiana","robots":{"index":"index","follow":"follow","max-snippet":"max-snippet:-1","max-image-preview":"max-image-preview:large","max-video-preview":"max-video-preview:-1"},"canonical":"https:\/\/laprensacristiana.com\/?p=1293","og_locale":"es_ES","og_type":"article","og_title":"Douglas Fern\u00e1ndez lanza nuevo disco - La Prensa Cristiana","og_description":"Douglas Fern\u00e1ndez es un salmista que est\u00e1 lanzando su nueva producci\u00f3n titulada \u201cDesciende en Gloria\u201d. Despu\u00e9s de 6 a\u00f1os aproximadamente de haber sacado su \u00faltimo disco (Tu amor me conquisto), estuvo en la preparaci\u00f3n de este nuevo trabajo con g\u00e9nero pop y con algunas influencias electr\u00f3nicas, sus letras est\u00e1n enfocadas a la necesidad que se [&hellip;]","og_url":"https:\/\/laprensacristiana.com\/?p=1293","og_site_name":"La Prensa Cristiana","article_published_time":"2016-08-11T21:50:29+00:00","article_modified_time":"2020-07-02T02:04:21+00:00","og_image":[{"width":960,"height":960,"url":"https:\/\/laprensacristiana.com\/wp-content\/uploads\/2016\/08\/DOUGLAS.jpg","type":"image\/jpeg"}],"author":"EDITOR","twitter_card":"summary_large_image","twitter_misc":{"Escrito por":"EDITOR","Tiempo de lectura":"1 minuto"},"schema":{"@context":"https:\/\/schema.org","@graph":[{"@type":"WebPage","@id":"https:\/\/laprensacristiana.com\/?p=1293","url":"https:\/\/laprensacristiana.com\/?p=1293","name":"Douglas Fern\u00e1ndez lanza nuevo disco - La Prensa Cristiana","isPartOf":{"@id":"https:\/\/laprensacristiana.com\/#website"},"datePublished":"2016-08-11T21:50:29+00:00","dateModified":"2020-07-02T02:04:21+00:00","author":{"@id":"https:\/\/laprensacristiana.com\/#\/schema\/person\/3e7d82c6bfd6b1fa67010f8f7cd5256e"},"breadcrumb":{"@id":"https:\/\/laprensacristiana.com\/?p=1293#breadcrumb"},"inLanguage":"es","potentialAction":[{"@type":"ReadAction","target":["https:\/\/laprensacristiana.com\/?p=1293"]}]},{"@type":"BreadcrumbList","@id":"https:\/\/laprensacristiana.com\/?p=1293#breadcrumb","itemListElement":[{"@type":"ListItem","position":1,"name":"Portada","item":"https:\/\/laprensacristiana.com\/"},{"@type":"ListItem","position":2,"name":"Douglas Fern\u00e1ndez lanza nuevo disco"}]},{"@type":"WebSite","@id":"https:\/\/laprensacristiana.com\/#website","url":"https:\/\/laprensacristiana.com\/","name":"La Prensa Cristiana","description":"Anunciando Las Buenas Nuevas","potentialAction":[{"@type":"SearchAction","target":{"@type":"EntryPoint","urlTemplate":"https:\/\/laprensacristiana.com\/?s={search_term_string}"},"query-input":"required name=search_term_string"}],"inLanguage":"es"},{"@type":"Person","@id":"https:\/\/laprensacristiana.com\/#\/schema\/person\/3e7d82c6bfd6b1fa67010f8f7cd5256e","name":"EDITOR","image":{"@type":"ImageObject","inLanguage":"es","@id":"https:\/\/laprensacristiana.com\/#\/schema\/person\/image\/","url":"https:\/\/secure.gravatar.com\/avatar\/72069dfb6c13772d9e8381e3638666d2?s=96&d=mm&r=g","contentUrl":"https:\/\/secure.gravatar.com\/avatar\/72069dfb6c13772d9e8381e3638666d2?s=96&d=mm&r=g","caption":"EDITOR"},"url":"https:\/\/laprensacristiana.com\/?author=3"}]}},"_links":{"self":[{"href":"https:\/\/laprensacristiana.com\/index.php?rest_route=\/wp\/v2\/posts\/1293"}],"collection":[{"href":"https:\/\/laprensacristiana.com\/index.php?rest_route=\/wp\/v2\/posts"}],"about":[{"href":"https:\/\/laprensacristiana.com\/index.php?rest_route=\/wp\/v2\/types\/post"}],"author":[{"embeddable":true,"href":"https:\/\/laprensacristiana.com\/index.php?rest_route=\/wp\/v2\/users\/3"}],"replies":[{"embeddable":true,"href":"https:\/\/laprensacristiana.com\/index.php?rest_route=%2Fwp%2Fv2%2Fcomments&post=1293"}],"version-history":[{"count":2,"href":"https:\/\/laprensacristiana.com\/index.php?rest_route=\/wp\/v2\/posts\/1293\/revisions"}],"predecessor-version":[{"id":1296,"href":"https:\/\/laprensacristiana.com\/index.php?rest_route=\/wp\/v2\/posts\/1293\/revisions\/1296"}],"wp:featuredmedia":[{"embeddable":true,"href":"https:\/\/laprensacristiana.com\/index.php?rest_route=\/wp\/v2\/media\/1294"}],"wp:attachment":[{"href":"https:\/\/laprensacristiana.com\/index.php?rest_route=%2Fwp%2Fv2%2Fmedia&parent=1293"}],"wp:term":[{"taxonomy":"category","embeddable":true,"href":"https:\/\/laprensacristiana.com\/index.php?rest_route=%2Fwp%2Fv2%2Fcategories&post=1293"},{"taxonomy":"post_tag","embeddable":true,"href":"https:\/\/laprensacristiana.com\/index.php?rest_route=%2Fwp%2Fv2%2Ftags&post=1293"}],"curies":[{"name":"wp","href":"https:\/\/api.w.org\/{rel}","templated":true}]}}