{"id":12950,"date":"2021-12-22T14:52:07","date_gmt":"2021-12-22T14:52:07","guid":{"rendered":"https:\/\/laprensacristiana.com\/?p=12950"},"modified":"2021-12-22T14:52:07","modified_gmt":"2021-12-22T14:52:07","slug":"tus-pecados-te-son-perdonados","status":"publish","type":"post","link":"https:\/\/laprensacristiana.com\/?p=12950","title":{"rendered":"Tus pecados te son perdonados\u2026"},"content":{"rendered":"\n<p>Mateo 9:2&nbsp;\u201cY le trajeron un paral\u00edtico echado en una camilla; y Jes\u00fas, viendo la fe de ellos, dijo al paral\u00edtico: An\u00edmate, hijo, tus pecados te son perdonados\u201d<\/p>\n\n\n\n<p>Bueno, vamos a ser francos con nosotros mismos. &nbsp;Porque sabemos esconder bien las cosas feas de nuestra vida. Nos disfrazamos con un buen traje, un buen perfume, maquillaje y un excelente recorte de u\u00f1as.<\/p>\n\n\n\n<p>Por decirlo de alguna manera, somos maestros del disfraz. &nbsp;Sabemos fingir una vida de excelencia, para que otros que tambi\u00e9n hacen lo mismo, crean de nosotros lo que queremos mostrar. &nbsp;Especialmente en p\u00fablico. &nbsp;Porque dentro de nuestras cuatro paredes todo es distinto.&nbsp;<\/p>\n\n\n\n<p>All\u00ed&nbsp;se cae el maquillaje, nos quitamos el traje de superhombres o supermujeres y nos convertimos como aquellos personajes de Jekyll y el Se\u00f1or Hyde, en unos simples mortales, personas de doble moral o doble vida.<\/p>\n\n\n\n<p>Y es que eso lo traemos desde la ni\u00f1ez en donde nuestros propios padres nos ense\u00f1aron a fingir. &nbsp;En el s\u00faper, mam\u00e1&nbsp;nos dec\u00eda:&nbsp;\u201ccambie esa cara\u201d \u201cponga cara de tranquilidad para que las vecinas no nos vean tal como somos\u201d&nbsp;Y as\u00ed&nbsp;fuimos creciendo, fingiendo en todas parte que todo estaba bien, aunque por dentro ardi\u00e9ramos de rabia o enojo.<\/p>\n\n\n\n<p>Porque, usted lo sabe bien si es padre o madre, que lo que realmente importaba no era como nos ve\u00edamos nosotros, sino como se ver\u00edan nuestros padres si la gente nos ve\u00edan malhumorados o haciendo berrinche. &nbsp;L\u00f3gicamente, a quien criticaban era a ellos y no a nosotros. &nbsp;Por lo tanto, aprendimos de ellos que para que ellos se vieran bien y tuvieran buena opini\u00f3n de sus amigos y vecinos, nosotros ten\u00edamos que fingir que est\u00e1bamos bien, aunque tuvi\u00e9ramos el est\u00f3mago vac\u00edo con una sinfon\u00eda tripal que se escuchaba en todo el barrio.<\/p>\n\n\n\n<p>Pero para nuestros padres, mientras sonri\u00e9ramos y fingi\u00e9ramos que est\u00e1bamos bien, todo tambi\u00e9n estaba bien. &nbsp;Los trapos sucios, muchachos, se lavan en casa.&nbsp;<\/p>\n\n\n\n<p>Y, ahora de adultos, nos es dif\u00edcil dejar esa costumbre. &nbsp;Qued\u00f3&nbsp;tatuada e imborrable en nuestra alma que seguimos viviendo ese estilo de vida. Con perd\u00f3n de los cultos, como se dice en Guatemala: comiendo frijol y eructando pollo. &nbsp;As\u00ed&nbsp;es la vida muchachos, as\u00ed&nbsp;es la vida.<\/p>\n\n\n\n<p>Todo esto me viene a la mente cuando leo el pasaje del paral\u00edtico que unos amigos llevaron en su camilla, rompieron el techo en donde Jesus estaba ense\u00f1ando, para que lo sanara. Ellos hab\u00edan escuchado que Jesus hac\u00eda milagros de sanidad, y tratando de ayudar a su amigo, los cuatro decidieron llevarlo hasta la casa en donde era la reuni\u00f3n, sin saber que iba a estar llena. Pero cuando la amistad es verdadera, no hay obst\u00e1culos que nos impidan lograr nuestros prop\u00f3sitos. Sin dudarlo, rompen parte del techo y bajan a su amigo paral\u00edtico ante Jesus sin importarles las cr\u00edticas o malestares que ocasionaron.<\/p>\n\n\n\n<p>Bueno, pero lo que quiero enfatizar no es el hecho de haberlo llevado en hombros ni haber roto el techo. Lo que sigue es lo que me impacta y quiero ver si le impacta a usted tambi\u00e9n.<\/p>\n\n\n\n<p>Jes\u00fas, viendo la fe de ellos, dijo al paral\u00edtico:&nbsp;\u2026tus pecados te son perdonados.<\/p>\n\n\n\n<p>Aqu\u00ed&nbsp;esta el asunto en cuesti\u00f3n:&nbsp;\u00bfDe que pecados habla Jesus, si el hombre estaba postrado en una camilla y no pod\u00eda moverse ni ir a ning\u00fan lado a cometer pecados?&nbsp;\u00bfC\u00f3mo, estando sin poder moverse y mantenerse postrado, Jes\u00fas le perdona sus pecados?<\/p>\n\n\n\n<p>Ah, es que Jesus sabe cosas que nosotros no sabemos. &nbsp;Que hay pecados que se cometen sin siquiera mover ni una u\u00f1a del dedo gordo del pie. Jes\u00fas conoce el coraz\u00f3n del hombre, y no solo del paral\u00edtico, tambi\u00e9n conoce el nuestro y sabe que aunque estemos&nbsp;\u201cpostrados\u201d&nbsp;en santidad, nuestra mente, nuestro coraz\u00f3n y nuestra alma siguen estando activas. &nbsp;Es decir, no podemos mover el cuerpo, pero si podemos mover el coraz\u00f3n.<\/p>\n\n\n\n<p>Los pecados que Jesus le perdona a este hombre son los pecados del coraz\u00f3n: La intriga, el chisme, el odio, rencor, amargura, maldiciones, pensamientos blasfemos y toda una pl\u00e9yade de pensamientos que brotan desde dentro de nuestro interior.&nbsp;<\/p>\n\n\n\n<p>Como escrib\u00ed&nbsp;m\u00e1s arriba, este hombre estaba tieso en su camilla no sabemos cu\u00e1nto tiempo, pero por dentro quiz\u00e1&nbsp;herv\u00eda una olla de presi\u00f3n que alg\u00fan d\u00eda iba a ser descubierta, y ese d\u00eda lleg\u00f3&nbsp;la tarde o ma\u00f1ana que sus amigos lo presentaron a Jesus.&nbsp;<\/p>\n\n\n\n<p>Bajo esta premisa, usted o yo o quien lea esto, puede saber que para Jesus no importa si estamos en camilla o en un Mercedes Benz,&nbsp;\u00e9l conoce perfectamente de qu\u00e9&nbsp;necesitamos perd\u00f3n.<\/p>\n","protected":false},"excerpt":{"rendered":"<p>Mateo 9:2&nbsp;\u201cY le trajeron un paral\u00edtico echado en una camilla; y Jes\u00fas, viendo la fe de ellos, dijo al paral\u00edtico: An\u00edmate, hijo, tus pecados te son perdonados\u201d Bueno, vamos a ser francos con nosotros mismos. &nbsp;Porque sabemos esconder bien las cosas feas de nuestra vida. Nos disfrazamos con un buen traje, un buen perfume, maquillaje [&hellip;]<\/p>\n","protected":false},"author":3,"featured_media":12838,"comment_status":"open","ping_status":"open","sticky":false,"template":"","format":"standard","meta":[],"categories":[36],"tags":[],"yoast_head":"<!-- This site is optimized with the Yoast SEO plugin v20.8 - https:\/\/yoast.com\/wordpress\/plugins\/seo\/ -->\n<title>Tus pecados te son perdonados\u2026 - La Prensa Cristiana<\/title>\n<meta name=\"robots\" content=\"index, follow, max-snippet:-1, max-image-preview:large, max-video-preview:-1\" \/>\n<link rel=\"canonical\" href=\"https:\/\/laprensacristiana.com\/?p=12950\" \/>\n<meta property=\"og:locale\" content=\"es_ES\" \/>\n<meta property=\"og:type\" content=\"article\" \/>\n<meta property=\"og:title\" content=\"Tus pecados te son perdonados\u2026 - La Prensa Cristiana\" \/>\n<meta property=\"og:description\" content=\"Mateo 9:2&nbsp;\u201cY le trajeron un paral\u00edtico echado en una camilla; y Jes\u00fas, viendo la fe de ellos, dijo al paral\u00edtico: An\u00edmate, hijo, tus pecados te son perdonados\u201d Bueno, vamos a ser francos con nosotros mismos. &nbsp;Porque sabemos esconder bien las cosas feas de nuestra vida. Nos disfrazamos con un buen traje, un buen perfume, maquillaje [&hellip;]\" \/>\n<meta property=\"og:url\" content=\"https:\/\/laprensacristiana.com\/?p=12950\" \/>\n<meta property=\"og:site_name\" content=\"La Prensa Cristiana\" \/>\n<meta property=\"article:published_time\" content=\"2021-12-22T14:52:07+00:00\" \/>\n<meta property=\"og:image\" content=\"https:\/\/laprensacristiana.com\/wp-content\/uploads\/2021\/11\/IMG_20210215_163352_769-1.jpg\" \/>\n\t<meta property=\"og:image:width\" content=\"1280\" \/>\n\t<meta property=\"og:image:height\" content=\"714\" \/>\n\t<meta property=\"og:image:type\" content=\"image\/jpeg\" \/>\n<meta name=\"author\" content=\"EDITOR\" \/>\n<meta name=\"twitter:card\" content=\"summary_large_image\" \/>\n<meta name=\"twitter:label1\" content=\"Escrito por\" \/>\n\t<meta name=\"twitter:data1\" content=\"EDITOR\" \/>\n\t<meta name=\"twitter:label2\" content=\"Tiempo de lectura\" \/>\n\t<meta name=\"twitter:data2\" content=\"4 minutos\" \/>\n<script type=\"application\/ld+json\" class=\"yoast-schema-graph\">{\"@context\":\"https:\/\/schema.org\",\"@graph\":[{\"@type\":\"WebPage\",\"@id\":\"https:\/\/laprensacristiana.com\/?p=12950\",\"url\":\"https:\/\/laprensacristiana.com\/?p=12950\",\"name\":\"Tus pecados te son perdonados\u2026 - La Prensa Cristiana\",\"isPartOf\":{\"@id\":\"https:\/\/laprensacristiana.com\/#website\"},\"datePublished\":\"2021-12-22T14:52:07+00:00\",\"dateModified\":\"2021-12-22T14:52:07+00:00\",\"author\":{\"@id\":\"https:\/\/laprensacristiana.com\/#\/schema\/person\/3e7d82c6bfd6b1fa67010f8f7cd5256e\"},\"breadcrumb\":{\"@id\":\"https:\/\/laprensacristiana.com\/?p=12950#breadcrumb\"},\"inLanguage\":\"es\",\"potentialAction\":[{\"@type\":\"ReadAction\",\"target\":[\"https:\/\/laprensacristiana.com\/?p=12950\"]}]},{\"@type\":\"BreadcrumbList\",\"@id\":\"https:\/\/laprensacristiana.com\/?p=12950#breadcrumb\",\"itemListElement\":[{\"@type\":\"ListItem\",\"position\":1,\"name\":\"Portada\",\"item\":\"https:\/\/laprensacristiana.com\/\"},{\"@type\":\"ListItem\",\"position\":2,\"name\":\"Tus pecados te son perdonados\u2026\"}]},{\"@type\":\"WebSite\",\"@id\":\"https:\/\/laprensacristiana.com\/#website\",\"url\":\"https:\/\/laprensacristiana.com\/\",\"name\":\"La Prensa Cristiana\",\"description\":\"Anunciando Las Buenas Nuevas\",\"potentialAction\":[{\"@type\":\"SearchAction\",\"target\":{\"@type\":\"EntryPoint\",\"urlTemplate\":\"https:\/\/laprensacristiana.com\/?s={search_term_string}\"},\"query-input\":\"required name=search_term_string\"}],\"inLanguage\":\"es\"},{\"@type\":\"Person\",\"@id\":\"https:\/\/laprensacristiana.com\/#\/schema\/person\/3e7d82c6bfd6b1fa67010f8f7cd5256e\",\"name\":\"EDITOR\",\"image\":{\"@type\":\"ImageObject\",\"inLanguage\":\"es\",\"@id\":\"https:\/\/laprensacristiana.com\/#\/schema\/person\/image\/\",\"url\":\"https:\/\/secure.gravatar.com\/avatar\/72069dfb6c13772d9e8381e3638666d2?s=96&d=mm&r=g\",\"contentUrl\":\"https:\/\/secure.gravatar.com\/avatar\/72069dfb6c13772d9e8381e3638666d2?s=96&d=mm&r=g\",\"caption\":\"EDITOR\"},\"url\":\"https:\/\/laprensacristiana.com\/?author=3\"}]}<\/script>\n<!-- \/ Yoast SEO plugin. -->","yoast_head_json":{"title":"Tus pecados te son perdonados\u2026 - La Prensa Cristiana","robots":{"index":"index","follow":"follow","max-snippet":"max-snippet:-1","max-image-preview":"max-image-preview:large","max-video-preview":"max-video-preview:-1"},"canonical":"https:\/\/laprensacristiana.com\/?p=12950","og_locale":"es_ES","og_type":"article","og_title":"Tus pecados te son perdonados\u2026 - La Prensa Cristiana","og_description":"Mateo 9:2&nbsp;\u201cY le trajeron un paral\u00edtico echado en una camilla; y Jes\u00fas, viendo la fe de ellos, dijo al paral\u00edtico: An\u00edmate, hijo, tus pecados te son perdonados\u201d Bueno, vamos a ser francos con nosotros mismos. &nbsp;Porque sabemos esconder bien las cosas feas de nuestra vida. Nos disfrazamos con un buen traje, un buen perfume, maquillaje [&hellip;]","og_url":"https:\/\/laprensacristiana.com\/?p=12950","og_site_name":"La Prensa Cristiana","article_published_time":"2021-12-22T14:52:07+00:00","og_image":[{"width":1280,"height":714,"url":"https:\/\/laprensacristiana.com\/wp-content\/uploads\/2021\/11\/IMG_20210215_163352_769-1.jpg","type":"image\/jpeg"}],"author":"EDITOR","twitter_card":"summary_large_image","twitter_misc":{"Escrito por":"EDITOR","Tiempo de lectura":"4 minutos"},"schema":{"@context":"https:\/\/schema.org","@graph":[{"@type":"WebPage","@id":"https:\/\/laprensacristiana.com\/?p=12950","url":"https:\/\/laprensacristiana.com\/?p=12950","name":"Tus pecados te son perdonados\u2026 - La Prensa Cristiana","isPartOf":{"@id":"https:\/\/laprensacristiana.com\/#website"},"datePublished":"2021-12-22T14:52:07+00:00","dateModified":"2021-12-22T14:52:07+00:00","author":{"@id":"https:\/\/laprensacristiana.com\/#\/schema\/person\/3e7d82c6bfd6b1fa67010f8f7cd5256e"},"breadcrumb":{"@id":"https:\/\/laprensacristiana.com\/?p=12950#breadcrumb"},"inLanguage":"es","potentialAction":[{"@type":"ReadAction","target":["https:\/\/laprensacristiana.com\/?p=12950"]}]},{"@type":"BreadcrumbList","@id":"https:\/\/laprensacristiana.com\/?p=12950#breadcrumb","itemListElement":[{"@type":"ListItem","position":1,"name":"Portada","item":"https:\/\/laprensacristiana.com\/"},{"@type":"ListItem","position":2,"name":"Tus pecados te son perdonados\u2026"}]},{"@type":"WebSite","@id":"https:\/\/laprensacristiana.com\/#website","url":"https:\/\/laprensacristiana.com\/","name":"La Prensa Cristiana","description":"Anunciando Las Buenas Nuevas","potentialAction":[{"@type":"SearchAction","target":{"@type":"EntryPoint","urlTemplate":"https:\/\/laprensacristiana.com\/?s={search_term_string}"},"query-input":"required name=search_term_string"}],"inLanguage":"es"},{"@type":"Person","@id":"https:\/\/laprensacristiana.com\/#\/schema\/person\/3e7d82c6bfd6b1fa67010f8f7cd5256e","name":"EDITOR","image":{"@type":"ImageObject","inLanguage":"es","@id":"https:\/\/laprensacristiana.com\/#\/schema\/person\/image\/","url":"https:\/\/secure.gravatar.com\/avatar\/72069dfb6c13772d9e8381e3638666d2?s=96&d=mm&r=g","contentUrl":"https:\/\/secure.gravatar.com\/avatar\/72069dfb6c13772d9e8381e3638666d2?s=96&d=mm&r=g","caption":"EDITOR"},"url":"https:\/\/laprensacristiana.com\/?author=3"}]}},"_links":{"self":[{"href":"https:\/\/laprensacristiana.com\/index.php?rest_route=\/wp\/v2\/posts\/12950"}],"collection":[{"href":"https:\/\/laprensacristiana.com\/index.php?rest_route=\/wp\/v2\/posts"}],"about":[{"href":"https:\/\/laprensacristiana.com\/index.php?rest_route=\/wp\/v2\/types\/post"}],"author":[{"embeddable":true,"href":"https:\/\/laprensacristiana.com\/index.php?rest_route=\/wp\/v2\/users\/3"}],"replies":[{"embeddable":true,"href":"https:\/\/laprensacristiana.com\/index.php?rest_route=%2Fwp%2Fv2%2Fcomments&post=12950"}],"version-history":[{"count":1,"href":"https:\/\/laprensacristiana.com\/index.php?rest_route=\/wp\/v2\/posts\/12950\/revisions"}],"predecessor-version":[{"id":12951,"href":"https:\/\/laprensacristiana.com\/index.php?rest_route=\/wp\/v2\/posts\/12950\/revisions\/12951"}],"wp:featuredmedia":[{"embeddable":true,"href":"https:\/\/laprensacristiana.com\/index.php?rest_route=\/wp\/v2\/media\/12838"}],"wp:attachment":[{"href":"https:\/\/laprensacristiana.com\/index.php?rest_route=%2Fwp%2Fv2%2Fmedia&parent=12950"}],"wp:term":[{"taxonomy":"category","embeddable":true,"href":"https:\/\/laprensacristiana.com\/index.php?rest_route=%2Fwp%2Fv2%2Fcategories&post=12950"},{"taxonomy":"post_tag","embeddable":true,"href":"https:\/\/laprensacristiana.com\/index.php?rest_route=%2Fwp%2Fv2%2Ftags&post=12950"}],"curies":[{"name":"wp","href":"https:\/\/api.w.org\/{rel}","templated":true}]}}