{"id":12985,"date":"2022-01-03T15:11:37","date_gmt":"2022-01-03T15:11:37","guid":{"rendered":"https:\/\/laprensacristiana.com\/?p=12985"},"modified":"2022-01-03T15:11:38","modified_gmt":"2022-01-03T15:11:38","slug":"feliz-ano-nuevo","status":"publish","type":"post","link":"https:\/\/laprensacristiana.com\/?p=12985","title":{"rendered":"\u00a1Feliz A\u00f1o Nuevo\u2026!"},"content":{"rendered":"\n<p>1 Samuel 30:1-2&nbsp;\u201cY aconteci\u00f3&nbsp;que cuando David y sus hombres llegaron a Siclag al tercer d\u00eda, los amalecitas hab\u00edan hecho una incursi\u00f3n en el Neguev y contra Siclag, y hab\u00edan asolado a Siclag y la hab\u00edan incendiado;&nbsp;y se llevaron cautivas las mujeres y a todos los que estaban en ella, grandes y peque\u00f1os, sin dar muerte a nadie; se los llevaron y siguieron su camino\u201d<\/p>\n\n\n\n<p>\u00a1Ufff! Se acab\u00f3&nbsp;el a\u00f1o. Esperamos que tambi\u00e9n se haya acabado la pandemia. La cuarentena. El&nbsp;\u00d3mnicrom, las deudas, la mala conducta del hijo rebelde, la infidelidad del esposo ma\u00f1oso, la violencia callejera y las maras.<\/p>\n\n\n\n<p>S\u00ed, eso esperamos muchos. Anoche muchos se reunieron en familia para esperar la llegada del a\u00f1o nuevo 2022 con esperanzas, con fe y con muchos deseos de que todo sea diferente. &nbsp;Que al fin puedan hacer el viaje a USA que tanto han planeado pero que no se pudo hacer por tanto papeleo. O hubo alguien que espera que llegue su pareja tanto tiempo esperada, que al fin pueda lucir en su dedo el anillo de compromiso. &nbsp;Quiz\u00e1&nbsp;hubo alguien que dese\u00f3&nbsp;alcanzar otro nivel espiritual para agradar al Se\u00f1or con un compromiso m\u00e1s elevado.<\/p>\n\n\n\n<p>En fin, los deseos no faltaron. Incluso, paganismo aparte, quiz\u00e1&nbsp;hubo alguien que se comi\u00f3&nbsp;las doce uvas a las doce para pedir un deseo para cada mes. &nbsp;Pero lo que no faltaron fueron las risas, los abrazos, una que otra l\u00e1grima de emoci\u00f3n y uno que otro beso robado a la muchacha en escondidas de sus padres y del cu\u00f1ado.<\/p>\n\n\n\n<p>Todo transcurri\u00f3&nbsp;entre la salsa del pavo y los panes que abundaron, gracias al Se\u00f1or.<\/p>\n\n\n\n<p>Pero\u2026<\/p>\n\n\n\n<p>Y que conste, no quiero ser un aguafiestas ni arruinarles sus buenos deseos, mis queridos lectores, pero f\u00edjense que en una pel\u00edcula que no vi pero le\u00ed&nbsp;el libro, uno de los protagonistas que ha quedado n\u00e1ufrago en una playa dice unas palabras que me vienen a la mente:&nbsp;\u201c\u00a1quien sabe qu\u00e9&nbsp;traer\u00e1&nbsp;la marea ma\u00f1ana\u2026!<\/p>\n\n\n\n<p>Eso es lo que no se esperaban David y sus hombres cuando regresan de una batalla. &nbsp;Samuel lo cuenta con lujo de detalles. &nbsp;Llegan contentos, agradecidos con el Se\u00f1or porque les ha librado de sus enemigos. &nbsp;Llegan cansados y hambrientos, esperando que sus ni\u00f1os les salgan a recibir como h\u00e9roes y victoriosos y que sus esposas les preparen un buen filete de carne para reponer fuerzas.<\/p>\n\n\n\n<p>Pero no sucedi\u00f3&nbsp;nada de eso. Su campamento estaba humeando, todo destruido, sus ni\u00f1os y sus mujeres estaban ausentes, todos hab\u00edan sido llevados cautivos. &nbsp;Nadie les sali\u00f3&nbsp;a recibir, ninguna mujer les cocin\u00f3&nbsp;nada y en vez de risas y alegr\u00edas, cuando llegaron a su campamento en Siclag, lo que hubo fueron l\u00e1grimas, lloro y tristeza.<\/p>\n\n\n\n<p>Y David estaba entre ellos. At\u00f3nito, sorprendido, furioso, triste y dolorido. No era lo que se esperaban. No era con lo que so\u00f1aban cuando iban en camino a su reuni\u00f3n familiar. &nbsp;No era lo que hab\u00edan planeado para cuando llegaran al encuentro de sus familias.<\/p>\n\n\n\n<p>Como suceder\u00e1&nbsp;con muchos de los que anoche estuvieron celebrando entre risas, confetis, tamales y panes con pavo. &nbsp;Es lo mismo quiz\u00e1&nbsp;que suceder\u00e1&nbsp;con algunos que hicieron planes de una buena proyecci\u00f3n para el a\u00f1o venidero, para cuando llegaran al encuentro de cada mes de su calendario.<\/p>\n\n\n\n<p>Espero que no se angustien, pero quiz\u00e1&nbsp;alguien no proyect\u00f3&nbsp;que podr\u00eda haber desempleo. O quiz\u00e1&nbsp;otra cuarentena. O que su empresa quebrar\u00eda y dejar\u00eda en la pobreza a unas cuantas familias incluyendo la suya propia.<\/p>\n\n\n\n<p>Que no le iban a dar la visa para viajar y que perdi\u00f3&nbsp;el boleto que compr\u00f3&nbsp;al cr\u00e9dito por fe. Que regresaron a su familiar los de la Migra porque al fin lo encontraron sin papeles y se acabaron las remesas.<\/p>\n\n\n\n<p>\u00bfQue hizo David en aquellos momentos en que la tragedia no esperada se encontr\u00f3&nbsp;en su v\u00e9rtice del camino? Llor\u00f3. Grit\u00f3. Se tir\u00f3&nbsp;al suelo y se lament\u00f3. Pero no se qued\u00f3&nbsp;all\u00ed: 1 Samuel 30:8&nbsp;\u201cY David consult\u00f3&nbsp;al SE\u00d1OR\u2026\u201d&nbsp;En momentos de angustia, de dolor e incertidumbre, lo&nbsp;\u00fanico que nos quedar\u00e1&nbsp;en cualquiera de los doce meses venideros, ser\u00e1&nbsp;consultar con el Se\u00f1or. No con el Presidente. Ni con el pastor. Es consultar con el Se\u00f1or qu\u00e9&nbsp;debemos hacer.<\/p>\n\n\n\n<p>Esta es la clave que tenemos que tener presente por si las cosas no salen como las planeamos anoche. Como decimos en Guatemala: Por si las moscas\u2026<\/p>\n","protected":false},"excerpt":{"rendered":"<p>1 Samuel 30:1-2&nbsp;\u201cY aconteci\u00f3&nbsp;que cuando David y sus hombres llegaron a Siclag al tercer d\u00eda, los amalecitas hab\u00edan hecho una incursi\u00f3n en el Neguev y contra Siclag, y hab\u00edan asolado a Siclag y la hab\u00edan incendiado;&nbsp;y se llevaron cautivas las mujeres y a todos los que estaban en ella, grandes y peque\u00f1os, sin dar muerte [&hellip;]<\/p>\n","protected":false},"author":3,"featured_media":12838,"comment_status":"open","ping_status":"open","sticky":false,"template":"","format":"standard","meta":[],"categories":[36],"tags":[],"yoast_head":"<!-- This site is optimized with the Yoast SEO plugin v20.8 - https:\/\/yoast.com\/wordpress\/plugins\/seo\/ -->\n<title>\u00a1Feliz A\u00f1o Nuevo\u2026! - La Prensa Cristiana<\/title>\n<meta name=\"robots\" content=\"index, follow, max-snippet:-1, max-image-preview:large, max-video-preview:-1\" \/>\n<link rel=\"canonical\" href=\"https:\/\/laprensacristiana.com\/?p=12985\" \/>\n<meta property=\"og:locale\" content=\"es_ES\" \/>\n<meta property=\"og:type\" content=\"article\" \/>\n<meta property=\"og:title\" content=\"\u00a1Feliz A\u00f1o Nuevo\u2026! - La Prensa Cristiana\" \/>\n<meta property=\"og:description\" content=\"1 Samuel 30:1-2&nbsp;\u201cY aconteci\u00f3&nbsp;que cuando David y sus hombres llegaron a Siclag al tercer d\u00eda, los amalecitas hab\u00edan hecho una incursi\u00f3n en el Neguev y contra Siclag, y hab\u00edan asolado a Siclag y la hab\u00edan incendiado;&nbsp;y se llevaron cautivas las mujeres y a todos los que estaban en ella, grandes y peque\u00f1os, sin dar muerte [&hellip;]\" \/>\n<meta property=\"og:url\" content=\"https:\/\/laprensacristiana.com\/?p=12985\" \/>\n<meta property=\"og:site_name\" content=\"La Prensa Cristiana\" \/>\n<meta property=\"article:published_time\" content=\"2022-01-03T15:11:37+00:00\" \/>\n<meta property=\"article:modified_time\" content=\"2022-01-03T15:11:38+00:00\" \/>\n<meta property=\"og:image\" content=\"https:\/\/laprensacristiana.com\/wp-content\/uploads\/2021\/11\/IMG_20210215_163352_769-1.jpg\" \/>\n\t<meta property=\"og:image:width\" content=\"1280\" \/>\n\t<meta property=\"og:image:height\" content=\"714\" \/>\n\t<meta property=\"og:image:type\" content=\"image\/jpeg\" \/>\n<meta name=\"author\" content=\"EDITOR\" \/>\n<meta name=\"twitter:card\" content=\"summary_large_image\" \/>\n<meta name=\"twitter:label1\" content=\"Escrito por\" \/>\n\t<meta name=\"twitter:data1\" content=\"EDITOR\" \/>\n\t<meta name=\"twitter:label2\" content=\"Tiempo de lectura\" \/>\n\t<meta name=\"twitter:data2\" content=\"4 minutos\" \/>\n<script type=\"application\/ld+json\" class=\"yoast-schema-graph\">{\"@context\":\"https:\/\/schema.org\",\"@graph\":[{\"@type\":\"WebPage\",\"@id\":\"https:\/\/laprensacristiana.com\/?p=12985\",\"url\":\"https:\/\/laprensacristiana.com\/?p=12985\",\"name\":\"\u00a1Feliz A\u00f1o Nuevo\u2026! - La Prensa Cristiana\",\"isPartOf\":{\"@id\":\"https:\/\/laprensacristiana.com\/#website\"},\"datePublished\":\"2022-01-03T15:11:37+00:00\",\"dateModified\":\"2022-01-03T15:11:38+00:00\",\"author\":{\"@id\":\"https:\/\/laprensacristiana.com\/#\/schema\/person\/3e7d82c6bfd6b1fa67010f8f7cd5256e\"},\"breadcrumb\":{\"@id\":\"https:\/\/laprensacristiana.com\/?p=12985#breadcrumb\"},\"inLanguage\":\"es\",\"potentialAction\":[{\"@type\":\"ReadAction\",\"target\":[\"https:\/\/laprensacristiana.com\/?p=12985\"]}]},{\"@type\":\"BreadcrumbList\",\"@id\":\"https:\/\/laprensacristiana.com\/?p=12985#breadcrumb\",\"itemListElement\":[{\"@type\":\"ListItem\",\"position\":1,\"name\":\"Portada\",\"item\":\"https:\/\/laprensacristiana.com\/\"},{\"@type\":\"ListItem\",\"position\":2,\"name\":\"\u00a1Feliz A\u00f1o Nuevo\u2026!\"}]},{\"@type\":\"WebSite\",\"@id\":\"https:\/\/laprensacristiana.com\/#website\",\"url\":\"https:\/\/laprensacristiana.com\/\",\"name\":\"La Prensa Cristiana\",\"description\":\"Anunciando Las Buenas Nuevas\",\"potentialAction\":[{\"@type\":\"SearchAction\",\"target\":{\"@type\":\"EntryPoint\",\"urlTemplate\":\"https:\/\/laprensacristiana.com\/?s={search_term_string}\"},\"query-input\":\"required name=search_term_string\"}],\"inLanguage\":\"es\"},{\"@type\":\"Person\",\"@id\":\"https:\/\/laprensacristiana.com\/#\/schema\/person\/3e7d82c6bfd6b1fa67010f8f7cd5256e\",\"name\":\"EDITOR\",\"image\":{\"@type\":\"ImageObject\",\"inLanguage\":\"es\",\"@id\":\"https:\/\/laprensacristiana.com\/#\/schema\/person\/image\/\",\"url\":\"https:\/\/secure.gravatar.com\/avatar\/72069dfb6c13772d9e8381e3638666d2?s=96&d=mm&r=g\",\"contentUrl\":\"https:\/\/secure.gravatar.com\/avatar\/72069dfb6c13772d9e8381e3638666d2?s=96&d=mm&r=g\",\"caption\":\"EDITOR\"},\"url\":\"https:\/\/laprensacristiana.com\/?author=3\"}]}<\/script>\n<!-- \/ Yoast SEO plugin. -->","yoast_head_json":{"title":"\u00a1Feliz A\u00f1o Nuevo\u2026! - La Prensa Cristiana","robots":{"index":"index","follow":"follow","max-snippet":"max-snippet:-1","max-image-preview":"max-image-preview:large","max-video-preview":"max-video-preview:-1"},"canonical":"https:\/\/laprensacristiana.com\/?p=12985","og_locale":"es_ES","og_type":"article","og_title":"\u00a1Feliz A\u00f1o Nuevo\u2026! - La Prensa Cristiana","og_description":"1 Samuel 30:1-2&nbsp;\u201cY aconteci\u00f3&nbsp;que cuando David y sus hombres llegaron a Siclag al tercer d\u00eda, los amalecitas hab\u00edan hecho una incursi\u00f3n en el Neguev y contra Siclag, y hab\u00edan asolado a Siclag y la hab\u00edan incendiado;&nbsp;y se llevaron cautivas las mujeres y a todos los que estaban en ella, grandes y peque\u00f1os, sin dar muerte [&hellip;]","og_url":"https:\/\/laprensacristiana.com\/?p=12985","og_site_name":"La Prensa Cristiana","article_published_time":"2022-01-03T15:11:37+00:00","article_modified_time":"2022-01-03T15:11:38+00:00","og_image":[{"width":1280,"height":714,"url":"https:\/\/laprensacristiana.com\/wp-content\/uploads\/2021\/11\/IMG_20210215_163352_769-1.jpg","type":"image\/jpeg"}],"author":"EDITOR","twitter_card":"summary_large_image","twitter_misc":{"Escrito por":"EDITOR","Tiempo de lectura":"4 minutos"},"schema":{"@context":"https:\/\/schema.org","@graph":[{"@type":"WebPage","@id":"https:\/\/laprensacristiana.com\/?p=12985","url":"https:\/\/laprensacristiana.com\/?p=12985","name":"\u00a1Feliz A\u00f1o Nuevo\u2026! - La Prensa Cristiana","isPartOf":{"@id":"https:\/\/laprensacristiana.com\/#website"},"datePublished":"2022-01-03T15:11:37+00:00","dateModified":"2022-01-03T15:11:38+00:00","author":{"@id":"https:\/\/laprensacristiana.com\/#\/schema\/person\/3e7d82c6bfd6b1fa67010f8f7cd5256e"},"breadcrumb":{"@id":"https:\/\/laprensacristiana.com\/?p=12985#breadcrumb"},"inLanguage":"es","potentialAction":[{"@type":"ReadAction","target":["https:\/\/laprensacristiana.com\/?p=12985"]}]},{"@type":"BreadcrumbList","@id":"https:\/\/laprensacristiana.com\/?p=12985#breadcrumb","itemListElement":[{"@type":"ListItem","position":1,"name":"Portada","item":"https:\/\/laprensacristiana.com\/"},{"@type":"ListItem","position":2,"name":"\u00a1Feliz A\u00f1o Nuevo\u2026!"}]},{"@type":"WebSite","@id":"https:\/\/laprensacristiana.com\/#website","url":"https:\/\/laprensacristiana.com\/","name":"La Prensa Cristiana","description":"Anunciando Las Buenas Nuevas","potentialAction":[{"@type":"SearchAction","target":{"@type":"EntryPoint","urlTemplate":"https:\/\/laprensacristiana.com\/?s={search_term_string}"},"query-input":"required name=search_term_string"}],"inLanguage":"es"},{"@type":"Person","@id":"https:\/\/laprensacristiana.com\/#\/schema\/person\/3e7d82c6bfd6b1fa67010f8f7cd5256e","name":"EDITOR","image":{"@type":"ImageObject","inLanguage":"es","@id":"https:\/\/laprensacristiana.com\/#\/schema\/person\/image\/","url":"https:\/\/secure.gravatar.com\/avatar\/72069dfb6c13772d9e8381e3638666d2?s=96&d=mm&r=g","contentUrl":"https:\/\/secure.gravatar.com\/avatar\/72069dfb6c13772d9e8381e3638666d2?s=96&d=mm&r=g","caption":"EDITOR"},"url":"https:\/\/laprensacristiana.com\/?author=3"}]}},"_links":{"self":[{"href":"https:\/\/laprensacristiana.com\/index.php?rest_route=\/wp\/v2\/posts\/12985"}],"collection":[{"href":"https:\/\/laprensacristiana.com\/index.php?rest_route=\/wp\/v2\/posts"}],"about":[{"href":"https:\/\/laprensacristiana.com\/index.php?rest_route=\/wp\/v2\/types\/post"}],"author":[{"embeddable":true,"href":"https:\/\/laprensacristiana.com\/index.php?rest_route=\/wp\/v2\/users\/3"}],"replies":[{"embeddable":true,"href":"https:\/\/laprensacristiana.com\/index.php?rest_route=%2Fwp%2Fv2%2Fcomments&post=12985"}],"version-history":[{"count":1,"href":"https:\/\/laprensacristiana.com\/index.php?rest_route=\/wp\/v2\/posts\/12985\/revisions"}],"predecessor-version":[{"id":12986,"href":"https:\/\/laprensacristiana.com\/index.php?rest_route=\/wp\/v2\/posts\/12985\/revisions\/12986"}],"wp:featuredmedia":[{"embeddable":true,"href":"https:\/\/laprensacristiana.com\/index.php?rest_route=\/wp\/v2\/media\/12838"}],"wp:attachment":[{"href":"https:\/\/laprensacristiana.com\/index.php?rest_route=%2Fwp%2Fv2%2Fmedia&parent=12985"}],"wp:term":[{"taxonomy":"category","embeddable":true,"href":"https:\/\/laprensacristiana.com\/index.php?rest_route=%2Fwp%2Fv2%2Fcategories&post=12985"},{"taxonomy":"post_tag","embeddable":true,"href":"https:\/\/laprensacristiana.com\/index.php?rest_route=%2Fwp%2Fv2%2Ftags&post=12985"}],"curies":[{"name":"wp","href":"https:\/\/api.w.org\/{rel}","templated":true}]}}