{"id":13018,"date":"2022-01-07T14:36:58","date_gmt":"2022-01-07T14:36:58","guid":{"rendered":"https:\/\/laprensacristiana.com\/?p=13018"},"modified":"2022-01-07T14:41:23","modified_gmt":"2022-01-07T14:41:23","slug":"nosotros-no-percibimos-una-persecucion-religiosa-pastor-luis-angel-diaz","status":"publish","type":"post","link":"https:\/\/laprensacristiana.com\/?p=13018","title":{"rendered":"\u201cNosotros no percibimos una persecuci\u00f3n religiosa\u201d: Pastor Luis \u00c1ngel D\u00edaz"},"content":{"rendered":"\n<p>La Alianza Evang\u00e9lica de El Salvador brind\u00f3 su postura sobre diversos temas de naci\u00f3n en la Entrevista AM de Canal 10, los pastores Luis \u00c1ngel D\u00edaz y Josu\u00e9 Uma\u00f1a indicaron su perspectiva sobre seguridad, econom\u00eda, libertad religiosa entre otros.<\/p>\n\n\n\n<p>Referente a la composici\u00f3n de la nueva Asamblea Legislativa el pastor D\u00edaz lament\u00f3 que la clase pol\u00edtica anterior no hubiera administrado la oportunidad que tuvieron de poder servir, \u201cLa clase pol\u00edtica tiene que redefinirse\u201d, destac\u00f3.<\/p>\n\n\n\n<p>Por su parte el pastor Uma\u00f1a se refiri\u00f3 a la administraci\u00f3n de Justicia en el pa\u00eds expresando que: \u201cDios es un Dios de justicia, su reino es de justicia, que un pa\u00eds anhele la verdad no es pecado, estos procesos de esclarecimiento va a llevar a que las generaciones pr\u00f3ximas no cometan esta clase de errores\u201d indic\u00f3.<\/p>\n\n\n\n<p>Tambi\u00e9n consideran que los avances en materia de gobierno son la respuesta a una gran cantidad de oraciones que se han realizado de manera constante como Iglesia Evang\u00e9lica.<\/p>\n\n\n\n<p>Acerca de la libertad religiosa la periodista Marisol Doratt consult\u00f3 al pastor D\u00edaz si \u00bfConsidera que esta se est\u00e1 viendo amenazada en el pa\u00eds? \u201cNosotros no percibimos una persecuci\u00f3n religiosa, como pa\u00eds nosotros si tenemos que prevenir que no llegue a suceder esto en nuestra naci\u00f3n, en otros pa\u00edses a ra\u00edz de la ideolog\u00eda de g\u00e9nero las instituciones religiosas vienen a ser amordazadas, hoy por hoy nosotros no percibimos una persecuci\u00f3n religiosa\u201d, refiri\u00f3.<\/p>\n\n\n\n<p>En el cierre de la entrevista el presidente de la Alianza Evang\u00e9lica recalc\u00f3 la apertura que han tenido para poder participar en diferentes procesos con su opini\u00f3n: \u201cNosotros consideramos que en esta \u00e9poca la Iglesia Evang\u00e9lica ha tenido m\u00e1s oportunidad para expresarse, siempre nosotros vamos a hablar desde la base de los principios b\u00edblicos, no tenemos postura pol\u00edtico partidarista. Este pa\u00eds va a mejorar en la medida que exista mayor participaci\u00f3n\u201d. Concluy\u00f3 el pastor D\u00edaz.<\/p>\n\n\n\n<figure class=\"wp-block-embed-youtube wp-block-embed is-type-video is-provider-youtube wp-embed-aspect-16-9 wp-has-aspect-ratio\"><div class=\"wp-block-embed__wrapper\">\n<div class=\"youtube-embed\" data-video_id=\"vzBz4F5SP1I\"><iframe loading=\"lazy\" title=\"Entrevista AM - 07 de Enero de 2022\" width=\"696\" height=\"392\" src=\"https:\/\/www.youtube.com\/embed\/vzBz4F5SP1I?feature=oembed&#038;enablejsapi=1&#038;enablejsapi=1\" frameborder=\"0\" allow=\"accelerometer; autoplay; clipboard-write; encrypted-media; gyroscope; picture-in-picture\" allowfullscreen><\/iframe><\/div>\n<\/div><\/figure>\n","protected":false},"excerpt":{"rendered":"<p>La Alianza Evang\u00e9lica de El Salvador brind\u00f3 su postura sobre diversos temas de naci\u00f3n en la Entrevista AM de Canal 10, los pastores Luis \u00c1ngel D\u00edaz y Josu\u00e9 Uma\u00f1a indicaron su perspectiva sobre seguridad, econom\u00eda, libertad religiosa entre otros. Referente a la composici\u00f3n de la nueva Asamblea Legislativa el pastor D\u00edaz lament\u00f3 que la clase [&hellip;]<\/p>\n","protected":false},"author":3,"featured_media":13019,"comment_status":"open","ping_status":"open","sticky":false,"template":"","format":"standard","meta":[],"categories":[56],"tags":[],"yoast_head":"<!-- This site is optimized with the Yoast SEO plugin v20.8 - https:\/\/yoast.com\/wordpress\/plugins\/seo\/ -->\n<title>\u201cNosotros no percibimos una persecuci\u00f3n religiosa\u201d: Pastor Luis \u00c1ngel D\u00edaz - La Prensa Cristiana<\/title>\n<meta name=\"robots\" content=\"index, follow, max-snippet:-1, max-image-preview:large, max-video-preview:-1\" \/>\n<link rel=\"canonical\" href=\"https:\/\/laprensacristiana.com\/?p=13018\" \/>\n<meta property=\"og:locale\" content=\"es_ES\" \/>\n<meta property=\"og:type\" content=\"article\" \/>\n<meta property=\"og:title\" content=\"\u201cNosotros no percibimos una persecuci\u00f3n religiosa\u201d: Pastor Luis \u00c1ngel D\u00edaz - La Prensa Cristiana\" \/>\n<meta property=\"og:description\" content=\"La Alianza Evang\u00e9lica de El Salvador brind\u00f3 su postura sobre diversos temas de naci\u00f3n en la Entrevista AM de Canal 10, los pastores Luis \u00c1ngel D\u00edaz y Josu\u00e9 Uma\u00f1a indicaron su perspectiva sobre seguridad, econom\u00eda, libertad religiosa entre otros. Referente a la composici\u00f3n de la nueva Asamblea Legislativa el pastor D\u00edaz lament\u00f3 que la clase [&hellip;]\" \/>\n<meta property=\"og:url\" content=\"https:\/\/laprensacristiana.com\/?p=13018\" \/>\n<meta property=\"og:site_name\" content=\"La Prensa Cristiana\" \/>\n<meta property=\"article:published_time\" content=\"2022-01-07T14:36:58+00:00\" \/>\n<meta property=\"article:modified_time\" content=\"2022-01-07T14:41:23+00:00\" \/>\n<meta property=\"og:image\" content=\"https:\/\/laprensacristiana.com\/wp-content\/uploads\/2022\/01\/WhatsApp-Image-2022-01-07-at-07.42.42.jpeg\" \/>\n\t<meta property=\"og:image:width\" content=\"1024\" \/>\n\t<meta property=\"og:image:height\" content=\"576\" \/>\n\t<meta property=\"og:image:type\" content=\"image\/jpeg\" \/>\n<meta name=\"author\" content=\"EDITOR\" \/>\n<meta name=\"twitter:card\" content=\"summary_large_image\" \/>\n<meta name=\"twitter:label1\" content=\"Escrito por\" \/>\n\t<meta name=\"twitter:data1\" content=\"EDITOR\" \/>\n\t<meta name=\"twitter:label2\" content=\"Tiempo de lectura\" \/>\n\t<meta name=\"twitter:data2\" content=\"2 minutos\" \/>\n<script type=\"application\/ld+json\" class=\"yoast-schema-graph\">{\"@context\":\"https:\/\/schema.org\",\"@graph\":[{\"@type\":\"WebPage\",\"@id\":\"https:\/\/laprensacristiana.com\/?p=13018\",\"url\":\"https:\/\/laprensacristiana.com\/?p=13018\",\"name\":\"\u201cNosotros no percibimos una persecuci\u00f3n religiosa\u201d: Pastor Luis \u00c1ngel D\u00edaz - La Prensa Cristiana\",\"isPartOf\":{\"@id\":\"https:\/\/laprensacristiana.com\/#website\"},\"datePublished\":\"2022-01-07T14:36:58+00:00\",\"dateModified\":\"2022-01-07T14:41:23+00:00\",\"author\":{\"@id\":\"https:\/\/laprensacristiana.com\/#\/schema\/person\/3e7d82c6bfd6b1fa67010f8f7cd5256e\"},\"breadcrumb\":{\"@id\":\"https:\/\/laprensacristiana.com\/?p=13018#breadcrumb\"},\"inLanguage\":\"es\",\"potentialAction\":[{\"@type\":\"ReadAction\",\"target\":[\"https:\/\/laprensacristiana.com\/?p=13018\"]}]},{\"@type\":\"BreadcrumbList\",\"@id\":\"https:\/\/laprensacristiana.com\/?p=13018#breadcrumb\",\"itemListElement\":[{\"@type\":\"ListItem\",\"position\":1,\"name\":\"Portada\",\"item\":\"https:\/\/laprensacristiana.com\/\"},{\"@type\":\"ListItem\",\"position\":2,\"name\":\"\u201cNosotros no percibimos una persecuci\u00f3n religiosa\u201d: Pastor Luis \u00c1ngel D\u00edaz\"}]},{\"@type\":\"WebSite\",\"@id\":\"https:\/\/laprensacristiana.com\/#website\",\"url\":\"https:\/\/laprensacristiana.com\/\",\"name\":\"La Prensa Cristiana\",\"description\":\"Anunciando Las Buenas Nuevas\",\"potentialAction\":[{\"@type\":\"SearchAction\",\"target\":{\"@type\":\"EntryPoint\",\"urlTemplate\":\"https:\/\/laprensacristiana.com\/?s={search_term_string}\"},\"query-input\":\"required name=search_term_string\"}],\"inLanguage\":\"es\"},{\"@type\":\"Person\",\"@id\":\"https:\/\/laprensacristiana.com\/#\/schema\/person\/3e7d82c6bfd6b1fa67010f8f7cd5256e\",\"name\":\"EDITOR\",\"image\":{\"@type\":\"ImageObject\",\"inLanguage\":\"es\",\"@id\":\"https:\/\/laprensacristiana.com\/#\/schema\/person\/image\/\",\"url\":\"https:\/\/secure.gravatar.com\/avatar\/72069dfb6c13772d9e8381e3638666d2?s=96&d=mm&r=g\",\"contentUrl\":\"https:\/\/secure.gravatar.com\/avatar\/72069dfb6c13772d9e8381e3638666d2?s=96&d=mm&r=g\",\"caption\":\"EDITOR\"},\"url\":\"https:\/\/laprensacristiana.com\/?author=3\"}]}<\/script>\n<!-- \/ Yoast SEO plugin. -->","yoast_head_json":{"title":"\u201cNosotros no percibimos una persecuci\u00f3n religiosa\u201d: Pastor Luis \u00c1ngel D\u00edaz - La Prensa Cristiana","robots":{"index":"index","follow":"follow","max-snippet":"max-snippet:-1","max-image-preview":"max-image-preview:large","max-video-preview":"max-video-preview:-1"},"canonical":"https:\/\/laprensacristiana.com\/?p=13018","og_locale":"es_ES","og_type":"article","og_title":"\u201cNosotros no percibimos una persecuci\u00f3n religiosa\u201d: Pastor Luis \u00c1ngel D\u00edaz - La Prensa Cristiana","og_description":"La Alianza Evang\u00e9lica de El Salvador brind\u00f3 su postura sobre diversos temas de naci\u00f3n en la Entrevista AM de Canal 10, los pastores Luis \u00c1ngel D\u00edaz y Josu\u00e9 Uma\u00f1a indicaron su perspectiva sobre seguridad, econom\u00eda, libertad religiosa entre otros. Referente a la composici\u00f3n de la nueva Asamblea Legislativa el pastor D\u00edaz lament\u00f3 que la clase [&hellip;]","og_url":"https:\/\/laprensacristiana.com\/?p=13018","og_site_name":"La Prensa Cristiana","article_published_time":"2022-01-07T14:36:58+00:00","article_modified_time":"2022-01-07T14:41:23+00:00","og_image":[{"width":1024,"height":576,"url":"https:\/\/laprensacristiana.com\/wp-content\/uploads\/2022\/01\/WhatsApp-Image-2022-01-07-at-07.42.42.jpeg","type":"image\/jpeg"}],"author":"EDITOR","twitter_card":"summary_large_image","twitter_misc":{"Escrito por":"EDITOR","Tiempo de lectura":"2 minutos"},"schema":{"@context":"https:\/\/schema.org","@graph":[{"@type":"WebPage","@id":"https:\/\/laprensacristiana.com\/?p=13018","url":"https:\/\/laprensacristiana.com\/?p=13018","name":"\u201cNosotros no percibimos una persecuci\u00f3n religiosa\u201d: Pastor Luis \u00c1ngel D\u00edaz - La Prensa Cristiana","isPartOf":{"@id":"https:\/\/laprensacristiana.com\/#website"},"datePublished":"2022-01-07T14:36:58+00:00","dateModified":"2022-01-07T14:41:23+00:00","author":{"@id":"https:\/\/laprensacristiana.com\/#\/schema\/person\/3e7d82c6bfd6b1fa67010f8f7cd5256e"},"breadcrumb":{"@id":"https:\/\/laprensacristiana.com\/?p=13018#breadcrumb"},"inLanguage":"es","potentialAction":[{"@type":"ReadAction","target":["https:\/\/laprensacristiana.com\/?p=13018"]}]},{"@type":"BreadcrumbList","@id":"https:\/\/laprensacristiana.com\/?p=13018#breadcrumb","itemListElement":[{"@type":"ListItem","position":1,"name":"Portada","item":"https:\/\/laprensacristiana.com\/"},{"@type":"ListItem","position":2,"name":"\u201cNosotros no percibimos una persecuci\u00f3n religiosa\u201d: Pastor Luis \u00c1ngel D\u00edaz"}]},{"@type":"WebSite","@id":"https:\/\/laprensacristiana.com\/#website","url":"https:\/\/laprensacristiana.com\/","name":"La Prensa Cristiana","description":"Anunciando Las Buenas Nuevas","potentialAction":[{"@type":"SearchAction","target":{"@type":"EntryPoint","urlTemplate":"https:\/\/laprensacristiana.com\/?s={search_term_string}"},"query-input":"required name=search_term_string"}],"inLanguage":"es"},{"@type":"Person","@id":"https:\/\/laprensacristiana.com\/#\/schema\/person\/3e7d82c6bfd6b1fa67010f8f7cd5256e","name":"EDITOR","image":{"@type":"ImageObject","inLanguage":"es","@id":"https:\/\/laprensacristiana.com\/#\/schema\/person\/image\/","url":"https:\/\/secure.gravatar.com\/avatar\/72069dfb6c13772d9e8381e3638666d2?s=96&d=mm&r=g","contentUrl":"https:\/\/secure.gravatar.com\/avatar\/72069dfb6c13772d9e8381e3638666d2?s=96&d=mm&r=g","caption":"EDITOR"},"url":"https:\/\/laprensacristiana.com\/?author=3"}]}},"_links":{"self":[{"href":"https:\/\/laprensacristiana.com\/index.php?rest_route=\/wp\/v2\/posts\/13018"}],"collection":[{"href":"https:\/\/laprensacristiana.com\/index.php?rest_route=\/wp\/v2\/posts"}],"about":[{"href":"https:\/\/laprensacristiana.com\/index.php?rest_route=\/wp\/v2\/types\/post"}],"author":[{"embeddable":true,"href":"https:\/\/laprensacristiana.com\/index.php?rest_route=\/wp\/v2\/users\/3"}],"replies":[{"embeddable":true,"href":"https:\/\/laprensacristiana.com\/index.php?rest_route=%2Fwp%2Fv2%2Fcomments&post=13018"}],"version-history":[{"count":2,"href":"https:\/\/laprensacristiana.com\/index.php?rest_route=\/wp\/v2\/posts\/13018\/revisions"}],"predecessor-version":[{"id":13021,"href":"https:\/\/laprensacristiana.com\/index.php?rest_route=\/wp\/v2\/posts\/13018\/revisions\/13021"}],"wp:featuredmedia":[{"embeddable":true,"href":"https:\/\/laprensacristiana.com\/index.php?rest_route=\/wp\/v2\/media\/13019"}],"wp:attachment":[{"href":"https:\/\/laprensacristiana.com\/index.php?rest_route=%2Fwp%2Fv2%2Fmedia&parent=13018"}],"wp:term":[{"taxonomy":"category","embeddable":true,"href":"https:\/\/laprensacristiana.com\/index.php?rest_route=%2Fwp%2Fv2%2Fcategories&post=13018"},{"taxonomy":"post_tag","embeddable":true,"href":"https:\/\/laprensacristiana.com\/index.php?rest_route=%2Fwp%2Fv2%2Ftags&post=13018"}],"curies":[{"name":"wp","href":"https:\/\/api.w.org\/{rel}","templated":true}]}}