{"id":1303,"date":"2016-08-15T18:27:12","date_gmt":"2016-08-15T18:27:12","guid":{"rendered":"https:\/\/laprensacristiana.com\/?p=1303"},"modified":"2020-07-02T02:04:02","modified_gmt":"2020-07-02T02:04:02","slug":"acercandose-a-jesucristo-en-bicicleta","status":"publish","type":"post","link":"https:\/\/laprensacristiana.com\/?p=1303","title":{"rendered":"Acerc\u00e1ndose a Jesucristo en bicicleta"},"content":{"rendered":"<p>Por: Daniel Jovel<\/p>\n<p>Con el objetivo de poder hacer historia en el pa\u00eds, llevar bendici\u00f3n y trasladar la esperanza a cada rinc\u00f3n de \u00a0El Salvador, nace el Club de Ciclismo Cristiano \u201cPedaleando con Jesucristo\u201d, un club que acerca \u00a0las almas a Jes\u00fas, por medio del ciclismo de monta\u00f1a.<\/p>\n<p><img decoding=\"async\" loading=\"lazy\" class=\"alignnone size-medium wp-image-1304\" src=\"https:\/\/laprensacristiana.com\/wp-content\/uploads\/2016\/08\/IMG-20160811-WA0012-300x225.jpg\" alt=\"IMG-20160811-WA0012\" width=\"300\" height=\"225\" srcset=\"https:\/\/laprensacristiana.com\/wp-content\/uploads\/2016\/08\/IMG-20160811-WA0012-300x225.jpg 300w, https:\/\/laprensacristiana.com\/wp-content\/uploads\/2016\/08\/IMG-20160811-WA0012-600x450.jpg 600w, https:\/\/laprensacristiana.com\/wp-content\/uploads\/2016\/08\/IMG-20160811-WA0012-768x576.jpg 768w, https:\/\/laprensacristiana.com\/wp-content\/uploads\/2016\/08\/IMG-20160811-WA0012-1024x768.jpg 1024w, https:\/\/laprensacristiana.com\/wp-content\/uploads\/2016\/08\/IMG-20160811-WA0012-80x60.jpg 80w, https:\/\/laprensacristiana.com\/wp-content\/uploads\/2016\/08\/IMG-20160811-WA0012-265x198.jpg 265w, https:\/\/laprensacristiana.com\/wp-content\/uploads\/2016\/08\/IMG-20160811-WA0012-696x522.jpg 696w, https:\/\/laprensacristiana.com\/wp-content\/uploads\/2016\/08\/IMG-20160811-WA0012-560x420.jpg 560w, https:\/\/laprensacristiana.com\/wp-content\/uploads\/2016\/08\/IMG-20160811-WA0012.jpg 1040w\" sizes=\"(max-width: 300px) 100vw, 300px\" \/><\/p>\n<p>\u201cPedaleando con Jesucristo\u201d nace en el a\u00f1o 2006 por iniciativa del hermano Ricardo Rodr\u00edguez, mejor conocido como \u201cDitto\u201d; cuando por medio de un amigo conoce la disciplina de \u201cBicimonta\u00f1a\u201d y decide practicarlo.<\/p>\n<p>El \u201cHno. Ditto\u201d empez\u00f3 a motivar a sus amigos cercarnos a unirse, y que pudieran practicar este deporte, la insistencia que \u00e9l provoc\u00f3 en ellos, hizo que varios se unieran y empezaran a dar vida a este club.<\/p>\n<figure id=\"attachment_1305\" aria-describedby=\"caption-attachment-1305\" style=\"width: 300px\" class=\"wp-caption alignnone\"><img decoding=\"async\" loading=\"lazy\" class=\"size-medium wp-image-1305\" src=\"https:\/\/laprensacristiana.com\/wp-content\/uploads\/2016\/08\/IMG-20160811-WA0030-300x225.jpg\" alt=\"Club de Ciclismo Cristiano \u201cPedaleando con Jesucristo\u201d.\" width=\"300\" height=\"225\" srcset=\"https:\/\/laprensacristiana.com\/wp-content\/uploads\/2016\/08\/IMG-20160811-WA0030-300x225.jpg 300w, https:\/\/laprensacristiana.com\/wp-content\/uploads\/2016\/08\/IMG-20160811-WA0030-600x450.jpg 600w, https:\/\/laprensacristiana.com\/wp-content\/uploads\/2016\/08\/IMG-20160811-WA0030-768x576.jpg 768w, https:\/\/laprensacristiana.com\/wp-content\/uploads\/2016\/08\/IMG-20160811-WA0030-1024x768.jpg 1024w, https:\/\/laprensacristiana.com\/wp-content\/uploads\/2016\/08\/IMG-20160811-WA0030-80x60.jpg 80w, https:\/\/laprensacristiana.com\/wp-content\/uploads\/2016\/08\/IMG-20160811-WA0030-265x198.jpg 265w, https:\/\/laprensacristiana.com\/wp-content\/uploads\/2016\/08\/IMG-20160811-WA0030-696x522.jpg 696w, https:\/\/laprensacristiana.com\/wp-content\/uploads\/2016\/08\/IMG-20160811-WA0030-560x420.jpg 560w, https:\/\/laprensacristiana.com\/wp-content\/uploads\/2016\/08\/IMG-20160811-WA0030.jpg 1040w\" sizes=\"(max-width: 300px) 100vw, 300px\" \/><figcaption id=\"caption-attachment-1305\" class=\"wp-caption-text\">Club de Ciclismo Cristiano \u201cPedaleando con Jesucristo\u201d.<\/figcaption><\/figure>\n<p>Como primer paso de fe obtuvieron las primera 25 bicicletas, que dieron lugar a alianzas estrat\u00e9gicas, adem\u00e1s de poder crear rutas, ya con el equipo y competencias entre clubes nacionales. Pasos grandes que los han llevado a ser el primer grupo cristiano de ciclismo de monta\u00f1a a nivel nacional.<\/p>\n<p>Entre los principales logros que el club ha podido conseguir, est\u00e1n: haber alcanzado alrededor de 40 personas a Jesucristo, la entrega de vivieres, medicina y juguetes a los m\u00e1s necesitados, ganar primeros, segundos y terceros lugares en competencias importantes a nivel nacional, adem\u00e1s de la integraci\u00f3n de mujeres decididas a cambiar las estructuras, pensamientos y paradigmas creados por la sociedad.<\/p>\n<p><img decoding=\"async\" loading=\"lazy\" class=\"alignnone size-medium wp-image-1306\" src=\"https:\/\/laprensacristiana.com\/wp-content\/uploads\/2016\/08\/IMG-20160811-WA0019-225x300.jpg\" alt=\"IMG-20160811-WA0019\" width=\"225\" height=\"300\" srcset=\"https:\/\/laprensacristiana.com\/wp-content\/uploads\/2016\/08\/IMG-20160811-WA0019-225x300.jpg 225w, https:\/\/laprensacristiana.com\/wp-content\/uploads\/2016\/08\/IMG-20160811-WA0019-600x800.jpg 600w, https:\/\/laprensacristiana.com\/wp-content\/uploads\/2016\/08\/IMG-20160811-WA0019-768x1024.jpg 768w, https:\/\/laprensacristiana.com\/wp-content\/uploads\/2016\/08\/IMG-20160811-WA0019-696x928.jpg 696w, https:\/\/laprensacristiana.com\/wp-content\/uploads\/2016\/08\/IMG-20160811-WA0019-315x420.jpg 315w, https:\/\/laprensacristiana.com\/wp-content\/uploads\/2016\/08\/IMG-20160811-WA0019.jpg 780w\" sizes=\"(max-width: 225px) 100vw, 225px\" \/> <img decoding=\"async\" loading=\"lazy\" class=\"alignnone size-medium wp-image-1307\" src=\"https:\/\/laprensacristiana.com\/wp-content\/uploads\/2016\/08\/IMG-20160811-WA0025-300x225.jpg\" alt=\"IMG-20160811-WA0025\" width=\"300\" height=\"225\" srcset=\"https:\/\/laprensacristiana.com\/wp-content\/uploads\/2016\/08\/IMG-20160811-WA0025-300x225.jpg 300w, https:\/\/laprensacristiana.com\/wp-content\/uploads\/2016\/08\/IMG-20160811-WA0025-600x450.jpg 600w, https:\/\/laprensacristiana.com\/wp-content\/uploads\/2016\/08\/IMG-20160811-WA0025-768x576.jpg 768w, https:\/\/laprensacristiana.com\/wp-content\/uploads\/2016\/08\/IMG-20160811-WA0025-1024x768.jpg 1024w, https:\/\/laprensacristiana.com\/wp-content\/uploads\/2016\/08\/IMG-20160811-WA0025-80x60.jpg 80w, https:\/\/laprensacristiana.com\/wp-content\/uploads\/2016\/08\/IMG-20160811-WA0025-265x198.jpg 265w, https:\/\/laprensacristiana.com\/wp-content\/uploads\/2016\/08\/IMG-20160811-WA0025-696x522.jpg 696w, https:\/\/laprensacristiana.com\/wp-content\/uploads\/2016\/08\/IMG-20160811-WA0025-560x420.jpg 560w, https:\/\/laprensacristiana.com\/wp-content\/uploads\/2016\/08\/IMG-20160811-WA0025.jpg 1040w\" sizes=\"(max-width: 300px) 100vw, 300px\" \/><\/p>\n","protected":false},"excerpt":{"rendered":"<p>Por: Daniel Jovel Con el objetivo de poder hacer historia en el pa\u00eds, llevar bendici\u00f3n y trasladar la esperanza a cada rinc\u00f3n de \u00a0El Salvador, nace el Club de Ciclismo Cristiano \u201cPedaleando con Jesucristo\u201d, un club que acerca \u00a0las almas a Jes\u00fas, por medio del ciclismo de monta\u00f1a. \u201cPedaleando con Jesucristo\u201d nace en el a\u00f1o [&hellip;]<\/p>\n","protected":false},"author":3,"featured_media":1309,"comment_status":"open","ping_status":"open","sticky":false,"template":"","format":"standard","meta":[],"categories":[56],"tags":[],"yoast_head":"<!-- This site is optimized with the Yoast SEO plugin v20.8 - https:\/\/yoast.com\/wordpress\/plugins\/seo\/ -->\n<title>Acerc\u00e1ndose a Jesucristo en bicicleta - La Prensa Cristiana<\/title>\n<meta name=\"robots\" content=\"index, follow, max-snippet:-1, max-image-preview:large, max-video-preview:-1\" \/>\n<link rel=\"canonical\" href=\"https:\/\/laprensacristiana.com\/?p=1303\" \/>\n<meta property=\"og:locale\" content=\"es_ES\" \/>\n<meta property=\"og:type\" content=\"article\" \/>\n<meta property=\"og:title\" content=\"Acerc\u00e1ndose a Jesucristo en bicicleta - La Prensa Cristiana\" \/>\n<meta property=\"og:description\" content=\"Por: Daniel Jovel Con el objetivo de poder hacer historia en el pa\u00eds, llevar bendici\u00f3n y trasladar la esperanza a cada rinc\u00f3n de \u00a0El Salvador, nace el Club de Ciclismo Cristiano \u201cPedaleando con Jesucristo\u201d, un club que acerca \u00a0las almas a Jes\u00fas, por medio del ciclismo de monta\u00f1a. \u201cPedaleando con Jesucristo\u201d nace en el a\u00f1o [&hellip;]\" \/>\n<meta property=\"og:url\" content=\"https:\/\/laprensacristiana.com\/?p=1303\" \/>\n<meta property=\"og:site_name\" content=\"La Prensa Cristiana\" \/>\n<meta property=\"article:published_time\" content=\"2016-08-15T18:27:12+00:00\" \/>\n<meta property=\"article:modified_time\" content=\"2020-07-02T02:04:02+00:00\" \/>\n<meta property=\"og:image\" content=\"https:\/\/laprensacristiana.com\/wp-content\/uploads\/2016\/08\/13403876_1070121573060183_709882993982412557_o.jpg\" \/>\n\t<meta property=\"og:image:width\" content=\"2048\" \/>\n\t<meta property=\"og:image:height\" content=\"1152\" \/>\n\t<meta property=\"og:image:type\" content=\"image\/jpeg\" \/>\n<meta name=\"author\" content=\"EDITOR\" \/>\n<meta name=\"twitter:card\" content=\"summary_large_image\" \/>\n<meta name=\"twitter:label1\" content=\"Escrito por\" \/>\n\t<meta name=\"twitter:data1\" content=\"EDITOR\" \/>\n\t<meta name=\"twitter:label2\" content=\"Tiempo de lectura\" \/>\n\t<meta name=\"twitter:data2\" content=\"1 minuto\" \/>\n<script type=\"application\/ld+json\" class=\"yoast-schema-graph\">{\"@context\":\"https:\/\/schema.org\",\"@graph\":[{\"@type\":\"WebPage\",\"@id\":\"https:\/\/laprensacristiana.com\/?p=1303\",\"url\":\"https:\/\/laprensacristiana.com\/?p=1303\",\"name\":\"Acerc\u00e1ndose a Jesucristo en bicicleta - La Prensa Cristiana\",\"isPartOf\":{\"@id\":\"https:\/\/laprensacristiana.com\/#website\"},\"datePublished\":\"2016-08-15T18:27:12+00:00\",\"dateModified\":\"2020-07-02T02:04:02+00:00\",\"author\":{\"@id\":\"https:\/\/laprensacristiana.com\/#\/schema\/person\/3e7d82c6bfd6b1fa67010f8f7cd5256e\"},\"breadcrumb\":{\"@id\":\"https:\/\/laprensacristiana.com\/?p=1303#breadcrumb\"},\"inLanguage\":\"es\",\"potentialAction\":[{\"@type\":\"ReadAction\",\"target\":[\"https:\/\/laprensacristiana.com\/?p=1303\"]}]},{\"@type\":\"BreadcrumbList\",\"@id\":\"https:\/\/laprensacristiana.com\/?p=1303#breadcrumb\",\"itemListElement\":[{\"@type\":\"ListItem\",\"position\":1,\"name\":\"Portada\",\"item\":\"https:\/\/laprensacristiana.com\/\"},{\"@type\":\"ListItem\",\"position\":2,\"name\":\"Acerc\u00e1ndose a Jesucristo en bicicleta\"}]},{\"@type\":\"WebSite\",\"@id\":\"https:\/\/laprensacristiana.com\/#website\",\"url\":\"https:\/\/laprensacristiana.com\/\",\"name\":\"La Prensa Cristiana\",\"description\":\"Anunciando Las Buenas Nuevas\",\"potentialAction\":[{\"@type\":\"SearchAction\",\"target\":{\"@type\":\"EntryPoint\",\"urlTemplate\":\"https:\/\/laprensacristiana.com\/?s={search_term_string}\"},\"query-input\":\"required name=search_term_string\"}],\"inLanguage\":\"es\"},{\"@type\":\"Person\",\"@id\":\"https:\/\/laprensacristiana.com\/#\/schema\/person\/3e7d82c6bfd6b1fa67010f8f7cd5256e\",\"name\":\"EDITOR\",\"image\":{\"@type\":\"ImageObject\",\"inLanguage\":\"es\",\"@id\":\"https:\/\/laprensacristiana.com\/#\/schema\/person\/image\/\",\"url\":\"https:\/\/secure.gravatar.com\/avatar\/72069dfb6c13772d9e8381e3638666d2?s=96&d=mm&r=g\",\"contentUrl\":\"https:\/\/secure.gravatar.com\/avatar\/72069dfb6c13772d9e8381e3638666d2?s=96&d=mm&r=g\",\"caption\":\"EDITOR\"},\"url\":\"https:\/\/laprensacristiana.com\/?author=3\"}]}<\/script>\n<!-- \/ Yoast SEO plugin. -->","yoast_head_json":{"title":"Acerc\u00e1ndose a Jesucristo en bicicleta - La Prensa Cristiana","robots":{"index":"index","follow":"follow","max-snippet":"max-snippet:-1","max-image-preview":"max-image-preview:large","max-video-preview":"max-video-preview:-1"},"canonical":"https:\/\/laprensacristiana.com\/?p=1303","og_locale":"es_ES","og_type":"article","og_title":"Acerc\u00e1ndose a Jesucristo en bicicleta - La Prensa Cristiana","og_description":"Por: Daniel Jovel Con el objetivo de poder hacer historia en el pa\u00eds, llevar bendici\u00f3n y trasladar la esperanza a cada rinc\u00f3n de \u00a0El Salvador, nace el Club de Ciclismo Cristiano \u201cPedaleando con Jesucristo\u201d, un club que acerca \u00a0las almas a Jes\u00fas, por medio del ciclismo de monta\u00f1a. \u201cPedaleando con Jesucristo\u201d nace en el a\u00f1o [&hellip;]","og_url":"https:\/\/laprensacristiana.com\/?p=1303","og_site_name":"La Prensa Cristiana","article_published_time":"2016-08-15T18:27:12+00:00","article_modified_time":"2020-07-02T02:04:02+00:00","og_image":[{"width":2048,"height":1152,"url":"https:\/\/laprensacristiana.com\/wp-content\/uploads\/2016\/08\/13403876_1070121573060183_709882993982412557_o.jpg","type":"image\/jpeg"}],"author":"EDITOR","twitter_card":"summary_large_image","twitter_misc":{"Escrito por":"EDITOR","Tiempo de lectura":"1 minuto"},"schema":{"@context":"https:\/\/schema.org","@graph":[{"@type":"WebPage","@id":"https:\/\/laprensacristiana.com\/?p=1303","url":"https:\/\/laprensacristiana.com\/?p=1303","name":"Acerc\u00e1ndose a Jesucristo en bicicleta - La Prensa Cristiana","isPartOf":{"@id":"https:\/\/laprensacristiana.com\/#website"},"datePublished":"2016-08-15T18:27:12+00:00","dateModified":"2020-07-02T02:04:02+00:00","author":{"@id":"https:\/\/laprensacristiana.com\/#\/schema\/person\/3e7d82c6bfd6b1fa67010f8f7cd5256e"},"breadcrumb":{"@id":"https:\/\/laprensacristiana.com\/?p=1303#breadcrumb"},"inLanguage":"es","potentialAction":[{"@type":"ReadAction","target":["https:\/\/laprensacristiana.com\/?p=1303"]}]},{"@type":"BreadcrumbList","@id":"https:\/\/laprensacristiana.com\/?p=1303#breadcrumb","itemListElement":[{"@type":"ListItem","position":1,"name":"Portada","item":"https:\/\/laprensacristiana.com\/"},{"@type":"ListItem","position":2,"name":"Acerc\u00e1ndose a Jesucristo en bicicleta"}]},{"@type":"WebSite","@id":"https:\/\/laprensacristiana.com\/#website","url":"https:\/\/laprensacristiana.com\/","name":"La Prensa Cristiana","description":"Anunciando Las Buenas Nuevas","potentialAction":[{"@type":"SearchAction","target":{"@type":"EntryPoint","urlTemplate":"https:\/\/laprensacristiana.com\/?s={search_term_string}"},"query-input":"required name=search_term_string"}],"inLanguage":"es"},{"@type":"Person","@id":"https:\/\/laprensacristiana.com\/#\/schema\/person\/3e7d82c6bfd6b1fa67010f8f7cd5256e","name":"EDITOR","image":{"@type":"ImageObject","inLanguage":"es","@id":"https:\/\/laprensacristiana.com\/#\/schema\/person\/image\/","url":"https:\/\/secure.gravatar.com\/avatar\/72069dfb6c13772d9e8381e3638666d2?s=96&d=mm&r=g","contentUrl":"https:\/\/secure.gravatar.com\/avatar\/72069dfb6c13772d9e8381e3638666d2?s=96&d=mm&r=g","caption":"EDITOR"},"url":"https:\/\/laprensacristiana.com\/?author=3"}]}},"_links":{"self":[{"href":"https:\/\/laprensacristiana.com\/index.php?rest_route=\/wp\/v2\/posts\/1303"}],"collection":[{"href":"https:\/\/laprensacristiana.com\/index.php?rest_route=\/wp\/v2\/posts"}],"about":[{"href":"https:\/\/laprensacristiana.com\/index.php?rest_route=\/wp\/v2\/types\/post"}],"author":[{"embeddable":true,"href":"https:\/\/laprensacristiana.com\/index.php?rest_route=\/wp\/v2\/users\/3"}],"replies":[{"embeddable":true,"href":"https:\/\/laprensacristiana.com\/index.php?rest_route=%2Fwp%2Fv2%2Fcomments&post=1303"}],"version-history":[{"count":1,"href":"https:\/\/laprensacristiana.com\/index.php?rest_route=\/wp\/v2\/posts\/1303\/revisions"}],"predecessor-version":[{"id":1310,"href":"https:\/\/laprensacristiana.com\/index.php?rest_route=\/wp\/v2\/posts\/1303\/revisions\/1310"}],"wp:featuredmedia":[{"embeddable":true,"href":"https:\/\/laprensacristiana.com\/index.php?rest_route=\/wp\/v2\/media\/1309"}],"wp:attachment":[{"href":"https:\/\/laprensacristiana.com\/index.php?rest_route=%2Fwp%2Fv2%2Fmedia&parent=1303"}],"wp:term":[{"taxonomy":"category","embeddable":true,"href":"https:\/\/laprensacristiana.com\/index.php?rest_route=%2Fwp%2Fv2%2Fcategories&post=1303"},{"taxonomy":"post_tag","embeddable":true,"href":"https:\/\/laprensacristiana.com\/index.php?rest_route=%2Fwp%2Fv2%2Ftags&post=1303"}],"curies":[{"name":"wp","href":"https:\/\/api.w.org\/{rel}","templated":true}]}}