{"id":13031,"date":"2022-01-10T15:01:23","date_gmt":"2022-01-10T15:01:23","guid":{"rendered":"https:\/\/laprensacristiana.com\/?p=13031"},"modified":"2022-01-10T15:01:24","modified_gmt":"2022-01-10T15:01:24","slug":"una-voz","status":"publish","type":"post","link":"https:\/\/laprensacristiana.com\/?p=13031","title":{"rendered":"Una voz"},"content":{"rendered":"\n<p>Juan 1:23&nbsp; \u201cEl dijo: Yo soy LA VOZ DEL QUE CLAMA EN EL DESIERTO\u2026\u201d<\/p>\n\n\n\n<p>Cuando Daniel y sus tres amigos fueron llevados cautivos junto con miles de sus compatriotas, lo que vieron cuando llegaron por primera vez a Babilonia debe haberlos conmocionado m\u00e1s all\u00e1 de lo cre\u00edble. Era una sociedad tan relajada, inmoral y llena de idolatr\u00eda que las sensibilidades espirituales de estos cuatro hombres fueron atacadas.<\/p>\n\n\n\n<p>Daniel y sus amigos hicieron un compromiso. Se dijeron el uno al otro: \u201cNo cedamos a nuestros principios. No osemos adoptar estas normas morales. Estaremos apartados y seremos disciplinados en nuestro caminar de fe\u00bb. Estos cuatro hombres no se dedicaron a predicar su estilo de vida a los dem\u00e1s. Era estrictamente un asunto entre ellos y Dios; y creo que ten\u00edan algo m\u00e1s en mente que evitar cualquier cosa ceremonialmente inmunda\u00bb.<\/p>\n\n\n\n<p>\u201cY Daniel propuso en su coraz\u00f3n no contaminarse con la porci\u00f3n de la comida del rey, ni con el vino que \u00e9l beb\u00eda; pidi\u00f3, por tanto, al jefe de los eunucos que no se le obligase a contaminarse\u201d (Daniel 1:8).<\/p>\n\n\n\n<p>La palabra \u00abcontaminar\u00bb en este vers\u00edculo sugiere \u00abeximir mediante el repudio\u00bb. Daniel estaba diciendo, en otras palabras, \u00abCualquier transigencia de mis est\u00e1ndares me robar\u00e1 mi libertad\u00bb. Cuando le dijo esto al jefe de los eunucos, el hombre respondi\u00f3: \u201cTemo a mi se\u00f1or el rey, que se\u00f1al\u00f3 vuestra comida y vuestra bebida; pues luego que \u00e9l vea vuestros rostros m\u00e1s p\u00e1lidos que los de los muchachos que son semejantes a vosotros, condenar\u00e9is para con el rey mi cabeza\u201d (Daniel 1:10).<\/p>\n\n\n\n<p>En lugar de retroceder, Daniel invit\u00f3 al jefe de los eunucos a probarlo a \u00e9l y a sus amigos; y Dios los honr\u00f3. \u201cA estos cuatro muchachos Dios les dio conocimiento e inteligencia en todas las letras y ciencias; y Daniel tuvo entendimiento en toda visi\u00f3n y sue\u00f1os\u201d (Daniel 1:17).<\/p>\n\n\n\n<p>Cuando est\u00e1s en una crisis, clamas: \u00abSe\u00f1or, \u00bfd\u00f3nde est\u00e1s cuando te necesito? \u00bfNo est\u00e1s comprometido con mi liberaci\u00f3n?\u201d<\/p>\n\n\n\n<p>\u00bfY si en ese momento el Se\u00f1or te dijera: \u201c\u00bfD\u00f3nde est\u00e1s cuando necesito una voz? Necesito voces en estos tiempos pecaminosos, vasos puros a trav\u00e9s de los cuales yo pueda hablar. Dices que quieres que llegue a tu crisis, pero sigues siendo parte del perverso sistema mundano. Dime, -pregunta Dios- \u00bfest\u00e1s comprometido con mis prop\u00f3sitos? \u00bfTe permitir\u00e1s ser probado y confiar\u00e1s en que yo te preservar\u00e9 y te bendecir\u00e9?\u00bb<\/p>\n\n\n\n<p>\u00bfC\u00f3mo le responder\u00edas a estas preguntas?<\/p>\n\n\n\n<p>Mi escrito parece cruel. Atenta contra los que dicen que a los cristianos no les puede pasar nada malo, que Dios es tan Bueno, que preserva a sus hijos para que solo a los hijos del Diablo les ataque el mal.<\/p>\n\n\n\n<p>Nada m\u00e1s err\u00f3neo.<\/p>\n\n\n\n<p>Preg\u00fantele a Jerem\u00edas, a Isa\u00edas, a Pablo o al mismo Jesus.&nbsp; Hable con Daniel en el foso de los leones y preg\u00fantele si se consideraba un hijo de Dios o del Diablo.&nbsp; Hable con los j\u00f3venes que fueron echados al horno de fuego y averig\u00fce si fueron llevados all\u00ed para que se convirtieran al Se\u00f1or o porque ya eran convertidos al Dios Alt\u00edsimo.<\/p>\n\n\n\n<p>Dios, al igual que en la \u00e9poca de Zacar\u00edas, el padre de Juan Bautista, sigue necesitando una voz que clame su Reino, una voz que proclame que \u00c9l es Santo, que repita una y otra vez que su venida est\u00e1 cerca y que su Iglesia necesita estar avisada, se prepare o no, la voz que clame en ese desierto cumpla lo que Dios espera de quien \u00c9l ha llamado.<\/p>\n\n\n\n<p>Si Juan no hubiera anunciado al Mes\u00edas prometido a Israel, estamos seguros que hubiera escogido a otro. En la comunidad esenia no solo viv\u00eda Juan. Tambi\u00e9n viv\u00edan otros santos que esperaban anunciar al mundo la llegada del Rey de Israel. As\u00ed que si Juan no lo hubiera hecho, lo habr\u00eda hecho cualquiera otro.&nbsp;<\/p>\n\n\n\n<p>\u00bfEs usted un llamado a ser la voz en estos tiempos? \u00bfEst\u00e1 obedeciendo el mandato del Se\u00f1or de usar sus medios, sus capacidades y sus talentos a ser la voz que Dios necesita para anunciar el pecado al mundo? \u00bfO est\u00e1 cerrando su boca para no enojar a los religiosos, a los mentirosos del p\u00falpito, a los farsantes del evangelio de los hombres?<\/p>\n\n\n\n<p>Si usted ha sido llamado a ser la voz para esta generaci\u00f3n, m\u00e1s le vale obedecer y hablar lo que Dios le ponga en sus labios pues usted debe saber que en alg\u00fan momento, a Dios se le ocurri\u00f3 la brillante idea de que usted fuera llamado para ser un mensajero del Cielo.<\/p>\n\n\n\n<p>As\u00ed se sencillo.<\/p>\n","protected":false},"excerpt":{"rendered":"<p>Juan 1:23&nbsp; \u201cEl dijo: Yo soy LA VOZ DEL QUE CLAMA EN EL DESIERTO\u2026\u201d Cuando Daniel y sus tres amigos fueron llevados cautivos junto con miles de sus compatriotas, lo que vieron cuando llegaron por primera vez a Babilonia debe haberlos conmocionado m\u00e1s all\u00e1 de lo cre\u00edble. Era una sociedad tan relajada, inmoral y llena [&hellip;]<\/p>\n","protected":false},"author":3,"featured_media":12838,"comment_status":"open","ping_status":"open","sticky":false,"template":"","format":"standard","meta":[],"categories":[36],"tags":[],"yoast_head":"<!-- This site is optimized with the Yoast SEO plugin v20.8 - https:\/\/yoast.com\/wordpress\/plugins\/seo\/ -->\n<title>Una voz - La Prensa Cristiana<\/title>\n<meta name=\"robots\" content=\"index, follow, max-snippet:-1, max-image-preview:large, max-video-preview:-1\" \/>\n<link rel=\"canonical\" href=\"https:\/\/laprensacristiana.com\/?p=13031\" \/>\n<meta property=\"og:locale\" content=\"es_ES\" \/>\n<meta property=\"og:type\" content=\"article\" \/>\n<meta property=\"og:title\" content=\"Una voz - La Prensa Cristiana\" \/>\n<meta property=\"og:description\" content=\"Juan 1:23&nbsp; \u201cEl dijo: Yo soy LA VOZ DEL QUE CLAMA EN EL DESIERTO\u2026\u201d Cuando Daniel y sus tres amigos fueron llevados cautivos junto con miles de sus compatriotas, lo que vieron cuando llegaron por primera vez a Babilonia debe haberlos conmocionado m\u00e1s all\u00e1 de lo cre\u00edble. Era una sociedad tan relajada, inmoral y llena [&hellip;]\" \/>\n<meta property=\"og:url\" content=\"https:\/\/laprensacristiana.com\/?p=13031\" \/>\n<meta property=\"og:site_name\" content=\"La Prensa Cristiana\" \/>\n<meta property=\"article:published_time\" content=\"2022-01-10T15:01:23+00:00\" \/>\n<meta property=\"article:modified_time\" content=\"2022-01-10T15:01:24+00:00\" \/>\n<meta property=\"og:image\" content=\"https:\/\/laprensacristiana.com\/wp-content\/uploads\/2021\/11\/IMG_20210215_163352_769-1.jpg\" \/>\n\t<meta property=\"og:image:width\" content=\"1280\" \/>\n\t<meta property=\"og:image:height\" content=\"714\" \/>\n\t<meta property=\"og:image:type\" content=\"image\/jpeg\" \/>\n<meta name=\"author\" content=\"EDITOR\" \/>\n<meta name=\"twitter:card\" content=\"summary_large_image\" \/>\n<meta name=\"twitter:label1\" content=\"Escrito por\" \/>\n\t<meta name=\"twitter:data1\" content=\"EDITOR\" \/>\n\t<meta name=\"twitter:label2\" content=\"Tiempo de lectura\" \/>\n\t<meta name=\"twitter:data2\" content=\"4 minutos\" \/>\n<script type=\"application\/ld+json\" class=\"yoast-schema-graph\">{\"@context\":\"https:\/\/schema.org\",\"@graph\":[{\"@type\":\"WebPage\",\"@id\":\"https:\/\/laprensacristiana.com\/?p=13031\",\"url\":\"https:\/\/laprensacristiana.com\/?p=13031\",\"name\":\"Una voz - La Prensa Cristiana\",\"isPartOf\":{\"@id\":\"https:\/\/laprensacristiana.com\/#website\"},\"datePublished\":\"2022-01-10T15:01:23+00:00\",\"dateModified\":\"2022-01-10T15:01:24+00:00\",\"author\":{\"@id\":\"https:\/\/laprensacristiana.com\/#\/schema\/person\/3e7d82c6bfd6b1fa67010f8f7cd5256e\"},\"breadcrumb\":{\"@id\":\"https:\/\/laprensacristiana.com\/?p=13031#breadcrumb\"},\"inLanguage\":\"es\",\"potentialAction\":[{\"@type\":\"ReadAction\",\"target\":[\"https:\/\/laprensacristiana.com\/?p=13031\"]}]},{\"@type\":\"BreadcrumbList\",\"@id\":\"https:\/\/laprensacristiana.com\/?p=13031#breadcrumb\",\"itemListElement\":[{\"@type\":\"ListItem\",\"position\":1,\"name\":\"Portada\",\"item\":\"https:\/\/laprensacristiana.com\/\"},{\"@type\":\"ListItem\",\"position\":2,\"name\":\"Una voz\"}]},{\"@type\":\"WebSite\",\"@id\":\"https:\/\/laprensacristiana.com\/#website\",\"url\":\"https:\/\/laprensacristiana.com\/\",\"name\":\"La Prensa Cristiana\",\"description\":\"Anunciando Las Buenas Nuevas\",\"potentialAction\":[{\"@type\":\"SearchAction\",\"target\":{\"@type\":\"EntryPoint\",\"urlTemplate\":\"https:\/\/laprensacristiana.com\/?s={search_term_string}\"},\"query-input\":\"required name=search_term_string\"}],\"inLanguage\":\"es\"},{\"@type\":\"Person\",\"@id\":\"https:\/\/laprensacristiana.com\/#\/schema\/person\/3e7d82c6bfd6b1fa67010f8f7cd5256e\",\"name\":\"EDITOR\",\"image\":{\"@type\":\"ImageObject\",\"inLanguage\":\"es\",\"@id\":\"https:\/\/laprensacristiana.com\/#\/schema\/person\/image\/\",\"url\":\"https:\/\/secure.gravatar.com\/avatar\/72069dfb6c13772d9e8381e3638666d2?s=96&d=mm&r=g\",\"contentUrl\":\"https:\/\/secure.gravatar.com\/avatar\/72069dfb6c13772d9e8381e3638666d2?s=96&d=mm&r=g\",\"caption\":\"EDITOR\"},\"url\":\"https:\/\/laprensacristiana.com\/?author=3\"}]}<\/script>\n<!-- \/ Yoast SEO plugin. -->","yoast_head_json":{"title":"Una voz - La Prensa Cristiana","robots":{"index":"index","follow":"follow","max-snippet":"max-snippet:-1","max-image-preview":"max-image-preview:large","max-video-preview":"max-video-preview:-1"},"canonical":"https:\/\/laprensacristiana.com\/?p=13031","og_locale":"es_ES","og_type":"article","og_title":"Una voz - La Prensa Cristiana","og_description":"Juan 1:23&nbsp; \u201cEl dijo: Yo soy LA VOZ DEL QUE CLAMA EN EL DESIERTO\u2026\u201d Cuando Daniel y sus tres amigos fueron llevados cautivos junto con miles de sus compatriotas, lo que vieron cuando llegaron por primera vez a Babilonia debe haberlos conmocionado m\u00e1s all\u00e1 de lo cre\u00edble. Era una sociedad tan relajada, inmoral y llena [&hellip;]","og_url":"https:\/\/laprensacristiana.com\/?p=13031","og_site_name":"La Prensa Cristiana","article_published_time":"2022-01-10T15:01:23+00:00","article_modified_time":"2022-01-10T15:01:24+00:00","og_image":[{"width":1280,"height":714,"url":"https:\/\/laprensacristiana.com\/wp-content\/uploads\/2021\/11\/IMG_20210215_163352_769-1.jpg","type":"image\/jpeg"}],"author":"EDITOR","twitter_card":"summary_large_image","twitter_misc":{"Escrito por":"EDITOR","Tiempo de lectura":"4 minutos"},"schema":{"@context":"https:\/\/schema.org","@graph":[{"@type":"WebPage","@id":"https:\/\/laprensacristiana.com\/?p=13031","url":"https:\/\/laprensacristiana.com\/?p=13031","name":"Una voz - La Prensa Cristiana","isPartOf":{"@id":"https:\/\/laprensacristiana.com\/#website"},"datePublished":"2022-01-10T15:01:23+00:00","dateModified":"2022-01-10T15:01:24+00:00","author":{"@id":"https:\/\/laprensacristiana.com\/#\/schema\/person\/3e7d82c6bfd6b1fa67010f8f7cd5256e"},"breadcrumb":{"@id":"https:\/\/laprensacristiana.com\/?p=13031#breadcrumb"},"inLanguage":"es","potentialAction":[{"@type":"ReadAction","target":["https:\/\/laprensacristiana.com\/?p=13031"]}]},{"@type":"BreadcrumbList","@id":"https:\/\/laprensacristiana.com\/?p=13031#breadcrumb","itemListElement":[{"@type":"ListItem","position":1,"name":"Portada","item":"https:\/\/laprensacristiana.com\/"},{"@type":"ListItem","position":2,"name":"Una voz"}]},{"@type":"WebSite","@id":"https:\/\/laprensacristiana.com\/#website","url":"https:\/\/laprensacristiana.com\/","name":"La Prensa Cristiana","description":"Anunciando Las Buenas Nuevas","potentialAction":[{"@type":"SearchAction","target":{"@type":"EntryPoint","urlTemplate":"https:\/\/laprensacristiana.com\/?s={search_term_string}"},"query-input":"required name=search_term_string"}],"inLanguage":"es"},{"@type":"Person","@id":"https:\/\/laprensacristiana.com\/#\/schema\/person\/3e7d82c6bfd6b1fa67010f8f7cd5256e","name":"EDITOR","image":{"@type":"ImageObject","inLanguage":"es","@id":"https:\/\/laprensacristiana.com\/#\/schema\/person\/image\/","url":"https:\/\/secure.gravatar.com\/avatar\/72069dfb6c13772d9e8381e3638666d2?s=96&d=mm&r=g","contentUrl":"https:\/\/secure.gravatar.com\/avatar\/72069dfb6c13772d9e8381e3638666d2?s=96&d=mm&r=g","caption":"EDITOR"},"url":"https:\/\/laprensacristiana.com\/?author=3"}]}},"_links":{"self":[{"href":"https:\/\/laprensacristiana.com\/index.php?rest_route=\/wp\/v2\/posts\/13031"}],"collection":[{"href":"https:\/\/laprensacristiana.com\/index.php?rest_route=\/wp\/v2\/posts"}],"about":[{"href":"https:\/\/laprensacristiana.com\/index.php?rest_route=\/wp\/v2\/types\/post"}],"author":[{"embeddable":true,"href":"https:\/\/laprensacristiana.com\/index.php?rest_route=\/wp\/v2\/users\/3"}],"replies":[{"embeddable":true,"href":"https:\/\/laprensacristiana.com\/index.php?rest_route=%2Fwp%2Fv2%2Fcomments&post=13031"}],"version-history":[{"count":1,"href":"https:\/\/laprensacristiana.com\/index.php?rest_route=\/wp\/v2\/posts\/13031\/revisions"}],"predecessor-version":[{"id":13032,"href":"https:\/\/laprensacristiana.com\/index.php?rest_route=\/wp\/v2\/posts\/13031\/revisions\/13032"}],"wp:featuredmedia":[{"embeddable":true,"href":"https:\/\/laprensacristiana.com\/index.php?rest_route=\/wp\/v2\/media\/12838"}],"wp:attachment":[{"href":"https:\/\/laprensacristiana.com\/index.php?rest_route=%2Fwp%2Fv2%2Fmedia&parent=13031"}],"wp:term":[{"taxonomy":"category","embeddable":true,"href":"https:\/\/laprensacristiana.com\/index.php?rest_route=%2Fwp%2Fv2%2Fcategories&post=13031"},{"taxonomy":"post_tag","embeddable":true,"href":"https:\/\/laprensacristiana.com\/index.php?rest_route=%2Fwp%2Fv2%2Ftags&post=13031"}],"curies":[{"name":"wp","href":"https:\/\/api.w.org\/{rel}","templated":true}]}}