{"id":13046,"date":"2022-01-11T15:34:10","date_gmt":"2022-01-11T15:34:10","guid":{"rendered":"https:\/\/laprensacristiana.com\/?p=13046"},"modified":"2022-01-11T15:34:42","modified_gmt":"2022-01-11T15:34:42","slug":"escritora-claudia-guillen-lanza-libro-la-bida-es-el-don-mas-beyo-aun-con-mi-errores","status":"publish","type":"post","link":"https:\/\/laprensacristiana.com\/?p=13046","title":{"rendered":"Claudia Guillen lanza libro: \u201cLa Bida es el don mas Beyo (A\u00fan con mi errores)\u201d"},"content":{"rendered":"\n<p>La escritora salvadore\u00f1a Claudia Guillen realiz\u00f3 recientemente el lanzamiento de su libro: \u201cLa Bida es el don mas Beyo, aun con mis errores\u201d. Con un titular ortogr\u00e1ficamente incorrecto para retratar las imperfecciones de la vida y lo magnifica que es cuando se aprende a vivir.<\/p>\n\n\n\n<p>\u201cGracias a pap\u00e1 Dios que me permiti\u00f3 culminar este sue\u00f1o y hacer el lanzamiento oficial de mi segundo libro: LA BIDA ES EL DON MAS BEYO (a\u00fan con mis errores). Gracias a todos los que formaron parte de este proyecto, y a\u00fan m\u00e1s a los que este libro llegar\u00e1 a sus manos. Dios les bendiga con lo suficiente. La gloria es para Pap\u00e1 Dios\u201d, indic\u00f3 Guillen.<\/p>\n\n\n\n<p>Seg\u00fan la autora del libro, la palabra BEYO fue escrita en color naranja que significa \u00abAlegr\u00eda y entusiasmo\u00bb de seguir viviendo un d\u00eda a la vez, en medio de toda circunstancia. Abajo del tulip\u00e1n est\u00e1 el color caf\u00e9 como un recordatorio que polvo somos y al polvo volveremos y eso hace tener cimentado los pies en la tierra que somos \u00fanicamente <strong>&#8216;instantes<\/strong>&#8216; y que debemos valorar cada \u201c<strong>momento\u201d<\/strong> que Dios nos regala a\u00fan con nuestros errores.<\/p>\n\n\n\n<p>&nbsp;\u201cFelicidades escritora Claudia Guill\u00e9n, es un honor y bendici\u00f3n leer cada experiencia de su libro, le deseo \u00e9xitos en el nombre de Jes\u00fas\u201d, expres\u00f3 Zulma Castle.<\/p>\n\n\n\n<p>Para Claudia Guillen \u201cYa no tenemos tiempo para perder el tiempo\u201d.&nbsp;<\/p>\n\n\n\n<p>\u00abY ME HA DICHO: B\u00c1STATE MI GRACIA; PORQUE MI PODER SE PERFECCIONA EN LA DEBILIDAD\u00bb. (2 Co. 12:9).<\/p>\n\n\n\n<figure class=\"wp-block-image size-large\"><img decoding=\"async\" loading=\"lazy\" width=\"1024\" height=\"956\" src=\"https:\/\/laprensacristiana.com\/wp-content\/uploads\/2022\/01\/271607203_2831179830501198_2513240306504258788_n-1024x956.jpg\" alt=\"\" class=\"wp-image-13048\" srcset=\"https:\/\/laprensacristiana.com\/wp-content\/uploads\/2022\/01\/271607203_2831179830501198_2513240306504258788_n-1024x956.jpg 1024w, https:\/\/laprensacristiana.com\/wp-content\/uploads\/2022\/01\/271607203_2831179830501198_2513240306504258788_n-300x280.jpg 300w, https:\/\/laprensacristiana.com\/wp-content\/uploads\/2022\/01\/271607203_2831179830501198_2513240306504258788_n-768x717.jpg 768w, https:\/\/laprensacristiana.com\/wp-content\/uploads\/2022\/01\/271607203_2831179830501198_2513240306504258788_n-1536x1433.jpg 1536w, https:\/\/laprensacristiana.com\/wp-content\/uploads\/2022\/01\/271607203_2831179830501198_2513240306504258788_n-696x649.jpg 696w, https:\/\/laprensacristiana.com\/wp-content\/uploads\/2022\/01\/271607203_2831179830501198_2513240306504258788_n-1068x997.jpg 1068w, https:\/\/laprensacristiana.com\/wp-content\/uploads\/2022\/01\/271607203_2831179830501198_2513240306504258788_n-1920x1792.jpg 1920w, https:\/\/laprensacristiana.com\/wp-content\/uploads\/2022\/01\/271607203_2831179830501198_2513240306504258788_n-600x560.jpg 600w, https:\/\/laprensacristiana.com\/wp-content\/uploads\/2022\/01\/271607203_2831179830501198_2513240306504258788_n.jpg 2048w\" sizes=\"(max-width: 1024px) 100vw, 1024px\" \/><\/figure>\n\n\n\n<p>Puedes seguir a la autora en su cuenta de facebook, Mi Cafecito con Jes\u00fas en el siguiente enlace: <a href=\"https:\/\/www.facebook.com\/profile.php?id=100008276266098\">https:\/\/www.facebook.com\/profile.php?id=100008276266098<\/a><\/p>\n","protected":false},"excerpt":{"rendered":"<p>La escritora salvadore\u00f1a Claudia Guillen realiz\u00f3 recientemente el lanzamiento de su libro: \u201cLa Bida es el don mas Beyo, aun con mis errores\u201d. Con un titular ortogr\u00e1ficamente incorrecto para retratar las imperfecciones de la vida y lo magnifica que es cuando se aprende a vivir. \u201cGracias a pap\u00e1 Dios que me permiti\u00f3 culminar este sue\u00f1o [&hellip;]<\/p>\n","protected":false},"author":3,"featured_media":13047,"comment_status":"open","ping_status":"open","sticky":false,"template":"","format":"standard","meta":[],"categories":[56],"tags":[],"yoast_head":"<!-- This site is optimized with the Yoast SEO plugin v20.8 - https:\/\/yoast.com\/wordpress\/plugins\/seo\/ -->\n<title>Claudia Guillen lanza libro: \u201cLa Bida es el don mas Beyo (A\u00fan con mi errores)\u201d - La Prensa Cristiana<\/title>\n<meta name=\"robots\" content=\"index, follow, max-snippet:-1, max-image-preview:large, max-video-preview:-1\" \/>\n<link rel=\"canonical\" href=\"https:\/\/laprensacristiana.com\/?p=13046\" \/>\n<meta property=\"og:locale\" content=\"es_ES\" \/>\n<meta property=\"og:type\" content=\"article\" \/>\n<meta property=\"og:title\" content=\"Claudia Guillen lanza libro: \u201cLa Bida es el don mas Beyo (A\u00fan con mi errores)\u201d - La Prensa Cristiana\" \/>\n<meta property=\"og:description\" content=\"La escritora salvadore\u00f1a Claudia Guillen realiz\u00f3 recientemente el lanzamiento de su libro: \u201cLa Bida es el don mas Beyo, aun con mis errores\u201d. Con un titular ortogr\u00e1ficamente incorrecto para retratar las imperfecciones de la vida y lo magnifica que es cuando se aprende a vivir. \u201cGracias a pap\u00e1 Dios que me permiti\u00f3 culminar este sue\u00f1o [&hellip;]\" \/>\n<meta property=\"og:url\" content=\"https:\/\/laprensacristiana.com\/?p=13046\" \/>\n<meta property=\"og:site_name\" content=\"La Prensa Cristiana\" \/>\n<meta property=\"article:published_time\" content=\"2022-01-11T15:34:10+00:00\" \/>\n<meta property=\"article:modified_time\" content=\"2022-01-11T15:34:42+00:00\" \/>\n<meta property=\"og:image\" content=\"https:\/\/laprensacristiana.com\/wp-content\/uploads\/2022\/01\/271618826_2831180377167810_5894936604827259035_n.jpg\" \/>\n\t<meta property=\"og:image:width\" content=\"1080\" \/>\n\t<meta property=\"og:image:height\" content=\"954\" \/>\n\t<meta property=\"og:image:type\" content=\"image\/jpeg\" \/>\n<meta name=\"author\" content=\"EDITOR\" \/>\n<meta name=\"twitter:card\" content=\"summary_large_image\" \/>\n<meta name=\"twitter:label1\" content=\"Escrito por\" \/>\n\t<meta name=\"twitter:data1\" content=\"EDITOR\" \/>\n\t<meta name=\"twitter:label2\" content=\"Tiempo de lectura\" \/>\n\t<meta name=\"twitter:data2\" content=\"1 minuto\" \/>\n<script type=\"application\/ld+json\" class=\"yoast-schema-graph\">{\"@context\":\"https:\/\/schema.org\",\"@graph\":[{\"@type\":\"WebPage\",\"@id\":\"https:\/\/laprensacristiana.com\/?p=13046\",\"url\":\"https:\/\/laprensacristiana.com\/?p=13046\",\"name\":\"Claudia Guillen lanza libro: \u201cLa Bida es el don mas Beyo (A\u00fan con mi errores)\u201d - La Prensa Cristiana\",\"isPartOf\":{\"@id\":\"https:\/\/laprensacristiana.com\/#website\"},\"datePublished\":\"2022-01-11T15:34:10+00:00\",\"dateModified\":\"2022-01-11T15:34:42+00:00\",\"author\":{\"@id\":\"https:\/\/laprensacristiana.com\/#\/schema\/person\/3e7d82c6bfd6b1fa67010f8f7cd5256e\"},\"breadcrumb\":{\"@id\":\"https:\/\/laprensacristiana.com\/?p=13046#breadcrumb\"},\"inLanguage\":\"es\",\"potentialAction\":[{\"@type\":\"ReadAction\",\"target\":[\"https:\/\/laprensacristiana.com\/?p=13046\"]}]},{\"@type\":\"BreadcrumbList\",\"@id\":\"https:\/\/laprensacristiana.com\/?p=13046#breadcrumb\",\"itemListElement\":[{\"@type\":\"ListItem\",\"position\":1,\"name\":\"Portada\",\"item\":\"https:\/\/laprensacristiana.com\/\"},{\"@type\":\"ListItem\",\"position\":2,\"name\":\"Claudia Guillen lanza libro: \u201cLa Bida es el don mas Beyo (A\u00fan con mi errores)\u201d\"}]},{\"@type\":\"WebSite\",\"@id\":\"https:\/\/laprensacristiana.com\/#website\",\"url\":\"https:\/\/laprensacristiana.com\/\",\"name\":\"La Prensa Cristiana\",\"description\":\"Anunciando Las Buenas Nuevas\",\"potentialAction\":[{\"@type\":\"SearchAction\",\"target\":{\"@type\":\"EntryPoint\",\"urlTemplate\":\"https:\/\/laprensacristiana.com\/?s={search_term_string}\"},\"query-input\":\"required name=search_term_string\"}],\"inLanguage\":\"es\"},{\"@type\":\"Person\",\"@id\":\"https:\/\/laprensacristiana.com\/#\/schema\/person\/3e7d82c6bfd6b1fa67010f8f7cd5256e\",\"name\":\"EDITOR\",\"image\":{\"@type\":\"ImageObject\",\"inLanguage\":\"es\",\"@id\":\"https:\/\/laprensacristiana.com\/#\/schema\/person\/image\/\",\"url\":\"https:\/\/secure.gravatar.com\/avatar\/72069dfb6c13772d9e8381e3638666d2?s=96&d=mm&r=g\",\"contentUrl\":\"https:\/\/secure.gravatar.com\/avatar\/72069dfb6c13772d9e8381e3638666d2?s=96&d=mm&r=g\",\"caption\":\"EDITOR\"},\"url\":\"https:\/\/laprensacristiana.com\/?author=3\"}]}<\/script>\n<!-- \/ Yoast SEO plugin. -->","yoast_head_json":{"title":"Claudia Guillen lanza libro: \u201cLa Bida es el don mas Beyo (A\u00fan con mi errores)\u201d - La Prensa Cristiana","robots":{"index":"index","follow":"follow","max-snippet":"max-snippet:-1","max-image-preview":"max-image-preview:large","max-video-preview":"max-video-preview:-1"},"canonical":"https:\/\/laprensacristiana.com\/?p=13046","og_locale":"es_ES","og_type":"article","og_title":"Claudia Guillen lanza libro: \u201cLa Bida es el don mas Beyo (A\u00fan con mi errores)\u201d - La Prensa Cristiana","og_description":"La escritora salvadore\u00f1a Claudia Guillen realiz\u00f3 recientemente el lanzamiento de su libro: \u201cLa Bida es el don mas Beyo, aun con mis errores\u201d. Con un titular ortogr\u00e1ficamente incorrecto para retratar las imperfecciones de la vida y lo magnifica que es cuando se aprende a vivir. \u201cGracias a pap\u00e1 Dios que me permiti\u00f3 culminar este sue\u00f1o [&hellip;]","og_url":"https:\/\/laprensacristiana.com\/?p=13046","og_site_name":"La Prensa Cristiana","article_published_time":"2022-01-11T15:34:10+00:00","article_modified_time":"2022-01-11T15:34:42+00:00","og_image":[{"width":1080,"height":954,"url":"https:\/\/laprensacristiana.com\/wp-content\/uploads\/2022\/01\/271618826_2831180377167810_5894936604827259035_n.jpg","type":"image\/jpeg"}],"author":"EDITOR","twitter_card":"summary_large_image","twitter_misc":{"Escrito por":"EDITOR","Tiempo de lectura":"1 minuto"},"schema":{"@context":"https:\/\/schema.org","@graph":[{"@type":"WebPage","@id":"https:\/\/laprensacristiana.com\/?p=13046","url":"https:\/\/laprensacristiana.com\/?p=13046","name":"Claudia Guillen lanza libro: \u201cLa Bida es el don mas Beyo (A\u00fan con mi errores)\u201d - La Prensa Cristiana","isPartOf":{"@id":"https:\/\/laprensacristiana.com\/#website"},"datePublished":"2022-01-11T15:34:10+00:00","dateModified":"2022-01-11T15:34:42+00:00","author":{"@id":"https:\/\/laprensacristiana.com\/#\/schema\/person\/3e7d82c6bfd6b1fa67010f8f7cd5256e"},"breadcrumb":{"@id":"https:\/\/laprensacristiana.com\/?p=13046#breadcrumb"},"inLanguage":"es","potentialAction":[{"@type":"ReadAction","target":["https:\/\/laprensacristiana.com\/?p=13046"]}]},{"@type":"BreadcrumbList","@id":"https:\/\/laprensacristiana.com\/?p=13046#breadcrumb","itemListElement":[{"@type":"ListItem","position":1,"name":"Portada","item":"https:\/\/laprensacristiana.com\/"},{"@type":"ListItem","position":2,"name":"Claudia Guillen lanza libro: \u201cLa Bida es el don mas Beyo (A\u00fan con mi errores)\u201d"}]},{"@type":"WebSite","@id":"https:\/\/laprensacristiana.com\/#website","url":"https:\/\/laprensacristiana.com\/","name":"La Prensa Cristiana","description":"Anunciando Las Buenas Nuevas","potentialAction":[{"@type":"SearchAction","target":{"@type":"EntryPoint","urlTemplate":"https:\/\/laprensacristiana.com\/?s={search_term_string}"},"query-input":"required name=search_term_string"}],"inLanguage":"es"},{"@type":"Person","@id":"https:\/\/laprensacristiana.com\/#\/schema\/person\/3e7d82c6bfd6b1fa67010f8f7cd5256e","name":"EDITOR","image":{"@type":"ImageObject","inLanguage":"es","@id":"https:\/\/laprensacristiana.com\/#\/schema\/person\/image\/","url":"https:\/\/secure.gravatar.com\/avatar\/72069dfb6c13772d9e8381e3638666d2?s=96&d=mm&r=g","contentUrl":"https:\/\/secure.gravatar.com\/avatar\/72069dfb6c13772d9e8381e3638666d2?s=96&d=mm&r=g","caption":"EDITOR"},"url":"https:\/\/laprensacristiana.com\/?author=3"}]}},"_links":{"self":[{"href":"https:\/\/laprensacristiana.com\/index.php?rest_route=\/wp\/v2\/posts\/13046"}],"collection":[{"href":"https:\/\/laprensacristiana.com\/index.php?rest_route=\/wp\/v2\/posts"}],"about":[{"href":"https:\/\/laprensacristiana.com\/index.php?rest_route=\/wp\/v2\/types\/post"}],"author":[{"embeddable":true,"href":"https:\/\/laprensacristiana.com\/index.php?rest_route=\/wp\/v2\/users\/3"}],"replies":[{"embeddable":true,"href":"https:\/\/laprensacristiana.com\/index.php?rest_route=%2Fwp%2Fv2%2Fcomments&post=13046"}],"version-history":[{"count":2,"href":"https:\/\/laprensacristiana.com\/index.php?rest_route=\/wp\/v2\/posts\/13046\/revisions"}],"predecessor-version":[{"id":13050,"href":"https:\/\/laprensacristiana.com\/index.php?rest_route=\/wp\/v2\/posts\/13046\/revisions\/13050"}],"wp:featuredmedia":[{"embeddable":true,"href":"https:\/\/laprensacristiana.com\/index.php?rest_route=\/wp\/v2\/media\/13047"}],"wp:attachment":[{"href":"https:\/\/laprensacristiana.com\/index.php?rest_route=%2Fwp%2Fv2%2Fmedia&parent=13046"}],"wp:term":[{"taxonomy":"category","embeddable":true,"href":"https:\/\/laprensacristiana.com\/index.php?rest_route=%2Fwp%2Fv2%2Fcategories&post=13046"},{"taxonomy":"post_tag","embeddable":true,"href":"https:\/\/laprensacristiana.com\/index.php?rest_route=%2Fwp%2Fv2%2Ftags&post=13046"}],"curies":[{"name":"wp","href":"https:\/\/api.w.org\/{rel}","templated":true}]}}