{"id":13060,"date":"2022-01-12T13:57:40","date_gmt":"2022-01-12T13:57:40","guid":{"rendered":"https:\/\/laprensacristiana.com\/?p=13060"},"modified":"2022-01-12T13:57:41","modified_gmt":"2022-01-12T13:57:41","slug":"y-entonces-para-que-vivo","status":"publish","type":"post","link":"https:\/\/laprensacristiana.com\/?p=13060","title":{"rendered":"Y entonces, \u00bfPara qu\u00e9 vivo?"},"content":{"rendered":"\n<p>G\u00e9nesis 5:24&nbsp; \u201cY Enoc anduvo con Dios, y desapareci\u00f3 porque Dios se lo llev\u00f3\u201d<\/p>\n\n\n\n<p>F\u00edjense ustedes que en la Biblia encontramos personajes que fueron modelos para nuestras vidas.&nbsp; Fueron personas de carne y hueso que pasaron por este mundo dejando un legado de inspiraci\u00f3n, de edificaci\u00f3n y de buenos ejemplos para las futuras generaciones.<\/p>\n\n\n\n<p>Pero tambi\u00e9n encontramos personas que no nos dejaron ning\u00fan ejemplo digno de imitar.&nbsp; Fueron vidas vac\u00edas, est\u00e9riles, sin frutos dignos de glorificar al Se\u00f1or.&nbsp; Fueron vidas secas, sin nada por qu\u00e9 recordarlas a trav\u00e9s de los tiempos.<\/p>\n\n\n\n<p>Y ese es el caso de la Iglesia de hoy: Hay cristianos que se congregan, cantan los coritos de memoria, hacen acto de presencia en las sillas de los templos pero hasta all\u00ed llegan.&nbsp; No hacen nada por nadie. Son personas egoc\u00e9ntricas que no impactan las vidas de nadie. No dejan un legado ni un recuerdo imperecedero para la siguiente generaci\u00f3n.<\/p>\n\n\n\n<p>Son los cristianos secos e indiferentes, sin visi\u00f3n, sin siquiera comprender que tienen una misi\u00f3n que cumplir y sue\u00f1os que realizar.&nbsp; Que fueron tra\u00eddos a este mundo para afectar con un bien la vida de sus pr\u00f3jimos. Que Dios los form\u00f3 desde el vientre de su madre para que realizaran proezas en bien de otros.<\/p>\n\n\n\n<p>Pero no, como el siervo malo y perezoso de la par\u00e1bola, escondieron su talento en su tierra, en el fondo de su coraz\u00f3n y se negaron a ser de bendici\u00f3n, de edificaci\u00f3n y de ejemplo para otros que necesitaban de un paradigma de donde sacar su propia existencia.<\/p>\n\n\n\n<p>Son los pobres que muchas veces solo tienen dinero pero no tienen visi\u00f3n. Se han dejado adormecer por su propio bienestar, por su ego\u00edsmo y egocentrismo, creyendo que viviendo vidas oscuras y mediocres es todo lo que Dios espera de ellos.&nbsp; Son los que se dedican a vivir para su casa solamente, engendrar hijos e hijas y con eso creen que se termin\u00f3 la vida.<\/p>\n\n\n\n<p>Son los que se conforman a orar, ayunar, leer la Biblia todos los d\u00edas, hacer su altar secreto y salir al trabajo sin darse cuenta que en su camino hay un mont\u00f3n de gente hambrienta si no de pan, s\u00ed de alguna palabra de aliento, de un fuerte apret\u00f3n de manos, de una sonrisa que les haga brillar su d\u00eda.&nbsp; No, estos hermanos ocultan su cristianismo de otros y se esconden en sus traumas y conflictos no resueltos para evitar el contacto con otros para no mostrarse d\u00e9biles o sensibles a la necesidad ajena.<\/p>\n\n\n\n<p>Son los que niegan con sus propias vidas lo que dijo Pablo: V\u00e9anme a m\u00ed, im\u00edtenme a mi en lo que yo imito a Cristo. O, como lo expres\u00f3 en otra ocasi\u00f3n: Todo lo que hago, lo que hablo y lo que pienso, se los har\u00e1 saber T\u00edquico que me conoce, que ha estado conmigo mucho tiempo y a \u00e9l pueden preguntarle quien y como soy.<\/p>\n\n\n\n<p>Eso fue lo que le sucedi\u00f3 al personaje del que estoy escribiendo esta ma\u00f1ana.<\/p>\n\n\n\n<p>Enoc es uno de los hombres del linaje de Ad\u00e1n, heredero directo de Set. Es decir, fue un hombre privilegiado por donde se quiera ver. Sangre pura. Muy conocido por Dios. Fue un hombre entregado a adorar al Dios de sus padres. Hombre de altar pues.<\/p>\n\n\n\n<p>Pero est\u00e9ril con respecto a su vida social.<\/p>\n\n\n\n<p>La Biblia no menciona nada sobre su vida social. Nunca predic\u00f3. Nunca se ocup\u00f3 de su pr\u00f3jimo.&nbsp; Nunca hizo ning\u00fan favor a nadie. Fue tan \u201csanto\u201d en el sentido peyorativo de la palabra, que Dios tuvo que llev\u00e1rselo.<\/p>\n\n\n\n<p>Viv\u00eda para platicar con Dios. Viv\u00eda para honrarlo, s\u00ed, muy cierto, pero nunca influy\u00f3 en la vida de otros. Su paso por esta vida se circunscribe a solo haber engendrado a Matusal\u00e9n y se acab\u00f3.<\/p>\n\n\n\n<p>A diferencia de otros hombres, Enoc fue llevado por Dios porque Dios es Fiel y cumple sus promesas, pero una lectura m\u00e1s a fondo del texto y aplicando cierta regla de la Cr\u00edtica, veo que Enoc fue llevado por Dios porque no estaba haciendo nada a favor del Reino de Dios en la tierra. No estaba afectando la vida de nadie, no estaba aportando nada a favor de nadie. S\u00ed, era fiel con Dios, pero no con los hombres que lo rodeaban.<\/p>\n\n\n\n<p>\u2026Y mejor fue llevado por Dios. Pero no dej\u00f3 ning\u00fan legado de esa relaci\u00f3n que nos sirva de ejemplo a nosotros el d\u00eda de hoy\u2026<\/p>\n","protected":false},"excerpt":{"rendered":"<p>G\u00e9nesis 5:24&nbsp; \u201cY Enoc anduvo con Dios, y desapareci\u00f3 porque Dios se lo llev\u00f3\u201d F\u00edjense ustedes que en la Biblia encontramos personajes que fueron modelos para nuestras vidas.&nbsp; Fueron personas de carne y hueso que pasaron por este mundo dejando un legado de inspiraci\u00f3n, de edificaci\u00f3n y de buenos ejemplos para las futuras generaciones. Pero [&hellip;]<\/p>\n","protected":false},"author":3,"featured_media":12838,"comment_status":"open","ping_status":"open","sticky":false,"template":"","format":"standard","meta":[],"categories":[36],"tags":[],"yoast_head":"<!-- This site is optimized with the Yoast SEO plugin v20.8 - https:\/\/yoast.com\/wordpress\/plugins\/seo\/ -->\n<title>Y entonces, \u00bfPara qu\u00e9 vivo? - La Prensa Cristiana<\/title>\n<meta name=\"robots\" content=\"index, follow, max-snippet:-1, max-image-preview:large, max-video-preview:-1\" \/>\n<link rel=\"canonical\" href=\"https:\/\/laprensacristiana.com\/?p=13060\" \/>\n<meta property=\"og:locale\" content=\"es_ES\" \/>\n<meta property=\"og:type\" content=\"article\" \/>\n<meta property=\"og:title\" content=\"Y entonces, \u00bfPara qu\u00e9 vivo? - La Prensa Cristiana\" \/>\n<meta property=\"og:description\" content=\"G\u00e9nesis 5:24&nbsp; \u201cY Enoc anduvo con Dios, y desapareci\u00f3 porque Dios se lo llev\u00f3\u201d F\u00edjense ustedes que en la Biblia encontramos personajes que fueron modelos para nuestras vidas.&nbsp; Fueron personas de carne y hueso que pasaron por este mundo dejando un legado de inspiraci\u00f3n, de edificaci\u00f3n y de buenos ejemplos para las futuras generaciones. Pero [&hellip;]\" \/>\n<meta property=\"og:url\" content=\"https:\/\/laprensacristiana.com\/?p=13060\" \/>\n<meta property=\"og:site_name\" content=\"La Prensa Cristiana\" \/>\n<meta property=\"article:published_time\" content=\"2022-01-12T13:57:40+00:00\" \/>\n<meta property=\"article:modified_time\" content=\"2022-01-12T13:57:41+00:00\" \/>\n<meta property=\"og:image\" content=\"https:\/\/laprensacristiana.com\/wp-content\/uploads\/2021\/11\/IMG_20210215_163352_769-1.jpg\" \/>\n\t<meta property=\"og:image:width\" content=\"1280\" \/>\n\t<meta property=\"og:image:height\" content=\"714\" \/>\n\t<meta property=\"og:image:type\" content=\"image\/jpeg\" \/>\n<meta name=\"author\" content=\"EDITOR\" \/>\n<meta name=\"twitter:card\" content=\"summary_large_image\" \/>\n<meta name=\"twitter:label1\" content=\"Escrito por\" \/>\n\t<meta name=\"twitter:data1\" content=\"EDITOR\" \/>\n\t<meta name=\"twitter:label2\" content=\"Tiempo de lectura\" \/>\n\t<meta name=\"twitter:data2\" content=\"4 minutos\" \/>\n<script type=\"application\/ld+json\" class=\"yoast-schema-graph\">{\"@context\":\"https:\/\/schema.org\",\"@graph\":[{\"@type\":\"WebPage\",\"@id\":\"https:\/\/laprensacristiana.com\/?p=13060\",\"url\":\"https:\/\/laprensacristiana.com\/?p=13060\",\"name\":\"Y entonces, \u00bfPara qu\u00e9 vivo? - La Prensa Cristiana\",\"isPartOf\":{\"@id\":\"https:\/\/laprensacristiana.com\/#website\"},\"datePublished\":\"2022-01-12T13:57:40+00:00\",\"dateModified\":\"2022-01-12T13:57:41+00:00\",\"author\":{\"@id\":\"https:\/\/laprensacristiana.com\/#\/schema\/person\/3e7d82c6bfd6b1fa67010f8f7cd5256e\"},\"breadcrumb\":{\"@id\":\"https:\/\/laprensacristiana.com\/?p=13060#breadcrumb\"},\"inLanguage\":\"es\",\"potentialAction\":[{\"@type\":\"ReadAction\",\"target\":[\"https:\/\/laprensacristiana.com\/?p=13060\"]}]},{\"@type\":\"BreadcrumbList\",\"@id\":\"https:\/\/laprensacristiana.com\/?p=13060#breadcrumb\",\"itemListElement\":[{\"@type\":\"ListItem\",\"position\":1,\"name\":\"Portada\",\"item\":\"https:\/\/laprensacristiana.com\/\"},{\"@type\":\"ListItem\",\"position\":2,\"name\":\"Y entonces, \u00bfPara qu\u00e9 vivo?\"}]},{\"@type\":\"WebSite\",\"@id\":\"https:\/\/laprensacristiana.com\/#website\",\"url\":\"https:\/\/laprensacristiana.com\/\",\"name\":\"La Prensa Cristiana\",\"description\":\"Anunciando Las Buenas Nuevas\",\"potentialAction\":[{\"@type\":\"SearchAction\",\"target\":{\"@type\":\"EntryPoint\",\"urlTemplate\":\"https:\/\/laprensacristiana.com\/?s={search_term_string}\"},\"query-input\":\"required name=search_term_string\"}],\"inLanguage\":\"es\"},{\"@type\":\"Person\",\"@id\":\"https:\/\/laprensacristiana.com\/#\/schema\/person\/3e7d82c6bfd6b1fa67010f8f7cd5256e\",\"name\":\"EDITOR\",\"image\":{\"@type\":\"ImageObject\",\"inLanguage\":\"es\",\"@id\":\"https:\/\/laprensacristiana.com\/#\/schema\/person\/image\/\",\"url\":\"https:\/\/secure.gravatar.com\/avatar\/72069dfb6c13772d9e8381e3638666d2?s=96&d=mm&r=g\",\"contentUrl\":\"https:\/\/secure.gravatar.com\/avatar\/72069dfb6c13772d9e8381e3638666d2?s=96&d=mm&r=g\",\"caption\":\"EDITOR\"},\"url\":\"https:\/\/laprensacristiana.com\/?author=3\"}]}<\/script>\n<!-- \/ Yoast SEO plugin. -->","yoast_head_json":{"title":"Y entonces, \u00bfPara qu\u00e9 vivo? - La Prensa Cristiana","robots":{"index":"index","follow":"follow","max-snippet":"max-snippet:-1","max-image-preview":"max-image-preview:large","max-video-preview":"max-video-preview:-1"},"canonical":"https:\/\/laprensacristiana.com\/?p=13060","og_locale":"es_ES","og_type":"article","og_title":"Y entonces, \u00bfPara qu\u00e9 vivo? - La Prensa Cristiana","og_description":"G\u00e9nesis 5:24&nbsp; \u201cY Enoc anduvo con Dios, y desapareci\u00f3 porque Dios se lo llev\u00f3\u201d F\u00edjense ustedes que en la Biblia encontramos personajes que fueron modelos para nuestras vidas.&nbsp; Fueron personas de carne y hueso que pasaron por este mundo dejando un legado de inspiraci\u00f3n, de edificaci\u00f3n y de buenos ejemplos para las futuras generaciones. Pero [&hellip;]","og_url":"https:\/\/laprensacristiana.com\/?p=13060","og_site_name":"La Prensa Cristiana","article_published_time":"2022-01-12T13:57:40+00:00","article_modified_time":"2022-01-12T13:57:41+00:00","og_image":[{"width":1280,"height":714,"url":"https:\/\/laprensacristiana.com\/wp-content\/uploads\/2021\/11\/IMG_20210215_163352_769-1.jpg","type":"image\/jpeg"}],"author":"EDITOR","twitter_card":"summary_large_image","twitter_misc":{"Escrito por":"EDITOR","Tiempo de lectura":"4 minutos"},"schema":{"@context":"https:\/\/schema.org","@graph":[{"@type":"WebPage","@id":"https:\/\/laprensacristiana.com\/?p=13060","url":"https:\/\/laprensacristiana.com\/?p=13060","name":"Y entonces, \u00bfPara qu\u00e9 vivo? - La Prensa Cristiana","isPartOf":{"@id":"https:\/\/laprensacristiana.com\/#website"},"datePublished":"2022-01-12T13:57:40+00:00","dateModified":"2022-01-12T13:57:41+00:00","author":{"@id":"https:\/\/laprensacristiana.com\/#\/schema\/person\/3e7d82c6bfd6b1fa67010f8f7cd5256e"},"breadcrumb":{"@id":"https:\/\/laprensacristiana.com\/?p=13060#breadcrumb"},"inLanguage":"es","potentialAction":[{"@type":"ReadAction","target":["https:\/\/laprensacristiana.com\/?p=13060"]}]},{"@type":"BreadcrumbList","@id":"https:\/\/laprensacristiana.com\/?p=13060#breadcrumb","itemListElement":[{"@type":"ListItem","position":1,"name":"Portada","item":"https:\/\/laprensacristiana.com\/"},{"@type":"ListItem","position":2,"name":"Y entonces, \u00bfPara qu\u00e9 vivo?"}]},{"@type":"WebSite","@id":"https:\/\/laprensacristiana.com\/#website","url":"https:\/\/laprensacristiana.com\/","name":"La Prensa Cristiana","description":"Anunciando Las Buenas Nuevas","potentialAction":[{"@type":"SearchAction","target":{"@type":"EntryPoint","urlTemplate":"https:\/\/laprensacristiana.com\/?s={search_term_string}"},"query-input":"required name=search_term_string"}],"inLanguage":"es"},{"@type":"Person","@id":"https:\/\/laprensacristiana.com\/#\/schema\/person\/3e7d82c6bfd6b1fa67010f8f7cd5256e","name":"EDITOR","image":{"@type":"ImageObject","inLanguage":"es","@id":"https:\/\/laprensacristiana.com\/#\/schema\/person\/image\/","url":"https:\/\/secure.gravatar.com\/avatar\/72069dfb6c13772d9e8381e3638666d2?s=96&d=mm&r=g","contentUrl":"https:\/\/secure.gravatar.com\/avatar\/72069dfb6c13772d9e8381e3638666d2?s=96&d=mm&r=g","caption":"EDITOR"},"url":"https:\/\/laprensacristiana.com\/?author=3"}]}},"_links":{"self":[{"href":"https:\/\/laprensacristiana.com\/index.php?rest_route=\/wp\/v2\/posts\/13060"}],"collection":[{"href":"https:\/\/laprensacristiana.com\/index.php?rest_route=\/wp\/v2\/posts"}],"about":[{"href":"https:\/\/laprensacristiana.com\/index.php?rest_route=\/wp\/v2\/types\/post"}],"author":[{"embeddable":true,"href":"https:\/\/laprensacristiana.com\/index.php?rest_route=\/wp\/v2\/users\/3"}],"replies":[{"embeddable":true,"href":"https:\/\/laprensacristiana.com\/index.php?rest_route=%2Fwp%2Fv2%2Fcomments&post=13060"}],"version-history":[{"count":1,"href":"https:\/\/laprensacristiana.com\/index.php?rest_route=\/wp\/v2\/posts\/13060\/revisions"}],"predecessor-version":[{"id":13061,"href":"https:\/\/laprensacristiana.com\/index.php?rest_route=\/wp\/v2\/posts\/13060\/revisions\/13061"}],"wp:featuredmedia":[{"embeddable":true,"href":"https:\/\/laprensacristiana.com\/index.php?rest_route=\/wp\/v2\/media\/12838"}],"wp:attachment":[{"href":"https:\/\/laprensacristiana.com\/index.php?rest_route=%2Fwp%2Fv2%2Fmedia&parent=13060"}],"wp:term":[{"taxonomy":"category","embeddable":true,"href":"https:\/\/laprensacristiana.com\/index.php?rest_route=%2Fwp%2Fv2%2Fcategories&post=13060"},{"taxonomy":"post_tag","embeddable":true,"href":"https:\/\/laprensacristiana.com\/index.php?rest_route=%2Fwp%2Fv2%2Ftags&post=13060"}],"curies":[{"name":"wp","href":"https:\/\/api.w.org\/{rel}","templated":true}]}}