{"id":13065,"date":"2022-01-14T13:58:47","date_gmt":"2022-01-14T13:58:47","guid":{"rendered":"https:\/\/laprensacristiana.com\/?p=13065"},"modified":"2022-01-14T13:58:48","modified_gmt":"2022-01-14T13:58:48","slug":"separados-de-mi","status":"publish","type":"post","link":"https:\/\/laprensacristiana.com\/?p=13065","title":{"rendered":"Separados de mi&#8230;"},"content":{"rendered":"\n<p>G\u00e9nesis 38:26&nbsp; \u201cEntonces Jud\u00e1 los reconoci\u00f3, y dijo: M\u00e1s justa es ella que yo, por cuanto no la he dado a Sela mi hijo\u201d<\/p>\n\n\n\n<p>Ese hombre naci\u00f3 con un estigma sobre su vida: Era el representante de la Alabanza y Adoraci\u00f3n al Se\u00f1or.&nbsp; Su solo nombre lo indica. Su madre, en el momento de nacer, recibi\u00f3 la unci\u00f3n del Se\u00f1or para ponerle ese nombre que lo iba a se\u00f1alar como el encargado de interceder, de presentar ante el Se\u00f1or a toda la raza humana.<\/p>\n\n\n\n<p>Y, por si eso no fuera suficiente, Dios le dio el liderazgo ante sus hermanos para que fuera el pr\u00edncipe fundador de una dinast\u00eda de reyes y sacerdotes y del cual, a\u00fan sin saberlo, iba a nacer un d\u00eda el Principe y Rey Jesus.<\/p>\n\n\n\n<p>Si, Jud\u00e1 fue un ni\u00f1o altamente favorecido. Recordemos que en los tiempos b\u00edblicos, el nombre designaba un papel y una funci\u00f3n en los Planes de Dios. Y Jud\u00e1 significa alabanza, adoraci\u00f3n, intercesi\u00f3n.<\/p>\n\n\n\n<p>Pero algo sucedi\u00f3 en la vida de este var\u00f3n que hab\u00eda sido se\u00f1alado por Dios para ser un instrumento de mucha bendici\u00f3n\u2026<\/p>\n\n\n\n<p>Un d\u00eda, vio a una ramera y se le despertaron las hormonas. Hab\u00eda quedado viudo y con dos hijos muertos. El \u00fanico que le quedaba lo estaba guardando de todo y de todos, as\u00ed que hab\u00eda cometido una falta contra la Ley de Dios: le hab\u00eda negado a su nuera Tamar el derecho del levirato, acci\u00f3n por la cual, cuando una cu\u00f1ada quedaba viuda, el hermano del muerto deb\u00eda levantarle descendencia para que su herencia no se perdiera.&nbsp; Pero uno de los hijos de Jud\u00e1 sali\u00f3 ma\u00f1oso y Dios tuvo que matarlo. Solo quedaba uno. Y ese uno, Jud\u00e1 no quiso exponerlo a la muerte.<\/p>\n\n\n\n<p>Tamar, como toda buena mujer astuta y lista, un d\u00eda se disfraza de ramera para provocar a Jud\u00e1, su suegro mentiroso que le hab\u00eda negado a su hijo Sela para que cumpliera la ley. Jud\u00e1, ni lerdo ni perezoso, al verla se encendi\u00f3 de lujuria, le hace un trato y le promete un cabrito despu\u00e9s de estar con ella unos momentos para saciar su necesidad de viudo.<\/p>\n\n\n\n<p>Tamar, conociendo la naturaleza del hombre que no la reconoce, le pide que le deje empe\u00f1ados algunos art\u00edculos de su propiedad mientras le manda lo prometido. Se aleja del lugar, se quita sus ropas de ramera y todo vuelve a la normalidad. Aparentemente.&nbsp; Porque en su seno ya lleva la semilla del hombre que la hab\u00eda estado enga\u00f1ando. Y, para m\u00e1s ganancia, van a ser gemelos.<\/p>\n\n\n\n<p>Cuando Jud\u00e1 llega a su casa, le env\u00eda a trav\u00e9s de un amigo el cabrito prometido. La mujer&nbsp; no est\u00e1 por ning\u00fan lado y nadie la ha visto. Regresa con el cabrito y Jud\u00e1, levanta los hombros y dice, bueno, yo ya cumpl\u00ed con mi trato. Si ella no est\u00e1, ni modo. Asunto arreglado. Al fin y al cabo, solo fue una noche de placer, una canita al aire. Nos vemos. Chao.<\/p>\n\n\n\n<p>Pero no fue tan f\u00e1cil deshacerse del pasado. La mujer queda expuesta y la acusan de fornicaria. Jud\u00e1, como buen cristiano jud\u00edo, ordena que la quemen. Ella, sabiendo quien era \u00e9l y ella, le presenta las cosas que le hab\u00eda dejado empe\u00f1adas: el bord\u00f3n, el sello y el anillo. Cuando \u00e9l los ve, palidece y se siente avergonzado por su acci\u00f3n pecaminosa.<\/p>\n\n\n\n<p>Y es cuando expresa sus famosas palabras: Ella es m\u00e1s justa que yo. No la quemen. As\u00ed que ahora Jud\u00e1 es padre y abuelo de dos ni\u00f1os. Y ha quedado evidenciado.<\/p>\n\n\n\n<p>Pero lo que me interesa se\u00f1alar no es la historia del amor profano de Jud\u00e1. \u00bfEn donde empez\u00f3 todo?&nbsp; \u00bfC\u00f3mo fue que este hombre se\u00f1alado por Dios para ser portador de la Alabanza y la intercesi\u00f3n entre los hombres y Dios ha ca\u00eddo tan bajo?&nbsp; \u00bfC\u00f3mo fue que empez\u00f3 todo?<\/p>\n\n\n\n<p>La Biblia no esconde las respuestas. Todo empez\u00f3 en el verso 1: \u201cAconteci\u00f3 en aquel tiempo, que Jud\u00e1 se apart\u00f3 de sus hermanos\u2026\u201d<\/p>\n\n\n\n<p>Cuando, como cristianos, nos apartamos de nuestros hermanos, cuando dejamos de congregarnos, cuando nos alejamos de la congregaci\u00f3n y de quienes nos acompa\u00f1en en el camino cristiano, quedamos expuestos a cometer cualquier pecado que se presente en nuestro camino. Es por eso que cuando un ministro de Alabanza se aparta de sus hermanos, del grupo, inmediatamente cae en el peligro de unirse al mundo y hacer lo que nunca pens\u00f3 que era capaz.&nbsp; Un pastor que se separa de sus hermanos queda vulnerable. Una mujer que se aparta de otros que le ayuden a mantener un perfil de santidad, f\u00e1cilmente cae en situaciones que le har\u00e1n da\u00f1o.<\/p>\n\n\n\n<p>Por algo dijo Jesus: Separados de mi, nada (bueno) pueden hacer. Entend\u00e1moslo queridos\u2026<\/p>\n","protected":false},"excerpt":{"rendered":"<p>G\u00e9nesis 38:26&nbsp; \u201cEntonces Jud\u00e1 los reconoci\u00f3, y dijo: M\u00e1s justa es ella que yo, por cuanto no la he dado a Sela mi hijo\u201d Ese hombre naci\u00f3 con un estigma sobre su vida: Era el representante de la Alabanza y Adoraci\u00f3n al Se\u00f1or.&nbsp; Su solo nombre lo indica. Su madre, en el momento de nacer, [&hellip;]<\/p>\n","protected":false},"author":3,"featured_media":12838,"comment_status":"open","ping_status":"open","sticky":false,"template":"","format":"standard","meta":[],"categories":[36],"tags":[],"yoast_head":"<!-- This site is optimized with the Yoast SEO plugin v20.8 - https:\/\/yoast.com\/wordpress\/plugins\/seo\/ -->\n<title>Separados de mi... - La Prensa Cristiana<\/title>\n<meta name=\"robots\" content=\"index, follow, max-snippet:-1, max-image-preview:large, max-video-preview:-1\" \/>\n<link rel=\"canonical\" href=\"https:\/\/laprensacristiana.com\/?p=13065\" \/>\n<meta property=\"og:locale\" content=\"es_ES\" \/>\n<meta property=\"og:type\" content=\"article\" \/>\n<meta property=\"og:title\" content=\"Separados de mi... - La Prensa Cristiana\" \/>\n<meta property=\"og:description\" content=\"G\u00e9nesis 38:26&nbsp; \u201cEntonces Jud\u00e1 los reconoci\u00f3, y dijo: M\u00e1s justa es ella que yo, por cuanto no la he dado a Sela mi hijo\u201d Ese hombre naci\u00f3 con un estigma sobre su vida: Era el representante de la Alabanza y Adoraci\u00f3n al Se\u00f1or.&nbsp; Su solo nombre lo indica. Su madre, en el momento de nacer, [&hellip;]\" \/>\n<meta property=\"og:url\" content=\"https:\/\/laprensacristiana.com\/?p=13065\" \/>\n<meta property=\"og:site_name\" content=\"La Prensa Cristiana\" \/>\n<meta property=\"article:published_time\" content=\"2022-01-14T13:58:47+00:00\" \/>\n<meta property=\"article:modified_time\" content=\"2022-01-14T13:58:48+00:00\" \/>\n<meta property=\"og:image\" content=\"https:\/\/laprensacristiana.com\/wp-content\/uploads\/2021\/11\/IMG_20210215_163352_769-1.jpg\" \/>\n\t<meta property=\"og:image:width\" content=\"1280\" \/>\n\t<meta property=\"og:image:height\" content=\"714\" \/>\n\t<meta property=\"og:image:type\" content=\"image\/jpeg\" \/>\n<meta name=\"author\" content=\"EDITOR\" \/>\n<meta name=\"twitter:card\" content=\"summary_large_image\" \/>\n<meta name=\"twitter:label1\" content=\"Escrito por\" \/>\n\t<meta name=\"twitter:data1\" content=\"EDITOR\" \/>\n\t<meta name=\"twitter:label2\" content=\"Tiempo de lectura\" \/>\n\t<meta name=\"twitter:data2\" content=\"4 minutos\" \/>\n<script type=\"application\/ld+json\" class=\"yoast-schema-graph\">{\"@context\":\"https:\/\/schema.org\",\"@graph\":[{\"@type\":\"WebPage\",\"@id\":\"https:\/\/laprensacristiana.com\/?p=13065\",\"url\":\"https:\/\/laprensacristiana.com\/?p=13065\",\"name\":\"Separados de mi... - La Prensa Cristiana\",\"isPartOf\":{\"@id\":\"https:\/\/laprensacristiana.com\/#website\"},\"datePublished\":\"2022-01-14T13:58:47+00:00\",\"dateModified\":\"2022-01-14T13:58:48+00:00\",\"author\":{\"@id\":\"https:\/\/laprensacristiana.com\/#\/schema\/person\/3e7d82c6bfd6b1fa67010f8f7cd5256e\"},\"breadcrumb\":{\"@id\":\"https:\/\/laprensacristiana.com\/?p=13065#breadcrumb\"},\"inLanguage\":\"es\",\"potentialAction\":[{\"@type\":\"ReadAction\",\"target\":[\"https:\/\/laprensacristiana.com\/?p=13065\"]}]},{\"@type\":\"BreadcrumbList\",\"@id\":\"https:\/\/laprensacristiana.com\/?p=13065#breadcrumb\",\"itemListElement\":[{\"@type\":\"ListItem\",\"position\":1,\"name\":\"Portada\",\"item\":\"https:\/\/laprensacristiana.com\/\"},{\"@type\":\"ListItem\",\"position\":2,\"name\":\"Separados de mi&#8230;\"}]},{\"@type\":\"WebSite\",\"@id\":\"https:\/\/laprensacristiana.com\/#website\",\"url\":\"https:\/\/laprensacristiana.com\/\",\"name\":\"La Prensa Cristiana\",\"description\":\"Anunciando Las Buenas Nuevas\",\"potentialAction\":[{\"@type\":\"SearchAction\",\"target\":{\"@type\":\"EntryPoint\",\"urlTemplate\":\"https:\/\/laprensacristiana.com\/?s={search_term_string}\"},\"query-input\":\"required name=search_term_string\"}],\"inLanguage\":\"es\"},{\"@type\":\"Person\",\"@id\":\"https:\/\/laprensacristiana.com\/#\/schema\/person\/3e7d82c6bfd6b1fa67010f8f7cd5256e\",\"name\":\"EDITOR\",\"image\":{\"@type\":\"ImageObject\",\"inLanguage\":\"es\",\"@id\":\"https:\/\/laprensacristiana.com\/#\/schema\/person\/image\/\",\"url\":\"https:\/\/secure.gravatar.com\/avatar\/72069dfb6c13772d9e8381e3638666d2?s=96&d=mm&r=g\",\"contentUrl\":\"https:\/\/secure.gravatar.com\/avatar\/72069dfb6c13772d9e8381e3638666d2?s=96&d=mm&r=g\",\"caption\":\"EDITOR\"},\"url\":\"https:\/\/laprensacristiana.com\/?author=3\"}]}<\/script>\n<!-- \/ Yoast SEO plugin. -->","yoast_head_json":{"title":"Separados de mi... - La Prensa Cristiana","robots":{"index":"index","follow":"follow","max-snippet":"max-snippet:-1","max-image-preview":"max-image-preview:large","max-video-preview":"max-video-preview:-1"},"canonical":"https:\/\/laprensacristiana.com\/?p=13065","og_locale":"es_ES","og_type":"article","og_title":"Separados de mi... - La Prensa Cristiana","og_description":"G\u00e9nesis 38:26&nbsp; \u201cEntonces Jud\u00e1 los reconoci\u00f3, y dijo: M\u00e1s justa es ella que yo, por cuanto no la he dado a Sela mi hijo\u201d Ese hombre naci\u00f3 con un estigma sobre su vida: Era el representante de la Alabanza y Adoraci\u00f3n al Se\u00f1or.&nbsp; Su solo nombre lo indica. Su madre, en el momento de nacer, [&hellip;]","og_url":"https:\/\/laprensacristiana.com\/?p=13065","og_site_name":"La Prensa Cristiana","article_published_time":"2022-01-14T13:58:47+00:00","article_modified_time":"2022-01-14T13:58:48+00:00","og_image":[{"width":1280,"height":714,"url":"https:\/\/laprensacristiana.com\/wp-content\/uploads\/2021\/11\/IMG_20210215_163352_769-1.jpg","type":"image\/jpeg"}],"author":"EDITOR","twitter_card":"summary_large_image","twitter_misc":{"Escrito por":"EDITOR","Tiempo de lectura":"4 minutos"},"schema":{"@context":"https:\/\/schema.org","@graph":[{"@type":"WebPage","@id":"https:\/\/laprensacristiana.com\/?p=13065","url":"https:\/\/laprensacristiana.com\/?p=13065","name":"Separados de mi... - La Prensa Cristiana","isPartOf":{"@id":"https:\/\/laprensacristiana.com\/#website"},"datePublished":"2022-01-14T13:58:47+00:00","dateModified":"2022-01-14T13:58:48+00:00","author":{"@id":"https:\/\/laprensacristiana.com\/#\/schema\/person\/3e7d82c6bfd6b1fa67010f8f7cd5256e"},"breadcrumb":{"@id":"https:\/\/laprensacristiana.com\/?p=13065#breadcrumb"},"inLanguage":"es","potentialAction":[{"@type":"ReadAction","target":["https:\/\/laprensacristiana.com\/?p=13065"]}]},{"@type":"BreadcrumbList","@id":"https:\/\/laprensacristiana.com\/?p=13065#breadcrumb","itemListElement":[{"@type":"ListItem","position":1,"name":"Portada","item":"https:\/\/laprensacristiana.com\/"},{"@type":"ListItem","position":2,"name":"Separados de mi&#8230;"}]},{"@type":"WebSite","@id":"https:\/\/laprensacristiana.com\/#website","url":"https:\/\/laprensacristiana.com\/","name":"La Prensa Cristiana","description":"Anunciando Las Buenas Nuevas","potentialAction":[{"@type":"SearchAction","target":{"@type":"EntryPoint","urlTemplate":"https:\/\/laprensacristiana.com\/?s={search_term_string}"},"query-input":"required name=search_term_string"}],"inLanguage":"es"},{"@type":"Person","@id":"https:\/\/laprensacristiana.com\/#\/schema\/person\/3e7d82c6bfd6b1fa67010f8f7cd5256e","name":"EDITOR","image":{"@type":"ImageObject","inLanguage":"es","@id":"https:\/\/laprensacristiana.com\/#\/schema\/person\/image\/","url":"https:\/\/secure.gravatar.com\/avatar\/72069dfb6c13772d9e8381e3638666d2?s=96&d=mm&r=g","contentUrl":"https:\/\/secure.gravatar.com\/avatar\/72069dfb6c13772d9e8381e3638666d2?s=96&d=mm&r=g","caption":"EDITOR"},"url":"https:\/\/laprensacristiana.com\/?author=3"}]}},"_links":{"self":[{"href":"https:\/\/laprensacristiana.com\/index.php?rest_route=\/wp\/v2\/posts\/13065"}],"collection":[{"href":"https:\/\/laprensacristiana.com\/index.php?rest_route=\/wp\/v2\/posts"}],"about":[{"href":"https:\/\/laprensacristiana.com\/index.php?rest_route=\/wp\/v2\/types\/post"}],"author":[{"embeddable":true,"href":"https:\/\/laprensacristiana.com\/index.php?rest_route=\/wp\/v2\/users\/3"}],"replies":[{"embeddable":true,"href":"https:\/\/laprensacristiana.com\/index.php?rest_route=%2Fwp%2Fv2%2Fcomments&post=13065"}],"version-history":[{"count":1,"href":"https:\/\/laprensacristiana.com\/index.php?rest_route=\/wp\/v2\/posts\/13065\/revisions"}],"predecessor-version":[{"id":13066,"href":"https:\/\/laprensacristiana.com\/index.php?rest_route=\/wp\/v2\/posts\/13065\/revisions\/13066"}],"wp:featuredmedia":[{"embeddable":true,"href":"https:\/\/laprensacristiana.com\/index.php?rest_route=\/wp\/v2\/media\/12838"}],"wp:attachment":[{"href":"https:\/\/laprensacristiana.com\/index.php?rest_route=%2Fwp%2Fv2%2Fmedia&parent=13065"}],"wp:term":[{"taxonomy":"category","embeddable":true,"href":"https:\/\/laprensacristiana.com\/index.php?rest_route=%2Fwp%2Fv2%2Fcategories&post=13065"},{"taxonomy":"post_tag","embeddable":true,"href":"https:\/\/laprensacristiana.com\/index.php?rest_route=%2Fwp%2Fv2%2Ftags&post=13065"}],"curies":[{"name":"wp","href":"https:\/\/api.w.org\/{rel}","templated":true}]}}