{"id":13072,"date":"2022-01-17T13:46:45","date_gmt":"2022-01-17T13:46:45","guid":{"rendered":"https:\/\/laprensacristiana.com\/?p=13072"},"modified":"2022-01-17T13:46:46","modified_gmt":"2022-01-17T13:46:46","slug":"mi-projimo","status":"publish","type":"post","link":"https:\/\/laprensacristiana.com\/?p=13072","title":{"rendered":"Mi projimo"},"content":{"rendered":"\n<p>Lucas 10:29&nbsp; \u201c\u00bfY qui\u00e9n es mi pr\u00f3jimo?\u201d<\/p>\n\n\n\n<p>Esta fue la pregunta trampa que el rico le hizo a Jesus aquella ocasi\u00f3n cuando estaban dirimiendo asuntos de fe y religi\u00f3n.<\/p>\n\n\n\n<p>Para el jud\u00edo rico, la palabra \u201cpr\u00f3jimo\u201d era otro jud\u00edo. Eran tan clasistas que no pod\u00edan pensar que nadie fuera de su c\u00edrculo social o nacionalidad formaba parte de su \u00e9lite, no era posible. Por eso, cuando Jesus le aclara que para alcanzar el Reino de Dios hab\u00eda que cumplir ciertos requisitos que estaban escritos en la Ley, el hombre se pone a discutir teolog\u00eda.<\/p>\n\n\n\n<p>\u00bfQue mandamientos debo cumplir? \u00bfCuales me faltan? Porque t\u00fa debes saber, Jesus, que yo ya los cumpl\u00ed todos. Es cuando Jesus le suelta la respuesta bomba: Ama a tu pr\u00f3jimo como te amas a ti mismo. Pero viene el otro y le tiende la famosa trampa: \u00bfy quien es mi pr\u00f3jimo?<\/p>\n\n\n\n<p>Jesus, como buen Maestro, le cuenta la famosa par\u00e1bola del hombre que viene de Jerusalem hacia Jeric\u00f3 y lo asaltan, lo lastiman, lo desnudan y lo dejan malherido en medio del camino. Pasa un sacerdote y no hace nada. Pasa un levita y tampoco hace nada. De pronto, el rico piensa que Jesus ya no tiene de donde sacar gente para ilustrar el asunto del pr\u00f3jimo.<\/p>\n\n\n\n<p>Pero Jesus tiene un as bajo la manga y se la pone en la mesa: Pasa un samaritano. Un hombre que no tiene derecho de entrar al Templo a adorar como t\u00fa.&nbsp; Un hombre que no conoce la Ley como la conoces t\u00fa.&nbsp; Un hombre que no se jacta de ser cumplidor de ella con bombos y platillos.<\/p>\n\n\n\n<p>Y, precisamente ese es el hombre que se apiada del herido. Invierte tiempo, esfuerzo, recursos para ayudarlo.&nbsp; Aunque lleva prisa por llegar a su destino, el samaritano no duda en detenerse, perder algunos minutos de su valioso tiempo y se para a tenderle una mano al herido.<\/p>\n\n\n\n<p>Lo sube a su cabalgadura, \u00e9l camina a su lado a pie mientras lo lleva a un mes\u00f3n en donde dejar\u00e1 cancelado el valor de un tratamiento m\u00e9dico y luego promete que cuando regrese cancelar\u00e1 todo lo que se gaste de m\u00e1s.<\/p>\n\n\n\n<p>El mesonero no le pregunta su nombre. No le pregunta su profesi\u00f3n. Por lo visto, no pertenece a la \u00e9lite del Templo de Jerusalem porque su conducta no lo muestra ni su ropaje. As\u00ed que el mesonero da por hecho que ese hombre es samaritano.<\/p>\n\n\n\n<p>A todo esto, el rico est\u00e1 abriendo los ojos cada vez m\u00e1s porque Jesus lo est\u00e1 llevando a un cl\u00edmax religioso en donde le hace ver que sus cong\u00e9neres jud\u00edos y religiosos no han hecho nada por el herido por temor a contaminarse.&nbsp; Porque seg\u00fan ellos, era m\u00e1s importante mantenerse puros y sin contaminaci\u00f3n que ser tiernos y atentos con un necesitado. Y eso era precisamente lo que el hombre rico tambi\u00e9n pensaba. Para ellos, mantenerse sin mancha delante de Dios era lo vital, aunque vieran a una persona herida y sangrante y mancharse las manos con su sangre contaminada de pecado.<\/p>\n\n\n\n<p>Y ahora, mis queridos lectores, vengamos a El Salvador, que es el pa\u00eds en donde vivimos. Vengamos a nuestra congregaci\u00f3n donde le rendimos culto al Se\u00f1or todos los domingos y examinemos nuestra propia teolog\u00eda.<\/p>\n\n\n\n<p>Porque una buena mayor\u00eda de cristianos son como el hombre rico de la historia de Lucas: Incapaces de amar a su pr\u00f3jimo.<\/p>\n\n\n\n<p>S\u00ed, es cierto, diezman, ofrendan y hacen buenas obras para sus familiares, para sus compa\u00f1eros de iglesia, pero son duros, taca\u00f1os e indiferentes a la necesidad de otras personas que no pertenecen a su c\u00edrculo social cristiano.<\/p>\n\n\n\n<p>Incluso, invitan a comer a sus familiares y amigos \u00edntimos, pero no a sus propios hermanos de congregaci\u00f3n. Evitan, como ese hombre rico, mezclarse con la chusma que son aprovechados y nunca devuelven nada.<\/p>\n\n\n\n<p>Y, seg\u00fan Jesus, ese es precisamente el pr\u00f3jimo. El pr\u00f3jimo no es el hermano que se sienta a nuestro lado en la iglesia. Es el guardi\u00e1n de la cuadra que ha pasado toda la noche en vela mientras nosotros dormimos tranquilos y necesita de una taza de caf\u00e9 caliente en la madrugada. Es el polic\u00eda que ha hecho guardia en su garita durante la noche soportando el fr\u00edo de la ma\u00f1ana.&nbsp; Es el ni\u00f1o que pide limosna en la esquina. Es la viuda que necesita ayuda para sus peque\u00f1os.&nbsp; Ese es nuestro pr\u00f3jimo.<\/p>\n\n\n\n<p>Los que est\u00e1n a mi lado cantando coritos no son mi pr\u00f3jimo. Ellos son mis hermanos.<\/p>\n","protected":false},"excerpt":{"rendered":"<p>Lucas 10:29&nbsp; \u201c\u00bfY qui\u00e9n es mi pr\u00f3jimo?\u201d Esta fue la pregunta trampa que el rico le hizo a Jesus aquella ocasi\u00f3n cuando estaban dirimiendo asuntos de fe y religi\u00f3n. Para el jud\u00edo rico, la palabra \u201cpr\u00f3jimo\u201d era otro jud\u00edo. Eran tan clasistas que no pod\u00edan pensar que nadie fuera de su c\u00edrculo social o nacionalidad [&hellip;]<\/p>\n","protected":false},"author":3,"featured_media":12838,"comment_status":"open","ping_status":"open","sticky":false,"template":"","format":"standard","meta":[],"categories":[36],"tags":[],"yoast_head":"<!-- This site is optimized with the Yoast SEO plugin v20.8 - https:\/\/yoast.com\/wordpress\/plugins\/seo\/ -->\n<title>Mi projimo - La Prensa Cristiana<\/title>\n<meta name=\"robots\" content=\"index, follow, max-snippet:-1, max-image-preview:large, max-video-preview:-1\" \/>\n<link rel=\"canonical\" href=\"https:\/\/laprensacristiana.com\/?p=13072\" \/>\n<meta property=\"og:locale\" content=\"es_ES\" \/>\n<meta property=\"og:type\" content=\"article\" \/>\n<meta property=\"og:title\" content=\"Mi projimo - La Prensa Cristiana\" \/>\n<meta property=\"og:description\" content=\"Lucas 10:29&nbsp; \u201c\u00bfY qui\u00e9n es mi pr\u00f3jimo?\u201d Esta fue la pregunta trampa que el rico le hizo a Jesus aquella ocasi\u00f3n cuando estaban dirimiendo asuntos de fe y religi\u00f3n. Para el jud\u00edo rico, la palabra \u201cpr\u00f3jimo\u201d era otro jud\u00edo. Eran tan clasistas que no pod\u00edan pensar que nadie fuera de su c\u00edrculo social o nacionalidad [&hellip;]\" \/>\n<meta property=\"og:url\" content=\"https:\/\/laprensacristiana.com\/?p=13072\" \/>\n<meta property=\"og:site_name\" content=\"La Prensa Cristiana\" \/>\n<meta property=\"article:published_time\" content=\"2022-01-17T13:46:45+00:00\" \/>\n<meta property=\"article:modified_time\" content=\"2022-01-17T13:46:46+00:00\" \/>\n<meta property=\"og:image\" content=\"https:\/\/laprensacristiana.com\/wp-content\/uploads\/2021\/11\/IMG_20210215_163352_769-1.jpg\" \/>\n\t<meta property=\"og:image:width\" content=\"1280\" \/>\n\t<meta property=\"og:image:height\" content=\"714\" \/>\n\t<meta property=\"og:image:type\" content=\"image\/jpeg\" \/>\n<meta name=\"author\" content=\"EDITOR\" \/>\n<meta name=\"twitter:card\" content=\"summary_large_image\" \/>\n<meta name=\"twitter:label1\" content=\"Escrito por\" \/>\n\t<meta name=\"twitter:data1\" content=\"EDITOR\" \/>\n\t<meta name=\"twitter:label2\" content=\"Tiempo de lectura\" \/>\n\t<meta name=\"twitter:data2\" content=\"4 minutos\" \/>\n<script type=\"application\/ld+json\" class=\"yoast-schema-graph\">{\"@context\":\"https:\/\/schema.org\",\"@graph\":[{\"@type\":\"WebPage\",\"@id\":\"https:\/\/laprensacristiana.com\/?p=13072\",\"url\":\"https:\/\/laprensacristiana.com\/?p=13072\",\"name\":\"Mi projimo - La Prensa Cristiana\",\"isPartOf\":{\"@id\":\"https:\/\/laprensacristiana.com\/#website\"},\"datePublished\":\"2022-01-17T13:46:45+00:00\",\"dateModified\":\"2022-01-17T13:46:46+00:00\",\"author\":{\"@id\":\"https:\/\/laprensacristiana.com\/#\/schema\/person\/3e7d82c6bfd6b1fa67010f8f7cd5256e\"},\"breadcrumb\":{\"@id\":\"https:\/\/laprensacristiana.com\/?p=13072#breadcrumb\"},\"inLanguage\":\"es\",\"potentialAction\":[{\"@type\":\"ReadAction\",\"target\":[\"https:\/\/laprensacristiana.com\/?p=13072\"]}]},{\"@type\":\"BreadcrumbList\",\"@id\":\"https:\/\/laprensacristiana.com\/?p=13072#breadcrumb\",\"itemListElement\":[{\"@type\":\"ListItem\",\"position\":1,\"name\":\"Portada\",\"item\":\"https:\/\/laprensacristiana.com\/\"},{\"@type\":\"ListItem\",\"position\":2,\"name\":\"Mi projimo\"}]},{\"@type\":\"WebSite\",\"@id\":\"https:\/\/laprensacristiana.com\/#website\",\"url\":\"https:\/\/laprensacristiana.com\/\",\"name\":\"La Prensa Cristiana\",\"description\":\"Anunciando Las Buenas Nuevas\",\"potentialAction\":[{\"@type\":\"SearchAction\",\"target\":{\"@type\":\"EntryPoint\",\"urlTemplate\":\"https:\/\/laprensacristiana.com\/?s={search_term_string}\"},\"query-input\":\"required name=search_term_string\"}],\"inLanguage\":\"es\"},{\"@type\":\"Person\",\"@id\":\"https:\/\/laprensacristiana.com\/#\/schema\/person\/3e7d82c6bfd6b1fa67010f8f7cd5256e\",\"name\":\"EDITOR\",\"image\":{\"@type\":\"ImageObject\",\"inLanguage\":\"es\",\"@id\":\"https:\/\/laprensacristiana.com\/#\/schema\/person\/image\/\",\"url\":\"https:\/\/secure.gravatar.com\/avatar\/72069dfb6c13772d9e8381e3638666d2?s=96&d=mm&r=g\",\"contentUrl\":\"https:\/\/secure.gravatar.com\/avatar\/72069dfb6c13772d9e8381e3638666d2?s=96&d=mm&r=g\",\"caption\":\"EDITOR\"},\"url\":\"https:\/\/laprensacristiana.com\/?author=3\"}]}<\/script>\n<!-- \/ Yoast SEO plugin. -->","yoast_head_json":{"title":"Mi projimo - La Prensa Cristiana","robots":{"index":"index","follow":"follow","max-snippet":"max-snippet:-1","max-image-preview":"max-image-preview:large","max-video-preview":"max-video-preview:-1"},"canonical":"https:\/\/laprensacristiana.com\/?p=13072","og_locale":"es_ES","og_type":"article","og_title":"Mi projimo - La Prensa Cristiana","og_description":"Lucas 10:29&nbsp; \u201c\u00bfY qui\u00e9n es mi pr\u00f3jimo?\u201d Esta fue la pregunta trampa que el rico le hizo a Jesus aquella ocasi\u00f3n cuando estaban dirimiendo asuntos de fe y religi\u00f3n. Para el jud\u00edo rico, la palabra \u201cpr\u00f3jimo\u201d era otro jud\u00edo. Eran tan clasistas que no pod\u00edan pensar que nadie fuera de su c\u00edrculo social o nacionalidad [&hellip;]","og_url":"https:\/\/laprensacristiana.com\/?p=13072","og_site_name":"La Prensa Cristiana","article_published_time":"2022-01-17T13:46:45+00:00","article_modified_time":"2022-01-17T13:46:46+00:00","og_image":[{"width":1280,"height":714,"url":"https:\/\/laprensacristiana.com\/wp-content\/uploads\/2021\/11\/IMG_20210215_163352_769-1.jpg","type":"image\/jpeg"}],"author":"EDITOR","twitter_card":"summary_large_image","twitter_misc":{"Escrito por":"EDITOR","Tiempo de lectura":"4 minutos"},"schema":{"@context":"https:\/\/schema.org","@graph":[{"@type":"WebPage","@id":"https:\/\/laprensacristiana.com\/?p=13072","url":"https:\/\/laprensacristiana.com\/?p=13072","name":"Mi projimo - La Prensa Cristiana","isPartOf":{"@id":"https:\/\/laprensacristiana.com\/#website"},"datePublished":"2022-01-17T13:46:45+00:00","dateModified":"2022-01-17T13:46:46+00:00","author":{"@id":"https:\/\/laprensacristiana.com\/#\/schema\/person\/3e7d82c6bfd6b1fa67010f8f7cd5256e"},"breadcrumb":{"@id":"https:\/\/laprensacristiana.com\/?p=13072#breadcrumb"},"inLanguage":"es","potentialAction":[{"@type":"ReadAction","target":["https:\/\/laprensacristiana.com\/?p=13072"]}]},{"@type":"BreadcrumbList","@id":"https:\/\/laprensacristiana.com\/?p=13072#breadcrumb","itemListElement":[{"@type":"ListItem","position":1,"name":"Portada","item":"https:\/\/laprensacristiana.com\/"},{"@type":"ListItem","position":2,"name":"Mi projimo"}]},{"@type":"WebSite","@id":"https:\/\/laprensacristiana.com\/#website","url":"https:\/\/laprensacristiana.com\/","name":"La Prensa Cristiana","description":"Anunciando Las Buenas Nuevas","potentialAction":[{"@type":"SearchAction","target":{"@type":"EntryPoint","urlTemplate":"https:\/\/laprensacristiana.com\/?s={search_term_string}"},"query-input":"required name=search_term_string"}],"inLanguage":"es"},{"@type":"Person","@id":"https:\/\/laprensacristiana.com\/#\/schema\/person\/3e7d82c6bfd6b1fa67010f8f7cd5256e","name":"EDITOR","image":{"@type":"ImageObject","inLanguage":"es","@id":"https:\/\/laprensacristiana.com\/#\/schema\/person\/image\/","url":"https:\/\/secure.gravatar.com\/avatar\/72069dfb6c13772d9e8381e3638666d2?s=96&d=mm&r=g","contentUrl":"https:\/\/secure.gravatar.com\/avatar\/72069dfb6c13772d9e8381e3638666d2?s=96&d=mm&r=g","caption":"EDITOR"},"url":"https:\/\/laprensacristiana.com\/?author=3"}]}},"_links":{"self":[{"href":"https:\/\/laprensacristiana.com\/index.php?rest_route=\/wp\/v2\/posts\/13072"}],"collection":[{"href":"https:\/\/laprensacristiana.com\/index.php?rest_route=\/wp\/v2\/posts"}],"about":[{"href":"https:\/\/laprensacristiana.com\/index.php?rest_route=\/wp\/v2\/types\/post"}],"author":[{"embeddable":true,"href":"https:\/\/laprensacristiana.com\/index.php?rest_route=\/wp\/v2\/users\/3"}],"replies":[{"embeddable":true,"href":"https:\/\/laprensacristiana.com\/index.php?rest_route=%2Fwp%2Fv2%2Fcomments&post=13072"}],"version-history":[{"count":1,"href":"https:\/\/laprensacristiana.com\/index.php?rest_route=\/wp\/v2\/posts\/13072\/revisions"}],"predecessor-version":[{"id":13073,"href":"https:\/\/laprensacristiana.com\/index.php?rest_route=\/wp\/v2\/posts\/13072\/revisions\/13073"}],"wp:featuredmedia":[{"embeddable":true,"href":"https:\/\/laprensacristiana.com\/index.php?rest_route=\/wp\/v2\/media\/12838"}],"wp:attachment":[{"href":"https:\/\/laprensacristiana.com\/index.php?rest_route=%2Fwp%2Fv2%2Fmedia&parent=13072"}],"wp:term":[{"taxonomy":"category","embeddable":true,"href":"https:\/\/laprensacristiana.com\/index.php?rest_route=%2Fwp%2Fv2%2Fcategories&post=13072"},{"taxonomy":"post_tag","embeddable":true,"href":"https:\/\/laprensacristiana.com\/index.php?rest_route=%2Fwp%2Fv2%2Ftags&post=13072"}],"curies":[{"name":"wp","href":"https:\/\/api.w.org\/{rel}","templated":true}]}}