{"id":13089,"date":"2022-01-19T14:57:35","date_gmt":"2022-01-19T14:57:35","guid":{"rendered":"https:\/\/laprensacristiana.com\/?p=13089"},"modified":"2022-01-19T15:01:46","modified_gmt":"2022-01-19T15:01:46","slug":"la-iglesia-realiza-acciones-politicas-pero-no-son-partidarias-porque-parten-de-la-politica-del-reino-de-dios-pastor-tito-escalante","status":"publish","type":"post","link":"https:\/\/laprensacristiana.com\/?p=13089","title":{"rendered":"\u201cLa iglesia realiza acciones pol\u00edticas pero no son partidarias\u201d: Pastor Tito Escalante"},"content":{"rendered":"\n<p>En la entrevista matutina de Radio Restauraci\u00f3n 100.5 FM, \u201cEn Pleno D\u00eda\u201d, estuvieron como invitados el pastor Tito Escalante del Templo Cristiano Bendici\u00f3n y Remy Oc\u00f3n del Movimiento Universitario Cristiano (MUC), hablando acerca de la participaci\u00f3n de los cristianos evang\u00e9licos en la pol\u00edtica del pa\u00eds.<\/p>\n\n\n\n<p>Para el pastor Tito Escalante, \u201cCuando damos de comer a las personas necesitadas, cuando ayudamos a alguien en tiempos de calamidad estamos haciendo acciones pol\u00edticas, y mucho del deber que el estado deber\u00eda de realizar, lo realiza la iglesia, la atenci\u00f3n a las v\u00edctimas, porque lo primero que busca una v\u00edctima cuando est\u00e1 pasando una situaci\u00f3n dif\u00edcil es buscar una iglesia, es buscar a un creyente para que lo asista, para que lo socorra, en ese sentido s\u00ed la iglesia realiza acciones pol\u00edticas pero no son partidarias, porque parten de la pol\u00edtica del Reino de Dios, que esta sobre toda pol\u00edtica ideol\u00f3gica\u201d, indic\u00f3. &nbsp;<\/p>\n\n\n\n<p>Hablar de la participaci\u00f3n de mujeres en la palestra p\u00fablica ha sido uno de los temas tab\u00fa al interior de la iglesia por el hecho de reducirla a labores netamente dom\u00e9sticas, \u201cEl rol de la mujer ha sido invisibilizado, las mujeres fuimos las primeras portadoras del mensaje de salvaci\u00f3n, porque nosotras recibimos el mensaje de Jes\u00fas resucitado, cuando nosotras nos encontramos as\u00ed en la palabra de Dios, nos sentimos m\u00e1s fuertes y nos sentimos con esa capacidad de salir y decir: nosotras tambi\u00e9n estamos haciendo algo, somos redes de apoyo, somos redes de cuidado pero tambi\u00e9n somos redes que dan opiniones y opiniones que importan, nuestra labor es fortalecer lo que la otra est\u00e1 haciendo\u201d, acot\u00f3 Remy Oc\u00f3n.<\/p>\n\n\n\n<p>Los pensamientos sobre temas de participaci\u00f3n ciudadana y emitir opini\u00f3n genera diferentes reacciones, como existen grupos que consideran que la iglesia debe mantenerse aislada de estos t\u00f3picos, existen quienes consideran que la iglesia no est\u00e1 exenta de la realidad social, \u201cLa principal se\u00f1al que somos hijos de Dios es que nos amamos, y actuar en amor implica comprender que los hermanos no todos pensamos igual, algunos piensan que un pastor no debe opinar sobre temas de naci\u00f3n, pero es que algunos hermanos fueron mal discipulados y los divorciaron de las realidades humanas en las que los creyentes nos desenvolvemos, yo m\u00e1s bien har\u00eda un llamado a los hermanos a que se preparen para ver el campo pol\u00edtico como un campo de misi\u00f3n\u201d. Concluy\u00f3 el pastor Escalante.<\/p>\n\n\n\n<p>Para continuar desarrollando el tema, TEOPOLITIK estar\u00e1 realizando un foro en las instalaciones de Iglesia de Dios en El Salvador ubicadas en la 10\u00aa. Av. Sur #4-8, Santa Tecla, este s\u00e1bado 22 de enero a partir de las 9:00 de la ma\u00f1ana.<\/p>\n\n\n\n<figure class=\"wp-block-image size-large\"><img decoding=\"async\" loading=\"lazy\" width=\"1024\" height=\"1024\" src=\"https:\/\/laprensacristiana.com\/wp-content\/uploads\/2022\/01\/WhatsApp-Image-2022-01-19-at-08.13.04-1024x1024.jpeg\" alt=\"\" class=\"wp-image-13090\" srcset=\"https:\/\/laprensacristiana.com\/wp-content\/uploads\/2022\/01\/WhatsApp-Image-2022-01-19-at-08.13.04-1024x1024.jpeg 1024w, https:\/\/laprensacristiana.com\/wp-content\/uploads\/2022\/01\/WhatsApp-Image-2022-01-19-at-08.13.04-300x300.jpeg 300w, https:\/\/laprensacristiana.com\/wp-content\/uploads\/2022\/01\/WhatsApp-Image-2022-01-19-at-08.13.04-150x150.jpeg 150w, https:\/\/laprensacristiana.com\/wp-content\/uploads\/2022\/01\/WhatsApp-Image-2022-01-19-at-08.13.04-768x768.jpeg 768w, https:\/\/laprensacristiana.com\/wp-content\/uploads\/2022\/01\/WhatsApp-Image-2022-01-19-at-08.13.04-696x696.jpeg 696w, https:\/\/laprensacristiana.com\/wp-content\/uploads\/2022\/01\/WhatsApp-Image-2022-01-19-at-08.13.04-1068x1068.jpeg 1068w, https:\/\/laprensacristiana.com\/wp-content\/uploads\/2022\/01\/WhatsApp-Image-2022-01-19-at-08.13.04-600x600.jpeg 600w, https:\/\/laprensacristiana.com\/wp-content\/uploads\/2022\/01\/WhatsApp-Image-2022-01-19-at-08.13.04-100x100.jpeg 100w, https:\/\/laprensacristiana.com\/wp-content\/uploads\/2022\/01\/WhatsApp-Image-2022-01-19-at-08.13.04.jpeg 1080w\" sizes=\"(max-width: 1024px) 100vw, 1024px\" \/><\/figure>\n","protected":false},"excerpt":{"rendered":"<p>En la entrevista matutina de Radio Restauraci\u00f3n 100.5 FM, \u201cEn Pleno D\u00eda\u201d, estuvieron como invitados el pastor Tito Escalante del Templo Cristiano Bendici\u00f3n y Remy Oc\u00f3n del Movimiento Universitario Cristiano (MUC), hablando acerca de la participaci\u00f3n de los cristianos evang\u00e9licos en la pol\u00edtica del pa\u00eds. Para el pastor Tito Escalante, \u201cCuando damos de comer a [&hellip;]<\/p>\n","protected":false},"author":3,"featured_media":13091,"comment_status":"open","ping_status":"open","sticky":false,"template":"","format":"standard","meta":[],"categories":[56],"tags":[],"yoast_head":"<!-- This site is optimized with the Yoast SEO plugin v20.8 - https:\/\/yoast.com\/wordpress\/plugins\/seo\/ -->\n<title>\u201cLa iglesia realiza acciones pol\u00edticas pero no son partidarias\u201d: Pastor Tito Escalante - La Prensa Cristiana<\/title>\n<meta name=\"robots\" content=\"index, follow, max-snippet:-1, max-image-preview:large, max-video-preview:-1\" \/>\n<link rel=\"canonical\" href=\"https:\/\/laprensacristiana.com\/?p=13089\" \/>\n<meta property=\"og:locale\" content=\"es_ES\" \/>\n<meta property=\"og:type\" content=\"article\" \/>\n<meta property=\"og:title\" content=\"\u201cLa iglesia realiza acciones pol\u00edticas pero no son partidarias\u201d: Pastor Tito Escalante - La Prensa Cristiana\" \/>\n<meta property=\"og:description\" content=\"En la entrevista matutina de Radio Restauraci\u00f3n 100.5 FM, \u201cEn Pleno D\u00eda\u201d, estuvieron como invitados el pastor Tito Escalante del Templo Cristiano Bendici\u00f3n y Remy Oc\u00f3n del Movimiento Universitario Cristiano (MUC), hablando acerca de la participaci\u00f3n de los cristianos evang\u00e9licos en la pol\u00edtica del pa\u00eds. Para el pastor Tito Escalante, \u201cCuando damos de comer a [&hellip;]\" \/>\n<meta property=\"og:url\" content=\"https:\/\/laprensacristiana.com\/?p=13089\" \/>\n<meta property=\"og:site_name\" content=\"La Prensa Cristiana\" \/>\n<meta property=\"article:published_time\" content=\"2022-01-19T14:57:35+00:00\" \/>\n<meta property=\"article:modified_time\" content=\"2022-01-19T15:01:46+00:00\" \/>\n<meta property=\"og:image\" content=\"https:\/\/laprensacristiana.com\/wp-content\/uploads\/2022\/01\/WhatsApp-Image-2022-01-19-at-08.47.35.jpeg\" \/>\n\t<meta property=\"og:image:width\" content=\"1024\" \/>\n\t<meta property=\"og:image:height\" content=\"520\" \/>\n\t<meta property=\"og:image:type\" content=\"image\/jpeg\" \/>\n<meta name=\"author\" content=\"EDITOR\" \/>\n<meta name=\"twitter:card\" content=\"summary_large_image\" \/>\n<meta name=\"twitter:label1\" content=\"Escrito por\" \/>\n\t<meta name=\"twitter:data1\" content=\"EDITOR\" \/>\n\t<meta name=\"twitter:label2\" content=\"Tiempo de lectura\" \/>\n\t<meta name=\"twitter:data2\" content=\"2 minutos\" \/>\n<script type=\"application\/ld+json\" class=\"yoast-schema-graph\">{\"@context\":\"https:\/\/schema.org\",\"@graph\":[{\"@type\":\"WebPage\",\"@id\":\"https:\/\/laprensacristiana.com\/?p=13089\",\"url\":\"https:\/\/laprensacristiana.com\/?p=13089\",\"name\":\"\u201cLa iglesia realiza acciones pol\u00edticas pero no son partidarias\u201d: Pastor Tito Escalante - La Prensa Cristiana\",\"isPartOf\":{\"@id\":\"https:\/\/laprensacristiana.com\/#website\"},\"datePublished\":\"2022-01-19T14:57:35+00:00\",\"dateModified\":\"2022-01-19T15:01:46+00:00\",\"author\":{\"@id\":\"https:\/\/laprensacristiana.com\/#\/schema\/person\/3e7d82c6bfd6b1fa67010f8f7cd5256e\"},\"breadcrumb\":{\"@id\":\"https:\/\/laprensacristiana.com\/?p=13089#breadcrumb\"},\"inLanguage\":\"es\",\"potentialAction\":[{\"@type\":\"ReadAction\",\"target\":[\"https:\/\/laprensacristiana.com\/?p=13089\"]}]},{\"@type\":\"BreadcrumbList\",\"@id\":\"https:\/\/laprensacristiana.com\/?p=13089#breadcrumb\",\"itemListElement\":[{\"@type\":\"ListItem\",\"position\":1,\"name\":\"Portada\",\"item\":\"https:\/\/laprensacristiana.com\/\"},{\"@type\":\"ListItem\",\"position\":2,\"name\":\"\u201cLa iglesia realiza acciones pol\u00edticas pero no son partidarias\u201d: Pastor Tito Escalante\"}]},{\"@type\":\"WebSite\",\"@id\":\"https:\/\/laprensacristiana.com\/#website\",\"url\":\"https:\/\/laprensacristiana.com\/\",\"name\":\"La Prensa Cristiana\",\"description\":\"Anunciando Las Buenas Nuevas\",\"potentialAction\":[{\"@type\":\"SearchAction\",\"target\":{\"@type\":\"EntryPoint\",\"urlTemplate\":\"https:\/\/laprensacristiana.com\/?s={search_term_string}\"},\"query-input\":\"required name=search_term_string\"}],\"inLanguage\":\"es\"},{\"@type\":\"Person\",\"@id\":\"https:\/\/laprensacristiana.com\/#\/schema\/person\/3e7d82c6bfd6b1fa67010f8f7cd5256e\",\"name\":\"EDITOR\",\"image\":{\"@type\":\"ImageObject\",\"inLanguage\":\"es\",\"@id\":\"https:\/\/laprensacristiana.com\/#\/schema\/person\/image\/\",\"url\":\"https:\/\/secure.gravatar.com\/avatar\/72069dfb6c13772d9e8381e3638666d2?s=96&d=mm&r=g\",\"contentUrl\":\"https:\/\/secure.gravatar.com\/avatar\/72069dfb6c13772d9e8381e3638666d2?s=96&d=mm&r=g\",\"caption\":\"EDITOR\"},\"url\":\"https:\/\/laprensacristiana.com\/?author=3\"}]}<\/script>\n<!-- \/ Yoast SEO plugin. -->","yoast_head_json":{"title":"\u201cLa iglesia realiza acciones pol\u00edticas pero no son partidarias\u201d: Pastor Tito Escalante - La Prensa Cristiana","robots":{"index":"index","follow":"follow","max-snippet":"max-snippet:-1","max-image-preview":"max-image-preview:large","max-video-preview":"max-video-preview:-1"},"canonical":"https:\/\/laprensacristiana.com\/?p=13089","og_locale":"es_ES","og_type":"article","og_title":"\u201cLa iglesia realiza acciones pol\u00edticas pero no son partidarias\u201d: Pastor Tito Escalante - La Prensa Cristiana","og_description":"En la entrevista matutina de Radio Restauraci\u00f3n 100.5 FM, \u201cEn Pleno D\u00eda\u201d, estuvieron como invitados el pastor Tito Escalante del Templo Cristiano Bendici\u00f3n y Remy Oc\u00f3n del Movimiento Universitario Cristiano (MUC), hablando acerca de la participaci\u00f3n de los cristianos evang\u00e9licos en la pol\u00edtica del pa\u00eds. Para el pastor Tito Escalante, \u201cCuando damos de comer a [&hellip;]","og_url":"https:\/\/laprensacristiana.com\/?p=13089","og_site_name":"La Prensa Cristiana","article_published_time":"2022-01-19T14:57:35+00:00","article_modified_time":"2022-01-19T15:01:46+00:00","og_image":[{"width":1024,"height":520,"url":"https:\/\/laprensacristiana.com\/wp-content\/uploads\/2022\/01\/WhatsApp-Image-2022-01-19-at-08.47.35.jpeg","type":"image\/jpeg"}],"author":"EDITOR","twitter_card":"summary_large_image","twitter_misc":{"Escrito por":"EDITOR","Tiempo de lectura":"2 minutos"},"schema":{"@context":"https:\/\/schema.org","@graph":[{"@type":"WebPage","@id":"https:\/\/laprensacristiana.com\/?p=13089","url":"https:\/\/laprensacristiana.com\/?p=13089","name":"\u201cLa iglesia realiza acciones pol\u00edticas pero no son partidarias\u201d: Pastor Tito Escalante - La Prensa Cristiana","isPartOf":{"@id":"https:\/\/laprensacristiana.com\/#website"},"datePublished":"2022-01-19T14:57:35+00:00","dateModified":"2022-01-19T15:01:46+00:00","author":{"@id":"https:\/\/laprensacristiana.com\/#\/schema\/person\/3e7d82c6bfd6b1fa67010f8f7cd5256e"},"breadcrumb":{"@id":"https:\/\/laprensacristiana.com\/?p=13089#breadcrumb"},"inLanguage":"es","potentialAction":[{"@type":"ReadAction","target":["https:\/\/laprensacristiana.com\/?p=13089"]}]},{"@type":"BreadcrumbList","@id":"https:\/\/laprensacristiana.com\/?p=13089#breadcrumb","itemListElement":[{"@type":"ListItem","position":1,"name":"Portada","item":"https:\/\/laprensacristiana.com\/"},{"@type":"ListItem","position":2,"name":"\u201cLa iglesia realiza acciones pol\u00edticas pero no son partidarias\u201d: Pastor Tito Escalante"}]},{"@type":"WebSite","@id":"https:\/\/laprensacristiana.com\/#website","url":"https:\/\/laprensacristiana.com\/","name":"La Prensa Cristiana","description":"Anunciando Las Buenas Nuevas","potentialAction":[{"@type":"SearchAction","target":{"@type":"EntryPoint","urlTemplate":"https:\/\/laprensacristiana.com\/?s={search_term_string}"},"query-input":"required name=search_term_string"}],"inLanguage":"es"},{"@type":"Person","@id":"https:\/\/laprensacristiana.com\/#\/schema\/person\/3e7d82c6bfd6b1fa67010f8f7cd5256e","name":"EDITOR","image":{"@type":"ImageObject","inLanguage":"es","@id":"https:\/\/laprensacristiana.com\/#\/schema\/person\/image\/","url":"https:\/\/secure.gravatar.com\/avatar\/72069dfb6c13772d9e8381e3638666d2?s=96&d=mm&r=g","contentUrl":"https:\/\/secure.gravatar.com\/avatar\/72069dfb6c13772d9e8381e3638666d2?s=96&d=mm&r=g","caption":"EDITOR"},"url":"https:\/\/laprensacristiana.com\/?author=3"}]}},"_links":{"self":[{"href":"https:\/\/laprensacristiana.com\/index.php?rest_route=\/wp\/v2\/posts\/13089"}],"collection":[{"href":"https:\/\/laprensacristiana.com\/index.php?rest_route=\/wp\/v2\/posts"}],"about":[{"href":"https:\/\/laprensacristiana.com\/index.php?rest_route=\/wp\/v2\/types\/post"}],"author":[{"embeddable":true,"href":"https:\/\/laprensacristiana.com\/index.php?rest_route=\/wp\/v2\/users\/3"}],"replies":[{"embeddable":true,"href":"https:\/\/laprensacristiana.com\/index.php?rest_route=%2Fwp%2Fv2%2Fcomments&post=13089"}],"version-history":[{"count":2,"href":"https:\/\/laprensacristiana.com\/index.php?rest_route=\/wp\/v2\/posts\/13089\/revisions"}],"predecessor-version":[{"id":13093,"href":"https:\/\/laprensacristiana.com\/index.php?rest_route=\/wp\/v2\/posts\/13089\/revisions\/13093"}],"wp:featuredmedia":[{"embeddable":true,"href":"https:\/\/laprensacristiana.com\/index.php?rest_route=\/wp\/v2\/media\/13091"}],"wp:attachment":[{"href":"https:\/\/laprensacristiana.com\/index.php?rest_route=%2Fwp%2Fv2%2Fmedia&parent=13089"}],"wp:term":[{"taxonomy":"category","embeddable":true,"href":"https:\/\/laprensacristiana.com\/index.php?rest_route=%2Fwp%2Fv2%2Fcategories&post=13089"},{"taxonomy":"post_tag","embeddable":true,"href":"https:\/\/laprensacristiana.com\/index.php?rest_route=%2Fwp%2Fv2%2Ftags&post=13089"}],"curies":[{"name":"wp","href":"https:\/\/api.w.org\/{rel}","templated":true}]}}