{"id":13101,"date":"2022-01-21T20:23:26","date_gmt":"2022-01-21T20:23:26","guid":{"rendered":"https:\/\/laprensacristiana.com\/?p=13101"},"modified":"2022-01-21T20:29:48","modified_gmt":"2022-01-21T20:29:48","slug":"presidente-de-francia-propone-incluir-el-aborto-como-derecho-fundamental","status":"publish","type":"post","link":"https:\/\/laprensacristiana.com\/?p=13101","title":{"rendered":"Presidente de Francia propone incluir el aborto como derecho fundamental"},"content":{"rendered":"\n<p>El presidente de Francia Emmanuel Macron propuso esta semana incluir el aborto como un derecho fundamental en la carta de la Uni\u00f3n Europea.<\/p>\n\n\n\n<p>Seg\u00fan lo detalla la Deustsche Welle, el presidente Franc\u00e9s declar\u00f3 ante la Eurocamara: \u201cDebemos usar la Carta de los Derechos fundamentales de la Uni\u00f3n Europea para proteger el clima y reconocer el derecho al aborto\u201d, indic\u00f3.<\/p>\n\n\n\n<p>Estas declaraciones se dan en el marco del avance de la agenda progresista a nivel mundial, para los pastores Carlos y Rosario Navas de Iglesia Del Camino en El Salvador esta clase de propuestas distan de los derechos fundamentales que debe poseer un individuo, \u201cLamento que la carta de derechos fundamentales europea, est\u00e9 proponiendo quitar la vida, \u00bfhabr\u00e1 un derecho m\u00e1s fundamental que ese? Las naciones tienen prisa en aprobar leyes que desatar\u00e1n una ola mayor de muerte, en la cual las v\u00edctimas son los inocentes. Agradecemos a Dios en primer lugar, y a las autoridades de este pa\u00eds (El Salvador), por mantener vigente el valor y respeto de la vida desde la concepci\u00f3n. As\u00ed debe ser\u201d expres\u00f3 Navas.<\/p>\n\n\n\n<p>Por su parte la pastora Rosario quien activamente ha encabezado esfuerzos porque se preserve la vida del no nacido sostiene que \u201cEl aborto no es un derecho, es un pecado y se llama asesinato ya que la madre en el af\u00e1n de quitarse una sobrecarga, por ejemplo, decide matar a su beb\u00e9 en el vientre. Ning\u00fan ser humano, puede atentar contra la vida de otro. Por eso la Biblia dice: No Matar\u00e1s. Estas son las &lt;modernas&gt; pol\u00edticas de primer mundo, que se implementan en las naciones, que rechazan la Soberan\u00eda de Dios y sus preceptos.&nbsp; Estemos atentos, cuando en naciones como la nuestra, deban de suscribirse a tratados internacionales, que nos obliguen a aceptar el aborto. Debemos velar y ense\u00f1ar como cristianos, los principios b\u00edblicos que nos han marcado como una naci\u00f3n Provida, que dice No al aborto\u201d, declar\u00f3.<\/p>\n\n\n\n<p>A su vez hizo un llamado a seguir inculcando valores cristianos a las nuevas generaciones, seg\u00fan sus palabras para que amen y respeten la vida desde la concepci\u00f3n y concluy\u00f3 su postura con la cita b\u00edblica del profeta Jerem\u00edas en cap\u00edtulo 1, vers\u00edculo 5: &lt;Antes que te formase en el vientre te conoc\u00ed, y antes que nacieses te santifiqu\u00e9, te di por profeta a las naciones&gt;.<\/p>\n","protected":false},"excerpt":{"rendered":"<p>El presidente de Francia Emmanuel Macron propuso esta semana incluir el aborto como un derecho fundamental en la carta de la Uni\u00f3n Europea. Seg\u00fan lo detalla la Deustsche Welle, el presidente Franc\u00e9s declar\u00f3 ante la Eurocamara: \u201cDebemos usar la Carta de los Derechos fundamentales de la Uni\u00f3n Europea para proteger el clima y reconocer el [&hellip;]<\/p>\n","protected":false},"author":3,"featured_media":13102,"comment_status":"open","ping_status":"open","sticky":false,"template":"","format":"standard","meta":[],"categories":[56],"tags":[],"yoast_head":"<!-- This site is optimized with the Yoast SEO plugin v20.8 - https:\/\/yoast.com\/wordpress\/plugins\/seo\/ -->\n<title>Presidente de Francia propone incluir el aborto como derecho fundamental - La Prensa Cristiana<\/title>\n<meta name=\"robots\" content=\"index, follow, max-snippet:-1, max-image-preview:large, max-video-preview:-1\" \/>\n<link rel=\"canonical\" href=\"https:\/\/laprensacristiana.com\/?p=13101\" \/>\n<meta property=\"og:locale\" content=\"es_ES\" \/>\n<meta property=\"og:type\" content=\"article\" \/>\n<meta property=\"og:title\" content=\"Presidente de Francia propone incluir el aborto como derecho fundamental - La Prensa Cristiana\" \/>\n<meta property=\"og:description\" content=\"El presidente de Francia Emmanuel Macron propuso esta semana incluir el aborto como un derecho fundamental en la carta de la Uni\u00f3n Europea. Seg\u00fan lo detalla la Deustsche Welle, el presidente Franc\u00e9s declar\u00f3 ante la Eurocamara: \u201cDebemos usar la Carta de los Derechos fundamentales de la Uni\u00f3n Europea para proteger el clima y reconocer el [&hellip;]\" \/>\n<meta property=\"og:url\" content=\"https:\/\/laprensacristiana.com\/?p=13101\" \/>\n<meta property=\"og:site_name\" content=\"La Prensa Cristiana\" \/>\n<meta property=\"article:published_time\" content=\"2022-01-21T20:23:26+00:00\" \/>\n<meta property=\"article:modified_time\" content=\"2022-01-21T20:29:48+00:00\" \/>\n<meta property=\"og:image\" content=\"https:\/\/laprensacristiana.com\/wp-content\/uploads\/2022\/01\/francia-aborto-scaled.jpg\" \/>\n\t<meta property=\"og:image:width\" content=\"2560\" \/>\n\t<meta property=\"og:image:height\" content=\"1233\" \/>\n\t<meta property=\"og:image:type\" content=\"image\/jpeg\" \/>\n<meta name=\"author\" content=\"EDITOR\" \/>\n<meta name=\"twitter:card\" content=\"summary_large_image\" \/>\n<meta name=\"twitter:label1\" content=\"Escrito por\" \/>\n\t<meta name=\"twitter:data1\" content=\"EDITOR\" \/>\n\t<meta name=\"twitter:label2\" content=\"Tiempo de lectura\" \/>\n\t<meta name=\"twitter:data2\" content=\"2 minutos\" \/>\n<script type=\"application\/ld+json\" class=\"yoast-schema-graph\">{\"@context\":\"https:\/\/schema.org\",\"@graph\":[{\"@type\":\"WebPage\",\"@id\":\"https:\/\/laprensacristiana.com\/?p=13101\",\"url\":\"https:\/\/laprensacristiana.com\/?p=13101\",\"name\":\"Presidente de Francia propone incluir el aborto como derecho fundamental - La Prensa Cristiana\",\"isPartOf\":{\"@id\":\"https:\/\/laprensacristiana.com\/#website\"},\"datePublished\":\"2022-01-21T20:23:26+00:00\",\"dateModified\":\"2022-01-21T20:29:48+00:00\",\"author\":{\"@id\":\"https:\/\/laprensacristiana.com\/#\/schema\/person\/3e7d82c6bfd6b1fa67010f8f7cd5256e\"},\"breadcrumb\":{\"@id\":\"https:\/\/laprensacristiana.com\/?p=13101#breadcrumb\"},\"inLanguage\":\"es\",\"potentialAction\":[{\"@type\":\"ReadAction\",\"target\":[\"https:\/\/laprensacristiana.com\/?p=13101\"]}]},{\"@type\":\"BreadcrumbList\",\"@id\":\"https:\/\/laprensacristiana.com\/?p=13101#breadcrumb\",\"itemListElement\":[{\"@type\":\"ListItem\",\"position\":1,\"name\":\"Portada\",\"item\":\"https:\/\/laprensacristiana.com\/\"},{\"@type\":\"ListItem\",\"position\":2,\"name\":\"Presidente de Francia propone incluir el aborto como derecho fundamental\"}]},{\"@type\":\"WebSite\",\"@id\":\"https:\/\/laprensacristiana.com\/#website\",\"url\":\"https:\/\/laprensacristiana.com\/\",\"name\":\"La Prensa Cristiana\",\"description\":\"Anunciando Las Buenas Nuevas\",\"potentialAction\":[{\"@type\":\"SearchAction\",\"target\":{\"@type\":\"EntryPoint\",\"urlTemplate\":\"https:\/\/laprensacristiana.com\/?s={search_term_string}\"},\"query-input\":\"required name=search_term_string\"}],\"inLanguage\":\"es\"},{\"@type\":\"Person\",\"@id\":\"https:\/\/laprensacristiana.com\/#\/schema\/person\/3e7d82c6bfd6b1fa67010f8f7cd5256e\",\"name\":\"EDITOR\",\"image\":{\"@type\":\"ImageObject\",\"inLanguage\":\"es\",\"@id\":\"https:\/\/laprensacristiana.com\/#\/schema\/person\/image\/\",\"url\":\"https:\/\/secure.gravatar.com\/avatar\/72069dfb6c13772d9e8381e3638666d2?s=96&d=mm&r=g\",\"contentUrl\":\"https:\/\/secure.gravatar.com\/avatar\/72069dfb6c13772d9e8381e3638666d2?s=96&d=mm&r=g\",\"caption\":\"EDITOR\"},\"url\":\"https:\/\/laprensacristiana.com\/?author=3\"}]}<\/script>\n<!-- \/ Yoast SEO plugin. -->","yoast_head_json":{"title":"Presidente de Francia propone incluir el aborto como derecho fundamental - La Prensa Cristiana","robots":{"index":"index","follow":"follow","max-snippet":"max-snippet:-1","max-image-preview":"max-image-preview:large","max-video-preview":"max-video-preview:-1"},"canonical":"https:\/\/laprensacristiana.com\/?p=13101","og_locale":"es_ES","og_type":"article","og_title":"Presidente de Francia propone incluir el aborto como derecho fundamental - La Prensa Cristiana","og_description":"El presidente de Francia Emmanuel Macron propuso esta semana incluir el aborto como un derecho fundamental en la carta de la Uni\u00f3n Europea. Seg\u00fan lo detalla la Deustsche Welle, el presidente Franc\u00e9s declar\u00f3 ante la Eurocamara: \u201cDebemos usar la Carta de los Derechos fundamentales de la Uni\u00f3n Europea para proteger el clima y reconocer el [&hellip;]","og_url":"https:\/\/laprensacristiana.com\/?p=13101","og_site_name":"La Prensa Cristiana","article_published_time":"2022-01-21T20:23:26+00:00","article_modified_time":"2022-01-21T20:29:48+00:00","og_image":[{"width":2560,"height":1233,"url":"https:\/\/laprensacristiana.com\/wp-content\/uploads\/2022\/01\/francia-aborto-scaled.jpg","type":"image\/jpeg"}],"author":"EDITOR","twitter_card":"summary_large_image","twitter_misc":{"Escrito por":"EDITOR","Tiempo de lectura":"2 minutos"},"schema":{"@context":"https:\/\/schema.org","@graph":[{"@type":"WebPage","@id":"https:\/\/laprensacristiana.com\/?p=13101","url":"https:\/\/laprensacristiana.com\/?p=13101","name":"Presidente de Francia propone incluir el aborto como derecho fundamental - La Prensa Cristiana","isPartOf":{"@id":"https:\/\/laprensacristiana.com\/#website"},"datePublished":"2022-01-21T20:23:26+00:00","dateModified":"2022-01-21T20:29:48+00:00","author":{"@id":"https:\/\/laprensacristiana.com\/#\/schema\/person\/3e7d82c6bfd6b1fa67010f8f7cd5256e"},"breadcrumb":{"@id":"https:\/\/laprensacristiana.com\/?p=13101#breadcrumb"},"inLanguage":"es","potentialAction":[{"@type":"ReadAction","target":["https:\/\/laprensacristiana.com\/?p=13101"]}]},{"@type":"BreadcrumbList","@id":"https:\/\/laprensacristiana.com\/?p=13101#breadcrumb","itemListElement":[{"@type":"ListItem","position":1,"name":"Portada","item":"https:\/\/laprensacristiana.com\/"},{"@type":"ListItem","position":2,"name":"Presidente de Francia propone incluir el aborto como derecho fundamental"}]},{"@type":"WebSite","@id":"https:\/\/laprensacristiana.com\/#website","url":"https:\/\/laprensacristiana.com\/","name":"La Prensa Cristiana","description":"Anunciando Las Buenas Nuevas","potentialAction":[{"@type":"SearchAction","target":{"@type":"EntryPoint","urlTemplate":"https:\/\/laprensacristiana.com\/?s={search_term_string}"},"query-input":"required name=search_term_string"}],"inLanguage":"es"},{"@type":"Person","@id":"https:\/\/laprensacristiana.com\/#\/schema\/person\/3e7d82c6bfd6b1fa67010f8f7cd5256e","name":"EDITOR","image":{"@type":"ImageObject","inLanguage":"es","@id":"https:\/\/laprensacristiana.com\/#\/schema\/person\/image\/","url":"https:\/\/secure.gravatar.com\/avatar\/72069dfb6c13772d9e8381e3638666d2?s=96&d=mm&r=g","contentUrl":"https:\/\/secure.gravatar.com\/avatar\/72069dfb6c13772d9e8381e3638666d2?s=96&d=mm&r=g","caption":"EDITOR"},"url":"https:\/\/laprensacristiana.com\/?author=3"}]}},"_links":{"self":[{"href":"https:\/\/laprensacristiana.com\/index.php?rest_route=\/wp\/v2\/posts\/13101"}],"collection":[{"href":"https:\/\/laprensacristiana.com\/index.php?rest_route=\/wp\/v2\/posts"}],"about":[{"href":"https:\/\/laprensacristiana.com\/index.php?rest_route=\/wp\/v2\/types\/post"}],"author":[{"embeddable":true,"href":"https:\/\/laprensacristiana.com\/index.php?rest_route=\/wp\/v2\/users\/3"}],"replies":[{"embeddable":true,"href":"https:\/\/laprensacristiana.com\/index.php?rest_route=%2Fwp%2Fv2%2Fcomments&post=13101"}],"version-history":[{"count":2,"href":"https:\/\/laprensacristiana.com\/index.php?rest_route=\/wp\/v2\/posts\/13101\/revisions"}],"predecessor-version":[{"id":13104,"href":"https:\/\/laprensacristiana.com\/index.php?rest_route=\/wp\/v2\/posts\/13101\/revisions\/13104"}],"wp:featuredmedia":[{"embeddable":true,"href":"https:\/\/laprensacristiana.com\/index.php?rest_route=\/wp\/v2\/media\/13102"}],"wp:attachment":[{"href":"https:\/\/laprensacristiana.com\/index.php?rest_route=%2Fwp%2Fv2%2Fmedia&parent=13101"}],"wp:term":[{"taxonomy":"category","embeddable":true,"href":"https:\/\/laprensacristiana.com\/index.php?rest_route=%2Fwp%2Fv2%2Fcategories&post=13101"},{"taxonomy":"post_tag","embeddable":true,"href":"https:\/\/laprensacristiana.com\/index.php?rest_route=%2Fwp%2Fv2%2Ftags&post=13101"}],"curies":[{"name":"wp","href":"https:\/\/api.w.org\/{rel}","templated":true}]}}