{"id":13105,"date":"2022-01-24T14:01:05","date_gmt":"2022-01-24T14:01:05","guid":{"rendered":"https:\/\/laprensacristiana.com\/?p=13105"},"modified":"2022-01-24T14:01:40","modified_gmt":"2022-01-24T14:01:40","slug":"activismo-o-cristianismo","status":"publish","type":"post","link":"https:\/\/laprensacristiana.com\/?p=13105","title":{"rendered":"Activismo o Cristianismo"},"content":{"rendered":"\n<p>La pandemia vino a entorpecer algunos programas evang\u00e9licos que manten\u00edan a las personas sumamente ocupadas en hacer la labor que seg\u00fan sus pastores deb\u00edan hacer: Permanecer cinco cultos cada domingo en la iglesia haciendo cosas para agradar al Se\u00f1or.&nbsp; Permanecer en vez de ser.<\/p>\n\n\n\n<p>Y luego que las iglesias tuvieron que restringir sus actividades, muchas personas se han deprimido y hasta enfriado en su fe (que no era fe genuina), porque ya no tuvieron nada que hacer mientras permanecen inactivos.<\/p>\n\n\n\n<p>Se sienten pecadoras, olvidadas por Dios y quiz\u00e1 uno que otro ha pensado que hasta perdi\u00f3 su salvaci\u00f3n porque no ha \u201checho nada\u201d por el Se\u00f1or como acostumbraba antes del virus.<\/p>\n\n\n\n<p>Y es que nosotros los pastores le hemos hecho un gran da\u00f1o a los hermanos que se convierten a Cristo buscando su salvaci\u00f3n.&nbsp; Luego que se declaran hijos de Dios, les cargamos con una serie de actividades sin darnos cuenta que en sus mentes y corazones se va forjando un paradigma que a la postre es falso. Se llama activismo.&nbsp; Mantenerse ocupado haciendo evangelio en vez de ser el evangelio en vida.<\/p>\n\n\n\n<p>\u00bfQu\u00e9 es realmente el evangelio, aparte del concepto de que es Buenas Nuevas de salvaci\u00f3n? Creo que una buena definici\u00f3n es que el evangelio es amar al pr\u00f3jimo. Porque cuando amamos a los inconversos, cuando les hacemos parte de nuestro inter\u00e9s, les estamos presentando una conducta que ellos no han visto en sus propias vidas.&nbsp; Cuando les amamos y compartimos con ellos un pedazo de pan, una bendici\u00f3n, un presente que puedan llevar a sus casas, les estamos mostrando el car\u00e1cter de Cristo y es cuando las obras hablan por s\u00ed mismas.<\/p>\n\n\n\n<p>No se necesitan palabras para hacerles ver que el evangelio que vivimos se muestra en las acciones que les llevar\u00e1n a reconocer que somos diferentes no solo por ser evang\u00e9licos sino porque estamos mostrando los frutos de conocer el evangelio.<\/p>\n\n\n\n<p>Pero tristemente la iglesia ha cambiado las cosas: Se llenan de actividades toda la semana y obligan a sus miembros a permanecer en sus templos todo un d\u00eda domingo, olvidando que tienen hijos, esposas y familia que atender. Y, lamentablemente, para que la gente se sienta bien -porque ese es el objetivo, que se sientan bien-, les hacen una serie de actividades familiares como partidos de futbol, concursos para ni\u00f1os y fiestas de disfraces.<\/p>\n\n\n\n<p>\u00bfPara qu\u00e9 toda esta parafernalia religiosa? Para mantener a las personas dentro del templo y que en vez que vayan a gastar su dinero a Mc Donald, mejor que se lo gasten en la cafeter\u00eda de la iglesia.&nbsp; \u00a1Ah! Apareci\u00f3 el peine, como decimos en Guatemala.<\/p>\n\n\n\n<p>Hay un axioma que dice: El evangelio naci\u00f3 en Jerusalem y fue una religi\u00f3n.&nbsp; Lleg\u00f3 a Grecia y se convirti\u00f3 en una filosof\u00eda. Se traslad\u00f3 a Roma y se convirti\u00f3 en una instituci\u00f3n. Lleg\u00f3 a Europa y fue una cultura. Se traslad\u00f3 a Am\u00e9rica y se convirti\u00f3 en un negocio.<\/p>\n\n\n\n<p>Esa es la triste realidad de la iglesia. Ya no es la Iglesia de Cristo, es la iglesia de los hombres. Con ense\u00f1anzas de hombres, costumbres de hombres, intereses de hombres.<\/p>\n\n\n\n<p>El activismo ha suplantado la fe. Si alguien que se congrega en una de esas instituciones no gana almas, no es salvo. Es decir, la indulgencia ha convertido en que la salvaci\u00f3n viene por ganar otras almas.&nbsp; L\u00f3gicamente, que se congreguen con ellos. Si se van a otra congregaci\u00f3n, la salvaci\u00f3n no se completa.<\/p>\n\n\n\n<p>Y, \u00bfa quien no le interesa m\u00e1s, ganar almas para ser salvo que reconocer a Jesus como Se\u00f1or para que le quite sus pecados?&nbsp; No, es m\u00e1s f\u00e1cil salir a hacer recorridos a diferentes colonias y pueblos y presentar tratados que ya nadie lee, que mantener una conducta casta y santa en el pasaje donde vivimos. Es m\u00e1s f\u00e1cil ir a hablar de Jesus a lugares donde no nos conozcan que hacerlo en nuestro propio hogar en donde viven las personas que realmente nos conocen.<\/p>\n\n\n\n<p>Esa es la falsificaci\u00f3n del evangelio. Hoy por hoy vivimos una religi\u00f3n que no impresiona a nadie. Los evang\u00e9licos han perdido credibilidad ante los paganos y no cambiar\u00e1n de idea mientras no tengamos una clara definici\u00f3n que si decimos que somos cristianos, vivamos, hablemos, actuemos y seamos como tales.&nbsp; Pero primero en Jerusalem, mis queridos.<\/p>\n","protected":false},"excerpt":{"rendered":"<p>La pandemia vino a entorpecer algunos programas evang\u00e9licos que manten\u00edan a las personas sumamente ocupadas en hacer la labor que seg\u00fan sus pastores deb\u00edan hacer: Permanecer cinco cultos cada domingo en la iglesia haciendo cosas para agradar al Se\u00f1or.&nbsp; Permanecer en vez de ser. Y luego que las iglesias tuvieron que restringir sus actividades, muchas [&hellip;]<\/p>\n","protected":false},"author":3,"featured_media":12838,"comment_status":"open","ping_status":"open","sticky":false,"template":"","format":"standard","meta":[],"categories":[36],"tags":[],"yoast_head":"<!-- This site is optimized with the Yoast SEO plugin v20.8 - https:\/\/yoast.com\/wordpress\/plugins\/seo\/ -->\n<title>Activismo o Cristianismo - La Prensa Cristiana<\/title>\n<meta name=\"robots\" content=\"index, follow, max-snippet:-1, max-image-preview:large, max-video-preview:-1\" \/>\n<link rel=\"canonical\" href=\"https:\/\/laprensacristiana.com\/?p=13105\" \/>\n<meta property=\"og:locale\" content=\"es_ES\" \/>\n<meta property=\"og:type\" content=\"article\" \/>\n<meta property=\"og:title\" content=\"Activismo o Cristianismo - La Prensa Cristiana\" \/>\n<meta property=\"og:description\" content=\"La pandemia vino a entorpecer algunos programas evang\u00e9licos que manten\u00edan a las personas sumamente ocupadas en hacer la labor que seg\u00fan sus pastores deb\u00edan hacer: Permanecer cinco cultos cada domingo en la iglesia haciendo cosas para agradar al Se\u00f1or.&nbsp; Permanecer en vez de ser. Y luego que las iglesias tuvieron que restringir sus actividades, muchas [&hellip;]\" \/>\n<meta property=\"og:url\" content=\"https:\/\/laprensacristiana.com\/?p=13105\" \/>\n<meta property=\"og:site_name\" content=\"La Prensa Cristiana\" \/>\n<meta property=\"article:published_time\" content=\"2022-01-24T14:01:05+00:00\" \/>\n<meta property=\"article:modified_time\" content=\"2022-01-24T14:01:40+00:00\" \/>\n<meta property=\"og:image\" content=\"https:\/\/laprensacristiana.com\/wp-content\/uploads\/2021\/11\/IMG_20210215_163352_769-1.jpg\" \/>\n\t<meta property=\"og:image:width\" content=\"1280\" \/>\n\t<meta property=\"og:image:height\" content=\"714\" \/>\n\t<meta property=\"og:image:type\" content=\"image\/jpeg\" \/>\n<meta name=\"author\" content=\"EDITOR\" \/>\n<meta name=\"twitter:card\" content=\"summary_large_image\" \/>\n<meta name=\"twitter:label1\" content=\"Escrito por\" \/>\n\t<meta name=\"twitter:data1\" content=\"EDITOR\" \/>\n\t<meta name=\"twitter:label2\" content=\"Tiempo de lectura\" \/>\n\t<meta name=\"twitter:data2\" content=\"4 minutos\" \/>\n<script type=\"application\/ld+json\" class=\"yoast-schema-graph\">{\"@context\":\"https:\/\/schema.org\",\"@graph\":[{\"@type\":\"WebPage\",\"@id\":\"https:\/\/laprensacristiana.com\/?p=13105\",\"url\":\"https:\/\/laprensacristiana.com\/?p=13105\",\"name\":\"Activismo o Cristianismo - La Prensa Cristiana\",\"isPartOf\":{\"@id\":\"https:\/\/laprensacristiana.com\/#website\"},\"datePublished\":\"2022-01-24T14:01:05+00:00\",\"dateModified\":\"2022-01-24T14:01:40+00:00\",\"author\":{\"@id\":\"https:\/\/laprensacristiana.com\/#\/schema\/person\/3e7d82c6bfd6b1fa67010f8f7cd5256e\"},\"breadcrumb\":{\"@id\":\"https:\/\/laprensacristiana.com\/?p=13105#breadcrumb\"},\"inLanguage\":\"es\",\"potentialAction\":[{\"@type\":\"ReadAction\",\"target\":[\"https:\/\/laprensacristiana.com\/?p=13105\"]}]},{\"@type\":\"BreadcrumbList\",\"@id\":\"https:\/\/laprensacristiana.com\/?p=13105#breadcrumb\",\"itemListElement\":[{\"@type\":\"ListItem\",\"position\":1,\"name\":\"Portada\",\"item\":\"https:\/\/laprensacristiana.com\/\"},{\"@type\":\"ListItem\",\"position\":2,\"name\":\"Activismo o Cristianismo\"}]},{\"@type\":\"WebSite\",\"@id\":\"https:\/\/laprensacristiana.com\/#website\",\"url\":\"https:\/\/laprensacristiana.com\/\",\"name\":\"La Prensa Cristiana\",\"description\":\"Anunciando Las Buenas Nuevas\",\"potentialAction\":[{\"@type\":\"SearchAction\",\"target\":{\"@type\":\"EntryPoint\",\"urlTemplate\":\"https:\/\/laprensacristiana.com\/?s={search_term_string}\"},\"query-input\":\"required name=search_term_string\"}],\"inLanguage\":\"es\"},{\"@type\":\"Person\",\"@id\":\"https:\/\/laprensacristiana.com\/#\/schema\/person\/3e7d82c6bfd6b1fa67010f8f7cd5256e\",\"name\":\"EDITOR\",\"image\":{\"@type\":\"ImageObject\",\"inLanguage\":\"es\",\"@id\":\"https:\/\/laprensacristiana.com\/#\/schema\/person\/image\/\",\"url\":\"https:\/\/secure.gravatar.com\/avatar\/72069dfb6c13772d9e8381e3638666d2?s=96&d=mm&r=g\",\"contentUrl\":\"https:\/\/secure.gravatar.com\/avatar\/72069dfb6c13772d9e8381e3638666d2?s=96&d=mm&r=g\",\"caption\":\"EDITOR\"},\"url\":\"https:\/\/laprensacristiana.com\/?author=3\"}]}<\/script>\n<!-- \/ Yoast SEO plugin. -->","yoast_head_json":{"title":"Activismo o Cristianismo - La Prensa Cristiana","robots":{"index":"index","follow":"follow","max-snippet":"max-snippet:-1","max-image-preview":"max-image-preview:large","max-video-preview":"max-video-preview:-1"},"canonical":"https:\/\/laprensacristiana.com\/?p=13105","og_locale":"es_ES","og_type":"article","og_title":"Activismo o Cristianismo - La Prensa Cristiana","og_description":"La pandemia vino a entorpecer algunos programas evang\u00e9licos que manten\u00edan a las personas sumamente ocupadas en hacer la labor que seg\u00fan sus pastores deb\u00edan hacer: Permanecer cinco cultos cada domingo en la iglesia haciendo cosas para agradar al Se\u00f1or.&nbsp; Permanecer en vez de ser. Y luego que las iglesias tuvieron que restringir sus actividades, muchas [&hellip;]","og_url":"https:\/\/laprensacristiana.com\/?p=13105","og_site_name":"La Prensa Cristiana","article_published_time":"2022-01-24T14:01:05+00:00","article_modified_time":"2022-01-24T14:01:40+00:00","og_image":[{"width":1280,"height":714,"url":"https:\/\/laprensacristiana.com\/wp-content\/uploads\/2021\/11\/IMG_20210215_163352_769-1.jpg","type":"image\/jpeg"}],"author":"EDITOR","twitter_card":"summary_large_image","twitter_misc":{"Escrito por":"EDITOR","Tiempo de lectura":"4 minutos"},"schema":{"@context":"https:\/\/schema.org","@graph":[{"@type":"WebPage","@id":"https:\/\/laprensacristiana.com\/?p=13105","url":"https:\/\/laprensacristiana.com\/?p=13105","name":"Activismo o Cristianismo - La Prensa Cristiana","isPartOf":{"@id":"https:\/\/laprensacristiana.com\/#website"},"datePublished":"2022-01-24T14:01:05+00:00","dateModified":"2022-01-24T14:01:40+00:00","author":{"@id":"https:\/\/laprensacristiana.com\/#\/schema\/person\/3e7d82c6bfd6b1fa67010f8f7cd5256e"},"breadcrumb":{"@id":"https:\/\/laprensacristiana.com\/?p=13105#breadcrumb"},"inLanguage":"es","potentialAction":[{"@type":"ReadAction","target":["https:\/\/laprensacristiana.com\/?p=13105"]}]},{"@type":"BreadcrumbList","@id":"https:\/\/laprensacristiana.com\/?p=13105#breadcrumb","itemListElement":[{"@type":"ListItem","position":1,"name":"Portada","item":"https:\/\/laprensacristiana.com\/"},{"@type":"ListItem","position":2,"name":"Activismo o Cristianismo"}]},{"@type":"WebSite","@id":"https:\/\/laprensacristiana.com\/#website","url":"https:\/\/laprensacristiana.com\/","name":"La Prensa Cristiana","description":"Anunciando Las Buenas Nuevas","potentialAction":[{"@type":"SearchAction","target":{"@type":"EntryPoint","urlTemplate":"https:\/\/laprensacristiana.com\/?s={search_term_string}"},"query-input":"required name=search_term_string"}],"inLanguage":"es"},{"@type":"Person","@id":"https:\/\/laprensacristiana.com\/#\/schema\/person\/3e7d82c6bfd6b1fa67010f8f7cd5256e","name":"EDITOR","image":{"@type":"ImageObject","inLanguage":"es","@id":"https:\/\/laprensacristiana.com\/#\/schema\/person\/image\/","url":"https:\/\/secure.gravatar.com\/avatar\/72069dfb6c13772d9e8381e3638666d2?s=96&d=mm&r=g","contentUrl":"https:\/\/secure.gravatar.com\/avatar\/72069dfb6c13772d9e8381e3638666d2?s=96&d=mm&r=g","caption":"EDITOR"},"url":"https:\/\/laprensacristiana.com\/?author=3"}]}},"_links":{"self":[{"href":"https:\/\/laprensacristiana.com\/index.php?rest_route=\/wp\/v2\/posts\/13105"}],"collection":[{"href":"https:\/\/laprensacristiana.com\/index.php?rest_route=\/wp\/v2\/posts"}],"about":[{"href":"https:\/\/laprensacristiana.com\/index.php?rest_route=\/wp\/v2\/types\/post"}],"author":[{"embeddable":true,"href":"https:\/\/laprensacristiana.com\/index.php?rest_route=\/wp\/v2\/users\/3"}],"replies":[{"embeddable":true,"href":"https:\/\/laprensacristiana.com\/index.php?rest_route=%2Fwp%2Fv2%2Fcomments&post=13105"}],"version-history":[{"count":2,"href":"https:\/\/laprensacristiana.com\/index.php?rest_route=\/wp\/v2\/posts\/13105\/revisions"}],"predecessor-version":[{"id":13107,"href":"https:\/\/laprensacristiana.com\/index.php?rest_route=\/wp\/v2\/posts\/13105\/revisions\/13107"}],"wp:featuredmedia":[{"embeddable":true,"href":"https:\/\/laprensacristiana.com\/index.php?rest_route=\/wp\/v2\/media\/12838"}],"wp:attachment":[{"href":"https:\/\/laprensacristiana.com\/index.php?rest_route=%2Fwp%2Fv2%2Fmedia&parent=13105"}],"wp:term":[{"taxonomy":"category","embeddable":true,"href":"https:\/\/laprensacristiana.com\/index.php?rest_route=%2Fwp%2Fv2%2Fcategories&post=13105"},{"taxonomy":"post_tag","embeddable":true,"href":"https:\/\/laprensacristiana.com\/index.php?rest_route=%2Fwp%2Fv2%2Ftags&post=13105"}],"curies":[{"name":"wp","href":"https:\/\/api.w.org\/{rel}","templated":true}]}}