{"id":13132,"date":"2022-01-26T13:11:26","date_gmt":"2022-01-26T13:11:26","guid":{"rendered":"https:\/\/laprensacristiana.com\/?p=13132"},"modified":"2022-01-26T13:11:27","modified_gmt":"2022-01-26T13:11:27","slug":"catorce-dias-y-catorce-noches","status":"publish","type":"post","link":"https:\/\/laprensacristiana.com\/?p=13132","title":{"rendered":"Catorce d\u00edas y catorce noches"},"content":{"rendered":"\n<p>Hechos 27:27&nbsp; \u201cY llegada la decimocuarta noche\u2026\u201d<\/p>\n\n\n\n<p>Desde que salieron de Cesarea en donde Pablo hab\u00eda estado defendiendo su causa ante Agripa, Berenice y otros reyes, su situaci\u00f3n, en vez de mejorar ha ido de mal en peor.<\/p>\n\n\n\n<p>Lo embarcan en una nave que va para Roma pues ahora es prisionero del Imperio al haber apelado al C\u00e9sar, lo llevan en cadenas junto a otros presos hacia su destino.<\/p>\n\n\n\n<p>Pablo sabe que \u00e9l no morir\u00e1 sin antes haber predicado su Evangelio en Roma, as\u00ed que va tranquilo, si, tranquilo a cumplir su destino hasta que las cosas se ponen verdaderamente feas.<\/p>\n\n\n\n<p>Porque el mar, el viento, la oscuridad y las tinieblas se oponen a que llegue sano y salvo a su lugar.&nbsp; Empieza a sufrir v\u00e9rtigos junto a sus compa\u00f1eros prisioneros cuando el mar empieza a amenazar con hundir la nave.&nbsp; Los capitanes y oficiales al mando no saben qu\u00e9 hacer en tales circunstancias, a pesar de ser hombres de mar.&nbsp; Est\u00e1n temerosos y asustados ante la amenaza del mar embravecido que rompe sus olas espantosas contra los costados de la nave.<\/p>\n\n\n\n<p>La noche se ha apoderado del ambiente. No hay luz por ninguna parte. Las noches son interminables porque de d\u00eda no hay sino solo tinieblas y oscuridad. Una densa niebla evita que los rayos del sol penetren su sendero, lo cual hace ver que las noches son eternas.&nbsp; \u00bfCuando ir\u00e1 a amanecer por lo menos? Catorce d\u00edas con sus catorce noches estas personas han estado esperando que un d\u00eda amanezca y puedan ver lo que hay adelante de sus ojos.<\/p>\n\n\n\n<p>Pero no.&nbsp; Cada vez m\u00e1s, las tinieblas oscurecen el horizonte y los hombres del barco entran en p\u00e1nico. Se pierden las esperanzas de vivir. Se pierden los alimentos. Se tiran al mar lo que no se utiliza con tal de aligerar la nave.&nbsp; Nada parece funcionar. Bajan los brazos.&nbsp; Se declaran vencidos y cansados de tanto luchar con una tormenta que ya lleva catorce d\u00edas y noches azotando sus vidas y sus esperanzas.<\/p>\n\n\n\n<p>Esto es parte de nuestra vida.<\/p>\n\n\n\n<p>Muchos empezamos nuestro viaje por este a\u00f1o con la esperanza de llegar al final con victoria, sin deudas, con la hipoteca cancelada, hab\u00edamos hecho planes de llegar con suficiente provisi\u00f3n cada mes para cancelar nuestros compromisos.&nbsp; Algunos hicieron planes de que este a\u00f1o su matrimonio iba a mejorar. Que iban a ser mejores c\u00f3nyuges, mejores amigos y mejores esposos. Otros, que este a\u00f1o iban a concebir \u00a1al fin! el beb\u00e9 tanto tiempo esperado. Quiz\u00e1 usted hizo planes para este a\u00f1o de terminar sus estudios, alcanzar su maestr\u00eda tanto tiempo so\u00f1ado, tener un mejor empleo para llevar m\u00e1s pan a la mesa de sus hijos.<\/p>\n\n\n\n<p>Quiz\u00e1 usted, lectora, hizo planes que este a\u00f1o se iba a operar ese bultito que le sali\u00f3 en el vientre, o que iba a realizar el viaje al extranjero para visitar a sus hijos al otro lado del continente.<\/p>\n\n\n\n<p>Pero vino la tormenta.&nbsp; La tormenta perfecta. Viento, agua, neblina, oscuridad, angustia, dudas, pandemia, \u00f3micron y todo se detuvo.<\/p>\n\n\n\n<p>El bultito se ha convertido en met\u00e1stasis.&nbsp; Los hijos se cambiaron de direcci\u00f3n. La hipoteca sigui\u00f3 su curso. El trabajo no lleg\u00f3, el sueldo no alcanza.&nbsp; La tormenta lo estrope\u00f3 todo. Los hospitales no est\u00e1n operando nada porque se dedican a la pandemia. No hay medicinas, no hay m\u00e9dicos.&nbsp; Y, si los hay, est\u00e1n demasiado fuera de presupuesto.<\/p>\n\n\n\n<p>Catorce d\u00edas con sus catorce noches navegando en oscuras. Sin ver nada en el horizonte. Solo los sonidos l\u00fagubres del viento, el agua y las olas que amenazan con hundir su fe.<\/p>\n\n\n\n<p>Lo que los marineros angustiados no saben, es que el prisionero al que tienen en alta estima los oficiales tiene una palabra de aliento para ellos: Hechos 27:22-23&nbsp; \u201cPero ahora os exhorto a tener buen \u00e1nimo, porque no habr\u00e1 p\u00e9rdida de vida entre vosotros, sino s\u00f3lo del barco. Porque esta noche estuvo en mi presencia un \u00e1ngel del Dios de quien soy y a quien sirvo\u2026\u201d<\/p>\n\n\n\n<p>Pablo, el prisionero modelo, el que ha sostenido la fe de los marineros y ha advertido del peligro, ahora les imparte una palabra de aliento. La tormenta no se calmar\u00e1, no. Pero quiero que sepan que en medio de la tormenta, el \u00c1ngel del Se\u00f1or est\u00e1 con nosotros. Se los digo porque \u00e9l ha estado conmigo esta madrugada. As\u00ed que no teman. Se perder\u00e1n algunas amistades, algunos que dijeron que eran sus amigos se perder\u00e1n en la historia, pero sus sue\u00f1os, sus deudas, ese bultito en el vientre, sus hijos y su casa, todo tendr\u00e1 soluci\u00f3n.<\/p>\n\n\n\n<p>No se angustien entonces, aunque la tormenta arrecie y sus vidas parece que naufragan, estar\u00e1n seguros. Todo saldr\u00e1 bien. Sus vidas est\u00e1n seguras y no tendr\u00e1n falta de ning\u00fan bien.<\/p>\n\n\n\n<p>Porque el \u00c1ngel del Se\u00f1or est\u00e1 y estar\u00e1 con nosotros.<\/p>\n","protected":false},"excerpt":{"rendered":"<p>Hechos 27:27&nbsp; \u201cY llegada la decimocuarta noche\u2026\u201d Desde que salieron de Cesarea en donde Pablo hab\u00eda estado defendiendo su causa ante Agripa, Berenice y otros reyes, su situaci\u00f3n, en vez de mejorar ha ido de mal en peor. Lo embarcan en una nave que va para Roma pues ahora es prisionero del Imperio al haber [&hellip;]<\/p>\n","protected":false},"author":3,"featured_media":12838,"comment_status":"open","ping_status":"open","sticky":false,"template":"","format":"standard","meta":[],"categories":[36],"tags":[],"yoast_head":"<!-- This site is optimized with the Yoast SEO plugin v20.8 - https:\/\/yoast.com\/wordpress\/plugins\/seo\/ -->\n<title>Catorce d\u00edas y catorce noches - La Prensa Cristiana<\/title>\n<meta name=\"robots\" content=\"index, follow, max-snippet:-1, max-image-preview:large, max-video-preview:-1\" \/>\n<link rel=\"canonical\" href=\"https:\/\/laprensacristiana.com\/?p=13132\" \/>\n<meta property=\"og:locale\" content=\"es_ES\" \/>\n<meta property=\"og:type\" content=\"article\" \/>\n<meta property=\"og:title\" content=\"Catorce d\u00edas y catorce noches - La Prensa Cristiana\" \/>\n<meta property=\"og:description\" content=\"Hechos 27:27&nbsp; \u201cY llegada la decimocuarta noche\u2026\u201d Desde que salieron de Cesarea en donde Pablo hab\u00eda estado defendiendo su causa ante Agripa, Berenice y otros reyes, su situaci\u00f3n, en vez de mejorar ha ido de mal en peor. Lo embarcan en una nave que va para Roma pues ahora es prisionero del Imperio al haber [&hellip;]\" \/>\n<meta property=\"og:url\" content=\"https:\/\/laprensacristiana.com\/?p=13132\" \/>\n<meta property=\"og:site_name\" content=\"La Prensa Cristiana\" \/>\n<meta property=\"article:published_time\" content=\"2022-01-26T13:11:26+00:00\" \/>\n<meta property=\"article:modified_time\" content=\"2022-01-26T13:11:27+00:00\" \/>\n<meta property=\"og:image\" content=\"https:\/\/laprensacristiana.com\/wp-content\/uploads\/2021\/11\/IMG_20210215_163352_769-1.jpg\" \/>\n\t<meta property=\"og:image:width\" content=\"1280\" \/>\n\t<meta property=\"og:image:height\" content=\"714\" \/>\n\t<meta property=\"og:image:type\" content=\"image\/jpeg\" \/>\n<meta name=\"author\" content=\"EDITOR\" \/>\n<meta name=\"twitter:card\" content=\"summary_large_image\" \/>\n<meta name=\"twitter:label1\" content=\"Escrito por\" \/>\n\t<meta name=\"twitter:data1\" content=\"EDITOR\" \/>\n\t<meta name=\"twitter:label2\" content=\"Tiempo de lectura\" \/>\n\t<meta name=\"twitter:data2\" content=\"4 minutos\" \/>\n<script type=\"application\/ld+json\" class=\"yoast-schema-graph\">{\"@context\":\"https:\/\/schema.org\",\"@graph\":[{\"@type\":\"WebPage\",\"@id\":\"https:\/\/laprensacristiana.com\/?p=13132\",\"url\":\"https:\/\/laprensacristiana.com\/?p=13132\",\"name\":\"Catorce d\u00edas y catorce noches - La Prensa Cristiana\",\"isPartOf\":{\"@id\":\"https:\/\/laprensacristiana.com\/#website\"},\"datePublished\":\"2022-01-26T13:11:26+00:00\",\"dateModified\":\"2022-01-26T13:11:27+00:00\",\"author\":{\"@id\":\"https:\/\/laprensacristiana.com\/#\/schema\/person\/3e7d82c6bfd6b1fa67010f8f7cd5256e\"},\"breadcrumb\":{\"@id\":\"https:\/\/laprensacristiana.com\/?p=13132#breadcrumb\"},\"inLanguage\":\"es\",\"potentialAction\":[{\"@type\":\"ReadAction\",\"target\":[\"https:\/\/laprensacristiana.com\/?p=13132\"]}]},{\"@type\":\"BreadcrumbList\",\"@id\":\"https:\/\/laprensacristiana.com\/?p=13132#breadcrumb\",\"itemListElement\":[{\"@type\":\"ListItem\",\"position\":1,\"name\":\"Portada\",\"item\":\"https:\/\/laprensacristiana.com\/\"},{\"@type\":\"ListItem\",\"position\":2,\"name\":\"Catorce d\u00edas y catorce noches\"}]},{\"@type\":\"WebSite\",\"@id\":\"https:\/\/laprensacristiana.com\/#website\",\"url\":\"https:\/\/laprensacristiana.com\/\",\"name\":\"La Prensa Cristiana\",\"description\":\"Anunciando Las Buenas Nuevas\",\"potentialAction\":[{\"@type\":\"SearchAction\",\"target\":{\"@type\":\"EntryPoint\",\"urlTemplate\":\"https:\/\/laprensacristiana.com\/?s={search_term_string}\"},\"query-input\":\"required name=search_term_string\"}],\"inLanguage\":\"es\"},{\"@type\":\"Person\",\"@id\":\"https:\/\/laprensacristiana.com\/#\/schema\/person\/3e7d82c6bfd6b1fa67010f8f7cd5256e\",\"name\":\"EDITOR\",\"image\":{\"@type\":\"ImageObject\",\"inLanguage\":\"es\",\"@id\":\"https:\/\/laprensacristiana.com\/#\/schema\/person\/image\/\",\"url\":\"https:\/\/secure.gravatar.com\/avatar\/72069dfb6c13772d9e8381e3638666d2?s=96&d=mm&r=g\",\"contentUrl\":\"https:\/\/secure.gravatar.com\/avatar\/72069dfb6c13772d9e8381e3638666d2?s=96&d=mm&r=g\",\"caption\":\"EDITOR\"},\"url\":\"https:\/\/laprensacristiana.com\/?author=3\"}]}<\/script>\n<!-- \/ Yoast SEO plugin. -->","yoast_head_json":{"title":"Catorce d\u00edas y catorce noches - La Prensa Cristiana","robots":{"index":"index","follow":"follow","max-snippet":"max-snippet:-1","max-image-preview":"max-image-preview:large","max-video-preview":"max-video-preview:-1"},"canonical":"https:\/\/laprensacristiana.com\/?p=13132","og_locale":"es_ES","og_type":"article","og_title":"Catorce d\u00edas y catorce noches - La Prensa Cristiana","og_description":"Hechos 27:27&nbsp; \u201cY llegada la decimocuarta noche\u2026\u201d Desde que salieron de Cesarea en donde Pablo hab\u00eda estado defendiendo su causa ante Agripa, Berenice y otros reyes, su situaci\u00f3n, en vez de mejorar ha ido de mal en peor. Lo embarcan en una nave que va para Roma pues ahora es prisionero del Imperio al haber [&hellip;]","og_url":"https:\/\/laprensacristiana.com\/?p=13132","og_site_name":"La Prensa Cristiana","article_published_time":"2022-01-26T13:11:26+00:00","article_modified_time":"2022-01-26T13:11:27+00:00","og_image":[{"width":1280,"height":714,"url":"https:\/\/laprensacristiana.com\/wp-content\/uploads\/2021\/11\/IMG_20210215_163352_769-1.jpg","type":"image\/jpeg"}],"author":"EDITOR","twitter_card":"summary_large_image","twitter_misc":{"Escrito por":"EDITOR","Tiempo de lectura":"4 minutos"},"schema":{"@context":"https:\/\/schema.org","@graph":[{"@type":"WebPage","@id":"https:\/\/laprensacristiana.com\/?p=13132","url":"https:\/\/laprensacristiana.com\/?p=13132","name":"Catorce d\u00edas y catorce noches - La Prensa Cristiana","isPartOf":{"@id":"https:\/\/laprensacristiana.com\/#website"},"datePublished":"2022-01-26T13:11:26+00:00","dateModified":"2022-01-26T13:11:27+00:00","author":{"@id":"https:\/\/laprensacristiana.com\/#\/schema\/person\/3e7d82c6bfd6b1fa67010f8f7cd5256e"},"breadcrumb":{"@id":"https:\/\/laprensacristiana.com\/?p=13132#breadcrumb"},"inLanguage":"es","potentialAction":[{"@type":"ReadAction","target":["https:\/\/laprensacristiana.com\/?p=13132"]}]},{"@type":"BreadcrumbList","@id":"https:\/\/laprensacristiana.com\/?p=13132#breadcrumb","itemListElement":[{"@type":"ListItem","position":1,"name":"Portada","item":"https:\/\/laprensacristiana.com\/"},{"@type":"ListItem","position":2,"name":"Catorce d\u00edas y catorce noches"}]},{"@type":"WebSite","@id":"https:\/\/laprensacristiana.com\/#website","url":"https:\/\/laprensacristiana.com\/","name":"La Prensa Cristiana","description":"Anunciando Las Buenas Nuevas","potentialAction":[{"@type":"SearchAction","target":{"@type":"EntryPoint","urlTemplate":"https:\/\/laprensacristiana.com\/?s={search_term_string}"},"query-input":"required name=search_term_string"}],"inLanguage":"es"},{"@type":"Person","@id":"https:\/\/laprensacristiana.com\/#\/schema\/person\/3e7d82c6bfd6b1fa67010f8f7cd5256e","name":"EDITOR","image":{"@type":"ImageObject","inLanguage":"es","@id":"https:\/\/laprensacristiana.com\/#\/schema\/person\/image\/","url":"https:\/\/secure.gravatar.com\/avatar\/72069dfb6c13772d9e8381e3638666d2?s=96&d=mm&r=g","contentUrl":"https:\/\/secure.gravatar.com\/avatar\/72069dfb6c13772d9e8381e3638666d2?s=96&d=mm&r=g","caption":"EDITOR"},"url":"https:\/\/laprensacristiana.com\/?author=3"}]}},"_links":{"self":[{"href":"https:\/\/laprensacristiana.com\/index.php?rest_route=\/wp\/v2\/posts\/13132"}],"collection":[{"href":"https:\/\/laprensacristiana.com\/index.php?rest_route=\/wp\/v2\/posts"}],"about":[{"href":"https:\/\/laprensacristiana.com\/index.php?rest_route=\/wp\/v2\/types\/post"}],"author":[{"embeddable":true,"href":"https:\/\/laprensacristiana.com\/index.php?rest_route=\/wp\/v2\/users\/3"}],"replies":[{"embeddable":true,"href":"https:\/\/laprensacristiana.com\/index.php?rest_route=%2Fwp%2Fv2%2Fcomments&post=13132"}],"version-history":[{"count":1,"href":"https:\/\/laprensacristiana.com\/index.php?rest_route=\/wp\/v2\/posts\/13132\/revisions"}],"predecessor-version":[{"id":13133,"href":"https:\/\/laprensacristiana.com\/index.php?rest_route=\/wp\/v2\/posts\/13132\/revisions\/13133"}],"wp:featuredmedia":[{"embeddable":true,"href":"https:\/\/laprensacristiana.com\/index.php?rest_route=\/wp\/v2\/media\/12838"}],"wp:attachment":[{"href":"https:\/\/laprensacristiana.com\/index.php?rest_route=%2Fwp%2Fv2%2Fmedia&parent=13132"}],"wp:term":[{"taxonomy":"category","embeddable":true,"href":"https:\/\/laprensacristiana.com\/index.php?rest_route=%2Fwp%2Fv2%2Fcategories&post=13132"},{"taxonomy":"post_tag","embeddable":true,"href":"https:\/\/laprensacristiana.com\/index.php?rest_route=%2Fwp%2Fv2%2Ftags&post=13132"}],"curies":[{"name":"wp","href":"https:\/\/api.w.org\/{rel}","templated":true}]}}