{"id":13134,"date":"2022-01-27T13:20:35","date_gmt":"2022-01-27T13:20:35","guid":{"rendered":"https:\/\/laprensacristiana.com\/?p=13134"},"modified":"2022-01-27T14:26:44","modified_gmt":"2022-01-27T14:26:44","slug":"la-organizacion-humanitaria-compasion-ayuda-a-los-ninos-mas-vulnerables-en-el-salvador","status":"publish","type":"post","link":"https:\/\/laprensacristiana.com\/?p=13134","title":{"rendered":"La organizaci\u00f3n humanitaria Compasi\u00f3n ayuda a los ni\u00f1os m\u00e1s vulnerables en El Salvador"},"content":{"rendered":"\n<p>Por: Javier Bola\u00f1os \/ GNA<\/p>\n\n\n\n<figure class=\"wp-block-embed-youtube wp-block-embed is-type-video is-provider-youtube wp-embed-aspect-16-9 wp-has-aspect-ratio\"><div class=\"wp-block-embed__wrapper\">\n<iframe loading=\"lazy\" title=\"la organizaci\u00f3n humanitaria compasi\u00f3n ayuda a los ni\u00f1os m\u00e1s vulnerables en El Salvador\" width=\"696\" height=\"392\" src=\"https:\/\/www.youtube.com\/embed\/PW4IFU20r9A?feature=oembed&#038;enablejsapi=1\" frameborder=\"0\" allow=\"accelerometer; autoplay; clipboard-write; encrypted-media; gyroscope; picture-in-picture\" allowfullscreen><\/iframe>\n<\/div><\/figure>\n\n\n\n<p>A lo largo de la pandemia, los ni\u00f1os de todo El Salvador se han visto afectados por un aumento significativo de la violencia dom\u00e9stica. La organizaci\u00f3n humanitaria cristiana Compasi\u00f3n est\u00e1 proporcionando un lugar seguro para evitar que estas familias sufran problemas a trav\u00e9s de sus centros ministeriales. La familia de Carla fue transformada por completo gracias a la ayuda que recibieron para escapar de la violencia que sufr\u00edan.<\/p>\n","protected":false},"excerpt":{"rendered":"<p>Por: Javier Bola\u00f1os \/ GNA A lo largo de la pandemia, los ni\u00f1os de todo El Salvador se han visto afectados por un aumento significativo de la violencia dom\u00e9stica. La organizaci\u00f3n humanitaria cristiana Compasi\u00f3n est\u00e1 proporcionando un lugar seguro para evitar que estas familias sufran problemas a trav\u00e9s de sus centros ministeriales. La familia de [&hellip;]<\/p>\n","protected":false},"author":3,"featured_media":13135,"comment_status":"open","ping_status":"open","sticky":false,"template":"","format":"standard","meta":[],"categories":[56],"tags":[],"yoast_head":"<!-- This site is optimized with the Yoast SEO plugin v20.8 - https:\/\/yoast.com\/wordpress\/plugins\/seo\/ -->\n<title>La organizaci\u00f3n humanitaria Compasi\u00f3n ayuda a los ni\u00f1os m\u00e1s vulnerables en El Salvador - La Prensa Cristiana<\/title>\n<meta name=\"robots\" content=\"index, follow, max-snippet:-1, max-image-preview:large, max-video-preview:-1\" \/>\n<link rel=\"canonical\" href=\"https:\/\/laprensacristiana.com\/?p=13134\" \/>\n<meta property=\"og:locale\" content=\"es_ES\" \/>\n<meta property=\"og:type\" content=\"article\" \/>\n<meta property=\"og:title\" content=\"La organizaci\u00f3n humanitaria Compasi\u00f3n ayuda a los ni\u00f1os m\u00e1s vulnerables en El Salvador - La Prensa Cristiana\" \/>\n<meta property=\"og:description\" content=\"Por: Javier Bola\u00f1os \/ GNA A lo largo de la pandemia, los ni\u00f1os de todo El Salvador se han visto afectados por un aumento significativo de la violencia dom\u00e9stica. La organizaci\u00f3n humanitaria cristiana Compasi\u00f3n est\u00e1 proporcionando un lugar seguro para evitar que estas familias sufran problemas a trav\u00e9s de sus centros ministeriales. La familia de [&hellip;]\" \/>\n<meta property=\"og:url\" content=\"https:\/\/laprensacristiana.com\/?p=13134\" \/>\n<meta property=\"og:site_name\" content=\"La Prensa Cristiana\" \/>\n<meta property=\"article:published_time\" content=\"2022-01-27T13:20:35+00:00\" \/>\n<meta property=\"article:modified_time\" content=\"2022-01-27T14:26:44+00:00\" \/>\n<meta property=\"og:image\" content=\"https:\/\/laprensacristiana.com\/wp-content\/uploads\/2022\/01\/c3e88199-a019-4d22-9ff0-f9c593f6ba77.jpg\" \/>\n\t<meta property=\"og:image:width\" content=\"1439\" \/>\n\t<meta property=\"og:image:height\" content=\"815\" \/>\n\t<meta property=\"og:image:type\" content=\"image\/jpeg\" \/>\n<meta name=\"author\" content=\"EDITOR\" \/>\n<meta name=\"twitter:card\" content=\"summary_large_image\" \/>\n<meta name=\"twitter:label1\" content=\"Escrito por\" \/>\n\t<meta name=\"twitter:data1\" content=\"EDITOR\" \/>\n<script type=\"application\/ld+json\" class=\"yoast-schema-graph\">{\"@context\":\"https:\/\/schema.org\",\"@graph\":[{\"@type\":\"WebPage\",\"@id\":\"https:\/\/laprensacristiana.com\/?p=13134\",\"url\":\"https:\/\/laprensacristiana.com\/?p=13134\",\"name\":\"La organizaci\u00f3n humanitaria Compasi\u00f3n ayuda a los ni\u00f1os m\u00e1s vulnerables en El Salvador - La Prensa Cristiana\",\"isPartOf\":{\"@id\":\"https:\/\/laprensacristiana.com\/#website\"},\"datePublished\":\"2022-01-27T13:20:35+00:00\",\"dateModified\":\"2022-01-27T14:26:44+00:00\",\"author\":{\"@id\":\"https:\/\/laprensacristiana.com\/#\/schema\/person\/3e7d82c6bfd6b1fa67010f8f7cd5256e\"},\"breadcrumb\":{\"@id\":\"https:\/\/laprensacristiana.com\/?p=13134#breadcrumb\"},\"inLanguage\":\"es\",\"potentialAction\":[{\"@type\":\"ReadAction\",\"target\":[\"https:\/\/laprensacristiana.com\/?p=13134\"]}]},{\"@type\":\"BreadcrumbList\",\"@id\":\"https:\/\/laprensacristiana.com\/?p=13134#breadcrumb\",\"itemListElement\":[{\"@type\":\"ListItem\",\"position\":1,\"name\":\"Portada\",\"item\":\"https:\/\/laprensacristiana.com\/\"},{\"@type\":\"ListItem\",\"position\":2,\"name\":\"La organizaci\u00f3n humanitaria Compasi\u00f3n ayuda a los ni\u00f1os m\u00e1s vulnerables en El Salvador\"}]},{\"@type\":\"WebSite\",\"@id\":\"https:\/\/laprensacristiana.com\/#website\",\"url\":\"https:\/\/laprensacristiana.com\/\",\"name\":\"La Prensa Cristiana\",\"description\":\"Anunciando Las Buenas Nuevas\",\"potentialAction\":[{\"@type\":\"SearchAction\",\"target\":{\"@type\":\"EntryPoint\",\"urlTemplate\":\"https:\/\/laprensacristiana.com\/?s={search_term_string}\"},\"query-input\":\"required name=search_term_string\"}],\"inLanguage\":\"es\"},{\"@type\":\"Person\",\"@id\":\"https:\/\/laprensacristiana.com\/#\/schema\/person\/3e7d82c6bfd6b1fa67010f8f7cd5256e\",\"name\":\"EDITOR\",\"image\":{\"@type\":\"ImageObject\",\"inLanguage\":\"es\",\"@id\":\"https:\/\/laprensacristiana.com\/#\/schema\/person\/image\/\",\"url\":\"https:\/\/secure.gravatar.com\/avatar\/72069dfb6c13772d9e8381e3638666d2?s=96&d=mm&r=g\",\"contentUrl\":\"https:\/\/secure.gravatar.com\/avatar\/72069dfb6c13772d9e8381e3638666d2?s=96&d=mm&r=g\",\"caption\":\"EDITOR\"},\"url\":\"https:\/\/laprensacristiana.com\/?author=3\"}]}<\/script>\n<!-- \/ Yoast SEO plugin. -->","yoast_head_json":{"title":"La organizaci\u00f3n humanitaria Compasi\u00f3n ayuda a los ni\u00f1os m\u00e1s vulnerables en El Salvador - La Prensa Cristiana","robots":{"index":"index","follow":"follow","max-snippet":"max-snippet:-1","max-image-preview":"max-image-preview:large","max-video-preview":"max-video-preview:-1"},"canonical":"https:\/\/laprensacristiana.com\/?p=13134","og_locale":"es_ES","og_type":"article","og_title":"La organizaci\u00f3n humanitaria Compasi\u00f3n ayuda a los ni\u00f1os m\u00e1s vulnerables en El Salvador - La Prensa Cristiana","og_description":"Por: Javier Bola\u00f1os \/ GNA A lo largo de la pandemia, los ni\u00f1os de todo El Salvador se han visto afectados por un aumento significativo de la violencia dom\u00e9stica. La organizaci\u00f3n humanitaria cristiana Compasi\u00f3n est\u00e1 proporcionando un lugar seguro para evitar que estas familias sufran problemas a trav\u00e9s de sus centros ministeriales. La familia de [&hellip;]","og_url":"https:\/\/laprensacristiana.com\/?p=13134","og_site_name":"La Prensa Cristiana","article_published_time":"2022-01-27T13:20:35+00:00","article_modified_time":"2022-01-27T14:26:44+00:00","og_image":[{"width":1439,"height":815,"url":"https:\/\/laprensacristiana.com\/wp-content\/uploads\/2022\/01\/c3e88199-a019-4d22-9ff0-f9c593f6ba77.jpg","type":"image\/jpeg"}],"author":"EDITOR","twitter_card":"summary_large_image","twitter_misc":{"Escrito por":"EDITOR"},"schema":{"@context":"https:\/\/schema.org","@graph":[{"@type":"WebPage","@id":"https:\/\/laprensacristiana.com\/?p=13134","url":"https:\/\/laprensacristiana.com\/?p=13134","name":"La organizaci\u00f3n humanitaria Compasi\u00f3n ayuda a los ni\u00f1os m\u00e1s vulnerables en El Salvador - La Prensa Cristiana","isPartOf":{"@id":"https:\/\/laprensacristiana.com\/#website"},"datePublished":"2022-01-27T13:20:35+00:00","dateModified":"2022-01-27T14:26:44+00:00","author":{"@id":"https:\/\/laprensacristiana.com\/#\/schema\/person\/3e7d82c6bfd6b1fa67010f8f7cd5256e"},"breadcrumb":{"@id":"https:\/\/laprensacristiana.com\/?p=13134#breadcrumb"},"inLanguage":"es","potentialAction":[{"@type":"ReadAction","target":["https:\/\/laprensacristiana.com\/?p=13134"]}]},{"@type":"BreadcrumbList","@id":"https:\/\/laprensacristiana.com\/?p=13134#breadcrumb","itemListElement":[{"@type":"ListItem","position":1,"name":"Portada","item":"https:\/\/laprensacristiana.com\/"},{"@type":"ListItem","position":2,"name":"La organizaci\u00f3n humanitaria Compasi\u00f3n ayuda a los ni\u00f1os m\u00e1s vulnerables en El Salvador"}]},{"@type":"WebSite","@id":"https:\/\/laprensacristiana.com\/#website","url":"https:\/\/laprensacristiana.com\/","name":"La Prensa Cristiana","description":"Anunciando Las Buenas Nuevas","potentialAction":[{"@type":"SearchAction","target":{"@type":"EntryPoint","urlTemplate":"https:\/\/laprensacristiana.com\/?s={search_term_string}"},"query-input":"required name=search_term_string"}],"inLanguage":"es"},{"@type":"Person","@id":"https:\/\/laprensacristiana.com\/#\/schema\/person\/3e7d82c6bfd6b1fa67010f8f7cd5256e","name":"EDITOR","image":{"@type":"ImageObject","inLanguage":"es","@id":"https:\/\/laprensacristiana.com\/#\/schema\/person\/image\/","url":"https:\/\/secure.gravatar.com\/avatar\/72069dfb6c13772d9e8381e3638666d2?s=96&d=mm&r=g","contentUrl":"https:\/\/secure.gravatar.com\/avatar\/72069dfb6c13772d9e8381e3638666d2?s=96&d=mm&r=g","caption":"EDITOR"},"url":"https:\/\/laprensacristiana.com\/?author=3"}]}},"_links":{"self":[{"href":"https:\/\/laprensacristiana.com\/index.php?rest_route=\/wp\/v2\/posts\/13134"}],"collection":[{"href":"https:\/\/laprensacristiana.com\/index.php?rest_route=\/wp\/v2\/posts"}],"about":[{"href":"https:\/\/laprensacristiana.com\/index.php?rest_route=\/wp\/v2\/types\/post"}],"author":[{"embeddable":true,"href":"https:\/\/laprensacristiana.com\/index.php?rest_route=\/wp\/v2\/users\/3"}],"replies":[{"embeddable":true,"href":"https:\/\/laprensacristiana.com\/index.php?rest_route=%2Fwp%2Fv2%2Fcomments&post=13134"}],"version-history":[{"count":2,"href":"https:\/\/laprensacristiana.com\/index.php?rest_route=\/wp\/v2\/posts\/13134\/revisions"}],"predecessor-version":[{"id":13139,"href":"https:\/\/laprensacristiana.com\/index.php?rest_route=\/wp\/v2\/posts\/13134\/revisions\/13139"}],"wp:featuredmedia":[{"embeddable":true,"href":"https:\/\/laprensacristiana.com\/index.php?rest_route=\/wp\/v2\/media\/13135"}],"wp:attachment":[{"href":"https:\/\/laprensacristiana.com\/index.php?rest_route=%2Fwp%2Fv2%2Fmedia&parent=13134"}],"wp:term":[{"taxonomy":"category","embeddable":true,"href":"https:\/\/laprensacristiana.com\/index.php?rest_route=%2Fwp%2Fv2%2Fcategories&post=13134"},{"taxonomy":"post_tag","embeddable":true,"href":"https:\/\/laprensacristiana.com\/index.php?rest_route=%2Fwp%2Fv2%2Ftags&post=13134"}],"curies":[{"name":"wp","href":"https:\/\/api.w.org\/{rel}","templated":true}]}}