{"id":13147,"date":"2022-01-28T13:09:51","date_gmt":"2022-01-28T13:09:51","guid":{"rendered":"https:\/\/laprensacristiana.com\/?p=13147"},"modified":"2022-01-28T13:17:16","modified_gmt":"2022-01-28T13:17:16","slug":"dias-de-arcoiris","status":"publish","type":"post","link":"https:\/\/laprensacristiana.com\/?p=13147","title":{"rendered":"D\u00edas de arco\u00edris"},"content":{"rendered":"\n<p>G\u00e9nesis 9:13 \u201cMi arco he puesto en las nubes, el cual ser\u00e1 por se\u00f1al del pacto entre m\u00ed y la tierra\u201d<\/p>\n\n\n\n<p>Terribles d\u00edas sin sol. Todo era oscuridad. Durante ciento cincuenta d\u00edas no ha cesado de llover.&nbsp; El diluvio ha inundado la tierra habitada y todos los animales junto a los seres humanos de aquella generaci\u00f3n han muerto ahogados.<\/p>\n\n\n\n<p>Durante un buen tiempo Noe les estuvo advirtiendo del peligro que se avecinaba pero nadie quiso creerle, excepto su sola familia.<\/p>\n\n\n\n<p>Llegado el tiempo de Dios, su Palabra se cumpli\u00f3.&nbsp; Lleg\u00f3 el juicio y ahora todos est\u00e1n clamando por ayuda.&nbsp; Le piden a gritos a Noe que les abra las puertas del arca pero eso no es posible porque el mismo Dios la ha cerrado por fuera.&nbsp; Noe no puede hacer nada por nadie.<\/p>\n\n\n\n<p>El dolor, la agon\u00eda y la incertidumbre se apoderan de Noe.&nbsp; No le queda m\u00e1s que dejarse llevar por el Arca.&nbsp; Es ella quien decide su destino.<\/p>\n\n\n\n<p>Como cuando nosotros deseamos hacer algo pero se nos cierran las puertas.&nbsp; Necesitamos darnos prisa para conseguir el milagro financiero que nos urge pero los bancos dicen no. Los m\u00e9dicos menean la cabeza cuando miran las radiograf\u00edas y ven manchas oscuras que solo ellos saben leer y no nos dicen nada.&nbsp; Nos dejan en la incertidumbre de qu\u00e9 ser\u00e1 lo que hay dentro de nuestro cuerpo.<\/p>\n\n\n\n<p>O cuando una hija confiesa que ha estado saliendo con un hombre casado y hace tres semanas no tiene su per\u00edodo. Se seca la boca.&nbsp; Tiemblan las manos. Una especie de sopor inunda el cerebro. Nos negamos a creer que haya pasado lo que no debi\u00f3 pasar.&nbsp; Pero as\u00ed es.&nbsp; La oscuridad llena el ambiente y la culpa se reparte por partes iguales entre los tres: la madre, el padre y la hija.<\/p>\n\n\n\n<p>El diluvio vino a mostrar lo que hab\u00eda oculto en cada uno de nuestros corazones.&nbsp; Al igual que en los tiempos antiguos, los habitantes de aquel lugar no quisieron creer en el mensaje de Noe, as\u00ed estamos hoy en d\u00eda.<\/p>\n\n\n\n<p>Nadie cree que el tiempo final se acerca.&nbsp; Nadie da cr\u00e9dito a los mensajes de advertencia. Estamos viendo las se\u00f1ales del final pero no queremos creer, no queremos que nos muevan de nuestra alfombra de comodidad.<\/p>\n\n\n\n<p>El diluvio no es para nosotros.&nbsp; Nosotros los evang\u00e9licos estamos seguros en las cuatro paredes de nuestra arca evang\u00e9lica, acompa\u00f1ados de otros evang\u00e9licos, haciendo cosas evang\u00e9licas.<\/p>\n\n\n\n<p>Nos reunimos cuando podemos, cuando el trabajo nos deja un tiempo.&nbsp; Cantamos los coros de memoria sin saber lo que cada uno de ellos expresa.&nbsp; Mientras el pastor predica, nos echamos una peque\u00f1a siesta aunque un poco inc\u00f3moda por la silla de metal pero por lo menos hicimos acto de presencia.&nbsp; Como en los velorios.&nbsp; Que nos vean que llegamos es suficiente.&nbsp; El dolor que all\u00ed se respira no es el nuestro.&nbsp; Y seguimos con nuestra agenda.<\/p>\n\n\n\n<p>Pero en medio de todo, Dios que es Bueno en gran manera, env\u00eda su arco para que Noe sepa que despu\u00e9s de una jornada de dolor, oscuridad y aislamiento, habr\u00e1 luz, color, energ\u00eda, vida y sobre todo, esperanza de que todo ir\u00e1 mejorando poco a poco.<\/p>\n\n\n\n<p>Son los d\u00edas de Arco Iris. D\u00edas de alegr\u00eda, de sonrisas, de paz, sabiendo que lo que pas\u00f3 atr\u00e1s ya pas\u00f3.&nbsp; Que Dios ha prometido que jamas volveremos a pasar por algo as\u00ed. Que delante de nuestras vidas solo se promete lo alegre, la fiesta, la libertad de volver a vivir.&nbsp; Son los d\u00edas de Arco Iris en donde todo se llena de optimismo, es cuando olvidamos el pasado doloroso y austero, ahora son d\u00edas de abundancia, d\u00edas de sembrar una higuera y disfrutar del vino que produzca.<\/p>\n\n\n\n<p>Eso fue lo que vivi\u00f3 Noe aquellos tiempos. Pas\u00f3 la prueba, la oscuridad y la angustia de ver aquella inmensidad llena de agua.&nbsp; D\u00edas de negrura en donde el sol se ocult\u00f3 por ciento cincuenta d\u00edas y no era posible ver en el horizonte nada que ofreciera una pizca de luz.<\/p>\n\n\n\n<p>De pronto, de la nada, las nubes se hicieron a un lado y la Voz de Dios retumb\u00f3 en el firmamento, ofreciendo que la luz y el color volvieran a la vida de los hombres como Noe. El Arco apareci\u00f3 en el cielo y desde entonces los evang\u00e9licos se han aferrado a esa promesa.<\/p>\n\n\n\n<p>Pero la historia no termina all\u00ed. Tiempo despu\u00e9s, otro hombre recibe la visita del mismo Dios que visit\u00f3 a Noe. Solo que este hombre recibi\u00f3 al Dios que tambi\u00e9n estar\u00e1 en medio del dolor. Abram es el hombre.<\/p>\n","protected":false},"excerpt":{"rendered":"<p>G\u00e9nesis 9:13 \u201cMi arco he puesto en las nubes, el cual ser\u00e1 por se\u00f1al del pacto entre m\u00ed y la tierra\u201d Terribles d\u00edas sin sol. Todo era oscuridad. Durante ciento cincuenta d\u00edas no ha cesado de llover.&nbsp; El diluvio ha inundado la tierra habitada y todos los animales junto a los seres humanos de aquella [&hellip;]<\/p>\n","protected":false},"author":3,"featured_media":12838,"comment_status":"open","ping_status":"open","sticky":false,"template":"","format":"standard","meta":[],"categories":[36],"tags":[],"yoast_head":"<!-- This site is optimized with the Yoast SEO plugin v20.8 - https:\/\/yoast.com\/wordpress\/plugins\/seo\/ -->\n<title>D\u00edas de arco\u00edris - La Prensa Cristiana<\/title>\n<meta name=\"robots\" content=\"index, follow, max-snippet:-1, max-image-preview:large, max-video-preview:-1\" \/>\n<link rel=\"canonical\" href=\"https:\/\/laprensacristiana.com\/?p=13147\" \/>\n<meta property=\"og:locale\" content=\"es_ES\" \/>\n<meta property=\"og:type\" content=\"article\" \/>\n<meta property=\"og:title\" content=\"D\u00edas de arco\u00edris - La Prensa Cristiana\" \/>\n<meta property=\"og:description\" content=\"G\u00e9nesis 9:13 \u201cMi arco he puesto en las nubes, el cual ser\u00e1 por se\u00f1al del pacto entre m\u00ed y la tierra\u201d Terribles d\u00edas sin sol. Todo era oscuridad. Durante ciento cincuenta d\u00edas no ha cesado de llover.&nbsp; El diluvio ha inundado la tierra habitada y todos los animales junto a los seres humanos de aquella [&hellip;]\" \/>\n<meta property=\"og:url\" content=\"https:\/\/laprensacristiana.com\/?p=13147\" \/>\n<meta property=\"og:site_name\" content=\"La Prensa Cristiana\" \/>\n<meta property=\"article:published_time\" content=\"2022-01-28T13:09:51+00:00\" \/>\n<meta property=\"article:modified_time\" content=\"2022-01-28T13:17:16+00:00\" \/>\n<meta property=\"og:image\" content=\"https:\/\/laprensacristiana.com\/wp-content\/uploads\/2021\/11\/IMG_20210215_163352_769-1.jpg\" \/>\n\t<meta property=\"og:image:width\" content=\"1280\" \/>\n\t<meta property=\"og:image:height\" content=\"714\" \/>\n\t<meta property=\"og:image:type\" content=\"image\/jpeg\" \/>\n<meta name=\"author\" content=\"EDITOR\" \/>\n<meta name=\"twitter:card\" content=\"summary_large_image\" \/>\n<meta name=\"twitter:label1\" content=\"Escrito por\" \/>\n\t<meta name=\"twitter:data1\" content=\"EDITOR\" \/>\n\t<meta name=\"twitter:label2\" content=\"Tiempo de lectura\" \/>\n\t<meta name=\"twitter:data2\" content=\"4 minutos\" \/>\n<script type=\"application\/ld+json\" class=\"yoast-schema-graph\">{\"@context\":\"https:\/\/schema.org\",\"@graph\":[{\"@type\":\"WebPage\",\"@id\":\"https:\/\/laprensacristiana.com\/?p=13147\",\"url\":\"https:\/\/laprensacristiana.com\/?p=13147\",\"name\":\"D\u00edas de arco\u00edris - La Prensa Cristiana\",\"isPartOf\":{\"@id\":\"https:\/\/laprensacristiana.com\/#website\"},\"datePublished\":\"2022-01-28T13:09:51+00:00\",\"dateModified\":\"2022-01-28T13:17:16+00:00\",\"author\":{\"@id\":\"https:\/\/laprensacristiana.com\/#\/schema\/person\/3e7d82c6bfd6b1fa67010f8f7cd5256e\"},\"breadcrumb\":{\"@id\":\"https:\/\/laprensacristiana.com\/?p=13147#breadcrumb\"},\"inLanguage\":\"es\",\"potentialAction\":[{\"@type\":\"ReadAction\",\"target\":[\"https:\/\/laprensacristiana.com\/?p=13147\"]}]},{\"@type\":\"BreadcrumbList\",\"@id\":\"https:\/\/laprensacristiana.com\/?p=13147#breadcrumb\",\"itemListElement\":[{\"@type\":\"ListItem\",\"position\":1,\"name\":\"Portada\",\"item\":\"https:\/\/laprensacristiana.com\/\"},{\"@type\":\"ListItem\",\"position\":2,\"name\":\"D\u00edas de arco\u00edris\"}]},{\"@type\":\"WebSite\",\"@id\":\"https:\/\/laprensacristiana.com\/#website\",\"url\":\"https:\/\/laprensacristiana.com\/\",\"name\":\"La Prensa Cristiana\",\"description\":\"Anunciando Las Buenas Nuevas\",\"potentialAction\":[{\"@type\":\"SearchAction\",\"target\":{\"@type\":\"EntryPoint\",\"urlTemplate\":\"https:\/\/laprensacristiana.com\/?s={search_term_string}\"},\"query-input\":\"required name=search_term_string\"}],\"inLanguage\":\"es\"},{\"@type\":\"Person\",\"@id\":\"https:\/\/laprensacristiana.com\/#\/schema\/person\/3e7d82c6bfd6b1fa67010f8f7cd5256e\",\"name\":\"EDITOR\",\"image\":{\"@type\":\"ImageObject\",\"inLanguage\":\"es\",\"@id\":\"https:\/\/laprensacristiana.com\/#\/schema\/person\/image\/\",\"url\":\"https:\/\/secure.gravatar.com\/avatar\/72069dfb6c13772d9e8381e3638666d2?s=96&d=mm&r=g\",\"contentUrl\":\"https:\/\/secure.gravatar.com\/avatar\/72069dfb6c13772d9e8381e3638666d2?s=96&d=mm&r=g\",\"caption\":\"EDITOR\"},\"url\":\"https:\/\/laprensacristiana.com\/?author=3\"}]}<\/script>\n<!-- \/ Yoast SEO plugin. -->","yoast_head_json":{"title":"D\u00edas de arco\u00edris - La Prensa Cristiana","robots":{"index":"index","follow":"follow","max-snippet":"max-snippet:-1","max-image-preview":"max-image-preview:large","max-video-preview":"max-video-preview:-1"},"canonical":"https:\/\/laprensacristiana.com\/?p=13147","og_locale":"es_ES","og_type":"article","og_title":"D\u00edas de arco\u00edris - La Prensa Cristiana","og_description":"G\u00e9nesis 9:13 \u201cMi arco he puesto en las nubes, el cual ser\u00e1 por se\u00f1al del pacto entre m\u00ed y la tierra\u201d Terribles d\u00edas sin sol. Todo era oscuridad. Durante ciento cincuenta d\u00edas no ha cesado de llover.&nbsp; El diluvio ha inundado la tierra habitada y todos los animales junto a los seres humanos de aquella [&hellip;]","og_url":"https:\/\/laprensacristiana.com\/?p=13147","og_site_name":"La Prensa Cristiana","article_published_time":"2022-01-28T13:09:51+00:00","article_modified_time":"2022-01-28T13:17:16+00:00","og_image":[{"width":1280,"height":714,"url":"https:\/\/laprensacristiana.com\/wp-content\/uploads\/2021\/11\/IMG_20210215_163352_769-1.jpg","type":"image\/jpeg"}],"author":"EDITOR","twitter_card":"summary_large_image","twitter_misc":{"Escrito por":"EDITOR","Tiempo de lectura":"4 minutos"},"schema":{"@context":"https:\/\/schema.org","@graph":[{"@type":"WebPage","@id":"https:\/\/laprensacristiana.com\/?p=13147","url":"https:\/\/laprensacristiana.com\/?p=13147","name":"D\u00edas de arco\u00edris - La Prensa Cristiana","isPartOf":{"@id":"https:\/\/laprensacristiana.com\/#website"},"datePublished":"2022-01-28T13:09:51+00:00","dateModified":"2022-01-28T13:17:16+00:00","author":{"@id":"https:\/\/laprensacristiana.com\/#\/schema\/person\/3e7d82c6bfd6b1fa67010f8f7cd5256e"},"breadcrumb":{"@id":"https:\/\/laprensacristiana.com\/?p=13147#breadcrumb"},"inLanguage":"es","potentialAction":[{"@type":"ReadAction","target":["https:\/\/laprensacristiana.com\/?p=13147"]}]},{"@type":"BreadcrumbList","@id":"https:\/\/laprensacristiana.com\/?p=13147#breadcrumb","itemListElement":[{"@type":"ListItem","position":1,"name":"Portada","item":"https:\/\/laprensacristiana.com\/"},{"@type":"ListItem","position":2,"name":"D\u00edas de arco\u00edris"}]},{"@type":"WebSite","@id":"https:\/\/laprensacristiana.com\/#website","url":"https:\/\/laprensacristiana.com\/","name":"La Prensa Cristiana","description":"Anunciando Las Buenas Nuevas","potentialAction":[{"@type":"SearchAction","target":{"@type":"EntryPoint","urlTemplate":"https:\/\/laprensacristiana.com\/?s={search_term_string}"},"query-input":"required name=search_term_string"}],"inLanguage":"es"},{"@type":"Person","@id":"https:\/\/laprensacristiana.com\/#\/schema\/person\/3e7d82c6bfd6b1fa67010f8f7cd5256e","name":"EDITOR","image":{"@type":"ImageObject","inLanguage":"es","@id":"https:\/\/laprensacristiana.com\/#\/schema\/person\/image\/","url":"https:\/\/secure.gravatar.com\/avatar\/72069dfb6c13772d9e8381e3638666d2?s=96&d=mm&r=g","contentUrl":"https:\/\/secure.gravatar.com\/avatar\/72069dfb6c13772d9e8381e3638666d2?s=96&d=mm&r=g","caption":"EDITOR"},"url":"https:\/\/laprensacristiana.com\/?author=3"}]}},"_links":{"self":[{"href":"https:\/\/laprensacristiana.com\/index.php?rest_route=\/wp\/v2\/posts\/13147"}],"collection":[{"href":"https:\/\/laprensacristiana.com\/index.php?rest_route=\/wp\/v2\/posts"}],"about":[{"href":"https:\/\/laprensacristiana.com\/index.php?rest_route=\/wp\/v2\/types\/post"}],"author":[{"embeddable":true,"href":"https:\/\/laprensacristiana.com\/index.php?rest_route=\/wp\/v2\/users\/3"}],"replies":[{"embeddable":true,"href":"https:\/\/laprensacristiana.com\/index.php?rest_route=%2Fwp%2Fv2%2Fcomments&post=13147"}],"version-history":[{"count":2,"href":"https:\/\/laprensacristiana.com\/index.php?rest_route=\/wp\/v2\/posts\/13147\/revisions"}],"predecessor-version":[{"id":13149,"href":"https:\/\/laprensacristiana.com\/index.php?rest_route=\/wp\/v2\/posts\/13147\/revisions\/13149"}],"wp:featuredmedia":[{"embeddable":true,"href":"https:\/\/laprensacristiana.com\/index.php?rest_route=\/wp\/v2\/media\/12838"}],"wp:attachment":[{"href":"https:\/\/laprensacristiana.com\/index.php?rest_route=%2Fwp%2Fv2%2Fmedia&parent=13147"}],"wp:term":[{"taxonomy":"category","embeddable":true,"href":"https:\/\/laprensacristiana.com\/index.php?rest_route=%2Fwp%2Fv2%2Fcategories&post=13147"},{"taxonomy":"post_tag","embeddable":true,"href":"https:\/\/laprensacristiana.com\/index.php?rest_route=%2Fwp%2Fv2%2Ftags&post=13147"}],"curies":[{"name":"wp","href":"https:\/\/api.w.org\/{rel}","templated":true}]}}