{"id":13150,"date":"2022-01-28T15:24:47","date_gmt":"2022-01-28T15:24:47","guid":{"rendered":"https:\/\/laprensacristiana.com\/?p=13150"},"modified":"2022-01-28T15:33:44","modified_gmt":"2022-01-28T15:33:44","slug":"iglesia-evangelica-de-el-salvador-mision-centroamericana-celebra-su-lxxx1-convencion-nacional","status":"publish","type":"post","link":"https:\/\/laprensacristiana.com\/?p=13150","title":{"rendered":"Misi\u00f3n Centroamericana en El Salvador celebra su 81 convenci\u00f3n nacional"},"content":{"rendered":"\n<p><em>La Misi\u00f3n Centroamericana fue la primera en traer el mensaje de salvaci\u00f3n a nuestro pa\u00eds hace 125 a\u00f1os, y la primera iglesia legalmente fundada con personer\u00eda jur\u00eddica propia.<\/em><\/p>\n\n\n\n<p><strong>EL SALVADOR.-&nbsp;<\/strong>La Iglesia Evang\u00e9lica de El Salvador Misi\u00f3n Centroamericana, pionera del evangelio en el pa\u00eds, est\u00e1 celebrando este viernes 28 de enero su LXXX1 (81) Convenci\u00f3n Nacional, un evento muy importante para toda la iglesia a nivel nacional pues marca el rumbo del trabajo para este a\u00f1o 2022.<\/p>\n\n\n\n<p>El evento ha reunido un aproximado de 200 pastores de los 14 departamentos del pa\u00eds, en un momento de comuni\u00f3n y b\u00fasqueda de la presencia de Dios, para tomar las decisiones del trabajo eclesi\u00e1stico y continuar avanzando en la predicaci\u00f3n del mensaje de Jesucristo.<\/p>\n\n\n\n<p>El pastor general de la misi\u00f3n, Israel Maravilla, explic\u00f3 que este a\u00f1o se tienen grandes retos y proyectos importantes en el marco de sus 125 aniversarios, entre los cuales destaca el poder incursionar con medios de comunicaci\u00f3n propios de la iglesia, a trav\u00e9s de los cuales se llevar\u00e1 el mensaje de salvaci\u00f3n a todo el pa\u00eds y el mundo, y se dar\u00e1 a conocer el trabajo y avance de la iglesia.<\/p>\n\n\n\n<p>El proyecto contempla \u201cMCA Radio online\u201d con una programaci\u00f3n especial para todos los hermanos de las diferentes edades, contenidos para fortalecer el conocimiento de la iglesia, predicaciones, espacios de oraci\u00f3n, entrevistas y alabanzas que edificar\u00e1n muchas vidas.<\/p>\n\n\n\n<p>Tambi\u00e9n se proyecta mantener activa la plataforma misi\u00f3ncentroamericana.org, a trav\u00e9s la cual se difundir\u00e1n todas las noticias de Misi\u00f3n Centroamericana de El Salvador.<\/p>\n\n\n\n<p>Para este proyecto, se ha iniciado una capacitaci\u00f3n de j\u00f3venes de las diferentes iglesias, quienes reciben una preparaci\u00f3n de calidad sobre locuci\u00f3n, desenvolvimiento en televisi\u00f3n y redacci\u00f3n de noticias, entre otros temas.<\/p>\n\n\n\n<p>Otro proyecto de gran trascendencia es la construcci\u00f3n de un lugar de esparcimiento para los pastores.<\/p>\n\n\n\n<p>El pastor Maravilla destac\u00f3 tambi\u00e9n que la convenci\u00f3n se realizar\u00e1 bajo todas las medidas de bioseguridad recomendadas por las autoridades sanitarias, por la pandemia por el Covid-19.<\/p>\n\n\n\n<p>\u201cEsta es un fiesta, una celebraci\u00f3n espiritual en donde muchos pastores que vienen desde el interior del pa\u00eds pueden encontrarse con otros consiervos y juntos buscar la presencia de Dios\u201d manifest\u00f3 el representante de la misi\u00f3n.<\/p>\n\n\n\n<figure class=\"wp-block-image size-large\"><img decoding=\"async\" loading=\"lazy\" width=\"1024\" height=\"768\" src=\"https:\/\/laprensacristiana.com\/wp-content\/uploads\/2022\/01\/Pastor-Israel-Maravilla-1024x768-1.jpg\" alt=\"\" class=\"wp-image-13152\" srcset=\"https:\/\/laprensacristiana.com\/wp-content\/uploads\/2022\/01\/Pastor-Israel-Maravilla-1024x768-1.jpg 1024w, https:\/\/laprensacristiana.com\/wp-content\/uploads\/2022\/01\/Pastor-Israel-Maravilla-1024x768-1-300x225.jpg 300w, https:\/\/laprensacristiana.com\/wp-content\/uploads\/2022\/01\/Pastor-Israel-Maravilla-1024x768-1-768x576.jpg 768w, https:\/\/laprensacristiana.com\/wp-content\/uploads\/2022\/01\/Pastor-Israel-Maravilla-1024x768-1-696x522.jpg 696w, https:\/\/laprensacristiana.com\/wp-content\/uploads\/2022\/01\/Pastor-Israel-Maravilla-1024x768-1-600x450.jpg 600w\" sizes=\"(max-width: 1024px) 100vw, 1024px\" \/><figcaption>Pastor Israel Maravilla \/ Presidente de Misi\u00f3n Centroamericana en El Salvador<\/figcaption><\/figure>\n\n\n\n<p>La Misi\u00f3n Centroamericana es la primera que trajo el mensaje de salvaci\u00f3n a nuestro pa\u00eds hace 125 a\u00f1os, y la primera iglesia legalmente fundada con personer\u00eda jur\u00eddica propia.<\/p>\n\n\n\n<p class=\"has-text-align-center\"><em>\u201cEN 1941 EL GOBIERNO LE OTORG\u00d3 A LA MISI\u00d3N CENTROAMERICANA EL DERECHO A FORMAR SU PROPIA PERSONER\u00cdA JUR\u00cdDICA, AS\u00cd QUE REGISTRARON TODAS LAS ESCRITURAS DE LA IGLESIA BAJO LA PERSONER\u00cdA JUR\u00cdDICA DE LA IGLESIA EVANG\u00c9LICA DE EL SALVADOR, MISI\u00d3N CENTROAMERICANA\u201d RESE\u00d1A LA HISTORIA DE LA IGLESIA.<\/em><\/p>\n\n\n\n<p>En octubre de 2021 la iglesia celebr\u00f3 sus 125 aniversarios de presencia en El Salvador, en un evento que reuni\u00f3 a los m\u00e1s importantes l\u00edderes evang\u00e9licos del pa\u00eds, quienes destacaron el trabajo de la misi\u00f3n, su ministerio&nbsp;evangel\u00edstico y el impacto de su ense\u00f1anza en valores y principios que contribuyen a una mejor sociedad salvadore\u00f1a.<\/p>\n\n\n\n<p><\/p>\n","protected":false},"excerpt":{"rendered":"<p>La Misi\u00f3n Centroamericana fue la primera en traer el mensaje de salvaci\u00f3n a nuestro pa\u00eds hace 125 a\u00f1os, y la primera iglesia legalmente fundada con personer\u00eda jur\u00eddica propia. EL SALVADOR.-&nbsp;La Iglesia Evang\u00e9lica de El Salvador Misi\u00f3n Centroamericana, pionera del evangelio en el pa\u00eds, est\u00e1 celebrando este viernes 28 de enero su LXXX1 (81) Convenci\u00f3n Nacional, [&hellip;]<\/p>\n","protected":false},"author":3,"featured_media":13151,"comment_status":"open","ping_status":"open","sticky":false,"template":"","format":"standard","meta":[],"categories":[56],"tags":[],"yoast_head":"<!-- This site is optimized with the Yoast SEO plugin v20.8 - https:\/\/yoast.com\/wordpress\/plugins\/seo\/ -->\n<title>Misi\u00f3n Centroamericana en El Salvador celebra su 81 convenci\u00f3n nacional - La Prensa Cristiana<\/title>\n<meta name=\"robots\" content=\"index, follow, max-snippet:-1, max-image-preview:large, max-video-preview:-1\" \/>\n<link rel=\"canonical\" href=\"https:\/\/laprensacristiana.com\/?p=13150\" \/>\n<meta property=\"og:locale\" content=\"es_ES\" \/>\n<meta property=\"og:type\" content=\"article\" \/>\n<meta property=\"og:title\" content=\"Misi\u00f3n Centroamericana en El Salvador celebra su 81 convenci\u00f3n nacional - La Prensa Cristiana\" \/>\n<meta property=\"og:description\" content=\"La Misi\u00f3n Centroamericana fue la primera en traer el mensaje de salvaci\u00f3n a nuestro pa\u00eds hace 125 a\u00f1os, y la primera iglesia legalmente fundada con personer\u00eda jur\u00eddica propia. EL SALVADOR.-&nbsp;La Iglesia Evang\u00e9lica de El Salvador Misi\u00f3n Centroamericana, pionera del evangelio en el pa\u00eds, est\u00e1 celebrando este viernes 28 de enero su LXXX1 (81) Convenci\u00f3n Nacional, [&hellip;]\" \/>\n<meta property=\"og:url\" content=\"https:\/\/laprensacristiana.com\/?p=13150\" \/>\n<meta property=\"og:site_name\" content=\"La Prensa Cristiana\" \/>\n<meta property=\"article:published_time\" content=\"2022-01-28T15:24:47+00:00\" \/>\n<meta property=\"article:modified_time\" content=\"2022-01-28T15:33:44+00:00\" \/>\n<meta property=\"og:image\" content=\"https:\/\/laprensacristiana.com\/wp-content\/uploads\/2022\/01\/0c8b98dd-06fa-4cdc-b410-b5b3464a4494.jpg\" \/>\n\t<meta property=\"og:image:width\" content=\"1280\" \/>\n\t<meta property=\"og:image:height\" content=\"958\" \/>\n\t<meta property=\"og:image:type\" content=\"image\/jpeg\" \/>\n<meta name=\"author\" content=\"EDITOR\" \/>\n<meta name=\"twitter:card\" content=\"summary_large_image\" \/>\n<meta name=\"twitter:label1\" content=\"Escrito por\" \/>\n\t<meta name=\"twitter:data1\" content=\"EDITOR\" \/>\n\t<meta name=\"twitter:label2\" content=\"Tiempo de lectura\" \/>\n\t<meta name=\"twitter:data2\" content=\"3 minutos\" \/>\n<script type=\"application\/ld+json\" class=\"yoast-schema-graph\">{\"@context\":\"https:\/\/schema.org\",\"@graph\":[{\"@type\":\"WebPage\",\"@id\":\"https:\/\/laprensacristiana.com\/?p=13150\",\"url\":\"https:\/\/laprensacristiana.com\/?p=13150\",\"name\":\"Misi\u00f3n Centroamericana en El Salvador celebra su 81 convenci\u00f3n nacional - La Prensa Cristiana\",\"isPartOf\":{\"@id\":\"https:\/\/laprensacristiana.com\/#website\"},\"datePublished\":\"2022-01-28T15:24:47+00:00\",\"dateModified\":\"2022-01-28T15:33:44+00:00\",\"author\":{\"@id\":\"https:\/\/laprensacristiana.com\/#\/schema\/person\/3e7d82c6bfd6b1fa67010f8f7cd5256e\"},\"breadcrumb\":{\"@id\":\"https:\/\/laprensacristiana.com\/?p=13150#breadcrumb\"},\"inLanguage\":\"es\",\"potentialAction\":[{\"@type\":\"ReadAction\",\"target\":[\"https:\/\/laprensacristiana.com\/?p=13150\"]}]},{\"@type\":\"BreadcrumbList\",\"@id\":\"https:\/\/laprensacristiana.com\/?p=13150#breadcrumb\",\"itemListElement\":[{\"@type\":\"ListItem\",\"position\":1,\"name\":\"Portada\",\"item\":\"https:\/\/laprensacristiana.com\/\"},{\"@type\":\"ListItem\",\"position\":2,\"name\":\"Misi\u00f3n Centroamericana en El Salvador celebra su 81 convenci\u00f3n nacional\"}]},{\"@type\":\"WebSite\",\"@id\":\"https:\/\/laprensacristiana.com\/#website\",\"url\":\"https:\/\/laprensacristiana.com\/\",\"name\":\"La Prensa Cristiana\",\"description\":\"Anunciando Las Buenas Nuevas\",\"potentialAction\":[{\"@type\":\"SearchAction\",\"target\":{\"@type\":\"EntryPoint\",\"urlTemplate\":\"https:\/\/laprensacristiana.com\/?s={search_term_string}\"},\"query-input\":\"required name=search_term_string\"}],\"inLanguage\":\"es\"},{\"@type\":\"Person\",\"@id\":\"https:\/\/laprensacristiana.com\/#\/schema\/person\/3e7d82c6bfd6b1fa67010f8f7cd5256e\",\"name\":\"EDITOR\",\"image\":{\"@type\":\"ImageObject\",\"inLanguage\":\"es\",\"@id\":\"https:\/\/laprensacristiana.com\/#\/schema\/person\/image\/\",\"url\":\"https:\/\/secure.gravatar.com\/avatar\/72069dfb6c13772d9e8381e3638666d2?s=96&d=mm&r=g\",\"contentUrl\":\"https:\/\/secure.gravatar.com\/avatar\/72069dfb6c13772d9e8381e3638666d2?s=96&d=mm&r=g\",\"caption\":\"EDITOR\"},\"url\":\"https:\/\/laprensacristiana.com\/?author=3\"}]}<\/script>\n<!-- \/ Yoast SEO plugin. -->","yoast_head_json":{"title":"Misi\u00f3n Centroamericana en El Salvador celebra su 81 convenci\u00f3n nacional - La Prensa Cristiana","robots":{"index":"index","follow":"follow","max-snippet":"max-snippet:-1","max-image-preview":"max-image-preview:large","max-video-preview":"max-video-preview:-1"},"canonical":"https:\/\/laprensacristiana.com\/?p=13150","og_locale":"es_ES","og_type":"article","og_title":"Misi\u00f3n Centroamericana en El Salvador celebra su 81 convenci\u00f3n nacional - La Prensa Cristiana","og_description":"La Misi\u00f3n Centroamericana fue la primera en traer el mensaje de salvaci\u00f3n a nuestro pa\u00eds hace 125 a\u00f1os, y la primera iglesia legalmente fundada con personer\u00eda jur\u00eddica propia. EL SALVADOR.-&nbsp;La Iglesia Evang\u00e9lica de El Salvador Misi\u00f3n Centroamericana, pionera del evangelio en el pa\u00eds, est\u00e1 celebrando este viernes 28 de enero su LXXX1 (81) Convenci\u00f3n Nacional, [&hellip;]","og_url":"https:\/\/laprensacristiana.com\/?p=13150","og_site_name":"La Prensa Cristiana","article_published_time":"2022-01-28T15:24:47+00:00","article_modified_time":"2022-01-28T15:33:44+00:00","og_image":[{"width":1280,"height":958,"url":"https:\/\/laprensacristiana.com\/wp-content\/uploads\/2022\/01\/0c8b98dd-06fa-4cdc-b410-b5b3464a4494.jpg","type":"image\/jpeg"}],"author":"EDITOR","twitter_card":"summary_large_image","twitter_misc":{"Escrito por":"EDITOR","Tiempo de lectura":"3 minutos"},"schema":{"@context":"https:\/\/schema.org","@graph":[{"@type":"WebPage","@id":"https:\/\/laprensacristiana.com\/?p=13150","url":"https:\/\/laprensacristiana.com\/?p=13150","name":"Misi\u00f3n Centroamericana en El Salvador celebra su 81 convenci\u00f3n nacional - La Prensa Cristiana","isPartOf":{"@id":"https:\/\/laprensacristiana.com\/#website"},"datePublished":"2022-01-28T15:24:47+00:00","dateModified":"2022-01-28T15:33:44+00:00","author":{"@id":"https:\/\/laprensacristiana.com\/#\/schema\/person\/3e7d82c6bfd6b1fa67010f8f7cd5256e"},"breadcrumb":{"@id":"https:\/\/laprensacristiana.com\/?p=13150#breadcrumb"},"inLanguage":"es","potentialAction":[{"@type":"ReadAction","target":["https:\/\/laprensacristiana.com\/?p=13150"]}]},{"@type":"BreadcrumbList","@id":"https:\/\/laprensacristiana.com\/?p=13150#breadcrumb","itemListElement":[{"@type":"ListItem","position":1,"name":"Portada","item":"https:\/\/laprensacristiana.com\/"},{"@type":"ListItem","position":2,"name":"Misi\u00f3n Centroamericana en El Salvador celebra su 81 convenci\u00f3n nacional"}]},{"@type":"WebSite","@id":"https:\/\/laprensacristiana.com\/#website","url":"https:\/\/laprensacristiana.com\/","name":"La Prensa Cristiana","description":"Anunciando Las Buenas Nuevas","potentialAction":[{"@type":"SearchAction","target":{"@type":"EntryPoint","urlTemplate":"https:\/\/laprensacristiana.com\/?s={search_term_string}"},"query-input":"required name=search_term_string"}],"inLanguage":"es"},{"@type":"Person","@id":"https:\/\/laprensacristiana.com\/#\/schema\/person\/3e7d82c6bfd6b1fa67010f8f7cd5256e","name":"EDITOR","image":{"@type":"ImageObject","inLanguage":"es","@id":"https:\/\/laprensacristiana.com\/#\/schema\/person\/image\/","url":"https:\/\/secure.gravatar.com\/avatar\/72069dfb6c13772d9e8381e3638666d2?s=96&d=mm&r=g","contentUrl":"https:\/\/secure.gravatar.com\/avatar\/72069dfb6c13772d9e8381e3638666d2?s=96&d=mm&r=g","caption":"EDITOR"},"url":"https:\/\/laprensacristiana.com\/?author=3"}]}},"_links":{"self":[{"href":"https:\/\/laprensacristiana.com\/index.php?rest_route=\/wp\/v2\/posts\/13150"}],"collection":[{"href":"https:\/\/laprensacristiana.com\/index.php?rest_route=\/wp\/v2\/posts"}],"about":[{"href":"https:\/\/laprensacristiana.com\/index.php?rest_route=\/wp\/v2\/types\/post"}],"author":[{"embeddable":true,"href":"https:\/\/laprensacristiana.com\/index.php?rest_route=\/wp\/v2\/users\/3"}],"replies":[{"embeddable":true,"href":"https:\/\/laprensacristiana.com\/index.php?rest_route=%2Fwp%2Fv2%2Fcomments&post=13150"}],"version-history":[{"count":2,"href":"https:\/\/laprensacristiana.com\/index.php?rest_route=\/wp\/v2\/posts\/13150\/revisions"}],"predecessor-version":[{"id":13154,"href":"https:\/\/laprensacristiana.com\/index.php?rest_route=\/wp\/v2\/posts\/13150\/revisions\/13154"}],"wp:featuredmedia":[{"embeddable":true,"href":"https:\/\/laprensacristiana.com\/index.php?rest_route=\/wp\/v2\/media\/13151"}],"wp:attachment":[{"href":"https:\/\/laprensacristiana.com\/index.php?rest_route=%2Fwp%2Fv2%2Fmedia&parent=13150"}],"wp:term":[{"taxonomy":"category","embeddable":true,"href":"https:\/\/laprensacristiana.com\/index.php?rest_route=%2Fwp%2Fv2%2Fcategories&post=13150"},{"taxonomy":"post_tag","embeddable":true,"href":"https:\/\/laprensacristiana.com\/index.php?rest_route=%2Fwp%2Fv2%2Ftags&post=13150"}],"curies":[{"name":"wp","href":"https:\/\/api.w.org\/{rel}","templated":true}]}}