{"id":13162,"date":"2022-02-02T13:16:29","date_gmt":"2022-02-02T13:16:29","guid":{"rendered":"https:\/\/laprensacristiana.com\/?p=13162"},"modified":"2022-02-02T13:16:30","modified_gmt":"2022-02-02T13:16:30","slug":"quien-te-despojo","status":"publish","type":"post","link":"https:\/\/laprensacristiana.com\/?p=13162","title":{"rendered":"\u00bfQui\u00e9n te despoj\u00f3?"},"content":{"rendered":"\n<p>G\u00e9nesis 37:23&nbsp; \u201c\u2026despojaron a Jos\u00e9 de su t\u00fanica\u2026\u201d<\/p>\n\n\n\n<p>Bueno, la tendencia humana es echarle la culpa a otras personas por las cosas malas que nos suceden.<\/p>\n\n\n\n<p>Que si mi pap\u00e1 no me pag\u00f3 mis estudios.&nbsp; Que por ser pobres no pude ir a la Universidad.&nbsp; Que si no hubiera tenido tantos hermanos que cuidar me hubiera podido casar.<\/p>\n\n\n\n<p>Estoy endeudado porque tuve que mantener a mi familia desde peque\u00f1o y nunca tuve dinero para mis necesidades.<\/p>\n\n\n\n<p>Todos tienen la culpa, menos nosotros.<\/p>\n\n\n\n<p>Porque no nos damos cuenta lo que dice la Palabra de Dios: Todo lo que sembramos cosecharemos.&nbsp; Pero tambi\u00e9n dice que todo lo que nos sucede y nos ha sucedido resultar\u00e1 en un bien para nuestras vidas.<\/p>\n\n\n\n<p>El asunto es averiguar quien o qu\u00e9 caus\u00f3 que nos despojaran de nuestra oportunidad de prosperar.&nbsp; O de tener una vida espiritual sana delante del Se\u00f1or.&nbsp; Qu\u00e9 hice para que en mi congregaci\u00f3n no me tomaran en cuenta para alg\u00fan ministerio.&nbsp; O que el esposo se fuera de la casa a buscar otro nido en donde lo trataran con m\u00e1s dignidad.<\/p>\n\n\n\n<p>Preguntas sinceras, brutalmente sinceras que nos llevar\u00e1n a descubrir m\u00e1s de alguna serendipia para nuestro beneficio \u00edntimo y personal. Y eso nos llevar\u00e1 a otro nivel de crecimiento, de conocimiento de nosotros mismos y, por supuesto, de la Misericordia de Dios.<\/p>\n\n\n\n<p>Eso le sucedi\u00f3 a Jos\u00e9.&nbsp; Desde peque\u00f1o fue vestido por su padre Jacob con t\u00fanicas especiales. Era el favorito del padre. Mientras sus hermanos pastoreaban ovejas o cuidaban los sembrad\u00edos, Jos\u00e9 se dedicaba a meditar, a so\u00f1ar y a ver visiones.&nbsp; Eso no era en s\u00ed tan malo.&nbsp; Lo malo fue que les cont\u00f3 a sus hermanos los hermosos sue\u00f1os que ten\u00eda durante sus tiempos de \u00e9xtasis. Eso despert\u00f3 celos, envidia y enojo en contra de \u00e9l.&nbsp; Sus hermanos lo odiaban a causa del favoritismo que su pap\u00e1 le ten\u00eda, adem\u00e1s de ser tan presumido con sus supuestos sue\u00f1os de grandeza.&nbsp; Su ropa lo dec\u00eda todo. No era capaz de remangarse para levantar un apestoso cordero del fango porque se pod\u00eda ensuciar el nene.<\/p>\n\n\n\n<p>\u00bfQu\u00e9 hermano no se sentir\u00eda enojado por una actitud as\u00ed?&nbsp; Jos\u00e9 se granje\u00f3 el enojo y la ira de sus hermanos mayores. As\u00ed que, adem\u00e1s de ser un presumido de primera mano, tambi\u00e9n era un chismoso porque le contaba a su papito las malacrianzas que sus hermanos ten\u00edan.&nbsp; Y por causa de esos malos informes que le pasaba, les jalaban las orejas a cada rato.&nbsp; As\u00ed que all\u00ed tenemos un g\u00e9nesis del volc\u00e1n que se est\u00e1 formando en el \u00e1nimo de sus hermanos.&nbsp;<\/p>\n\n\n\n<p>Hasta que lleg\u00f3 la oportunidad que estaban esperando. Usted sabe la historia.&nbsp; Traman una muerte ficticia, despojan a Jos\u00e9 de sus hermosas ropas, le bajan los humos de grandeza cuando lo tiran al pozo lleno de excrementos y basura, matan un cordero, manchan sus ropas con la sangre del animal y se lo llevan al padre con la explicaci\u00f3n simple que fue devorado por un animal. Se acab\u00f3 Jos\u00e9. Se lo quitaron de encima. Sus ropas manchadas son un testimonio que ya no va a seguir molestando con sus impertinencias.<\/p>\n\n\n\n<p>Y all\u00ed tenemos a Jos\u00e9, perd\u00f3n, a usted, despojado de su dignidad. Despojado de sus orgullo, petulancia y engreimiento. All\u00ed tenemos a la nena con u\u00f1as pintadas y tatuaje en la espalda fracasando estrepitosamente en su matrimonio. All\u00ed tenemos al hijo de papi sin poder encontrar un trabajo porque siempre le regalaron el grado a cambio de algunos d\u00f3lares.<\/p>\n\n\n\n<p>Despojados de todos y de todo.&nbsp; Ah, pero a alguien hay que echarle la culpa. Y es cuando el Se\u00f1or nos aclara el asunto:<\/p>\n\n\n\n<p>No, no fueron tus hermanos.<\/p>\n\n\n\n<p>Fueron tus acciones, la alta autoestima que te hizo contarles tus sue\u00f1os, tus parus\u00eda, tus proyectos porque con eso despertaste su envidia, la maldad de su coraz\u00f3n, sus ego\u00edsmos.<\/p>\n\n\n\n<p>Tus vestiduras no te las quit\u00f3 tu esposa querido hermano, te las quitaste t\u00fa mismo cuando te fuiste a otra cama, cuando le diste a otra mujer los besos que eran de tu esposa.<\/p>\n\n\n\n<p>Tus vestiduras, hermana, no te las quit\u00f3 aquel hombre ingrato que se burl\u00f3 de ti, no, no fue ese ingrato, fueron tus acciones de confiar en \u00e9l, de haberte entregado a sus brazos creyendo en sus falsas promesas.<\/p>\n\n\n\n<p>\u00bfQuien te despoj\u00f3 de tus vestiduras de gloria? No fueron las acciones de otros, de tus familiares ni de tus&nbsp; hijos, fueron tus propias acciones ego\u00edstas, acciones hedonistas porque todo lo quer\u00edas para ti y al final lo perdiste todo.&nbsp; Tus vestiduras te las despojaste t\u00fa mismo porque cre\u00edas que eran intocable delante del Se\u00f1or y dejaste de escuchar la Palabra que se te predicaba cada d\u00eda en el Templo.&nbsp; Te las despojaste cuando voluntariamente te fuiste al mundo del placer, de los vicios y de los amigos del pasado.<\/p>\n\n\n\n<p>No, no fueron tus hijos quieres arruinaron tu cuerpo, mi querida hermana, fue tu glotoner\u00eda, fue tu gusto por la comida, fue la amargura que te llen\u00f3 de grasa tu cuerpo y tu coraz\u00f3n.<\/p>\n\n\n\n<p>No, no fueron tus hermanos, amigo querido. Fuiste t\u00fa mismo.&nbsp; Pi\u00e9nsalo bien y enmienda tus caminos confiando solo en el Se\u00f1or Jesucristo.<\/p>\n","protected":false},"excerpt":{"rendered":"<p>G\u00e9nesis 37:23&nbsp; \u201c\u2026despojaron a Jos\u00e9 de su t\u00fanica\u2026\u201d Bueno, la tendencia humana es echarle la culpa a otras personas por las cosas malas que nos suceden. Que si mi pap\u00e1 no me pag\u00f3 mis estudios.&nbsp; Que por ser pobres no pude ir a la Universidad.&nbsp; Que si no hubiera tenido tantos hermanos que cuidar me [&hellip;]<\/p>\n","protected":false},"author":3,"featured_media":12838,"comment_status":"open","ping_status":"open","sticky":false,"template":"","format":"standard","meta":[],"categories":[36],"tags":[],"yoast_head":"<!-- This site is optimized with the Yoast SEO plugin v20.8 - https:\/\/yoast.com\/wordpress\/plugins\/seo\/ -->\n<title>\u00bfQui\u00e9n te despoj\u00f3? - La Prensa Cristiana<\/title>\n<meta name=\"robots\" content=\"index, follow, max-snippet:-1, max-image-preview:large, max-video-preview:-1\" \/>\n<link rel=\"canonical\" href=\"https:\/\/laprensacristiana.com\/?p=13162\" \/>\n<meta property=\"og:locale\" content=\"es_ES\" \/>\n<meta property=\"og:type\" content=\"article\" \/>\n<meta property=\"og:title\" content=\"\u00bfQui\u00e9n te despoj\u00f3? - La Prensa Cristiana\" \/>\n<meta property=\"og:description\" content=\"G\u00e9nesis 37:23&nbsp; \u201c\u2026despojaron a Jos\u00e9 de su t\u00fanica\u2026\u201d Bueno, la tendencia humana es echarle la culpa a otras personas por las cosas malas que nos suceden. Que si mi pap\u00e1 no me pag\u00f3 mis estudios.&nbsp; Que por ser pobres no pude ir a la Universidad.&nbsp; Que si no hubiera tenido tantos hermanos que cuidar me [&hellip;]\" \/>\n<meta property=\"og:url\" content=\"https:\/\/laprensacristiana.com\/?p=13162\" \/>\n<meta property=\"og:site_name\" content=\"La Prensa Cristiana\" \/>\n<meta property=\"article:published_time\" content=\"2022-02-02T13:16:29+00:00\" \/>\n<meta property=\"article:modified_time\" content=\"2022-02-02T13:16:30+00:00\" \/>\n<meta property=\"og:image\" content=\"https:\/\/laprensacristiana.com\/wp-content\/uploads\/2021\/11\/IMG_20210215_163352_769-1.jpg\" \/>\n\t<meta property=\"og:image:width\" content=\"1280\" \/>\n\t<meta property=\"og:image:height\" content=\"714\" \/>\n\t<meta property=\"og:image:type\" content=\"image\/jpeg\" \/>\n<meta name=\"author\" content=\"EDITOR\" \/>\n<meta name=\"twitter:card\" content=\"summary_large_image\" \/>\n<meta name=\"twitter:label1\" content=\"Escrito por\" \/>\n\t<meta name=\"twitter:data1\" content=\"EDITOR\" \/>\n\t<meta name=\"twitter:label2\" content=\"Tiempo de lectura\" \/>\n\t<meta name=\"twitter:data2\" content=\"5 minutos\" \/>\n<script type=\"application\/ld+json\" class=\"yoast-schema-graph\">{\"@context\":\"https:\/\/schema.org\",\"@graph\":[{\"@type\":\"WebPage\",\"@id\":\"https:\/\/laprensacristiana.com\/?p=13162\",\"url\":\"https:\/\/laprensacristiana.com\/?p=13162\",\"name\":\"\u00bfQui\u00e9n te despoj\u00f3? - La Prensa Cristiana\",\"isPartOf\":{\"@id\":\"https:\/\/laprensacristiana.com\/#website\"},\"datePublished\":\"2022-02-02T13:16:29+00:00\",\"dateModified\":\"2022-02-02T13:16:30+00:00\",\"author\":{\"@id\":\"https:\/\/laprensacristiana.com\/#\/schema\/person\/3e7d82c6bfd6b1fa67010f8f7cd5256e\"},\"breadcrumb\":{\"@id\":\"https:\/\/laprensacristiana.com\/?p=13162#breadcrumb\"},\"inLanguage\":\"es\",\"potentialAction\":[{\"@type\":\"ReadAction\",\"target\":[\"https:\/\/laprensacristiana.com\/?p=13162\"]}]},{\"@type\":\"BreadcrumbList\",\"@id\":\"https:\/\/laprensacristiana.com\/?p=13162#breadcrumb\",\"itemListElement\":[{\"@type\":\"ListItem\",\"position\":1,\"name\":\"Portada\",\"item\":\"https:\/\/laprensacristiana.com\/\"},{\"@type\":\"ListItem\",\"position\":2,\"name\":\"\u00bfQui\u00e9n te despoj\u00f3?\"}]},{\"@type\":\"WebSite\",\"@id\":\"https:\/\/laprensacristiana.com\/#website\",\"url\":\"https:\/\/laprensacristiana.com\/\",\"name\":\"La Prensa Cristiana\",\"description\":\"Anunciando Las Buenas Nuevas\",\"potentialAction\":[{\"@type\":\"SearchAction\",\"target\":{\"@type\":\"EntryPoint\",\"urlTemplate\":\"https:\/\/laprensacristiana.com\/?s={search_term_string}\"},\"query-input\":\"required name=search_term_string\"}],\"inLanguage\":\"es\"},{\"@type\":\"Person\",\"@id\":\"https:\/\/laprensacristiana.com\/#\/schema\/person\/3e7d82c6bfd6b1fa67010f8f7cd5256e\",\"name\":\"EDITOR\",\"image\":{\"@type\":\"ImageObject\",\"inLanguage\":\"es\",\"@id\":\"https:\/\/laprensacristiana.com\/#\/schema\/person\/image\/\",\"url\":\"https:\/\/secure.gravatar.com\/avatar\/72069dfb6c13772d9e8381e3638666d2?s=96&d=mm&r=g\",\"contentUrl\":\"https:\/\/secure.gravatar.com\/avatar\/72069dfb6c13772d9e8381e3638666d2?s=96&d=mm&r=g\",\"caption\":\"EDITOR\"},\"url\":\"https:\/\/laprensacristiana.com\/?author=3\"}]}<\/script>\n<!-- \/ Yoast SEO plugin. -->","yoast_head_json":{"title":"\u00bfQui\u00e9n te despoj\u00f3? - La Prensa Cristiana","robots":{"index":"index","follow":"follow","max-snippet":"max-snippet:-1","max-image-preview":"max-image-preview:large","max-video-preview":"max-video-preview:-1"},"canonical":"https:\/\/laprensacristiana.com\/?p=13162","og_locale":"es_ES","og_type":"article","og_title":"\u00bfQui\u00e9n te despoj\u00f3? - La Prensa Cristiana","og_description":"G\u00e9nesis 37:23&nbsp; \u201c\u2026despojaron a Jos\u00e9 de su t\u00fanica\u2026\u201d Bueno, la tendencia humana es echarle la culpa a otras personas por las cosas malas que nos suceden. Que si mi pap\u00e1 no me pag\u00f3 mis estudios.&nbsp; Que por ser pobres no pude ir a la Universidad.&nbsp; Que si no hubiera tenido tantos hermanos que cuidar me [&hellip;]","og_url":"https:\/\/laprensacristiana.com\/?p=13162","og_site_name":"La Prensa Cristiana","article_published_time":"2022-02-02T13:16:29+00:00","article_modified_time":"2022-02-02T13:16:30+00:00","og_image":[{"width":1280,"height":714,"url":"https:\/\/laprensacristiana.com\/wp-content\/uploads\/2021\/11\/IMG_20210215_163352_769-1.jpg","type":"image\/jpeg"}],"author":"EDITOR","twitter_card":"summary_large_image","twitter_misc":{"Escrito por":"EDITOR","Tiempo de lectura":"5 minutos"},"schema":{"@context":"https:\/\/schema.org","@graph":[{"@type":"WebPage","@id":"https:\/\/laprensacristiana.com\/?p=13162","url":"https:\/\/laprensacristiana.com\/?p=13162","name":"\u00bfQui\u00e9n te despoj\u00f3? - La Prensa Cristiana","isPartOf":{"@id":"https:\/\/laprensacristiana.com\/#website"},"datePublished":"2022-02-02T13:16:29+00:00","dateModified":"2022-02-02T13:16:30+00:00","author":{"@id":"https:\/\/laprensacristiana.com\/#\/schema\/person\/3e7d82c6bfd6b1fa67010f8f7cd5256e"},"breadcrumb":{"@id":"https:\/\/laprensacristiana.com\/?p=13162#breadcrumb"},"inLanguage":"es","potentialAction":[{"@type":"ReadAction","target":["https:\/\/laprensacristiana.com\/?p=13162"]}]},{"@type":"BreadcrumbList","@id":"https:\/\/laprensacristiana.com\/?p=13162#breadcrumb","itemListElement":[{"@type":"ListItem","position":1,"name":"Portada","item":"https:\/\/laprensacristiana.com\/"},{"@type":"ListItem","position":2,"name":"\u00bfQui\u00e9n te despoj\u00f3?"}]},{"@type":"WebSite","@id":"https:\/\/laprensacristiana.com\/#website","url":"https:\/\/laprensacristiana.com\/","name":"La Prensa Cristiana","description":"Anunciando Las Buenas Nuevas","potentialAction":[{"@type":"SearchAction","target":{"@type":"EntryPoint","urlTemplate":"https:\/\/laprensacristiana.com\/?s={search_term_string}"},"query-input":"required name=search_term_string"}],"inLanguage":"es"},{"@type":"Person","@id":"https:\/\/laprensacristiana.com\/#\/schema\/person\/3e7d82c6bfd6b1fa67010f8f7cd5256e","name":"EDITOR","image":{"@type":"ImageObject","inLanguage":"es","@id":"https:\/\/laprensacristiana.com\/#\/schema\/person\/image\/","url":"https:\/\/secure.gravatar.com\/avatar\/72069dfb6c13772d9e8381e3638666d2?s=96&d=mm&r=g","contentUrl":"https:\/\/secure.gravatar.com\/avatar\/72069dfb6c13772d9e8381e3638666d2?s=96&d=mm&r=g","caption":"EDITOR"},"url":"https:\/\/laprensacristiana.com\/?author=3"}]}},"_links":{"self":[{"href":"https:\/\/laprensacristiana.com\/index.php?rest_route=\/wp\/v2\/posts\/13162"}],"collection":[{"href":"https:\/\/laprensacristiana.com\/index.php?rest_route=\/wp\/v2\/posts"}],"about":[{"href":"https:\/\/laprensacristiana.com\/index.php?rest_route=\/wp\/v2\/types\/post"}],"author":[{"embeddable":true,"href":"https:\/\/laprensacristiana.com\/index.php?rest_route=\/wp\/v2\/users\/3"}],"replies":[{"embeddable":true,"href":"https:\/\/laprensacristiana.com\/index.php?rest_route=%2Fwp%2Fv2%2Fcomments&post=13162"}],"version-history":[{"count":1,"href":"https:\/\/laprensacristiana.com\/index.php?rest_route=\/wp\/v2\/posts\/13162\/revisions"}],"predecessor-version":[{"id":13163,"href":"https:\/\/laprensacristiana.com\/index.php?rest_route=\/wp\/v2\/posts\/13162\/revisions\/13163"}],"wp:featuredmedia":[{"embeddable":true,"href":"https:\/\/laprensacristiana.com\/index.php?rest_route=\/wp\/v2\/media\/12838"}],"wp:attachment":[{"href":"https:\/\/laprensacristiana.com\/index.php?rest_route=%2Fwp%2Fv2%2Fmedia&parent=13162"}],"wp:term":[{"taxonomy":"category","embeddable":true,"href":"https:\/\/laprensacristiana.com\/index.php?rest_route=%2Fwp%2Fv2%2Fcategories&post=13162"},{"taxonomy":"post_tag","embeddable":true,"href":"https:\/\/laprensacristiana.com\/index.php?rest_route=%2Fwp%2Fv2%2Ftags&post=13162"}],"curies":[{"name":"wp","href":"https:\/\/api.w.org\/{rel}","templated":true}]}}