{"id":13167,"date":"2022-02-04T13:59:46","date_gmt":"2022-02-04T13:59:46","guid":{"rendered":"https:\/\/laprensacristiana.com\/?p=13167"},"modified":"2022-02-04T13:59:47","modified_gmt":"2022-02-04T13:59:47","slug":"la-sierva","status":"publish","type":"post","link":"https:\/\/laprensacristiana.com\/?p=13167","title":{"rendered":"La sierva"},"content":{"rendered":"\n<p>2 Reyes, 5:3&nbsp; \u201cY ella dijo a su se\u00f1ora: \u00a1Ah, si mi se\u00f1or estuviera con el profeta que est\u00e1 en Samaria!\u201d<\/p>\n\n\n\n<p>Sirvienta, cautiva, esclava. Sin derecho a reclamar ning\u00fan privilegio.&nbsp; Sin derecho a descansar a menos que su se\u00f1ora tuviera un poco de misericordia y le permitiera dormir un par de horas.<\/p>\n\n\n\n<p>Sin familia a quien visitar los fines de semana. Estaba recluida en la casa de un general del ej\u00e9rcito arameo quien la hab\u00eda capturado y llevado como trofeo de guerra y se la dio a su esposa como regalo para que le sirviera.<\/p>\n\n\n\n<p>Su oficio quiz\u00e1 no era ese, pero el infortunio de la vida que no sabemos por donde nos llevar\u00e1, a veces nos juega pasadas que no esperamos.<\/p>\n\n\n\n<p>Esta muchacha era israelita, por lo tanto, hija del Dios de Israel. Hija de padres temerosos de Dios. Educaron a su ni\u00f1a en los oficios dom\u00e9sticos como buena&nbsp; familia preparando a su hija para el futuro matrimonio que alg\u00fan d\u00eda tuviera y que en su seno llevara la simiente del Mes\u00edas prometido a Israel.&nbsp; Porque todos esperaban que de alguna virgen naciera lo prometido desde hac\u00eda muchos a\u00f1os atr\u00e1s.<\/p>\n\n\n\n<p>Sin embargo, a diferencia de muchos evang\u00e9licos de hoy en d\u00eda, esta muchacha anodina, sin nombre ni apellido, nos da una c\u00e1tedra de lo que es ser un instrumento de bendici\u00f3n en las Manos de Dios.<\/p>\n\n\n\n<p>Porque ella, a pesar de su condici\u00f3n de esclava y trabajadora a tiempo completo en la casa de este general guerrero, que seguramente nunca le daba las gracias por sus servicios y atenciones que tendr\u00eda para ellos, no dud\u00f3 ni un momento cuando sinti\u00f3 de parte del Se\u00f1or hablar con su se\u00f1ora con respecto al problema de su esposo.&nbsp; Este era leproso.&nbsp; Se hab\u00eda dado cuenta al lavarle la ropa y ver su cama manchada de co\u00e1gulos de sangre putrefacta.<\/p>\n\n\n\n<p>Cuando sinti\u00f3 que hab\u00eda llegado el momento de hablar, no lo dud\u00f3. Abri\u00f3 su boca y expres\u00f3 lo que todos sabemos.&nbsp; Si el general iba a su tierra Israel y buscaba al profeta que estaba all\u00ed en ese momento, \u00e9l lo sanar\u00eda de su lepra.<\/p>\n\n\n\n<p>\u00bfVemos que ella, a diferencia de muchos de nosotros, testific\u00f3 que en su tierra habr\u00eda sanidad para el general?&nbsp; Sin embargo, muchos de mis hermanos evang\u00e9licos, nunca testifican en sus trabajos, en sus oficinas ni en sus universidades del tremendo y grandioso Poder de nuestro Se\u00f1or Jesucristo.<\/p>\n\n\n\n<p>Se conforman con trabajar, con ver a los dem\u00e1s por sobre el hombro, calificarlos de hijos del Diablo y carnales, pero nunca les hablan de las Bondades del Reino de Dios.<\/p>\n\n\n\n<p>Muchos evang\u00e9licos pasan largas horas trabajando al lado de gente necesitada de un milagro, de una oraci\u00f3n, de una palabra prof\u00e9tica que les aliente a seguir adelante en sus vidas mediocres, ahogados por las deudas, por las enfermedades y los problemas matrimoniales, pero nuestros hermanitos nunca abren su boca para decirle a esos pobres que sufren soledad y abandono que hay un Dios en nuestra tierra que les puede sanar de sus lepras, que puede resolver sus problemas matrimoniales, que puede evitar que el divorcio se lleve a cabo.&nbsp;<\/p>\n\n\n\n<p>No lo hacen por verg\u00fcenza, por timidez o por dejadez.&nbsp; Porque creen que nadie aparte de ellos, merece la salvaci\u00f3n, merecen una porci\u00f3n de Misericordia de parte de nuestro Dios que no quiere que nadie perezca sino que que lleguen a la salvaci\u00f3n en Cristo Jesus.<\/p>\n\n\n\n<p>Esta muchacha esclava, humilde y prisionera de esta familia en tierra extra\u00f1a, no dud\u00f3 ni un momento en declarar a su se\u00f1ora que su esposo podr\u00eda ser sanado de su enfermedad si tan solo fuera a visitar al profeta.<\/p>\n\n\n\n<p>Todos conocemos la historia. Hubo sanidad. Hubo conversi\u00f3n. Hubo convicci\u00f3n de que solo en el Israel de aquellos tiempos estaba el Dios que sana, que liberta y que es diferente a los dioses e \u00eddolos que el general y su familia adoraban en Aram.<\/p>\n\n\n\n<p>Creo que esta humilde muchacha tuvo el valor que nos falta a muchos de nosotros que penosamente ni en el pasaje donde vivimos saben que adoramos al Verdadero Dios porque no lo mostramos en nuestras vidas, no lo mostramos en nuestras acciones y todos los vecinos se est\u00e1n hundiendo en la desesperaci\u00f3n a causa de sus problemas y somos incapaces de testificar que conocemos quien puede libertarlos y sacarlos en victoria.<\/p>\n\n\n\n<p>La iglesia evang\u00e9lica necesita ense\u00f1ar a sus miembros a no callar cuando es necesario hablar.<\/p>\n","protected":false},"excerpt":{"rendered":"<p>2 Reyes, 5:3&nbsp; \u201cY ella dijo a su se\u00f1ora: \u00a1Ah, si mi se\u00f1or estuviera con el profeta que est\u00e1 en Samaria!\u201d Sirvienta, cautiva, esclava. Sin derecho a reclamar ning\u00fan privilegio.&nbsp; Sin derecho a descansar a menos que su se\u00f1ora tuviera un poco de misericordia y le permitiera dormir un par de horas. Sin familia a [&hellip;]<\/p>\n","protected":false},"author":3,"featured_media":12838,"comment_status":"open","ping_status":"open","sticky":false,"template":"","format":"standard","meta":[],"categories":[36],"tags":[],"yoast_head":"<!-- This site is optimized with the Yoast SEO plugin v20.8 - https:\/\/yoast.com\/wordpress\/plugins\/seo\/ -->\n<title>La sierva - La Prensa Cristiana<\/title>\n<meta name=\"robots\" content=\"index, follow, max-snippet:-1, max-image-preview:large, max-video-preview:-1\" \/>\n<link rel=\"canonical\" href=\"https:\/\/laprensacristiana.com\/?p=13167\" \/>\n<meta property=\"og:locale\" content=\"es_ES\" \/>\n<meta property=\"og:type\" content=\"article\" \/>\n<meta property=\"og:title\" content=\"La sierva - La Prensa Cristiana\" \/>\n<meta property=\"og:description\" content=\"2 Reyes, 5:3&nbsp; \u201cY ella dijo a su se\u00f1ora: \u00a1Ah, si mi se\u00f1or estuviera con el profeta que est\u00e1 en Samaria!\u201d Sirvienta, cautiva, esclava. Sin derecho a reclamar ning\u00fan privilegio.&nbsp; Sin derecho a descansar a menos que su se\u00f1ora tuviera un poco de misericordia y le permitiera dormir un par de horas. Sin familia a [&hellip;]\" \/>\n<meta property=\"og:url\" content=\"https:\/\/laprensacristiana.com\/?p=13167\" \/>\n<meta property=\"og:site_name\" content=\"La Prensa Cristiana\" \/>\n<meta property=\"article:published_time\" content=\"2022-02-04T13:59:46+00:00\" \/>\n<meta property=\"article:modified_time\" content=\"2022-02-04T13:59:47+00:00\" \/>\n<meta property=\"og:image\" content=\"https:\/\/laprensacristiana.com\/wp-content\/uploads\/2021\/11\/IMG_20210215_163352_769-1.jpg\" \/>\n\t<meta property=\"og:image:width\" content=\"1280\" \/>\n\t<meta property=\"og:image:height\" content=\"714\" \/>\n\t<meta property=\"og:image:type\" content=\"image\/jpeg\" \/>\n<meta name=\"author\" content=\"EDITOR\" \/>\n<meta name=\"twitter:card\" content=\"summary_large_image\" \/>\n<meta name=\"twitter:label1\" content=\"Escrito por\" \/>\n\t<meta name=\"twitter:data1\" content=\"EDITOR\" \/>\n\t<meta name=\"twitter:label2\" content=\"Tiempo de lectura\" \/>\n\t<meta name=\"twitter:data2\" content=\"4 minutos\" \/>\n<script type=\"application\/ld+json\" class=\"yoast-schema-graph\">{\"@context\":\"https:\/\/schema.org\",\"@graph\":[{\"@type\":\"WebPage\",\"@id\":\"https:\/\/laprensacristiana.com\/?p=13167\",\"url\":\"https:\/\/laprensacristiana.com\/?p=13167\",\"name\":\"La sierva - La Prensa Cristiana\",\"isPartOf\":{\"@id\":\"https:\/\/laprensacristiana.com\/#website\"},\"datePublished\":\"2022-02-04T13:59:46+00:00\",\"dateModified\":\"2022-02-04T13:59:47+00:00\",\"author\":{\"@id\":\"https:\/\/laprensacristiana.com\/#\/schema\/person\/3e7d82c6bfd6b1fa67010f8f7cd5256e\"},\"breadcrumb\":{\"@id\":\"https:\/\/laprensacristiana.com\/?p=13167#breadcrumb\"},\"inLanguage\":\"es\",\"potentialAction\":[{\"@type\":\"ReadAction\",\"target\":[\"https:\/\/laprensacristiana.com\/?p=13167\"]}]},{\"@type\":\"BreadcrumbList\",\"@id\":\"https:\/\/laprensacristiana.com\/?p=13167#breadcrumb\",\"itemListElement\":[{\"@type\":\"ListItem\",\"position\":1,\"name\":\"Portada\",\"item\":\"https:\/\/laprensacristiana.com\/\"},{\"@type\":\"ListItem\",\"position\":2,\"name\":\"La sierva\"}]},{\"@type\":\"WebSite\",\"@id\":\"https:\/\/laprensacristiana.com\/#website\",\"url\":\"https:\/\/laprensacristiana.com\/\",\"name\":\"La Prensa Cristiana\",\"description\":\"Anunciando Las Buenas Nuevas\",\"potentialAction\":[{\"@type\":\"SearchAction\",\"target\":{\"@type\":\"EntryPoint\",\"urlTemplate\":\"https:\/\/laprensacristiana.com\/?s={search_term_string}\"},\"query-input\":\"required name=search_term_string\"}],\"inLanguage\":\"es\"},{\"@type\":\"Person\",\"@id\":\"https:\/\/laprensacristiana.com\/#\/schema\/person\/3e7d82c6bfd6b1fa67010f8f7cd5256e\",\"name\":\"EDITOR\",\"image\":{\"@type\":\"ImageObject\",\"inLanguage\":\"es\",\"@id\":\"https:\/\/laprensacristiana.com\/#\/schema\/person\/image\/\",\"url\":\"https:\/\/secure.gravatar.com\/avatar\/72069dfb6c13772d9e8381e3638666d2?s=96&d=mm&r=g\",\"contentUrl\":\"https:\/\/secure.gravatar.com\/avatar\/72069dfb6c13772d9e8381e3638666d2?s=96&d=mm&r=g\",\"caption\":\"EDITOR\"},\"url\":\"https:\/\/laprensacristiana.com\/?author=3\"}]}<\/script>\n<!-- \/ Yoast SEO plugin. -->","yoast_head_json":{"title":"La sierva - La Prensa Cristiana","robots":{"index":"index","follow":"follow","max-snippet":"max-snippet:-1","max-image-preview":"max-image-preview:large","max-video-preview":"max-video-preview:-1"},"canonical":"https:\/\/laprensacristiana.com\/?p=13167","og_locale":"es_ES","og_type":"article","og_title":"La sierva - La Prensa Cristiana","og_description":"2 Reyes, 5:3&nbsp; \u201cY ella dijo a su se\u00f1ora: \u00a1Ah, si mi se\u00f1or estuviera con el profeta que est\u00e1 en Samaria!\u201d Sirvienta, cautiva, esclava. Sin derecho a reclamar ning\u00fan privilegio.&nbsp; Sin derecho a descansar a menos que su se\u00f1ora tuviera un poco de misericordia y le permitiera dormir un par de horas. Sin familia a [&hellip;]","og_url":"https:\/\/laprensacristiana.com\/?p=13167","og_site_name":"La Prensa Cristiana","article_published_time":"2022-02-04T13:59:46+00:00","article_modified_time":"2022-02-04T13:59:47+00:00","og_image":[{"width":1280,"height":714,"url":"https:\/\/laprensacristiana.com\/wp-content\/uploads\/2021\/11\/IMG_20210215_163352_769-1.jpg","type":"image\/jpeg"}],"author":"EDITOR","twitter_card":"summary_large_image","twitter_misc":{"Escrito por":"EDITOR","Tiempo de lectura":"4 minutos"},"schema":{"@context":"https:\/\/schema.org","@graph":[{"@type":"WebPage","@id":"https:\/\/laprensacristiana.com\/?p=13167","url":"https:\/\/laprensacristiana.com\/?p=13167","name":"La sierva - La Prensa Cristiana","isPartOf":{"@id":"https:\/\/laprensacristiana.com\/#website"},"datePublished":"2022-02-04T13:59:46+00:00","dateModified":"2022-02-04T13:59:47+00:00","author":{"@id":"https:\/\/laprensacristiana.com\/#\/schema\/person\/3e7d82c6bfd6b1fa67010f8f7cd5256e"},"breadcrumb":{"@id":"https:\/\/laprensacristiana.com\/?p=13167#breadcrumb"},"inLanguage":"es","potentialAction":[{"@type":"ReadAction","target":["https:\/\/laprensacristiana.com\/?p=13167"]}]},{"@type":"BreadcrumbList","@id":"https:\/\/laprensacristiana.com\/?p=13167#breadcrumb","itemListElement":[{"@type":"ListItem","position":1,"name":"Portada","item":"https:\/\/laprensacristiana.com\/"},{"@type":"ListItem","position":2,"name":"La sierva"}]},{"@type":"WebSite","@id":"https:\/\/laprensacristiana.com\/#website","url":"https:\/\/laprensacristiana.com\/","name":"La Prensa Cristiana","description":"Anunciando Las Buenas Nuevas","potentialAction":[{"@type":"SearchAction","target":{"@type":"EntryPoint","urlTemplate":"https:\/\/laprensacristiana.com\/?s={search_term_string}"},"query-input":"required name=search_term_string"}],"inLanguage":"es"},{"@type":"Person","@id":"https:\/\/laprensacristiana.com\/#\/schema\/person\/3e7d82c6bfd6b1fa67010f8f7cd5256e","name":"EDITOR","image":{"@type":"ImageObject","inLanguage":"es","@id":"https:\/\/laprensacristiana.com\/#\/schema\/person\/image\/","url":"https:\/\/secure.gravatar.com\/avatar\/72069dfb6c13772d9e8381e3638666d2?s=96&d=mm&r=g","contentUrl":"https:\/\/secure.gravatar.com\/avatar\/72069dfb6c13772d9e8381e3638666d2?s=96&d=mm&r=g","caption":"EDITOR"},"url":"https:\/\/laprensacristiana.com\/?author=3"}]}},"_links":{"self":[{"href":"https:\/\/laprensacristiana.com\/index.php?rest_route=\/wp\/v2\/posts\/13167"}],"collection":[{"href":"https:\/\/laprensacristiana.com\/index.php?rest_route=\/wp\/v2\/posts"}],"about":[{"href":"https:\/\/laprensacristiana.com\/index.php?rest_route=\/wp\/v2\/types\/post"}],"author":[{"embeddable":true,"href":"https:\/\/laprensacristiana.com\/index.php?rest_route=\/wp\/v2\/users\/3"}],"replies":[{"embeddable":true,"href":"https:\/\/laprensacristiana.com\/index.php?rest_route=%2Fwp%2Fv2%2Fcomments&post=13167"}],"version-history":[{"count":1,"href":"https:\/\/laprensacristiana.com\/index.php?rest_route=\/wp\/v2\/posts\/13167\/revisions"}],"predecessor-version":[{"id":13168,"href":"https:\/\/laprensacristiana.com\/index.php?rest_route=\/wp\/v2\/posts\/13167\/revisions\/13168"}],"wp:featuredmedia":[{"embeddable":true,"href":"https:\/\/laprensacristiana.com\/index.php?rest_route=\/wp\/v2\/media\/12838"}],"wp:attachment":[{"href":"https:\/\/laprensacristiana.com\/index.php?rest_route=%2Fwp%2Fv2%2Fmedia&parent=13167"}],"wp:term":[{"taxonomy":"category","embeddable":true,"href":"https:\/\/laprensacristiana.com\/index.php?rest_route=%2Fwp%2Fv2%2Fcategories&post=13167"},{"taxonomy":"post_tag","embeddable":true,"href":"https:\/\/laprensacristiana.com\/index.php?rest_route=%2Fwp%2Fv2%2Ftags&post=13167"}],"curies":[{"name":"wp","href":"https:\/\/api.w.org\/{rel}","templated":true}]}}