{"id":13180,"date":"2022-02-08T15:48:31","date_gmt":"2022-02-08T15:48:31","guid":{"rendered":"https:\/\/laprensacristiana.com\/?p=13180"},"modified":"2022-02-08T15:48:32","modified_gmt":"2022-02-08T15:48:32","slug":"ministerio-lleva-alegria-y-esperanza-a-zona-de-guerra-de-ucrania","status":"publish","type":"post","link":"https:\/\/laprensacristiana.com\/?p=13180","title":{"rendered":"Ministerio lleva alegr\u00eda y esperanza a zona de guerra de Ucrania"},"content":{"rendered":"\n<p>Por: Javier Bola\u00f1os \/ GNA<\/p>\n\n\n\n<figure class=\"wp-block-embed-youtube wp-block-embed is-type-video is-provider-youtube wp-embed-aspect-16-9 wp-has-aspect-ratio\"><div class=\"wp-block-embed__wrapper\">\n<iframe loading=\"lazy\" title=\"Ministerio lleva alegr\u00eda y esperanza a zona de guerra de Ucrania\" width=\"696\" height=\"392\" src=\"https:\/\/www.youtube.com\/embed\/hhLiS-IX7YI?feature=oembed&#038;enablejsapi=1\" frameborder=\"0\" allow=\"accelerometer; autoplay; clipboard-write; encrypted-media; gyroscope; picture-in-picture\" allowfullscreen><\/iframe>\n<\/div><\/figure>\n\n\n\n<p>Mientras las familias del este de Ucrania se ven afectadas por el continuo conflicto con el aumento de las tensiones militares en la frontera con Rusia, un ministerio sigue llevando esperanza a esta problem\u00e1tica regi\u00f3n a trav\u00e9s de su campa\u00f1a de divulgaci\u00f3n Poder Para Cambiar.<\/p>\n\n\n\n<p>Su fundador, Hannu Hauka, viaj\u00f3 al este de Ucrania para ayudar a distribuir regalos vitales a las familias y ni\u00f1os que los necesitan desesperadamente, as\u00ed como a los soldados en el frente.<\/p>\n","protected":false},"excerpt":{"rendered":"<p>Por: Javier Bola\u00f1os \/ GNA Mientras las familias del este de Ucrania se ven afectadas por el continuo conflicto con el aumento de las tensiones militares en la frontera con Rusia, un ministerio sigue llevando esperanza a esta problem\u00e1tica regi\u00f3n a trav\u00e9s de su campa\u00f1a de divulgaci\u00f3n Poder Para Cambiar. Su fundador, Hannu Hauka, viaj\u00f3 [&hellip;]<\/p>\n","protected":false},"author":3,"featured_media":13181,"comment_status":"open","ping_status":"open","sticky":false,"template":"","format":"standard","meta":[],"categories":[56],"tags":[],"yoast_head":"<!-- This site is optimized with the Yoast SEO plugin v20.8 - https:\/\/yoast.com\/wordpress\/plugins\/seo\/ -->\n<title>Ministerio lleva alegr\u00eda y esperanza a zona de guerra de Ucrania - La Prensa Cristiana<\/title>\n<meta name=\"robots\" content=\"index, follow, max-snippet:-1, max-image-preview:large, max-video-preview:-1\" \/>\n<link rel=\"canonical\" href=\"https:\/\/laprensacristiana.com\/?p=13180\" \/>\n<meta property=\"og:locale\" content=\"es_ES\" \/>\n<meta property=\"og:type\" content=\"article\" \/>\n<meta property=\"og:title\" content=\"Ministerio lleva alegr\u00eda y esperanza a zona de guerra de Ucrania - La Prensa Cristiana\" \/>\n<meta property=\"og:description\" content=\"Por: Javier Bola\u00f1os \/ GNA Mientras las familias del este de Ucrania se ven afectadas por el continuo conflicto con el aumento de las tensiones militares en la frontera con Rusia, un ministerio sigue llevando esperanza a esta problem\u00e1tica regi\u00f3n a trav\u00e9s de su campa\u00f1a de divulgaci\u00f3n Poder Para Cambiar. Su fundador, Hannu Hauka, viaj\u00f3 [&hellip;]\" \/>\n<meta property=\"og:url\" content=\"https:\/\/laprensacristiana.com\/?p=13180\" \/>\n<meta property=\"og:site_name\" content=\"La Prensa Cristiana\" \/>\n<meta property=\"article:published_time\" content=\"2022-02-08T15:48:31+00:00\" \/>\n<meta property=\"article:modified_time\" content=\"2022-02-08T15:48:32+00:00\" \/>\n<meta property=\"og:image\" content=\"https:\/\/laprensacristiana.com\/wp-content\/uploads\/2022\/02\/WhatsApp-Image-2022-02-08-at-09.12.18.jpeg\" \/>\n\t<meta property=\"og:image:width\" content=\"1440\" \/>\n\t<meta property=\"og:image:height\" content=\"783\" \/>\n\t<meta property=\"og:image:type\" content=\"image\/jpeg\" \/>\n<meta name=\"author\" content=\"EDITOR\" \/>\n<meta name=\"twitter:card\" content=\"summary_large_image\" \/>\n<meta name=\"twitter:label1\" content=\"Escrito por\" \/>\n\t<meta name=\"twitter:data1\" content=\"EDITOR\" \/>\n<script type=\"application\/ld+json\" class=\"yoast-schema-graph\">{\"@context\":\"https:\/\/schema.org\",\"@graph\":[{\"@type\":\"WebPage\",\"@id\":\"https:\/\/laprensacristiana.com\/?p=13180\",\"url\":\"https:\/\/laprensacristiana.com\/?p=13180\",\"name\":\"Ministerio lleva alegr\u00eda y esperanza a zona de guerra de Ucrania - La Prensa Cristiana\",\"isPartOf\":{\"@id\":\"https:\/\/laprensacristiana.com\/#website\"},\"datePublished\":\"2022-02-08T15:48:31+00:00\",\"dateModified\":\"2022-02-08T15:48:32+00:00\",\"author\":{\"@id\":\"https:\/\/laprensacristiana.com\/#\/schema\/person\/3e7d82c6bfd6b1fa67010f8f7cd5256e\"},\"breadcrumb\":{\"@id\":\"https:\/\/laprensacristiana.com\/?p=13180#breadcrumb\"},\"inLanguage\":\"es\",\"potentialAction\":[{\"@type\":\"ReadAction\",\"target\":[\"https:\/\/laprensacristiana.com\/?p=13180\"]}]},{\"@type\":\"BreadcrumbList\",\"@id\":\"https:\/\/laprensacristiana.com\/?p=13180#breadcrumb\",\"itemListElement\":[{\"@type\":\"ListItem\",\"position\":1,\"name\":\"Portada\",\"item\":\"https:\/\/laprensacristiana.com\/\"},{\"@type\":\"ListItem\",\"position\":2,\"name\":\"Ministerio lleva alegr\u00eda y esperanza a zona de guerra de Ucrania\"}]},{\"@type\":\"WebSite\",\"@id\":\"https:\/\/laprensacristiana.com\/#website\",\"url\":\"https:\/\/laprensacristiana.com\/\",\"name\":\"La Prensa Cristiana\",\"description\":\"Anunciando Las Buenas Nuevas\",\"potentialAction\":[{\"@type\":\"SearchAction\",\"target\":{\"@type\":\"EntryPoint\",\"urlTemplate\":\"https:\/\/laprensacristiana.com\/?s={search_term_string}\"},\"query-input\":\"required name=search_term_string\"}],\"inLanguage\":\"es\"},{\"@type\":\"Person\",\"@id\":\"https:\/\/laprensacristiana.com\/#\/schema\/person\/3e7d82c6bfd6b1fa67010f8f7cd5256e\",\"name\":\"EDITOR\",\"image\":{\"@type\":\"ImageObject\",\"inLanguage\":\"es\",\"@id\":\"https:\/\/laprensacristiana.com\/#\/schema\/person\/image\/\",\"url\":\"https:\/\/secure.gravatar.com\/avatar\/72069dfb6c13772d9e8381e3638666d2?s=96&d=mm&r=g\",\"contentUrl\":\"https:\/\/secure.gravatar.com\/avatar\/72069dfb6c13772d9e8381e3638666d2?s=96&d=mm&r=g\",\"caption\":\"EDITOR\"},\"url\":\"https:\/\/laprensacristiana.com\/?author=3\"}]}<\/script>\n<!-- \/ Yoast SEO plugin. -->","yoast_head_json":{"title":"Ministerio lleva alegr\u00eda y esperanza a zona de guerra de Ucrania - La Prensa Cristiana","robots":{"index":"index","follow":"follow","max-snippet":"max-snippet:-1","max-image-preview":"max-image-preview:large","max-video-preview":"max-video-preview:-1"},"canonical":"https:\/\/laprensacristiana.com\/?p=13180","og_locale":"es_ES","og_type":"article","og_title":"Ministerio lleva alegr\u00eda y esperanza a zona de guerra de Ucrania - La Prensa Cristiana","og_description":"Por: Javier Bola\u00f1os \/ GNA Mientras las familias del este de Ucrania se ven afectadas por el continuo conflicto con el aumento de las tensiones militares en la frontera con Rusia, un ministerio sigue llevando esperanza a esta problem\u00e1tica regi\u00f3n a trav\u00e9s de su campa\u00f1a de divulgaci\u00f3n Poder Para Cambiar. Su fundador, Hannu Hauka, viaj\u00f3 [&hellip;]","og_url":"https:\/\/laprensacristiana.com\/?p=13180","og_site_name":"La Prensa Cristiana","article_published_time":"2022-02-08T15:48:31+00:00","article_modified_time":"2022-02-08T15:48:32+00:00","og_image":[{"width":1440,"height":783,"url":"https:\/\/laprensacristiana.com\/wp-content\/uploads\/2022\/02\/WhatsApp-Image-2022-02-08-at-09.12.18.jpeg","type":"image\/jpeg"}],"author":"EDITOR","twitter_card":"summary_large_image","twitter_misc":{"Escrito por":"EDITOR"},"schema":{"@context":"https:\/\/schema.org","@graph":[{"@type":"WebPage","@id":"https:\/\/laprensacristiana.com\/?p=13180","url":"https:\/\/laprensacristiana.com\/?p=13180","name":"Ministerio lleva alegr\u00eda y esperanza a zona de guerra de Ucrania - La Prensa Cristiana","isPartOf":{"@id":"https:\/\/laprensacristiana.com\/#website"},"datePublished":"2022-02-08T15:48:31+00:00","dateModified":"2022-02-08T15:48:32+00:00","author":{"@id":"https:\/\/laprensacristiana.com\/#\/schema\/person\/3e7d82c6bfd6b1fa67010f8f7cd5256e"},"breadcrumb":{"@id":"https:\/\/laprensacristiana.com\/?p=13180#breadcrumb"},"inLanguage":"es","potentialAction":[{"@type":"ReadAction","target":["https:\/\/laprensacristiana.com\/?p=13180"]}]},{"@type":"BreadcrumbList","@id":"https:\/\/laprensacristiana.com\/?p=13180#breadcrumb","itemListElement":[{"@type":"ListItem","position":1,"name":"Portada","item":"https:\/\/laprensacristiana.com\/"},{"@type":"ListItem","position":2,"name":"Ministerio lleva alegr\u00eda y esperanza a zona de guerra de Ucrania"}]},{"@type":"WebSite","@id":"https:\/\/laprensacristiana.com\/#website","url":"https:\/\/laprensacristiana.com\/","name":"La Prensa Cristiana","description":"Anunciando Las Buenas Nuevas","potentialAction":[{"@type":"SearchAction","target":{"@type":"EntryPoint","urlTemplate":"https:\/\/laprensacristiana.com\/?s={search_term_string}"},"query-input":"required name=search_term_string"}],"inLanguage":"es"},{"@type":"Person","@id":"https:\/\/laprensacristiana.com\/#\/schema\/person\/3e7d82c6bfd6b1fa67010f8f7cd5256e","name":"EDITOR","image":{"@type":"ImageObject","inLanguage":"es","@id":"https:\/\/laprensacristiana.com\/#\/schema\/person\/image\/","url":"https:\/\/secure.gravatar.com\/avatar\/72069dfb6c13772d9e8381e3638666d2?s=96&d=mm&r=g","contentUrl":"https:\/\/secure.gravatar.com\/avatar\/72069dfb6c13772d9e8381e3638666d2?s=96&d=mm&r=g","caption":"EDITOR"},"url":"https:\/\/laprensacristiana.com\/?author=3"}]}},"_links":{"self":[{"href":"https:\/\/laprensacristiana.com\/index.php?rest_route=\/wp\/v2\/posts\/13180"}],"collection":[{"href":"https:\/\/laprensacristiana.com\/index.php?rest_route=\/wp\/v2\/posts"}],"about":[{"href":"https:\/\/laprensacristiana.com\/index.php?rest_route=\/wp\/v2\/types\/post"}],"author":[{"embeddable":true,"href":"https:\/\/laprensacristiana.com\/index.php?rest_route=\/wp\/v2\/users\/3"}],"replies":[{"embeddable":true,"href":"https:\/\/laprensacristiana.com\/index.php?rest_route=%2Fwp%2Fv2%2Fcomments&post=13180"}],"version-history":[{"count":1,"href":"https:\/\/laprensacristiana.com\/index.php?rest_route=\/wp\/v2\/posts\/13180\/revisions"}],"predecessor-version":[{"id":13182,"href":"https:\/\/laprensacristiana.com\/index.php?rest_route=\/wp\/v2\/posts\/13180\/revisions\/13182"}],"wp:featuredmedia":[{"embeddable":true,"href":"https:\/\/laprensacristiana.com\/index.php?rest_route=\/wp\/v2\/media\/13181"}],"wp:attachment":[{"href":"https:\/\/laprensacristiana.com\/index.php?rest_route=%2Fwp%2Fv2%2Fmedia&parent=13180"}],"wp:term":[{"taxonomy":"category","embeddable":true,"href":"https:\/\/laprensacristiana.com\/index.php?rest_route=%2Fwp%2Fv2%2Fcategories&post=13180"},{"taxonomy":"post_tag","embeddable":true,"href":"https:\/\/laprensacristiana.com\/index.php?rest_route=%2Fwp%2Fv2%2Ftags&post=13180"}],"curies":[{"name":"wp","href":"https:\/\/api.w.org\/{rel}","templated":true}]}}