{"id":13191,"date":"2022-02-11T12:52:20","date_gmt":"2022-02-11T12:52:20","guid":{"rendered":"https:\/\/laprensacristiana.com\/?p=13191"},"modified":"2022-02-11T12:52:21","modified_gmt":"2022-02-11T12:52:21","slug":"los-olvidados","status":"publish","type":"post","link":"https:\/\/laprensacristiana.com\/?p=13191","title":{"rendered":"Los olvidados"},"content":{"rendered":"\n<p>\u00c9xodo 17:10 &nbsp;\u201cY Josu\u00e9 hizo como Mois\u00e9s le dijo, y pele\u00f3 contra Amalec; y Mois\u00e9s, Aar\u00f3n y Hur subieron a la cumbre del collado\u201d<\/p>\n\n\n\n<p>Bueno, en el Reino de Dios cada quien tiene su lugar.&nbsp; Hay personas que brillan unas m\u00e1s que otras.&nbsp; A algunas se les dan m\u00e9ritos que no entendemos muy bien, a menos que escudri\u00f1emos las Escrituras con ojo cr\u00edtico.&nbsp; A otras, parece que pasan desapercibidas porque lo que hacen es tan grande que se necesita un tomo aparte para poder contar sus haza\u00f1as.<\/p>\n\n\n\n<p>Mois\u00e9s ha recibido la orden de parte del Se\u00f1or que vaya a pelear contra Amalec.&nbsp; Organiza todo y le dice a Josu\u00e9 que se prepare para presentar batalla al d\u00eda siguiente de lo agendado. El sube al monte con su vara y levanta los brazos en se\u00f1al de implorar el favor de Dios, mientras Josu\u00e9 y sus ej\u00e9rcitos est\u00e1n peleando en el valle.<\/p>\n\n\n\n<p>Pero llega un momento en que a Mois\u00e9s se le cansan los brazos y parece que est\u00e1 a punto de desmayar.&nbsp; El problema es que si baja los brazos, los amalecitas tomar\u00e1n ventaja sobre los israelitas y Mois\u00e9s no se puede permitir ese error.<\/p>\n\n\n\n<p>Aqu\u00ed es donde entran en escena dos personajes que hasta el momento hab\u00edan pasado desapercibidos: Aar\u00f3n y Hur.&nbsp; Ambos se ponen a los lados de su l\u00edder y le sostienen los brazos para que no los deje caer y haya derrota en el campamento.&nbsp; Es decir, lo sostienen cada uno por un brazo para que la victoria se lleve a cabo.<\/p>\n\n\n\n<p>A partir de este momento, la Escritura menciona todo lo que est\u00e1 pasando en el monte con estos tres varones.&nbsp; Pero se olvida de mencionar qu\u00e9 est\u00e1 pasando en el campo de guerra, excepto un par de l\u00edneas para indicarnos que Josu\u00e9 est\u00e1 venciendo a Amalec. Los olvidados son los que est\u00e1n peleando, batallando para proteger al resto del pueblo. Son los h\u00e9roes an\u00f3nimos del momento.<\/p>\n\n\n\n<p>Aqu\u00ed se puede ver como un trabajo en equipo se puede lograr para que todo redunde en la Gloria del Se\u00f1or.&nbsp; Ambos grupos, los que est\u00e1n en el monte intercediendo y los que est\u00e1n en el campo de batalla hacen lo que les toca a cada uno.&nbsp; Nadie exige diplomas ni reconocimientos ya que saben que lo que est\u00e1n haciendo es lo que el Se\u00f1or les dijo que hicieran.&nbsp; Adem\u00e1s saben perfectamente que las fuerzas, en el caso de Mois\u00e9s, no llegan por la ayuda de Aar\u00f3n y Hur sino del Se\u00f1or que les ha prometido la victoria.<\/p>\n\n\n\n<p>Lo mismo sucede con Josu\u00e9.&nbsp; \u00c9l sabe que su l\u00edder est\u00e1 en la cumbre intercediendo por \u00e9l y sus soldados y que la batalla est\u00e1 ganada por la Misericordia del Se\u00f1or que ha prometido estar con ellos en todo momento.<\/p>\n\n\n\n<p>Esto es algo que nos debe ense\u00f1ar en la Iglesia hoy en d\u00eda.&nbsp; Tristemente a\u00fan hay grupos que esperan reconocimiento y aplausos por lo que hacen, olvidando que todos somos un equipo formado por el Se\u00f1or para que \u00c9l haga lo que le toca, lo m\u00e1s dif\u00edcil que es vencer al Diablo para que no nos gane la batalla.&nbsp; Es Jesus nuestro intercesor, es el que est\u00e1 al lado del Padre pidiendo por nuestro perd\u00f3n y liberaci\u00f3n de todo lo que nos afecta.<\/p>\n\n\n\n<p>Es cierto que el pastor es el hombre encargado de la obra, pero debemos entender que tambi\u00e9n se cansa y que necesitar\u00e1 en alg\u00fan momento que alg\u00fan Aar\u00f3n o un Hur le levante los brazos para que pueda seguir intercediendo por su pueblo.&nbsp; Los l\u00edderes no son hombres ni mujeres de hierro, incansables, con fuerzas infinitas para soportar los embates del enemigo que amenaza con destruir la Obra de Dios.&nbsp; La Iglesia necesita comprender que sus l\u00edderes son personas con debilidades, con falencias que afectan muchas veces su vigor y su fuerza, y es cuando necesitan la ayuda de alguien que los sostenga al mismo tiempo que ellos sostienen la carga que se les ha impuesto.<\/p>\n\n\n\n<p>Es por eso que Pablo, el gran ap\u00f3stol, siempre pedia que oraran por \u00e9l.&nbsp; Que lo llevaran en sus intercesiones, que lo cubrieran en oraci\u00f3n y que sus amigos estuvieran atentos a sus necesidades para que pudiera sacar el trabajo que Dios le hab\u00eda dado entre los gentiles.<\/p>\n\n\n\n<p>Lamentablemente la iglesia de hoy se ha vuelto fr\u00eda e indiferente a las necesidades de sus pastores y los dejan solos, abandonados a sus luchas y conflictos sin que alguien se tome la molestia o la responsabilidad de levantarle el \u00e1nimo y las fuerzas que necesitan para seguir adelante.<\/p>\n\n\n\n<p>El pasaje de esta Escritura es muy ilustrativo para nuestros tiempos de desamor e indiferencia.<\/p>\n","protected":false},"excerpt":{"rendered":"<p>\u00c9xodo 17:10 &nbsp;\u201cY Josu\u00e9 hizo como Mois\u00e9s le dijo, y pele\u00f3 contra Amalec; y Mois\u00e9s, Aar\u00f3n y Hur subieron a la cumbre del collado\u201d Bueno, en el Reino de Dios cada quien tiene su lugar.&nbsp; Hay personas que brillan unas m\u00e1s que otras.&nbsp; A algunas se les dan m\u00e9ritos que no entendemos muy bien, a [&hellip;]<\/p>\n","protected":false},"author":3,"featured_media":12838,"comment_status":"open","ping_status":"open","sticky":false,"template":"","format":"standard","meta":[],"categories":[36],"tags":[],"yoast_head":"<!-- This site is optimized with the Yoast SEO plugin v20.8 - https:\/\/yoast.com\/wordpress\/plugins\/seo\/ -->\n<title>Los olvidados - La Prensa Cristiana<\/title>\n<meta name=\"robots\" content=\"index, follow, max-snippet:-1, max-image-preview:large, max-video-preview:-1\" \/>\n<link rel=\"canonical\" href=\"https:\/\/laprensacristiana.com\/?p=13191\" \/>\n<meta property=\"og:locale\" content=\"es_ES\" \/>\n<meta property=\"og:type\" content=\"article\" \/>\n<meta property=\"og:title\" content=\"Los olvidados - La Prensa Cristiana\" \/>\n<meta property=\"og:description\" content=\"\u00c9xodo 17:10 &nbsp;\u201cY Josu\u00e9 hizo como Mois\u00e9s le dijo, y pele\u00f3 contra Amalec; y Mois\u00e9s, Aar\u00f3n y Hur subieron a la cumbre del collado\u201d Bueno, en el Reino de Dios cada quien tiene su lugar.&nbsp; Hay personas que brillan unas m\u00e1s que otras.&nbsp; A algunas se les dan m\u00e9ritos que no entendemos muy bien, a [&hellip;]\" \/>\n<meta property=\"og:url\" content=\"https:\/\/laprensacristiana.com\/?p=13191\" \/>\n<meta property=\"og:site_name\" content=\"La Prensa Cristiana\" \/>\n<meta property=\"article:published_time\" content=\"2022-02-11T12:52:20+00:00\" \/>\n<meta property=\"article:modified_time\" content=\"2022-02-11T12:52:21+00:00\" \/>\n<meta property=\"og:image\" content=\"https:\/\/laprensacristiana.com\/wp-content\/uploads\/2021\/11\/IMG_20210215_163352_769-1.jpg\" \/>\n\t<meta property=\"og:image:width\" content=\"1280\" \/>\n\t<meta property=\"og:image:height\" content=\"714\" \/>\n\t<meta property=\"og:image:type\" content=\"image\/jpeg\" \/>\n<meta name=\"author\" content=\"EDITOR\" \/>\n<meta name=\"twitter:card\" content=\"summary_large_image\" \/>\n<meta name=\"twitter:label1\" content=\"Escrito por\" \/>\n\t<meta name=\"twitter:data1\" content=\"EDITOR\" \/>\n\t<meta name=\"twitter:label2\" content=\"Tiempo de lectura\" \/>\n\t<meta name=\"twitter:data2\" content=\"4 minutos\" \/>\n<script type=\"application\/ld+json\" class=\"yoast-schema-graph\">{\"@context\":\"https:\/\/schema.org\",\"@graph\":[{\"@type\":\"WebPage\",\"@id\":\"https:\/\/laprensacristiana.com\/?p=13191\",\"url\":\"https:\/\/laprensacristiana.com\/?p=13191\",\"name\":\"Los olvidados - La Prensa Cristiana\",\"isPartOf\":{\"@id\":\"https:\/\/laprensacristiana.com\/#website\"},\"datePublished\":\"2022-02-11T12:52:20+00:00\",\"dateModified\":\"2022-02-11T12:52:21+00:00\",\"author\":{\"@id\":\"https:\/\/laprensacristiana.com\/#\/schema\/person\/3e7d82c6bfd6b1fa67010f8f7cd5256e\"},\"breadcrumb\":{\"@id\":\"https:\/\/laprensacristiana.com\/?p=13191#breadcrumb\"},\"inLanguage\":\"es\",\"potentialAction\":[{\"@type\":\"ReadAction\",\"target\":[\"https:\/\/laprensacristiana.com\/?p=13191\"]}]},{\"@type\":\"BreadcrumbList\",\"@id\":\"https:\/\/laprensacristiana.com\/?p=13191#breadcrumb\",\"itemListElement\":[{\"@type\":\"ListItem\",\"position\":1,\"name\":\"Portada\",\"item\":\"https:\/\/laprensacristiana.com\/\"},{\"@type\":\"ListItem\",\"position\":2,\"name\":\"Los olvidados\"}]},{\"@type\":\"WebSite\",\"@id\":\"https:\/\/laprensacristiana.com\/#website\",\"url\":\"https:\/\/laprensacristiana.com\/\",\"name\":\"La Prensa Cristiana\",\"description\":\"Anunciando Las Buenas Nuevas\",\"potentialAction\":[{\"@type\":\"SearchAction\",\"target\":{\"@type\":\"EntryPoint\",\"urlTemplate\":\"https:\/\/laprensacristiana.com\/?s={search_term_string}\"},\"query-input\":\"required name=search_term_string\"}],\"inLanguage\":\"es\"},{\"@type\":\"Person\",\"@id\":\"https:\/\/laprensacristiana.com\/#\/schema\/person\/3e7d82c6bfd6b1fa67010f8f7cd5256e\",\"name\":\"EDITOR\",\"image\":{\"@type\":\"ImageObject\",\"inLanguage\":\"es\",\"@id\":\"https:\/\/laprensacristiana.com\/#\/schema\/person\/image\/\",\"url\":\"https:\/\/secure.gravatar.com\/avatar\/72069dfb6c13772d9e8381e3638666d2?s=96&d=mm&r=g\",\"contentUrl\":\"https:\/\/secure.gravatar.com\/avatar\/72069dfb6c13772d9e8381e3638666d2?s=96&d=mm&r=g\",\"caption\":\"EDITOR\"},\"url\":\"https:\/\/laprensacristiana.com\/?author=3\"}]}<\/script>\n<!-- \/ Yoast SEO plugin. -->","yoast_head_json":{"title":"Los olvidados - La Prensa Cristiana","robots":{"index":"index","follow":"follow","max-snippet":"max-snippet:-1","max-image-preview":"max-image-preview:large","max-video-preview":"max-video-preview:-1"},"canonical":"https:\/\/laprensacristiana.com\/?p=13191","og_locale":"es_ES","og_type":"article","og_title":"Los olvidados - La Prensa Cristiana","og_description":"\u00c9xodo 17:10 &nbsp;\u201cY Josu\u00e9 hizo como Mois\u00e9s le dijo, y pele\u00f3 contra Amalec; y Mois\u00e9s, Aar\u00f3n y Hur subieron a la cumbre del collado\u201d Bueno, en el Reino de Dios cada quien tiene su lugar.&nbsp; Hay personas que brillan unas m\u00e1s que otras.&nbsp; A algunas se les dan m\u00e9ritos que no entendemos muy bien, a [&hellip;]","og_url":"https:\/\/laprensacristiana.com\/?p=13191","og_site_name":"La Prensa Cristiana","article_published_time":"2022-02-11T12:52:20+00:00","article_modified_time":"2022-02-11T12:52:21+00:00","og_image":[{"width":1280,"height":714,"url":"https:\/\/laprensacristiana.com\/wp-content\/uploads\/2021\/11\/IMG_20210215_163352_769-1.jpg","type":"image\/jpeg"}],"author":"EDITOR","twitter_card":"summary_large_image","twitter_misc":{"Escrito por":"EDITOR","Tiempo de lectura":"4 minutos"},"schema":{"@context":"https:\/\/schema.org","@graph":[{"@type":"WebPage","@id":"https:\/\/laprensacristiana.com\/?p=13191","url":"https:\/\/laprensacristiana.com\/?p=13191","name":"Los olvidados - La Prensa Cristiana","isPartOf":{"@id":"https:\/\/laprensacristiana.com\/#website"},"datePublished":"2022-02-11T12:52:20+00:00","dateModified":"2022-02-11T12:52:21+00:00","author":{"@id":"https:\/\/laprensacristiana.com\/#\/schema\/person\/3e7d82c6bfd6b1fa67010f8f7cd5256e"},"breadcrumb":{"@id":"https:\/\/laprensacristiana.com\/?p=13191#breadcrumb"},"inLanguage":"es","potentialAction":[{"@type":"ReadAction","target":["https:\/\/laprensacristiana.com\/?p=13191"]}]},{"@type":"BreadcrumbList","@id":"https:\/\/laprensacristiana.com\/?p=13191#breadcrumb","itemListElement":[{"@type":"ListItem","position":1,"name":"Portada","item":"https:\/\/laprensacristiana.com\/"},{"@type":"ListItem","position":2,"name":"Los olvidados"}]},{"@type":"WebSite","@id":"https:\/\/laprensacristiana.com\/#website","url":"https:\/\/laprensacristiana.com\/","name":"La Prensa Cristiana","description":"Anunciando Las Buenas Nuevas","potentialAction":[{"@type":"SearchAction","target":{"@type":"EntryPoint","urlTemplate":"https:\/\/laprensacristiana.com\/?s={search_term_string}"},"query-input":"required name=search_term_string"}],"inLanguage":"es"},{"@type":"Person","@id":"https:\/\/laprensacristiana.com\/#\/schema\/person\/3e7d82c6bfd6b1fa67010f8f7cd5256e","name":"EDITOR","image":{"@type":"ImageObject","inLanguage":"es","@id":"https:\/\/laprensacristiana.com\/#\/schema\/person\/image\/","url":"https:\/\/secure.gravatar.com\/avatar\/72069dfb6c13772d9e8381e3638666d2?s=96&d=mm&r=g","contentUrl":"https:\/\/secure.gravatar.com\/avatar\/72069dfb6c13772d9e8381e3638666d2?s=96&d=mm&r=g","caption":"EDITOR"},"url":"https:\/\/laprensacristiana.com\/?author=3"}]}},"_links":{"self":[{"href":"https:\/\/laprensacristiana.com\/index.php?rest_route=\/wp\/v2\/posts\/13191"}],"collection":[{"href":"https:\/\/laprensacristiana.com\/index.php?rest_route=\/wp\/v2\/posts"}],"about":[{"href":"https:\/\/laprensacristiana.com\/index.php?rest_route=\/wp\/v2\/types\/post"}],"author":[{"embeddable":true,"href":"https:\/\/laprensacristiana.com\/index.php?rest_route=\/wp\/v2\/users\/3"}],"replies":[{"embeddable":true,"href":"https:\/\/laprensacristiana.com\/index.php?rest_route=%2Fwp%2Fv2%2Fcomments&post=13191"}],"version-history":[{"count":1,"href":"https:\/\/laprensacristiana.com\/index.php?rest_route=\/wp\/v2\/posts\/13191\/revisions"}],"predecessor-version":[{"id":13192,"href":"https:\/\/laprensacristiana.com\/index.php?rest_route=\/wp\/v2\/posts\/13191\/revisions\/13192"}],"wp:featuredmedia":[{"embeddable":true,"href":"https:\/\/laprensacristiana.com\/index.php?rest_route=\/wp\/v2\/media\/12838"}],"wp:attachment":[{"href":"https:\/\/laprensacristiana.com\/index.php?rest_route=%2Fwp%2Fv2%2Fmedia&parent=13191"}],"wp:term":[{"taxonomy":"category","embeddable":true,"href":"https:\/\/laprensacristiana.com\/index.php?rest_route=%2Fwp%2Fv2%2Fcategories&post=13191"},{"taxonomy":"post_tag","embeddable":true,"href":"https:\/\/laprensacristiana.com\/index.php?rest_route=%2Fwp%2Fv2%2Ftags&post=13191"}],"curies":[{"name":"wp","href":"https:\/\/api.w.org\/{rel}","templated":true}]}}