{"id":13196,"date":"2022-02-14T13:23:43","date_gmt":"2022-02-14T13:23:43","guid":{"rendered":"https:\/\/laprensacristiana.com\/?p=13196"},"modified":"2022-02-14T13:23:44","modified_gmt":"2022-02-14T13:23:44","slug":"el-arbol-de-mara","status":"publish","type":"post","link":"https:\/\/laprensacristiana.com\/?p=13196","title":{"rendered":"El \u00e1rbol de Mara"},"content":{"rendered":"\n<p>\u00c9xodo 15:23-25&nbsp; \u201cCuando llegaron a Mara no pudieron beber las aguas de Mara porque eran amargas; por tanto al lugar le pusieron el nombre de Mara. 24 Y murmur\u00f3 el pueblo contra Mois\u00e9s, diciendo: \u00bfQu\u00e9 beberemos? 25 Entonces \u00e9l clam\u00f3 al SE\u00d1OR, y el SE\u00d1OR le mostr\u00f3 un \u00e1rbol; y \u00e9l lo ech\u00f3 en las aguas, y las aguas se volvieron dulces\u201d<\/p>\n\n\n\n<p>Esto no le va a gustar a m\u00e1s de alg\u00fan evang\u00e9lico porque normalmente no se ense\u00f1a desde los p\u00falpitos.<\/p>\n\n\n\n<p>Al contrario, lo que se ense\u00f1a es que somos el tap\u00f3n del oc\u00e9ano.&nbsp; Que tener a Cristo en el coraz\u00f3n nos hace personas favoritas de Dios y que no tenemos nada m\u00e1s que hacer despu\u00e9s de haber aceptado su Sacrificio expiatorio.<\/p>\n\n\n\n<p>Nada m\u00e1s alejado de la verdad.<\/p>\n\n\n\n<p>Porque desde el instante en que somos salvos y que nuestro nombre ha sido escrito en el Libro de la Vida, empieza a regir para nosotros un estilo de vida que antes no conoc\u00edamos.&nbsp; Pero, como la Escritura dice: \u00bfComo creer\u00e1n en Aquel de quien no han o\u00eddo?&nbsp; \u00bfY como creer\u00e1n si no fueren ense\u00f1ados?&nbsp; El pueblo cristiano, adem\u00e1s de la salvaci\u00f3n por Gracia, necesita conocer su nueva identidad.&nbsp; Y una de esas identidades es que se convierte en un \u00e1rbol plantado junto a corrientes de aguas, y que su hoja no cae.<\/p>\n\n\n\n<p>\u00bfQue significa esto?<\/p>\n\n\n\n<p>Veamos: Antes de convertirnos en hijos de Dios, \u00e9ramos, por naturaleza, hijos del Diablo. Eso dice Pablo.&nbsp; Y como tales, \u00e9ramos personas ego\u00edstas, egoc\u00e9ntricos por naturaleza, fr\u00edos, implacables e insensibles a la necesidad ajena.&nbsp; Todo giraba alrededor nuestro. No compart\u00edamos nada con nadie, no nos preocupaba la salud material ni espiritual de nadie que no fuera de nuestro circulo familiar o amistoso.&nbsp; El ego\u00edsmo era nuestro estilo de vida. Claro, lo m\u00e1s natural era que as\u00ed fuera ya que el Diablo es eso precisamente y como habitantes de su reino, lo normal era que actu\u00e1ramos de esa manera.<\/p>\n\n\n\n<p>Pero en cuanto nos hicieron por el Favor de Dios, hijos adoptivos de \u00c9l, ahora tenemos su naturaleza. Hemos sido cambiados y ahora se espera que c\u00e1mbiense nuestros viejo estilo de vida. Ahora se nos ha plantado junto a corrientes de aguas. Eso significa algo muy importante e interesante que quiero plasmar en este escrito:<\/p>\n\n\n\n<p>Cuando Mois\u00e9s y el pueblo llegan a Mara, no pueden beber el agua porque est\u00e1 amarga. Entonces todos empiezan a murmurar contra Dios y Mois\u00e9s clama al Se\u00f1or.&nbsp; En ese estanque de aguas amargas hay algo que Mois\u00e9s no ha visto. Es un \u00e1rbol. Ese \u00e1rbol no lo pusieron despu\u00e9s que ellos llegaron, tampoco lo sembraron en ese instante. No, ese&nbsp; \u00e1rbol ya estaba all\u00ed desde mucho tiempo antes. Iba a servir para que, al echarlo al agua amarga, \u00e9sta se endulzara y los viajeros pudieran saciar su sed.<\/p>\n\n\n\n<p>Esto, sin querer forzar la Escritura, es tipo de Cristo indudablemente, pero tambi\u00e9n es figura de nosotros como cristianos.&nbsp; En cada congregaci\u00f3n hay gentes que llegan con cierto grado de amargura.&nbsp; Llegan tristes, agobiados por los problemas diarios, problemas financieros y matrimoniales.&nbsp; Hay personas que llegan a la congregaci\u00f3n esperando una respuesta a sus inquietudes y falencias.<\/p>\n\n\n\n<p>Y aqu\u00ed es donde pongo el dedo en la llaga.&nbsp; Porque por falta de ense\u00f1anza, la congregaci\u00f3n se ha vuelto fr\u00eda, desamorada, vac\u00eda de compasi\u00f3n por los mismos hermanos. No se les ha ense\u00f1ado a sus miembros que como \u00e1rboles sembrados junto a aguas corrientes, somos capacitados para ayudar a los que vienen en amargura.&nbsp; Ese \u00e1rbol que estaba en el oasis Mara, somos nosotros mismos que hemos encontrado la Salvaci\u00f3n y la Misericordia del Se\u00f1or, por lo tanto, estamos listos para endulzarle vida a otras personas.&nbsp; Estamos en capacidad de dar un consejo que endulce la amargura de alguien que necesite un trago de agua dulce que calme sus inquietudes, sus necesidades y sus dolores.<\/p>\n\n\n\n<p>Somos, como \u00e1rboles de justicia, capaces de tender una mano amiga a quien necesite de ayuda, estamos listos para endulzar la triste existencia de los que est\u00e1n llegando, de los que tienen la mirada perdida, de los que han extraviado la esperanza y la fe a\u00fan peque\u00f1a.&nbsp; Como \u00e1rboles de justicia, se nos ha dado la responsabilidad de endulzar la vida de la madre que no tiene un esposo que la ayude, de una hija que ha perdido el rumbo y est\u00e1 en una relaci\u00f3n inadecuada.&nbsp; Eso es lo que significa tambi\u00e9n el \u00e1rbol de Mara. Ese \u00e1rbol somos nosotros.<\/p>\n","protected":false},"excerpt":{"rendered":"<p>\u00c9xodo 15:23-25&nbsp; \u201cCuando llegaron a Mara no pudieron beber las aguas de Mara porque eran amargas; por tanto al lugar le pusieron el nombre de Mara. 24 Y murmur\u00f3 el pueblo contra Mois\u00e9s, diciendo: \u00bfQu\u00e9 beberemos? 25 Entonces \u00e9l clam\u00f3 al SE\u00d1OR, y el SE\u00d1OR le mostr\u00f3 un \u00e1rbol; y \u00e9l lo ech\u00f3 en las [&hellip;]<\/p>\n","protected":false},"author":3,"featured_media":12838,"comment_status":"open","ping_status":"open","sticky":false,"template":"","format":"standard","meta":[],"categories":[36],"tags":[],"yoast_head":"<!-- This site is optimized with the Yoast SEO plugin v20.8 - https:\/\/yoast.com\/wordpress\/plugins\/seo\/ -->\n<title>El \u00e1rbol de Mara - La Prensa Cristiana<\/title>\n<meta name=\"robots\" content=\"index, follow, max-snippet:-1, max-image-preview:large, max-video-preview:-1\" \/>\n<link rel=\"canonical\" href=\"https:\/\/laprensacristiana.com\/?p=13196\" \/>\n<meta property=\"og:locale\" content=\"es_ES\" \/>\n<meta property=\"og:type\" content=\"article\" \/>\n<meta property=\"og:title\" content=\"El \u00e1rbol de Mara - La Prensa Cristiana\" \/>\n<meta property=\"og:description\" content=\"\u00c9xodo 15:23-25&nbsp; \u201cCuando llegaron a Mara no pudieron beber las aguas de Mara porque eran amargas; por tanto al lugar le pusieron el nombre de Mara. 24 Y murmur\u00f3 el pueblo contra Mois\u00e9s, diciendo: \u00bfQu\u00e9 beberemos? 25 Entonces \u00e9l clam\u00f3 al SE\u00d1OR, y el SE\u00d1OR le mostr\u00f3 un \u00e1rbol; y \u00e9l lo ech\u00f3 en las [&hellip;]\" \/>\n<meta property=\"og:url\" content=\"https:\/\/laprensacristiana.com\/?p=13196\" \/>\n<meta property=\"og:site_name\" content=\"La Prensa Cristiana\" \/>\n<meta property=\"article:published_time\" content=\"2022-02-14T13:23:43+00:00\" \/>\n<meta property=\"article:modified_time\" content=\"2022-02-14T13:23:44+00:00\" \/>\n<meta property=\"og:image\" content=\"https:\/\/laprensacristiana.com\/wp-content\/uploads\/2021\/11\/IMG_20210215_163352_769-1.jpg\" \/>\n\t<meta property=\"og:image:width\" content=\"1280\" \/>\n\t<meta property=\"og:image:height\" content=\"714\" \/>\n\t<meta property=\"og:image:type\" content=\"image\/jpeg\" \/>\n<meta name=\"author\" content=\"EDITOR\" \/>\n<meta name=\"twitter:card\" content=\"summary_large_image\" \/>\n<meta name=\"twitter:label1\" content=\"Escrito por\" \/>\n\t<meta name=\"twitter:data1\" content=\"EDITOR\" \/>\n\t<meta name=\"twitter:label2\" content=\"Tiempo de lectura\" \/>\n\t<meta name=\"twitter:data2\" content=\"4 minutos\" \/>\n<script type=\"application\/ld+json\" class=\"yoast-schema-graph\">{\"@context\":\"https:\/\/schema.org\",\"@graph\":[{\"@type\":\"WebPage\",\"@id\":\"https:\/\/laprensacristiana.com\/?p=13196\",\"url\":\"https:\/\/laprensacristiana.com\/?p=13196\",\"name\":\"El \u00e1rbol de Mara - La Prensa Cristiana\",\"isPartOf\":{\"@id\":\"https:\/\/laprensacristiana.com\/#website\"},\"datePublished\":\"2022-02-14T13:23:43+00:00\",\"dateModified\":\"2022-02-14T13:23:44+00:00\",\"author\":{\"@id\":\"https:\/\/laprensacristiana.com\/#\/schema\/person\/3e7d82c6bfd6b1fa67010f8f7cd5256e\"},\"breadcrumb\":{\"@id\":\"https:\/\/laprensacristiana.com\/?p=13196#breadcrumb\"},\"inLanguage\":\"es\",\"potentialAction\":[{\"@type\":\"ReadAction\",\"target\":[\"https:\/\/laprensacristiana.com\/?p=13196\"]}]},{\"@type\":\"BreadcrumbList\",\"@id\":\"https:\/\/laprensacristiana.com\/?p=13196#breadcrumb\",\"itemListElement\":[{\"@type\":\"ListItem\",\"position\":1,\"name\":\"Portada\",\"item\":\"https:\/\/laprensacristiana.com\/\"},{\"@type\":\"ListItem\",\"position\":2,\"name\":\"El \u00e1rbol de Mara\"}]},{\"@type\":\"WebSite\",\"@id\":\"https:\/\/laprensacristiana.com\/#website\",\"url\":\"https:\/\/laprensacristiana.com\/\",\"name\":\"La Prensa Cristiana\",\"description\":\"Anunciando Las Buenas Nuevas\",\"potentialAction\":[{\"@type\":\"SearchAction\",\"target\":{\"@type\":\"EntryPoint\",\"urlTemplate\":\"https:\/\/laprensacristiana.com\/?s={search_term_string}\"},\"query-input\":\"required name=search_term_string\"}],\"inLanguage\":\"es\"},{\"@type\":\"Person\",\"@id\":\"https:\/\/laprensacristiana.com\/#\/schema\/person\/3e7d82c6bfd6b1fa67010f8f7cd5256e\",\"name\":\"EDITOR\",\"image\":{\"@type\":\"ImageObject\",\"inLanguage\":\"es\",\"@id\":\"https:\/\/laprensacristiana.com\/#\/schema\/person\/image\/\",\"url\":\"https:\/\/secure.gravatar.com\/avatar\/72069dfb6c13772d9e8381e3638666d2?s=96&d=mm&r=g\",\"contentUrl\":\"https:\/\/secure.gravatar.com\/avatar\/72069dfb6c13772d9e8381e3638666d2?s=96&d=mm&r=g\",\"caption\":\"EDITOR\"},\"url\":\"https:\/\/laprensacristiana.com\/?author=3\"}]}<\/script>\n<!-- \/ Yoast SEO plugin. -->","yoast_head_json":{"title":"El \u00e1rbol de Mara - La Prensa Cristiana","robots":{"index":"index","follow":"follow","max-snippet":"max-snippet:-1","max-image-preview":"max-image-preview:large","max-video-preview":"max-video-preview:-1"},"canonical":"https:\/\/laprensacristiana.com\/?p=13196","og_locale":"es_ES","og_type":"article","og_title":"El \u00e1rbol de Mara - La Prensa Cristiana","og_description":"\u00c9xodo 15:23-25&nbsp; \u201cCuando llegaron a Mara no pudieron beber las aguas de Mara porque eran amargas; por tanto al lugar le pusieron el nombre de Mara. 24 Y murmur\u00f3 el pueblo contra Mois\u00e9s, diciendo: \u00bfQu\u00e9 beberemos? 25 Entonces \u00e9l clam\u00f3 al SE\u00d1OR, y el SE\u00d1OR le mostr\u00f3 un \u00e1rbol; y \u00e9l lo ech\u00f3 en las [&hellip;]","og_url":"https:\/\/laprensacristiana.com\/?p=13196","og_site_name":"La Prensa Cristiana","article_published_time":"2022-02-14T13:23:43+00:00","article_modified_time":"2022-02-14T13:23:44+00:00","og_image":[{"width":1280,"height":714,"url":"https:\/\/laprensacristiana.com\/wp-content\/uploads\/2021\/11\/IMG_20210215_163352_769-1.jpg","type":"image\/jpeg"}],"author":"EDITOR","twitter_card":"summary_large_image","twitter_misc":{"Escrito por":"EDITOR","Tiempo de lectura":"4 minutos"},"schema":{"@context":"https:\/\/schema.org","@graph":[{"@type":"WebPage","@id":"https:\/\/laprensacristiana.com\/?p=13196","url":"https:\/\/laprensacristiana.com\/?p=13196","name":"El \u00e1rbol de Mara - La Prensa Cristiana","isPartOf":{"@id":"https:\/\/laprensacristiana.com\/#website"},"datePublished":"2022-02-14T13:23:43+00:00","dateModified":"2022-02-14T13:23:44+00:00","author":{"@id":"https:\/\/laprensacristiana.com\/#\/schema\/person\/3e7d82c6bfd6b1fa67010f8f7cd5256e"},"breadcrumb":{"@id":"https:\/\/laprensacristiana.com\/?p=13196#breadcrumb"},"inLanguage":"es","potentialAction":[{"@type":"ReadAction","target":["https:\/\/laprensacristiana.com\/?p=13196"]}]},{"@type":"BreadcrumbList","@id":"https:\/\/laprensacristiana.com\/?p=13196#breadcrumb","itemListElement":[{"@type":"ListItem","position":1,"name":"Portada","item":"https:\/\/laprensacristiana.com\/"},{"@type":"ListItem","position":2,"name":"El \u00e1rbol de Mara"}]},{"@type":"WebSite","@id":"https:\/\/laprensacristiana.com\/#website","url":"https:\/\/laprensacristiana.com\/","name":"La Prensa Cristiana","description":"Anunciando Las Buenas Nuevas","potentialAction":[{"@type":"SearchAction","target":{"@type":"EntryPoint","urlTemplate":"https:\/\/laprensacristiana.com\/?s={search_term_string}"},"query-input":"required name=search_term_string"}],"inLanguage":"es"},{"@type":"Person","@id":"https:\/\/laprensacristiana.com\/#\/schema\/person\/3e7d82c6bfd6b1fa67010f8f7cd5256e","name":"EDITOR","image":{"@type":"ImageObject","inLanguage":"es","@id":"https:\/\/laprensacristiana.com\/#\/schema\/person\/image\/","url":"https:\/\/secure.gravatar.com\/avatar\/72069dfb6c13772d9e8381e3638666d2?s=96&d=mm&r=g","contentUrl":"https:\/\/secure.gravatar.com\/avatar\/72069dfb6c13772d9e8381e3638666d2?s=96&d=mm&r=g","caption":"EDITOR"},"url":"https:\/\/laprensacristiana.com\/?author=3"}]}},"_links":{"self":[{"href":"https:\/\/laprensacristiana.com\/index.php?rest_route=\/wp\/v2\/posts\/13196"}],"collection":[{"href":"https:\/\/laprensacristiana.com\/index.php?rest_route=\/wp\/v2\/posts"}],"about":[{"href":"https:\/\/laprensacristiana.com\/index.php?rest_route=\/wp\/v2\/types\/post"}],"author":[{"embeddable":true,"href":"https:\/\/laprensacristiana.com\/index.php?rest_route=\/wp\/v2\/users\/3"}],"replies":[{"embeddable":true,"href":"https:\/\/laprensacristiana.com\/index.php?rest_route=%2Fwp%2Fv2%2Fcomments&post=13196"}],"version-history":[{"count":1,"href":"https:\/\/laprensacristiana.com\/index.php?rest_route=\/wp\/v2\/posts\/13196\/revisions"}],"predecessor-version":[{"id":13197,"href":"https:\/\/laprensacristiana.com\/index.php?rest_route=\/wp\/v2\/posts\/13196\/revisions\/13197"}],"wp:featuredmedia":[{"embeddable":true,"href":"https:\/\/laprensacristiana.com\/index.php?rest_route=\/wp\/v2\/media\/12838"}],"wp:attachment":[{"href":"https:\/\/laprensacristiana.com\/index.php?rest_route=%2Fwp%2Fv2%2Fmedia&parent=13196"}],"wp:term":[{"taxonomy":"category","embeddable":true,"href":"https:\/\/laprensacristiana.com\/index.php?rest_route=%2Fwp%2Fv2%2Fcategories&post=13196"},{"taxonomy":"post_tag","embeddable":true,"href":"https:\/\/laprensacristiana.com\/index.php?rest_route=%2Fwp%2Fv2%2Ftags&post=13196"}],"curies":[{"name":"wp","href":"https:\/\/api.w.org\/{rel}","templated":true}]}}