{"id":13219,"date":"2022-02-23T15:32:37","date_gmt":"2022-02-23T15:32:37","guid":{"rendered":"https:\/\/laprensacristiana.com\/?p=13219"},"modified":"2022-02-23T15:32:38","modified_gmt":"2022-02-23T15:32:38","slug":"asesor-presidencial-da-la-bienvenida-a-ministerio-mercy-ships-de-vuelta-a-senegal","status":"publish","type":"post","link":"https:\/\/laprensacristiana.com\/?p=13219","title":{"rendered":"Asesor presidencial da la bienvenida a ministerio Mercy Ships de vuelta a Senegal"},"content":{"rendered":"\n<p>Por: Javier Bola\u00f1os \/ GNA<\/p>\n\n\n\n<figure class=\"wp-block-embed-youtube wp-block-embed is-type-video is-provider-youtube wp-embed-aspect-16-9 wp-has-aspect-ratio\"><div class=\"wp-block-embed__wrapper\">\n<iframe loading=\"lazy\" title=\"asesor presidencial da la bienvenida a ministerio mercy ships de vuelta a Senegal\" width=\"696\" height=\"392\" src=\"https:\/\/www.youtube.com\/embed\/fAllZpxNwQU?feature=oembed&#038;enablejsapi=1\" frameborder=\"0\" allow=\"accelerometer; autoplay; clipboard-write; encrypted-media; gyroscope; picture-in-picture\" allowfullscreen><\/iframe>\n<\/div><\/figure>\n\n\n\n<p>Fue un reencuentro emotivo para la tripulaci\u00f3n del barco Africa Mercy y el pueblo de Senegal cuando finalmente regres\u00f3 a la ciudad portuaria de Dakar a principios de febrero de este a\u00f1o. La tripulaci\u00f3n del ministerio Mercy Ships llevar\u00e1 a cabo intervenciones quir\u00fargicas vitales, as\u00ed como formaci\u00f3n m\u00e9dica continua, durante su m\u00e1s reciente misi\u00f3n de campo.&nbsp;<\/p>\n\n\n\n<p>El equipo fue recibido por el consejero presidencial senegal\u00e9s Dr. Serigne Diop.<\/p>\n","protected":false},"excerpt":{"rendered":"<p>Por: Javier Bola\u00f1os \/ GNA Fue un reencuentro emotivo para la tripulaci\u00f3n del barco Africa Mercy y el pueblo de Senegal cuando finalmente regres\u00f3 a la ciudad portuaria de Dakar a principios de febrero de este a\u00f1o. La tripulaci\u00f3n del ministerio Mercy Ships llevar\u00e1 a cabo intervenciones quir\u00fargicas vitales, as\u00ed como formaci\u00f3n m\u00e9dica continua, durante [&hellip;]<\/p>\n","protected":false},"author":3,"featured_media":13220,"comment_status":"open","ping_status":"open","sticky":false,"template":"","format":"standard","meta":[],"categories":[56],"tags":[],"yoast_head":"<!-- This site is optimized with the Yoast SEO plugin v20.8 - https:\/\/yoast.com\/wordpress\/plugins\/seo\/ -->\n<title>Asesor presidencial da la bienvenida a ministerio Mercy Ships de vuelta a Senegal - La Prensa Cristiana<\/title>\n<meta name=\"robots\" content=\"index, follow, max-snippet:-1, max-image-preview:large, max-video-preview:-1\" \/>\n<link rel=\"canonical\" href=\"https:\/\/laprensacristiana.com\/?p=13219\" \/>\n<meta property=\"og:locale\" content=\"es_ES\" \/>\n<meta property=\"og:type\" content=\"article\" \/>\n<meta property=\"og:title\" content=\"Asesor presidencial da la bienvenida a ministerio Mercy Ships de vuelta a Senegal - La Prensa Cristiana\" \/>\n<meta property=\"og:description\" content=\"Por: Javier Bola\u00f1os \/ GNA Fue un reencuentro emotivo para la tripulaci\u00f3n del barco Africa Mercy y el pueblo de Senegal cuando finalmente regres\u00f3 a la ciudad portuaria de Dakar a principios de febrero de este a\u00f1o. La tripulaci\u00f3n del ministerio Mercy Ships llevar\u00e1 a cabo intervenciones quir\u00fargicas vitales, as\u00ed como formaci\u00f3n m\u00e9dica continua, durante [&hellip;]\" \/>\n<meta property=\"og:url\" content=\"https:\/\/laprensacristiana.com\/?p=13219\" \/>\n<meta property=\"og:site_name\" content=\"La Prensa Cristiana\" \/>\n<meta property=\"article:published_time\" content=\"2022-02-23T15:32:37+00:00\" \/>\n<meta property=\"article:modified_time\" content=\"2022-02-23T15:32:38+00:00\" \/>\n<meta property=\"og:image\" content=\"https:\/\/laprensacristiana.com\/wp-content\/uploads\/2022\/02\/f3803071-70f7-4ab5-9536-dc6b881fd05d.jpg\" \/>\n\t<meta property=\"og:image:width\" content=\"1433\" \/>\n\t<meta property=\"og:image:height\" content=\"794\" \/>\n\t<meta property=\"og:image:type\" content=\"image\/jpeg\" \/>\n<meta name=\"author\" content=\"EDITOR\" \/>\n<meta name=\"twitter:card\" content=\"summary_large_image\" \/>\n<meta name=\"twitter:label1\" content=\"Escrito por\" \/>\n\t<meta name=\"twitter:data1\" content=\"EDITOR\" \/>\n<script type=\"application\/ld+json\" class=\"yoast-schema-graph\">{\"@context\":\"https:\/\/schema.org\",\"@graph\":[{\"@type\":\"WebPage\",\"@id\":\"https:\/\/laprensacristiana.com\/?p=13219\",\"url\":\"https:\/\/laprensacristiana.com\/?p=13219\",\"name\":\"Asesor presidencial da la bienvenida a ministerio Mercy Ships de vuelta a Senegal - La Prensa Cristiana\",\"isPartOf\":{\"@id\":\"https:\/\/laprensacristiana.com\/#website\"},\"datePublished\":\"2022-02-23T15:32:37+00:00\",\"dateModified\":\"2022-02-23T15:32:38+00:00\",\"author\":{\"@id\":\"https:\/\/laprensacristiana.com\/#\/schema\/person\/3e7d82c6bfd6b1fa67010f8f7cd5256e\"},\"breadcrumb\":{\"@id\":\"https:\/\/laprensacristiana.com\/?p=13219#breadcrumb\"},\"inLanguage\":\"es\",\"potentialAction\":[{\"@type\":\"ReadAction\",\"target\":[\"https:\/\/laprensacristiana.com\/?p=13219\"]}]},{\"@type\":\"BreadcrumbList\",\"@id\":\"https:\/\/laprensacristiana.com\/?p=13219#breadcrumb\",\"itemListElement\":[{\"@type\":\"ListItem\",\"position\":1,\"name\":\"Portada\",\"item\":\"https:\/\/laprensacristiana.com\/\"},{\"@type\":\"ListItem\",\"position\":2,\"name\":\"Asesor presidencial da la bienvenida a ministerio Mercy Ships de vuelta a Senegal\"}]},{\"@type\":\"WebSite\",\"@id\":\"https:\/\/laprensacristiana.com\/#website\",\"url\":\"https:\/\/laprensacristiana.com\/\",\"name\":\"La Prensa Cristiana\",\"description\":\"Anunciando Las Buenas Nuevas\",\"potentialAction\":[{\"@type\":\"SearchAction\",\"target\":{\"@type\":\"EntryPoint\",\"urlTemplate\":\"https:\/\/laprensacristiana.com\/?s={search_term_string}\"},\"query-input\":\"required name=search_term_string\"}],\"inLanguage\":\"es\"},{\"@type\":\"Person\",\"@id\":\"https:\/\/laprensacristiana.com\/#\/schema\/person\/3e7d82c6bfd6b1fa67010f8f7cd5256e\",\"name\":\"EDITOR\",\"image\":{\"@type\":\"ImageObject\",\"inLanguage\":\"es\",\"@id\":\"https:\/\/laprensacristiana.com\/#\/schema\/person\/image\/\",\"url\":\"https:\/\/secure.gravatar.com\/avatar\/72069dfb6c13772d9e8381e3638666d2?s=96&d=mm&r=g\",\"contentUrl\":\"https:\/\/secure.gravatar.com\/avatar\/72069dfb6c13772d9e8381e3638666d2?s=96&d=mm&r=g\",\"caption\":\"EDITOR\"},\"url\":\"https:\/\/laprensacristiana.com\/?author=3\"}]}<\/script>\n<!-- \/ Yoast SEO plugin. -->","yoast_head_json":{"title":"Asesor presidencial da la bienvenida a ministerio Mercy Ships de vuelta a Senegal - La Prensa Cristiana","robots":{"index":"index","follow":"follow","max-snippet":"max-snippet:-1","max-image-preview":"max-image-preview:large","max-video-preview":"max-video-preview:-1"},"canonical":"https:\/\/laprensacristiana.com\/?p=13219","og_locale":"es_ES","og_type":"article","og_title":"Asesor presidencial da la bienvenida a ministerio Mercy Ships de vuelta a Senegal - La Prensa Cristiana","og_description":"Por: Javier Bola\u00f1os \/ GNA Fue un reencuentro emotivo para la tripulaci\u00f3n del barco Africa Mercy y el pueblo de Senegal cuando finalmente regres\u00f3 a la ciudad portuaria de Dakar a principios de febrero de este a\u00f1o. La tripulaci\u00f3n del ministerio Mercy Ships llevar\u00e1 a cabo intervenciones quir\u00fargicas vitales, as\u00ed como formaci\u00f3n m\u00e9dica continua, durante [&hellip;]","og_url":"https:\/\/laprensacristiana.com\/?p=13219","og_site_name":"La Prensa Cristiana","article_published_time":"2022-02-23T15:32:37+00:00","article_modified_time":"2022-02-23T15:32:38+00:00","og_image":[{"width":1433,"height":794,"url":"https:\/\/laprensacristiana.com\/wp-content\/uploads\/2022\/02\/f3803071-70f7-4ab5-9536-dc6b881fd05d.jpg","type":"image\/jpeg"}],"author":"EDITOR","twitter_card":"summary_large_image","twitter_misc":{"Escrito por":"EDITOR"},"schema":{"@context":"https:\/\/schema.org","@graph":[{"@type":"WebPage","@id":"https:\/\/laprensacristiana.com\/?p=13219","url":"https:\/\/laprensacristiana.com\/?p=13219","name":"Asesor presidencial da la bienvenida a ministerio Mercy Ships de vuelta a Senegal - La Prensa Cristiana","isPartOf":{"@id":"https:\/\/laprensacristiana.com\/#website"},"datePublished":"2022-02-23T15:32:37+00:00","dateModified":"2022-02-23T15:32:38+00:00","author":{"@id":"https:\/\/laprensacristiana.com\/#\/schema\/person\/3e7d82c6bfd6b1fa67010f8f7cd5256e"},"breadcrumb":{"@id":"https:\/\/laprensacristiana.com\/?p=13219#breadcrumb"},"inLanguage":"es","potentialAction":[{"@type":"ReadAction","target":["https:\/\/laprensacristiana.com\/?p=13219"]}]},{"@type":"BreadcrumbList","@id":"https:\/\/laprensacristiana.com\/?p=13219#breadcrumb","itemListElement":[{"@type":"ListItem","position":1,"name":"Portada","item":"https:\/\/laprensacristiana.com\/"},{"@type":"ListItem","position":2,"name":"Asesor presidencial da la bienvenida a ministerio Mercy Ships de vuelta a Senegal"}]},{"@type":"WebSite","@id":"https:\/\/laprensacristiana.com\/#website","url":"https:\/\/laprensacristiana.com\/","name":"La Prensa Cristiana","description":"Anunciando Las Buenas Nuevas","potentialAction":[{"@type":"SearchAction","target":{"@type":"EntryPoint","urlTemplate":"https:\/\/laprensacristiana.com\/?s={search_term_string}"},"query-input":"required name=search_term_string"}],"inLanguage":"es"},{"@type":"Person","@id":"https:\/\/laprensacristiana.com\/#\/schema\/person\/3e7d82c6bfd6b1fa67010f8f7cd5256e","name":"EDITOR","image":{"@type":"ImageObject","inLanguage":"es","@id":"https:\/\/laprensacristiana.com\/#\/schema\/person\/image\/","url":"https:\/\/secure.gravatar.com\/avatar\/72069dfb6c13772d9e8381e3638666d2?s=96&d=mm&r=g","contentUrl":"https:\/\/secure.gravatar.com\/avatar\/72069dfb6c13772d9e8381e3638666d2?s=96&d=mm&r=g","caption":"EDITOR"},"url":"https:\/\/laprensacristiana.com\/?author=3"}]}},"_links":{"self":[{"href":"https:\/\/laprensacristiana.com\/index.php?rest_route=\/wp\/v2\/posts\/13219"}],"collection":[{"href":"https:\/\/laprensacristiana.com\/index.php?rest_route=\/wp\/v2\/posts"}],"about":[{"href":"https:\/\/laprensacristiana.com\/index.php?rest_route=\/wp\/v2\/types\/post"}],"author":[{"embeddable":true,"href":"https:\/\/laprensacristiana.com\/index.php?rest_route=\/wp\/v2\/users\/3"}],"replies":[{"embeddable":true,"href":"https:\/\/laprensacristiana.com\/index.php?rest_route=%2Fwp%2Fv2%2Fcomments&post=13219"}],"version-history":[{"count":1,"href":"https:\/\/laprensacristiana.com\/index.php?rest_route=\/wp\/v2\/posts\/13219\/revisions"}],"predecessor-version":[{"id":13221,"href":"https:\/\/laprensacristiana.com\/index.php?rest_route=\/wp\/v2\/posts\/13219\/revisions\/13221"}],"wp:featuredmedia":[{"embeddable":true,"href":"https:\/\/laprensacristiana.com\/index.php?rest_route=\/wp\/v2\/media\/13220"}],"wp:attachment":[{"href":"https:\/\/laprensacristiana.com\/index.php?rest_route=%2Fwp%2Fv2%2Fmedia&parent=13219"}],"wp:term":[{"taxonomy":"category","embeddable":true,"href":"https:\/\/laprensacristiana.com\/index.php?rest_route=%2Fwp%2Fv2%2Fcategories&post=13219"},{"taxonomy":"post_tag","embeddable":true,"href":"https:\/\/laprensacristiana.com\/index.php?rest_route=%2Fwp%2Fv2%2Ftags&post=13219"}],"curies":[{"name":"wp","href":"https:\/\/api.w.org\/{rel}","templated":true}]}}