{"id":13235,"date":"2022-03-02T15:11:05","date_gmt":"2022-03-02T15:11:05","guid":{"rendered":"https:\/\/laprensacristiana.com\/?p=13235"},"modified":"2022-03-02T15:11:06","modified_gmt":"2022-03-02T15:11:06","slug":"dar-cuentas","status":"publish","type":"post","link":"https:\/\/laprensacristiana.com\/?p=13235","title":{"rendered":"Dar cuentas"},"content":{"rendered":"\n<p>Job 31:14&nbsp;\u201c\u00bfqu\u00e9&nbsp;har\u00e9&nbsp;cuando Dios se levante?&nbsp;Y cuando El me pida cuentas,&nbsp;\u00bfqu\u00e9&nbsp;le responder\u00e9?\u201d<\/p>\n\n\n\n<p>Bueno, la verdad es que este verso hab\u00eda estado escondido para mi durante muchos a\u00f1os. Aunque siempre he sabido que un d\u00eda me presentar\u00e9&nbsp;ante el Tribunal de Cristo para rendir cuentas de mis actos mientras estuve en el cuerpo -dijo Pablo-, pero hasta hace pocas semanas que le\u00ed&nbsp;una vez m\u00e1s en mi a\u00f1o de lecturas b\u00edblicas, el libro de Job.<\/p>\n\n\n\n<p>Sabemos que la Palabra es un&nbsp;\u201cefecto cebolla\u201d, que poco a poco va quitando telas para ir descubri\u00e9ndonos sus misterios y revel\u00e1ndonos lo que ha estado oculto a nuestros ojos, pero en el tiempo de Dios, esas telas de cebolla se quitan para que podamos ver con claridad lo que hay escondido en las palabras.<\/p>\n\n\n\n<p>Fue cuando a mis ojos se abrieron esas palabras: Dios me pedir\u00e1&nbsp;cuentas, y&nbsp;\u00bfqu\u00e9&nbsp;le responder\u00e9?<\/p>\n\n\n\n<p>Es una sentencia franca, sincera y frontal.&nbsp;<\/p>\n\n\n\n<p>Todos, desde el pastor y maestro m\u00e1s insigne de la Palabra de Dios, hasta el di\u00e1cono m\u00e1s humilde y peque\u00f1o servidor del Reino de Dios en una iglesia, daremos cuenta. El Se\u00f1or nos preguntar\u00e1&nbsp;qu\u00e9&nbsp;hicimos con su Palabra, qu\u00e9&nbsp;hicimos con sus dones, con sus regalos y con los encargos que nos dej\u00f3&nbsp;para que los cumplamos.<\/p>\n\n\n\n<p>Nos preguntar\u00e1&nbsp;si buscamos con sinceridad y diariamente parecernos a Jesus, no solo en su conducta santa sino tambi\u00e9n en sus acciones hacia los dem\u00e1s.<\/p>\n\n\n\n<p>Preguntar\u00e1&nbsp;si logramos alcanzar la madurez que se nos pidi\u00f3&nbsp;en la ep\u00edstolas de su siervo Pablo, cuando nos dijo que luch\u00e1ramos para lograrlo a toda costa.<\/p>\n\n\n\n<p>El Se\u00f1or se levantar\u00e1&nbsp;de su trono y se pondr\u00e1&nbsp;delante de nosotros, o nosotros delante de&nbsp;\u00c9l y nos har\u00e1&nbsp;preguntas sobre si atendimos el hambre del que tuvo necesidad de un pan mientras vivimos en el cuerpo, nos se\u00f1alar\u00e1&nbsp;con su Dedo y esperar\u00e1&nbsp;respuestas a sus preguntas sobre si nos ocupamos de enviarle un mensaje de consuelo al que sufri\u00f3, si le dimos una palabra de aliento al que estaba decepcionado, si le tendimos la mano al necesitado, si le palmeamos la espalda al que estaba cansado y abatido, si lloramos con los que lloraron y si sufrimos con los que sufrieron.<\/p>\n\n\n\n<p>El Se\u00f1or se levantar\u00e1&nbsp;de su Trono y nos pondr\u00e1&nbsp;delante de un cuestionario que definir\u00e1&nbsp;seg\u00fan nuestras respuestas si vamos a la izquierda o a la derecha.<\/p>\n\n\n\n<p>Ser hijos de Dios no es cuesti\u00f3n solo de iglesia, de cantar coritos y palmear fuerte con el grupo de Alabanza, no, ser hijos de Dios es parecernos a Padre, parecernos a su Hijo Jesus y permitir que el Esp\u00edritu Santo obre en nosotros quitando las escorias que traemos del mundo, quitando esos marcos de referencia vulgares y carnales en los que viv\u00edamos antes de ser adoptados como hijos de Dios.<\/p>\n\n\n\n<p>Como padres imperfectos que somos, cada fin de a\u00f1o esperamos que nuestros hijos nos presenten un diploma de buena conducta en la escuela. &nbsp;Esperamos un t\u00edtulo al final del curso que tanto dinero nos cost\u00f3, esperamos que nuestras hijas nos presenten a fin de a\u00f1o un testimonio firmado y sellado por su Universidad en donde conste que vali\u00f3&nbsp;la pena el esfuerzo, que lo que dejamos de comer para pagar sus mensualidades ha rendido sus frutos.<\/p>\n\n\n\n<p>Y, si nosotros, siendo malos, hacemos lo imposible para que nuestros hijos alcancen sus metas, logren llegar m\u00e1s lejos que nosotros, que sean personas&nbsp;\u00fatiles a la sociedad y especialmente a la Iglesia de Cristo,&nbsp;\u00bfcomo no nos pedir\u00e1&nbsp;cuentas nuestro Padre Celestial que es perfecto y ha invertido la Sangre y la vida de Jesus para salvarnos?<\/p>\n\n\n\n<p>Pastores y lideres: Ustedes, como yo, tambi\u00e9n nos presentaremos ante ese temido Tribunal en donde no valdr\u00e1n las excusas, no valdr\u00e1n los peros ni los pretextos que podamos presentar para justificar que no predicamos la Verdad de la Palabra. No habr\u00e1&nbsp;excusas para justificar que tuvimos miedo o temor a la gente al no decirles la verdad.&nbsp;<\/p>\n\n\n\n<p>Pero tampoco los que est\u00e1n sentados en las sillas tendr\u00e1n pretextos o excusas para responder qu\u00e9&nbsp;hicieron con sus esposas, con sus hijos. &nbsp;Las damas tendr\u00e1n que dar cuenta qu\u00e9&nbsp;hicieron con sus esposos, si los ayudaron a crecer en la fe en Jesus como se les orden\u00f3&nbsp;cuando fueron creadas para ser la ayuda del hombre.&nbsp;<\/p>\n\n\n\n<p>Porque, nos guste o no, lo creamos o no, el Se\u00f1or se levantar\u00e1&nbsp;y nos preguntar\u00e1&nbsp;y nosotros, todos, tendremos qu\u00e9&nbsp;responder\u2026<\/p>\n","protected":false},"excerpt":{"rendered":"<p>Job 31:14&nbsp;\u201c\u00bfqu\u00e9&nbsp;har\u00e9&nbsp;cuando Dios se levante?&nbsp;Y cuando El me pida cuentas,&nbsp;\u00bfqu\u00e9&nbsp;le responder\u00e9?\u201d Bueno, la verdad es que este verso hab\u00eda estado escondido para mi durante muchos a\u00f1os. Aunque siempre he sabido que un d\u00eda me presentar\u00e9&nbsp;ante el Tribunal de Cristo para rendir cuentas de mis actos mientras estuve en el cuerpo -dijo Pablo-, pero hasta hace [&hellip;]<\/p>\n","protected":false},"author":3,"featured_media":12838,"comment_status":"open","ping_status":"open","sticky":false,"template":"","format":"standard","meta":[],"categories":[36],"tags":[],"yoast_head":"<!-- This site is optimized with the Yoast SEO plugin v20.8 - https:\/\/yoast.com\/wordpress\/plugins\/seo\/ -->\n<title>Dar cuentas - La Prensa Cristiana<\/title>\n<meta name=\"robots\" content=\"index, follow, max-snippet:-1, max-image-preview:large, max-video-preview:-1\" \/>\n<link rel=\"canonical\" href=\"https:\/\/laprensacristiana.com\/?p=13235\" \/>\n<meta property=\"og:locale\" content=\"es_ES\" \/>\n<meta property=\"og:type\" content=\"article\" \/>\n<meta property=\"og:title\" content=\"Dar cuentas - La Prensa Cristiana\" \/>\n<meta property=\"og:description\" content=\"Job 31:14&nbsp;\u201c\u00bfqu\u00e9&nbsp;har\u00e9&nbsp;cuando Dios se levante?&nbsp;Y cuando El me pida cuentas,&nbsp;\u00bfqu\u00e9&nbsp;le responder\u00e9?\u201d Bueno, la verdad es que este verso hab\u00eda estado escondido para mi durante muchos a\u00f1os. Aunque siempre he sabido que un d\u00eda me presentar\u00e9&nbsp;ante el Tribunal de Cristo para rendir cuentas de mis actos mientras estuve en el cuerpo -dijo Pablo-, pero hasta hace [&hellip;]\" \/>\n<meta property=\"og:url\" content=\"https:\/\/laprensacristiana.com\/?p=13235\" \/>\n<meta property=\"og:site_name\" content=\"La Prensa Cristiana\" \/>\n<meta property=\"article:published_time\" content=\"2022-03-02T15:11:05+00:00\" \/>\n<meta property=\"article:modified_time\" content=\"2022-03-02T15:11:06+00:00\" \/>\n<meta property=\"og:image\" content=\"https:\/\/laprensacristiana.com\/wp-content\/uploads\/2021\/11\/IMG_20210215_163352_769-1.jpg\" \/>\n\t<meta property=\"og:image:width\" content=\"1280\" \/>\n\t<meta property=\"og:image:height\" content=\"714\" \/>\n\t<meta property=\"og:image:type\" content=\"image\/jpeg\" \/>\n<meta name=\"author\" content=\"EDITOR\" \/>\n<meta name=\"twitter:card\" content=\"summary_large_image\" \/>\n<meta name=\"twitter:label1\" content=\"Escrito por\" \/>\n\t<meta name=\"twitter:data1\" content=\"EDITOR\" \/>\n\t<meta name=\"twitter:label2\" content=\"Tiempo de lectura\" \/>\n\t<meta name=\"twitter:data2\" content=\"4 minutos\" \/>\n<script type=\"application\/ld+json\" class=\"yoast-schema-graph\">{\"@context\":\"https:\/\/schema.org\",\"@graph\":[{\"@type\":\"WebPage\",\"@id\":\"https:\/\/laprensacristiana.com\/?p=13235\",\"url\":\"https:\/\/laprensacristiana.com\/?p=13235\",\"name\":\"Dar cuentas - La Prensa Cristiana\",\"isPartOf\":{\"@id\":\"https:\/\/laprensacristiana.com\/#website\"},\"datePublished\":\"2022-03-02T15:11:05+00:00\",\"dateModified\":\"2022-03-02T15:11:06+00:00\",\"author\":{\"@id\":\"https:\/\/laprensacristiana.com\/#\/schema\/person\/3e7d82c6bfd6b1fa67010f8f7cd5256e\"},\"breadcrumb\":{\"@id\":\"https:\/\/laprensacristiana.com\/?p=13235#breadcrumb\"},\"inLanguage\":\"es\",\"potentialAction\":[{\"@type\":\"ReadAction\",\"target\":[\"https:\/\/laprensacristiana.com\/?p=13235\"]}]},{\"@type\":\"BreadcrumbList\",\"@id\":\"https:\/\/laprensacristiana.com\/?p=13235#breadcrumb\",\"itemListElement\":[{\"@type\":\"ListItem\",\"position\":1,\"name\":\"Portada\",\"item\":\"https:\/\/laprensacristiana.com\/\"},{\"@type\":\"ListItem\",\"position\":2,\"name\":\"Dar cuentas\"}]},{\"@type\":\"WebSite\",\"@id\":\"https:\/\/laprensacristiana.com\/#website\",\"url\":\"https:\/\/laprensacristiana.com\/\",\"name\":\"La Prensa Cristiana\",\"description\":\"Anunciando Las Buenas Nuevas\",\"potentialAction\":[{\"@type\":\"SearchAction\",\"target\":{\"@type\":\"EntryPoint\",\"urlTemplate\":\"https:\/\/laprensacristiana.com\/?s={search_term_string}\"},\"query-input\":\"required name=search_term_string\"}],\"inLanguage\":\"es\"},{\"@type\":\"Person\",\"@id\":\"https:\/\/laprensacristiana.com\/#\/schema\/person\/3e7d82c6bfd6b1fa67010f8f7cd5256e\",\"name\":\"EDITOR\",\"image\":{\"@type\":\"ImageObject\",\"inLanguage\":\"es\",\"@id\":\"https:\/\/laprensacristiana.com\/#\/schema\/person\/image\/\",\"url\":\"https:\/\/secure.gravatar.com\/avatar\/72069dfb6c13772d9e8381e3638666d2?s=96&d=mm&r=g\",\"contentUrl\":\"https:\/\/secure.gravatar.com\/avatar\/72069dfb6c13772d9e8381e3638666d2?s=96&d=mm&r=g\",\"caption\":\"EDITOR\"},\"url\":\"https:\/\/laprensacristiana.com\/?author=3\"}]}<\/script>\n<!-- \/ Yoast SEO plugin. -->","yoast_head_json":{"title":"Dar cuentas - La Prensa Cristiana","robots":{"index":"index","follow":"follow","max-snippet":"max-snippet:-1","max-image-preview":"max-image-preview:large","max-video-preview":"max-video-preview:-1"},"canonical":"https:\/\/laprensacristiana.com\/?p=13235","og_locale":"es_ES","og_type":"article","og_title":"Dar cuentas - La Prensa Cristiana","og_description":"Job 31:14&nbsp;\u201c\u00bfqu\u00e9&nbsp;har\u00e9&nbsp;cuando Dios se levante?&nbsp;Y cuando El me pida cuentas,&nbsp;\u00bfqu\u00e9&nbsp;le responder\u00e9?\u201d Bueno, la verdad es que este verso hab\u00eda estado escondido para mi durante muchos a\u00f1os. Aunque siempre he sabido que un d\u00eda me presentar\u00e9&nbsp;ante el Tribunal de Cristo para rendir cuentas de mis actos mientras estuve en el cuerpo -dijo Pablo-, pero hasta hace [&hellip;]","og_url":"https:\/\/laprensacristiana.com\/?p=13235","og_site_name":"La Prensa Cristiana","article_published_time":"2022-03-02T15:11:05+00:00","article_modified_time":"2022-03-02T15:11:06+00:00","og_image":[{"width":1280,"height":714,"url":"https:\/\/laprensacristiana.com\/wp-content\/uploads\/2021\/11\/IMG_20210215_163352_769-1.jpg","type":"image\/jpeg"}],"author":"EDITOR","twitter_card":"summary_large_image","twitter_misc":{"Escrito por":"EDITOR","Tiempo de lectura":"4 minutos"},"schema":{"@context":"https:\/\/schema.org","@graph":[{"@type":"WebPage","@id":"https:\/\/laprensacristiana.com\/?p=13235","url":"https:\/\/laprensacristiana.com\/?p=13235","name":"Dar cuentas - La Prensa Cristiana","isPartOf":{"@id":"https:\/\/laprensacristiana.com\/#website"},"datePublished":"2022-03-02T15:11:05+00:00","dateModified":"2022-03-02T15:11:06+00:00","author":{"@id":"https:\/\/laprensacristiana.com\/#\/schema\/person\/3e7d82c6bfd6b1fa67010f8f7cd5256e"},"breadcrumb":{"@id":"https:\/\/laprensacristiana.com\/?p=13235#breadcrumb"},"inLanguage":"es","potentialAction":[{"@type":"ReadAction","target":["https:\/\/laprensacristiana.com\/?p=13235"]}]},{"@type":"BreadcrumbList","@id":"https:\/\/laprensacristiana.com\/?p=13235#breadcrumb","itemListElement":[{"@type":"ListItem","position":1,"name":"Portada","item":"https:\/\/laprensacristiana.com\/"},{"@type":"ListItem","position":2,"name":"Dar cuentas"}]},{"@type":"WebSite","@id":"https:\/\/laprensacristiana.com\/#website","url":"https:\/\/laprensacristiana.com\/","name":"La Prensa Cristiana","description":"Anunciando Las Buenas Nuevas","potentialAction":[{"@type":"SearchAction","target":{"@type":"EntryPoint","urlTemplate":"https:\/\/laprensacristiana.com\/?s={search_term_string}"},"query-input":"required name=search_term_string"}],"inLanguage":"es"},{"@type":"Person","@id":"https:\/\/laprensacristiana.com\/#\/schema\/person\/3e7d82c6bfd6b1fa67010f8f7cd5256e","name":"EDITOR","image":{"@type":"ImageObject","inLanguage":"es","@id":"https:\/\/laprensacristiana.com\/#\/schema\/person\/image\/","url":"https:\/\/secure.gravatar.com\/avatar\/72069dfb6c13772d9e8381e3638666d2?s=96&d=mm&r=g","contentUrl":"https:\/\/secure.gravatar.com\/avatar\/72069dfb6c13772d9e8381e3638666d2?s=96&d=mm&r=g","caption":"EDITOR"},"url":"https:\/\/laprensacristiana.com\/?author=3"}]}},"_links":{"self":[{"href":"https:\/\/laprensacristiana.com\/index.php?rest_route=\/wp\/v2\/posts\/13235"}],"collection":[{"href":"https:\/\/laprensacristiana.com\/index.php?rest_route=\/wp\/v2\/posts"}],"about":[{"href":"https:\/\/laprensacristiana.com\/index.php?rest_route=\/wp\/v2\/types\/post"}],"author":[{"embeddable":true,"href":"https:\/\/laprensacristiana.com\/index.php?rest_route=\/wp\/v2\/users\/3"}],"replies":[{"embeddable":true,"href":"https:\/\/laprensacristiana.com\/index.php?rest_route=%2Fwp%2Fv2%2Fcomments&post=13235"}],"version-history":[{"count":1,"href":"https:\/\/laprensacristiana.com\/index.php?rest_route=\/wp\/v2\/posts\/13235\/revisions"}],"predecessor-version":[{"id":13236,"href":"https:\/\/laprensacristiana.com\/index.php?rest_route=\/wp\/v2\/posts\/13235\/revisions\/13236"}],"wp:featuredmedia":[{"embeddable":true,"href":"https:\/\/laprensacristiana.com\/index.php?rest_route=\/wp\/v2\/media\/12838"}],"wp:attachment":[{"href":"https:\/\/laprensacristiana.com\/index.php?rest_route=%2Fwp%2Fv2%2Fmedia&parent=13235"}],"wp:term":[{"taxonomy":"category","embeddable":true,"href":"https:\/\/laprensacristiana.com\/index.php?rest_route=%2Fwp%2Fv2%2Fcategories&post=13235"},{"taxonomy":"post_tag","embeddable":true,"href":"https:\/\/laprensacristiana.com\/index.php?rest_route=%2Fwp%2Fv2%2Ftags&post=13235"}],"curies":[{"name":"wp","href":"https:\/\/api.w.org\/{rel}","templated":true}]}}