{"id":13240,"date":"2022-03-07T15:36:51","date_gmt":"2022-03-07T15:36:51","guid":{"rendered":"https:\/\/laprensacristiana.com\/?p=13240"},"modified":"2022-03-07T15:36:52","modified_gmt":"2022-03-07T15:36:52","slug":"solo-uno","status":"publish","type":"post","link":"https:\/\/laprensacristiana.com\/?p=13240","title":{"rendered":"Solo uno"},"content":{"rendered":"\n<p>Filipenses 2:20&nbsp; \u201cPues a nadie m\u00e1s tengo del mismo sentir m\u00edo\u2026\u201d<\/p>\n\n\n\n<p>\u00a1Qu\u00e9 tragedia la que estaba pasando Pablo cuando le escribi\u00f3 a los de Filipos!&nbsp; Estaba en la c\u00e1rcel. Solo. Sufriendo porque lo hab\u00edan encarcelado sin motivo alguno, excepto por ense\u00f1ar que Jesus es el Se\u00f1or.<\/p>\n\n\n\n<p>Y en esa condici\u00f3n tan dolorosa, el ap\u00f3stol no tiene muchos amigos. Y es que los amigos se prueban en los malos momentos.&nbsp; Cuando las cosas se ponen feas, la mayor\u00eda corre a esconderse en sus madrigueras para no verse involucrados en las duras consecuencias que otros puedan estar pasando.<\/p>\n\n\n\n<p>Y dejan solo a quienes cre\u00edan en su amistad.&nbsp; Eso pudimos ver en la cuarentena de hace un a\u00f1o.&nbsp; Muchos que se dec\u00edan hermanos, se aislaron de tal manera que se olvidaron de abrir su mano hacia los que estaban solos. Ni una migaja de pan, ni un sorbo de agua, ni una pregunta de \u00bfc\u00f3mo est\u00e1n? pues.<\/p>\n\n\n\n<p>As\u00ed es el coraz\u00f3n humano.&nbsp; Es por eso que Jesus nos dice que no podemos confiar en \u00e9l. Es perverso y enga\u00f1oso. Como las olas del mar. Hoy alguien dice \u201cte amo\u201d y ma\u00f1ana estar\u00e1 ensartando un pu\u00f1al por la espalda.&nbsp; Los pastores sabemos eso de primera mano. Hay personas que nos han dicho: Aunque usted me saque de aqu\u00ed nunca me ir\u00e9 pastor. Cuente conmigo para siempre. Estar\u00e9 aqu\u00ed cuando me necesite. Pero con el tiempo esas palabras escritas en la arena se borran al primer oleaje que las moja.<\/p>\n\n\n\n<p>De pronto se pregunta el pastor: \u00bfen donde est\u00e1n los que me dijeron que nunca se ir\u00edan? Pero ya no est\u00e1n. Se fueron sin decir adi\u00f3s. Sin ninguna explicaci\u00f3n aparente, dejando m\u00e1s preguntas que respuestas.&nbsp; As\u00ed es el reino de los hombres. Eso es lo que ofrece el C\u00e9sar. Es por eso que no podemos confiar en promesas humanas.<\/p>\n\n\n\n<p>Eso pasa tambi\u00e9n en muchos matrimonios: \u201cHasta que la muerte los separe\u201d y los novios, sonrientes, felices de escuchar esas promesas dichas ante el pastor y ante el mismo Dios en el altar la tarde la bendici\u00f3n nupcial, se van a su aventura matrimonial, confiando en aquellas palabras dichas con tanta seguridad y orgullo.<\/p>\n\n\n\n<p>Al poco tiempo, como se dice, a la vuelta de la esquina matrimonial, empiezan las fricciones, empiezan las discordias y las diferencias. Uno acusa al otro y viceversa. Las cosas empiezan a ponerse feas. Gritos, golpes, insultos y palabras que nunca debieron salir de las&nbsp; bocas que antes bendec\u00edan al Se\u00f1or se empiezan a escuchar dentro de las cuatro paredes.<\/p>\n\n\n\n<p>Y de pronto, todo se derrumba. Se separan el uno del otro, dejando hijos, compromisos y deudas atr\u00e1s. Que cada quien vea como resuelve sus problemas y un d\u00eda se ven solos. Uno de ellos abandona el nido y siguen vivos. No han muerto, por lo tanto, la separaci\u00f3n no fue causada por la muerte f\u00edsica, sino por la muerte de la sinceridad, la muerte de la paz. la muerte de la honestidad y el respeto.<\/p>\n\n\n\n<p>Hasta que la muerte nos separe. Si, es cierto, pero, \u00bfla muerte de qu\u00e9? Porque los matrimonios se separan por muchos motivos, menos por la muerte de uno de los dos.&nbsp; Ya no existen matrimonios vivos y radiantes aunque no perfectos de m\u00e1s de cincuenta a\u00f1os. Los actuales ya no llegan ni a los veinte a\u00f1os.<\/p>\n\n\n\n<p>Porque todo se muere y no se puede resucitar.&nbsp; Hoy estamos sufriendo falta de honestidad en los seres humanos, incluyendo cristianos.&nbsp; El divorcio ya no es solo potestad de los incr\u00e9dulos, tambi\u00e9n los pastores lo est\u00e1n sufriendo a causa de no saber confrontar esos estados de \u00e1nimo tan adversos en la personalidad humana.<\/p>\n\n\n\n<p>Pablo est\u00e1 solo.&nbsp; Necesita enviar a alguien que consuele a los filipenses y les entregue el mensaje que les env\u00eda, pero no tiene a nadie que tenga su mismo esp\u00edritu, su mismo sentir. Pablo, el gran maestro y fundador de muchas congregaciones de aquella regi\u00f3n, no tiene a otro como su disc\u00edpulo Timoteo. Y le duele tener que dejarlo ir. Le duele tener que quedarse sin su compa\u00f1\u00eda con tal que llegue a los filipenses y les haga saber la Palabra del Se\u00f1or. Solo Timoteo es capaz de hacerlo con la fidelidad y el valor que se necesita.&nbsp; Solo Timoteo.<\/p>\n\n\n\n<p>Esa es la tragedia tambi\u00e9n de muchos pastores hoy en d\u00eda: En las congregaciones hay muchos hombres, o mejor dicho, varones, porque hombres de verdad, al estilo Timoteo hay muy pocos. Y se necesitan hombres como \u00e9l. Sinceros, francos, fieles, discretos y que sepan ocupar el segundo lugar.<\/p>\n\n\n\n<p>Como en muchos matrimonios, Pablo sufre por la falta de hombr\u00eda. Sufre por la falta de sinceridad. Y se conforma con quedarse solo con tal de que otros tengan lo que a \u00e9l le falta.<\/p>\n\n\n\n<p>Triste, \u00bfverdad?<\/p>\n","protected":false},"excerpt":{"rendered":"<p>Filipenses 2:20&nbsp; \u201cPues a nadie m\u00e1s tengo del mismo sentir m\u00edo\u2026\u201d \u00a1Qu\u00e9 tragedia la que estaba pasando Pablo cuando le escribi\u00f3 a los de Filipos!&nbsp; Estaba en la c\u00e1rcel. Solo. Sufriendo porque lo hab\u00edan encarcelado sin motivo alguno, excepto por ense\u00f1ar que Jesus es el Se\u00f1or. Y en esa condici\u00f3n tan dolorosa, el ap\u00f3stol no [&hellip;]<\/p>\n","protected":false},"author":3,"featured_media":12838,"comment_status":"open","ping_status":"open","sticky":false,"template":"","format":"standard","meta":[],"categories":[36],"tags":[],"yoast_head":"<!-- This site is optimized with the Yoast SEO plugin v20.8 - https:\/\/yoast.com\/wordpress\/plugins\/seo\/ -->\n<title>Solo uno - La Prensa Cristiana<\/title>\n<meta name=\"robots\" content=\"index, follow, max-snippet:-1, max-image-preview:large, max-video-preview:-1\" \/>\n<link rel=\"canonical\" href=\"https:\/\/laprensacristiana.com\/?p=13240\" \/>\n<meta property=\"og:locale\" content=\"es_ES\" \/>\n<meta property=\"og:type\" content=\"article\" \/>\n<meta property=\"og:title\" content=\"Solo uno - La Prensa Cristiana\" \/>\n<meta property=\"og:description\" content=\"Filipenses 2:20&nbsp; \u201cPues a nadie m\u00e1s tengo del mismo sentir m\u00edo\u2026\u201d \u00a1Qu\u00e9 tragedia la que estaba pasando Pablo cuando le escribi\u00f3 a los de Filipos!&nbsp; Estaba en la c\u00e1rcel. Solo. Sufriendo porque lo hab\u00edan encarcelado sin motivo alguno, excepto por ense\u00f1ar que Jesus es el Se\u00f1or. Y en esa condici\u00f3n tan dolorosa, el ap\u00f3stol no [&hellip;]\" \/>\n<meta property=\"og:url\" content=\"https:\/\/laprensacristiana.com\/?p=13240\" \/>\n<meta property=\"og:site_name\" content=\"La Prensa Cristiana\" \/>\n<meta property=\"article:published_time\" content=\"2022-03-07T15:36:51+00:00\" \/>\n<meta property=\"article:modified_time\" content=\"2022-03-07T15:36:52+00:00\" \/>\n<meta property=\"og:image\" content=\"https:\/\/laprensacristiana.com\/wp-content\/uploads\/2021\/11\/IMG_20210215_163352_769-1.jpg\" \/>\n\t<meta property=\"og:image:width\" content=\"1280\" \/>\n\t<meta property=\"og:image:height\" content=\"714\" \/>\n\t<meta property=\"og:image:type\" content=\"image\/jpeg\" \/>\n<meta name=\"author\" content=\"EDITOR\" \/>\n<meta name=\"twitter:card\" content=\"summary_large_image\" \/>\n<meta name=\"twitter:label1\" content=\"Escrito por\" \/>\n\t<meta name=\"twitter:data1\" content=\"EDITOR\" \/>\n\t<meta name=\"twitter:label2\" content=\"Tiempo de lectura\" \/>\n\t<meta name=\"twitter:data2\" content=\"4 minutos\" \/>\n<script type=\"application\/ld+json\" class=\"yoast-schema-graph\">{\"@context\":\"https:\/\/schema.org\",\"@graph\":[{\"@type\":\"WebPage\",\"@id\":\"https:\/\/laprensacristiana.com\/?p=13240\",\"url\":\"https:\/\/laprensacristiana.com\/?p=13240\",\"name\":\"Solo uno - La Prensa Cristiana\",\"isPartOf\":{\"@id\":\"https:\/\/laprensacristiana.com\/#website\"},\"datePublished\":\"2022-03-07T15:36:51+00:00\",\"dateModified\":\"2022-03-07T15:36:52+00:00\",\"author\":{\"@id\":\"https:\/\/laprensacristiana.com\/#\/schema\/person\/3e7d82c6bfd6b1fa67010f8f7cd5256e\"},\"breadcrumb\":{\"@id\":\"https:\/\/laprensacristiana.com\/?p=13240#breadcrumb\"},\"inLanguage\":\"es\",\"potentialAction\":[{\"@type\":\"ReadAction\",\"target\":[\"https:\/\/laprensacristiana.com\/?p=13240\"]}]},{\"@type\":\"BreadcrumbList\",\"@id\":\"https:\/\/laprensacristiana.com\/?p=13240#breadcrumb\",\"itemListElement\":[{\"@type\":\"ListItem\",\"position\":1,\"name\":\"Portada\",\"item\":\"https:\/\/laprensacristiana.com\/\"},{\"@type\":\"ListItem\",\"position\":2,\"name\":\"Solo uno\"}]},{\"@type\":\"WebSite\",\"@id\":\"https:\/\/laprensacristiana.com\/#website\",\"url\":\"https:\/\/laprensacristiana.com\/\",\"name\":\"La Prensa Cristiana\",\"description\":\"Anunciando Las Buenas Nuevas\",\"potentialAction\":[{\"@type\":\"SearchAction\",\"target\":{\"@type\":\"EntryPoint\",\"urlTemplate\":\"https:\/\/laprensacristiana.com\/?s={search_term_string}\"},\"query-input\":\"required name=search_term_string\"}],\"inLanguage\":\"es\"},{\"@type\":\"Person\",\"@id\":\"https:\/\/laprensacristiana.com\/#\/schema\/person\/3e7d82c6bfd6b1fa67010f8f7cd5256e\",\"name\":\"EDITOR\",\"image\":{\"@type\":\"ImageObject\",\"inLanguage\":\"es\",\"@id\":\"https:\/\/laprensacristiana.com\/#\/schema\/person\/image\/\",\"url\":\"https:\/\/secure.gravatar.com\/avatar\/72069dfb6c13772d9e8381e3638666d2?s=96&d=mm&r=g\",\"contentUrl\":\"https:\/\/secure.gravatar.com\/avatar\/72069dfb6c13772d9e8381e3638666d2?s=96&d=mm&r=g\",\"caption\":\"EDITOR\"},\"url\":\"https:\/\/laprensacristiana.com\/?author=3\"}]}<\/script>\n<!-- \/ Yoast SEO plugin. -->","yoast_head_json":{"title":"Solo uno - La Prensa Cristiana","robots":{"index":"index","follow":"follow","max-snippet":"max-snippet:-1","max-image-preview":"max-image-preview:large","max-video-preview":"max-video-preview:-1"},"canonical":"https:\/\/laprensacristiana.com\/?p=13240","og_locale":"es_ES","og_type":"article","og_title":"Solo uno - La Prensa Cristiana","og_description":"Filipenses 2:20&nbsp; \u201cPues a nadie m\u00e1s tengo del mismo sentir m\u00edo\u2026\u201d \u00a1Qu\u00e9 tragedia la que estaba pasando Pablo cuando le escribi\u00f3 a los de Filipos!&nbsp; Estaba en la c\u00e1rcel. Solo. Sufriendo porque lo hab\u00edan encarcelado sin motivo alguno, excepto por ense\u00f1ar que Jesus es el Se\u00f1or. Y en esa condici\u00f3n tan dolorosa, el ap\u00f3stol no [&hellip;]","og_url":"https:\/\/laprensacristiana.com\/?p=13240","og_site_name":"La Prensa Cristiana","article_published_time":"2022-03-07T15:36:51+00:00","article_modified_time":"2022-03-07T15:36:52+00:00","og_image":[{"width":1280,"height":714,"url":"https:\/\/laprensacristiana.com\/wp-content\/uploads\/2021\/11\/IMG_20210215_163352_769-1.jpg","type":"image\/jpeg"}],"author":"EDITOR","twitter_card":"summary_large_image","twitter_misc":{"Escrito por":"EDITOR","Tiempo de lectura":"4 minutos"},"schema":{"@context":"https:\/\/schema.org","@graph":[{"@type":"WebPage","@id":"https:\/\/laprensacristiana.com\/?p=13240","url":"https:\/\/laprensacristiana.com\/?p=13240","name":"Solo uno - La Prensa Cristiana","isPartOf":{"@id":"https:\/\/laprensacristiana.com\/#website"},"datePublished":"2022-03-07T15:36:51+00:00","dateModified":"2022-03-07T15:36:52+00:00","author":{"@id":"https:\/\/laprensacristiana.com\/#\/schema\/person\/3e7d82c6bfd6b1fa67010f8f7cd5256e"},"breadcrumb":{"@id":"https:\/\/laprensacristiana.com\/?p=13240#breadcrumb"},"inLanguage":"es","potentialAction":[{"@type":"ReadAction","target":["https:\/\/laprensacristiana.com\/?p=13240"]}]},{"@type":"BreadcrumbList","@id":"https:\/\/laprensacristiana.com\/?p=13240#breadcrumb","itemListElement":[{"@type":"ListItem","position":1,"name":"Portada","item":"https:\/\/laprensacristiana.com\/"},{"@type":"ListItem","position":2,"name":"Solo uno"}]},{"@type":"WebSite","@id":"https:\/\/laprensacristiana.com\/#website","url":"https:\/\/laprensacristiana.com\/","name":"La Prensa Cristiana","description":"Anunciando Las Buenas Nuevas","potentialAction":[{"@type":"SearchAction","target":{"@type":"EntryPoint","urlTemplate":"https:\/\/laprensacristiana.com\/?s={search_term_string}"},"query-input":"required name=search_term_string"}],"inLanguage":"es"},{"@type":"Person","@id":"https:\/\/laprensacristiana.com\/#\/schema\/person\/3e7d82c6bfd6b1fa67010f8f7cd5256e","name":"EDITOR","image":{"@type":"ImageObject","inLanguage":"es","@id":"https:\/\/laprensacristiana.com\/#\/schema\/person\/image\/","url":"https:\/\/secure.gravatar.com\/avatar\/72069dfb6c13772d9e8381e3638666d2?s=96&d=mm&r=g","contentUrl":"https:\/\/secure.gravatar.com\/avatar\/72069dfb6c13772d9e8381e3638666d2?s=96&d=mm&r=g","caption":"EDITOR"},"url":"https:\/\/laprensacristiana.com\/?author=3"}]}},"_links":{"self":[{"href":"https:\/\/laprensacristiana.com\/index.php?rest_route=\/wp\/v2\/posts\/13240"}],"collection":[{"href":"https:\/\/laprensacristiana.com\/index.php?rest_route=\/wp\/v2\/posts"}],"about":[{"href":"https:\/\/laprensacristiana.com\/index.php?rest_route=\/wp\/v2\/types\/post"}],"author":[{"embeddable":true,"href":"https:\/\/laprensacristiana.com\/index.php?rest_route=\/wp\/v2\/users\/3"}],"replies":[{"embeddable":true,"href":"https:\/\/laprensacristiana.com\/index.php?rest_route=%2Fwp%2Fv2%2Fcomments&post=13240"}],"version-history":[{"count":1,"href":"https:\/\/laprensacristiana.com\/index.php?rest_route=\/wp\/v2\/posts\/13240\/revisions"}],"predecessor-version":[{"id":13241,"href":"https:\/\/laprensacristiana.com\/index.php?rest_route=\/wp\/v2\/posts\/13240\/revisions\/13241"}],"wp:featuredmedia":[{"embeddable":true,"href":"https:\/\/laprensacristiana.com\/index.php?rest_route=\/wp\/v2\/media\/12838"}],"wp:attachment":[{"href":"https:\/\/laprensacristiana.com\/index.php?rest_route=%2Fwp%2Fv2%2Fmedia&parent=13240"}],"wp:term":[{"taxonomy":"category","embeddable":true,"href":"https:\/\/laprensacristiana.com\/index.php?rest_route=%2Fwp%2Fv2%2Fcategories&post=13240"},{"taxonomy":"post_tag","embeddable":true,"href":"https:\/\/laprensacristiana.com\/index.php?rest_route=%2Fwp%2Fv2%2Ftags&post=13240"}],"curies":[{"name":"wp","href":"https:\/\/api.w.org\/{rel}","templated":true}]}}