{"id":13247,"date":"2022-03-09T13:55:53","date_gmt":"2022-03-09T13:55:53","guid":{"rendered":"https:\/\/laprensacristiana.com\/?p=13247"},"modified":"2022-03-09T13:55:53","modified_gmt":"2022-03-09T13:55:53","slug":"un-poco-de-psicologia","status":"publish","type":"post","link":"https:\/\/laprensacristiana.com\/?p=13247","title":{"rendered":"Un poco de psicolog\u00eda"},"content":{"rendered":"\n<p>Salmos 8:4 \u201c\u2026 digo: \u00bfQu\u00e9 es el hombre para que de \u00e9l te acuerdes, y el hijo del hombre para que lo cuides?\u201d<\/p>\n\n\n\n<p>El hombre no vive su vida propia. No. El hombre trata de vivir la vida de otros. Es un axioma que casi todos hemos tratado de vivir.&nbsp; Desde j\u00f3venes hemos tratado de vivir la vida de los exitosos en la m\u00fasica, en los deportes o en los estudios.<\/p>\n\n\n\n<p>Ya que somos cristianos, tratamos de vivir las vidas de Daniel o sus amigos, o Jerem\u00edas, Jon\u00e1s o incluso de Pedro o de Jesus, sin dejar de lado a Pablo.<\/p>\n\n\n\n<p>Pero todos en alg\u00fan momento hemos tratado de ser una copia o un clon de alguien m\u00e1s.&nbsp; Hasta que nos damos cuenta que el Cielo a cada quien le ha dado un estilo de vida. Desde el Cielo la Providencia Divina ha dise\u00f1ado un plan para cada uno de nosotros y nadie escapa a ese destino por m\u00e1s que trate de vivir una vida ajena.<\/p>\n\n\n\n<p>\u00bfConocen el cuento que se llama \u201cMuerte en Teher\u00e1n\u201d?<\/p>\n\n\n\n<p>Un persa rico y poderoso paseaba un d\u00eda por el jard\u00edn de uno de sus criados.&nbsp; Este estaba compungido porque acababa de ver a la muerte, que lo hab\u00eda amenazado con llev\u00e1rselo al m\u00e1s all\u00e1.<\/p>\n\n\n\n<p>El criado suplica a su amo que le preste un caballo veloz para huir a Teher\u00e1n, adonde pod\u00eda llegar esa misma noche.&nbsp; El amo accede y el sirviente se aleja al galope.<\/p>\n\n\n\n<p>El regresar a casa, el amo se encuentra con la muerte y le pregunta: \u00bfPor qu\u00e9 has asustado y amenazado tanto a mi criado?<\/p>\n\n\n\n<p>No le he amenazado, responde la muerte.&nbsp; Me he sorprendido verlo aqu\u00ed, cuando tengo que encontrarme esta noche con \u00e9l en Teher\u00e1n.<\/p>\n\n\n\n<p>\u00bfPor qu\u00e9 huy\u00f3 este hombre de la muerte?&nbsp; porque a ning\u00fan ser humano le gusta el sufrimiento.&nbsp; Pero debemos saber que el sufrimiento tiene un prop\u00f3sito: Formar car\u00e1cter en el ser humano. Forjar firmeza y hacerlo m\u00e1s fuerte.&nbsp; Como ense\u00f1a Frankl, saber enfrentar el sufrimiento o el dolor es cosa de hombr\u00eda. Es cosa de valor de hombre en toda la extensi\u00f3n de la palabra.&nbsp; Eso fue lo que descubri\u00f3 Job al final de su discurso.&nbsp; Job sali\u00f3 m\u00e1s fuerte, m\u00e1s hombre, menos var\u00f3n.<\/p>\n\n\n\n<p>El valor del hombre no reside en sufrir por el sufrimiento en s\u00ed, porque \u00e9ste no tiene nada de bueno, sino en la actitud frente a \u00e9l, en la capacidad de soportarlo.&nbsp; Les pondr\u00e9 un ejemplo: un doctor en medicina general consult\u00f3 con su psic\u00f3logo sobre la fuerte depresi\u00f3n que padec\u00eda.&nbsp; No pod\u00eda sobreponerse a la p\u00e9rdida de su mujer, con quien hab\u00eda compartido un matrimonio muy feliz. Su esposa hab\u00eda muerto hac\u00eda dos a\u00f1os.<\/p>\n\n\n\n<p>\u00bfComo pod\u00eda ayudarlo a superar esa angustia que no lo dejaba tranquilo?&nbsp; El psic\u00f3logo le pregunt\u00f3: \u00bfQu\u00e9 habr\u00eda sucedido, doctor, si hubiera muerto usted y su mujer le hubiese sobrevivido? -Habr\u00eda sido terrible para ella, \u00a1sufrir\u00eda much\u00edsimo!- contest\u00f3.<\/p>\n\n\n\n<p>Entonces, el otro le responde: -\u00bfNo se da cuenta de que usted le ha ahorrado a ella este sufrimiento, y para conseguirlo ha tenido que sobrevivirla y llorar su muerte? Cuando el doctor que sufr\u00eda comprendi\u00f3 el valor de su sufrimiento, dej\u00f3 de sentirse v\u00edctima de su dolor y empez\u00f3 a vivir plenamente el recuerdo dulce de su amada difunta.<\/p>\n\n\n\n<p>Porque sabemos que ser hombre implica dirigirse hacia algo o alguien distinto de uno mismo, bien sea para realizar un valor, bien para alcanzar un sentido o para encontrar a otro ser humano.<\/p>\n\n\n\n<p>Cuanto m\u00e1s se olvida uno de s\u00ed mismo, al entregarse a una causa o a la persona amada, m\u00e1s humano se vuelve y m\u00e1s perfectas son sus capacidades. Porque hay algo que muchos hombres ignoran: El amor es la \u00fanica v\u00eda para llegar a lo m\u00e1s profundo de la personalidad del otro.<\/p>\n\n\n\n<p>Por el acto espiritual del amor se contemplan los rasgos esenciales de la persona amada, incluso su potencialidad, lo que a\u00fan no ha sido revelado.&nbsp; A\u00fan mas: mediante el amor, la persona que ama capacita al amado a actualizar sus posibilidades ocultas.&nbsp; El amor consigue que el otro realice su potencialidad personal. Es a trav\u00e9s del amor que el hombre conoce lo m\u00e1s \u00edntimo del ser amado. Quien ama conoce a la persona que ama.<\/p>\n\n\n\n<p>De all\u00ed la importancia del sufrimiento por el amor. Porque amar es sufrir, pero sufrir por amar no es sufrir, es vivir. Esa es la vida mis amigos.<\/p>\n","protected":false},"excerpt":{"rendered":"<p>Salmos 8:4 \u201c\u2026 digo: \u00bfQu\u00e9 es el hombre para que de \u00e9l te acuerdes, y el hijo del hombre para que lo cuides?\u201d El hombre no vive su vida propia. No. El hombre trata de vivir la vida de otros. Es un axioma que casi todos hemos tratado de vivir.&nbsp; Desde j\u00f3venes hemos tratado de [&hellip;]<\/p>\n","protected":false},"author":3,"featured_media":11327,"comment_status":"open","ping_status":"open","sticky":false,"template":"","format":"standard","meta":[],"categories":[36],"tags":[],"yoast_head":"<!-- This site is optimized with the Yoast SEO plugin v20.8 - https:\/\/yoast.com\/wordpress\/plugins\/seo\/ -->\n<title>Un poco de psicolog\u00eda - La Prensa Cristiana<\/title>\n<meta name=\"robots\" content=\"index, follow, max-snippet:-1, max-image-preview:large, max-video-preview:-1\" \/>\n<link rel=\"canonical\" href=\"https:\/\/laprensacristiana.com\/?p=13247\" \/>\n<meta property=\"og:locale\" content=\"es_ES\" \/>\n<meta property=\"og:type\" content=\"article\" \/>\n<meta property=\"og:title\" content=\"Un poco de psicolog\u00eda - La Prensa Cristiana\" \/>\n<meta property=\"og:description\" content=\"Salmos 8:4 \u201c\u2026 digo: \u00bfQu\u00e9 es el hombre para que de \u00e9l te acuerdes, y el hijo del hombre para que lo cuides?\u201d El hombre no vive su vida propia. No. El hombre trata de vivir la vida de otros. Es un axioma que casi todos hemos tratado de vivir.&nbsp; Desde j\u00f3venes hemos tratado de [&hellip;]\" \/>\n<meta property=\"og:url\" content=\"https:\/\/laprensacristiana.com\/?p=13247\" \/>\n<meta property=\"og:site_name\" content=\"La Prensa Cristiana\" \/>\n<meta property=\"article:published_time\" content=\"2022-03-09T13:55:53+00:00\" \/>\n<meta property=\"og:image\" content=\"https:\/\/laprensacristiana.com\/wp-content\/uploads\/2021\/02\/IMG_20210215_163352_769.jpg\" \/>\n\t<meta property=\"og:image:width\" content=\"1280\" \/>\n\t<meta property=\"og:image:height\" content=\"714\" \/>\n\t<meta property=\"og:image:type\" content=\"image\/jpeg\" \/>\n<meta name=\"author\" content=\"EDITOR\" \/>\n<meta name=\"twitter:card\" content=\"summary_large_image\" \/>\n<meta name=\"twitter:label1\" content=\"Escrito por\" \/>\n\t<meta name=\"twitter:data1\" content=\"EDITOR\" \/>\n\t<meta name=\"twitter:label2\" content=\"Tiempo de lectura\" \/>\n\t<meta name=\"twitter:data2\" content=\"4 minutos\" \/>\n<script type=\"application\/ld+json\" class=\"yoast-schema-graph\">{\"@context\":\"https:\/\/schema.org\",\"@graph\":[{\"@type\":\"WebPage\",\"@id\":\"https:\/\/laprensacristiana.com\/?p=13247\",\"url\":\"https:\/\/laprensacristiana.com\/?p=13247\",\"name\":\"Un poco de psicolog\u00eda - La Prensa Cristiana\",\"isPartOf\":{\"@id\":\"https:\/\/laprensacristiana.com\/#website\"},\"datePublished\":\"2022-03-09T13:55:53+00:00\",\"dateModified\":\"2022-03-09T13:55:53+00:00\",\"author\":{\"@id\":\"https:\/\/laprensacristiana.com\/#\/schema\/person\/3e7d82c6bfd6b1fa67010f8f7cd5256e\"},\"breadcrumb\":{\"@id\":\"https:\/\/laprensacristiana.com\/?p=13247#breadcrumb\"},\"inLanguage\":\"es\",\"potentialAction\":[{\"@type\":\"ReadAction\",\"target\":[\"https:\/\/laprensacristiana.com\/?p=13247\"]}]},{\"@type\":\"BreadcrumbList\",\"@id\":\"https:\/\/laprensacristiana.com\/?p=13247#breadcrumb\",\"itemListElement\":[{\"@type\":\"ListItem\",\"position\":1,\"name\":\"Portada\",\"item\":\"https:\/\/laprensacristiana.com\/\"},{\"@type\":\"ListItem\",\"position\":2,\"name\":\"Un poco de psicolog\u00eda\"}]},{\"@type\":\"WebSite\",\"@id\":\"https:\/\/laprensacristiana.com\/#website\",\"url\":\"https:\/\/laprensacristiana.com\/\",\"name\":\"La Prensa Cristiana\",\"description\":\"Anunciando Las Buenas Nuevas\",\"potentialAction\":[{\"@type\":\"SearchAction\",\"target\":{\"@type\":\"EntryPoint\",\"urlTemplate\":\"https:\/\/laprensacristiana.com\/?s={search_term_string}\"},\"query-input\":\"required name=search_term_string\"}],\"inLanguage\":\"es\"},{\"@type\":\"Person\",\"@id\":\"https:\/\/laprensacristiana.com\/#\/schema\/person\/3e7d82c6bfd6b1fa67010f8f7cd5256e\",\"name\":\"EDITOR\",\"image\":{\"@type\":\"ImageObject\",\"inLanguage\":\"es\",\"@id\":\"https:\/\/laprensacristiana.com\/#\/schema\/person\/image\/\",\"url\":\"https:\/\/secure.gravatar.com\/avatar\/72069dfb6c13772d9e8381e3638666d2?s=96&d=mm&r=g\",\"contentUrl\":\"https:\/\/secure.gravatar.com\/avatar\/72069dfb6c13772d9e8381e3638666d2?s=96&d=mm&r=g\",\"caption\":\"EDITOR\"},\"url\":\"https:\/\/laprensacristiana.com\/?author=3\"}]}<\/script>\n<!-- \/ Yoast SEO plugin. -->","yoast_head_json":{"title":"Un poco de psicolog\u00eda - La Prensa Cristiana","robots":{"index":"index","follow":"follow","max-snippet":"max-snippet:-1","max-image-preview":"max-image-preview:large","max-video-preview":"max-video-preview:-1"},"canonical":"https:\/\/laprensacristiana.com\/?p=13247","og_locale":"es_ES","og_type":"article","og_title":"Un poco de psicolog\u00eda - La Prensa Cristiana","og_description":"Salmos 8:4 \u201c\u2026 digo: \u00bfQu\u00e9 es el hombre para que de \u00e9l te acuerdes, y el hijo del hombre para que lo cuides?\u201d El hombre no vive su vida propia. No. El hombre trata de vivir la vida de otros. Es un axioma que casi todos hemos tratado de vivir.&nbsp; Desde j\u00f3venes hemos tratado de [&hellip;]","og_url":"https:\/\/laprensacristiana.com\/?p=13247","og_site_name":"La Prensa Cristiana","article_published_time":"2022-03-09T13:55:53+00:00","og_image":[{"width":1280,"height":714,"url":"https:\/\/laprensacristiana.com\/wp-content\/uploads\/2021\/02\/IMG_20210215_163352_769.jpg","type":"image\/jpeg"}],"author":"EDITOR","twitter_card":"summary_large_image","twitter_misc":{"Escrito por":"EDITOR","Tiempo de lectura":"4 minutos"},"schema":{"@context":"https:\/\/schema.org","@graph":[{"@type":"WebPage","@id":"https:\/\/laprensacristiana.com\/?p=13247","url":"https:\/\/laprensacristiana.com\/?p=13247","name":"Un poco de psicolog\u00eda - La Prensa Cristiana","isPartOf":{"@id":"https:\/\/laprensacristiana.com\/#website"},"datePublished":"2022-03-09T13:55:53+00:00","dateModified":"2022-03-09T13:55:53+00:00","author":{"@id":"https:\/\/laprensacristiana.com\/#\/schema\/person\/3e7d82c6bfd6b1fa67010f8f7cd5256e"},"breadcrumb":{"@id":"https:\/\/laprensacristiana.com\/?p=13247#breadcrumb"},"inLanguage":"es","potentialAction":[{"@type":"ReadAction","target":["https:\/\/laprensacristiana.com\/?p=13247"]}]},{"@type":"BreadcrumbList","@id":"https:\/\/laprensacristiana.com\/?p=13247#breadcrumb","itemListElement":[{"@type":"ListItem","position":1,"name":"Portada","item":"https:\/\/laprensacristiana.com\/"},{"@type":"ListItem","position":2,"name":"Un poco de psicolog\u00eda"}]},{"@type":"WebSite","@id":"https:\/\/laprensacristiana.com\/#website","url":"https:\/\/laprensacristiana.com\/","name":"La Prensa Cristiana","description":"Anunciando Las Buenas Nuevas","potentialAction":[{"@type":"SearchAction","target":{"@type":"EntryPoint","urlTemplate":"https:\/\/laprensacristiana.com\/?s={search_term_string}"},"query-input":"required name=search_term_string"}],"inLanguage":"es"},{"@type":"Person","@id":"https:\/\/laprensacristiana.com\/#\/schema\/person\/3e7d82c6bfd6b1fa67010f8f7cd5256e","name":"EDITOR","image":{"@type":"ImageObject","inLanguage":"es","@id":"https:\/\/laprensacristiana.com\/#\/schema\/person\/image\/","url":"https:\/\/secure.gravatar.com\/avatar\/72069dfb6c13772d9e8381e3638666d2?s=96&d=mm&r=g","contentUrl":"https:\/\/secure.gravatar.com\/avatar\/72069dfb6c13772d9e8381e3638666d2?s=96&d=mm&r=g","caption":"EDITOR"},"url":"https:\/\/laprensacristiana.com\/?author=3"}]}},"_links":{"self":[{"href":"https:\/\/laprensacristiana.com\/index.php?rest_route=\/wp\/v2\/posts\/13247"}],"collection":[{"href":"https:\/\/laprensacristiana.com\/index.php?rest_route=\/wp\/v2\/posts"}],"about":[{"href":"https:\/\/laprensacristiana.com\/index.php?rest_route=\/wp\/v2\/types\/post"}],"author":[{"embeddable":true,"href":"https:\/\/laprensacristiana.com\/index.php?rest_route=\/wp\/v2\/users\/3"}],"replies":[{"embeddable":true,"href":"https:\/\/laprensacristiana.com\/index.php?rest_route=%2Fwp%2Fv2%2Fcomments&post=13247"}],"version-history":[{"count":1,"href":"https:\/\/laprensacristiana.com\/index.php?rest_route=\/wp\/v2\/posts\/13247\/revisions"}],"predecessor-version":[{"id":13248,"href":"https:\/\/laprensacristiana.com\/index.php?rest_route=\/wp\/v2\/posts\/13247\/revisions\/13248"}],"wp:featuredmedia":[{"embeddable":true,"href":"https:\/\/laprensacristiana.com\/index.php?rest_route=\/wp\/v2\/media\/11327"}],"wp:attachment":[{"href":"https:\/\/laprensacristiana.com\/index.php?rest_route=%2Fwp%2Fv2%2Fmedia&parent=13247"}],"wp:term":[{"taxonomy":"category","embeddable":true,"href":"https:\/\/laprensacristiana.com\/index.php?rest_route=%2Fwp%2Fv2%2Fcategories&post=13247"},{"taxonomy":"post_tag","embeddable":true,"href":"https:\/\/laprensacristiana.com\/index.php?rest_route=%2Fwp%2Fv2%2Ftags&post=13247"}],"curies":[{"name":"wp","href":"https:\/\/api.w.org\/{rel}","templated":true}]}}