{"id":13256,"date":"2022-03-14T14:15:03","date_gmt":"2022-03-14T14:15:03","guid":{"rendered":"https:\/\/laprensacristiana.com\/?p=13256"},"modified":"2022-03-14T14:15:04","modified_gmt":"2022-03-14T14:15:04","slug":"bipolaridad","status":"publish","type":"post","link":"https:\/\/laprensacristiana.com\/?p=13256","title":{"rendered":"Bipolaridad"},"content":{"rendered":"\n<p>1 Samuel 10:11 Y sucedi\u00f3 que cuando todos los que le conoc\u00edan de antes vieron que ahora profetizaba con los profetas, los del pueblo se dec\u00edan unos a otros: \u00bfQu\u00e9 le ha sucedido al hijo de Cis? \u00bfEst\u00e1 Sa\u00fal tambi\u00e9n entre los profetas?<\/p>\n\n\n\n<p>El ser humano es contradictorio. Hay, dentro de cada uno de nosotros, dos partes. Una parte quiere algo y la otra lo rechaza.&nbsp; Hay mujeres que luchan por encontrar un hombre que las acompa\u00f1e toda su vida, pero cuando ese hombre empieza a exigir cosas que a ella no le agrada hacer, empieza a rechazarlo.&nbsp;<\/p>\n\n\n\n<p>Lo mismo aplica para el hombre. Busca con ah\u00ednco una mujer que est\u00e9 con \u00e9l toda su vida, que le de hijos y estabilidad emocional y f\u00edsica, pero cuando ella empieza a reclamar derechos inherentes al matrimonio, \u00e9l ya no est\u00e1 contento.&nbsp; Cuando sus hijos empiezan a ser causa de gastos mensuales, cuando hay que comprar comida y pagar colegios y \u00fatiles, ese hombre ya no se siente muy satisfecho de haber empezado algo que al principio pudo haber sido hermoso.<\/p>\n\n\n\n<p>Es la bipolaridad humana.<\/p>\n\n\n\n<p>Eso le pas\u00f3 al pueblo de Israel en tiempos de que Samuel unge a un hombre llamado Sa\u00fal como rey de ese pueblo.<\/p>\n\n\n\n<p>Todos quer\u00edan un rey. Un rey que fuera, seg\u00fan sus palabras, como los reyes de las otras naciones. En consecuencia, rechazaron el reinado del Se\u00f1or Dios y la profec\u00eda&nbsp; y direcci\u00f3n espiritual de Samuel y le pidieron que les ungiera un rey humano. Un hombre que les hiciera sentir orgullosos de estar bajo su reinado. Un hombre con brillo, con carisma y que fuera admirado por todas las naciones alrededor.<\/p>\n\n\n\n<p>Humanamente hablando, Samuel se siente desplazado, pero el Se\u00f1or le dice que no es a \u00e9l a quien han rechazado, es al mismo Dios. Que les nombre al rey que Dios tiene reservado para ellos. Tendr\u00e1n lo que piden, solo que van a tener que soportar ciertas exigencias que este rey les impondr\u00e1.&nbsp; Ellos responden que no importa, quieren un rey humano y no se hable m\u00e1s del asunto.<\/p>\n\n\n\n<p>Y aparece Sa\u00fal. El famoso hijo de Cis, miedoso, cobarde, amargado, frustrado, buscador de asnas, sin un centavo en la bolsa y para m\u00e1s inri, escondido rehuyendo el llamado del profeta Samuel para ungirlo como el hombre escogido por Dios para reinar sobre el pueblo.<\/p>\n\n\n\n<p>Y la historia nos cuenta que fue ungido como rey. Pero antes, el pueblo va a tener que llevarse una buena sorpresa: Sa\u00fal va a ser trasformado por el Se\u00f1or y antes de subir al trono, tendr\u00e1 que unirse a una compa\u00f1\u00eda de profetas para ser cambiado desde su propio coraz\u00f3n. As\u00ed es el Se\u00f1or. Nos da sorpresas inesperadas cuando le pedimos algo que no est\u00e1 en su Voluntad pero es tan bueno que no nos niega lo que le pedimos a menos que peligre nuestra vida eterna.<\/p>\n\n\n\n<p>Y Sa\u00fal, sin saber como, porque no estaba interesado en nada espiritual, empieza a profetizar igual que los alumnos de Samuel. De pronto, aparece dando voces, hablando en el Esp\u00edritu y profetizando cosas que el pueblo identifica solo como acciones de un profeta.<\/p>\n\n\n\n<p>Y se decepcionan de lo que pidieron. Ya no les gusta lo que est\u00e1n viendo. Ellos no quieren un profeta como rey, quieren un hombre com\u00fan y corriente, un hombre que les hable lo que ellos quieren o\u00edr y no las palabras del Esp\u00edritu.&nbsp; Ellos se sorprenden cuando ven y escuchan al hombre que pidieron como rey, hablando palabras venidas del Coraz\u00f3n de Dios.<\/p>\n\n\n\n<p>Eso no les gust\u00f3. Lo expresan sus palabras: \u00bfSa\u00fal entre los profetas? \u00bfQue le ha pasado el hijo de Cis? Sa\u00fal no era as\u00ed. Sa\u00fal era chistoso, malhablado, hablaba con un lenguaje algo callejero, era un \u201cchero\u201d o \u201cpana\u201d o como quiera que le llamen en su pa\u00eds a los amigos que no son espirituales, pero ahora lo ven transformado en un profeta.<\/p>\n\n\n\n<p>No, no queremos a Saul de esa manera. Lo queremos como era antes.&nbsp; Queremos un rey com\u00fan y corriente, un pastor que nos agrade, que hable cosas que nos agradan, que no nos est\u00e9 dando \u00f3rdenes ni mandamientos que no queremos cumplir. Queremos un maestro que nos ense\u00f1e como hacer dinero, no que nos ense\u00f1e a ir al cielo. Queremos un gur\u00fa de la prosperidad, de como alcanzar el \u00e9xito financiero y no que nos est\u00e9 asustando con el infierno.&nbsp; \u00bfQue le pas\u00f3 a Sa\u00fal? O sea que nos quitamos a Samuel pero nos dej\u00f3 este otro.<\/p>\n\n\n\n<p>\u00bfQue opinan, lectores?<\/p>\n","protected":false},"excerpt":{"rendered":"<p>1 Samuel 10:11 Y sucedi\u00f3 que cuando todos los que le conoc\u00edan de antes vieron que ahora profetizaba con los profetas, los del pueblo se dec\u00edan unos a otros: \u00bfQu\u00e9 le ha sucedido al hijo de Cis? \u00bfEst\u00e1 Sa\u00fal tambi\u00e9n entre los profetas? El ser humano es contradictorio. Hay, dentro de cada uno de nosotros, [&hellip;]<\/p>\n","protected":false},"author":3,"featured_media":12838,"comment_status":"open","ping_status":"open","sticky":false,"template":"","format":"standard","meta":[],"categories":[36],"tags":[],"yoast_head":"<!-- This site is optimized with the Yoast SEO plugin v20.8 - https:\/\/yoast.com\/wordpress\/plugins\/seo\/ -->\n<title>Bipolaridad - La Prensa Cristiana<\/title>\n<meta name=\"robots\" content=\"index, follow, max-snippet:-1, max-image-preview:large, max-video-preview:-1\" \/>\n<link rel=\"canonical\" href=\"https:\/\/laprensacristiana.com\/?p=13256\" \/>\n<meta property=\"og:locale\" content=\"es_ES\" \/>\n<meta property=\"og:type\" content=\"article\" \/>\n<meta property=\"og:title\" content=\"Bipolaridad - La Prensa Cristiana\" \/>\n<meta property=\"og:description\" content=\"1 Samuel 10:11 Y sucedi\u00f3 que cuando todos los que le conoc\u00edan de antes vieron que ahora profetizaba con los profetas, los del pueblo se dec\u00edan unos a otros: \u00bfQu\u00e9 le ha sucedido al hijo de Cis? \u00bfEst\u00e1 Sa\u00fal tambi\u00e9n entre los profetas? El ser humano es contradictorio. Hay, dentro de cada uno de nosotros, [&hellip;]\" \/>\n<meta property=\"og:url\" content=\"https:\/\/laprensacristiana.com\/?p=13256\" \/>\n<meta property=\"og:site_name\" content=\"La Prensa Cristiana\" \/>\n<meta property=\"article:published_time\" content=\"2022-03-14T14:15:03+00:00\" \/>\n<meta property=\"article:modified_time\" content=\"2022-03-14T14:15:04+00:00\" \/>\n<meta property=\"og:image\" content=\"https:\/\/laprensacristiana.com\/wp-content\/uploads\/2021\/11\/IMG_20210215_163352_769-1.jpg\" \/>\n\t<meta property=\"og:image:width\" content=\"1280\" \/>\n\t<meta property=\"og:image:height\" content=\"714\" \/>\n\t<meta property=\"og:image:type\" content=\"image\/jpeg\" \/>\n<meta name=\"author\" content=\"EDITOR\" \/>\n<meta name=\"twitter:card\" content=\"summary_large_image\" \/>\n<meta name=\"twitter:label1\" content=\"Escrito por\" \/>\n\t<meta name=\"twitter:data1\" content=\"EDITOR\" \/>\n\t<meta name=\"twitter:label2\" content=\"Tiempo de lectura\" \/>\n\t<meta name=\"twitter:data2\" content=\"4 minutos\" \/>\n<script type=\"application\/ld+json\" class=\"yoast-schema-graph\">{\"@context\":\"https:\/\/schema.org\",\"@graph\":[{\"@type\":\"WebPage\",\"@id\":\"https:\/\/laprensacristiana.com\/?p=13256\",\"url\":\"https:\/\/laprensacristiana.com\/?p=13256\",\"name\":\"Bipolaridad - La Prensa Cristiana\",\"isPartOf\":{\"@id\":\"https:\/\/laprensacristiana.com\/#website\"},\"datePublished\":\"2022-03-14T14:15:03+00:00\",\"dateModified\":\"2022-03-14T14:15:04+00:00\",\"author\":{\"@id\":\"https:\/\/laprensacristiana.com\/#\/schema\/person\/3e7d82c6bfd6b1fa67010f8f7cd5256e\"},\"breadcrumb\":{\"@id\":\"https:\/\/laprensacristiana.com\/?p=13256#breadcrumb\"},\"inLanguage\":\"es\",\"potentialAction\":[{\"@type\":\"ReadAction\",\"target\":[\"https:\/\/laprensacristiana.com\/?p=13256\"]}]},{\"@type\":\"BreadcrumbList\",\"@id\":\"https:\/\/laprensacristiana.com\/?p=13256#breadcrumb\",\"itemListElement\":[{\"@type\":\"ListItem\",\"position\":1,\"name\":\"Portada\",\"item\":\"https:\/\/laprensacristiana.com\/\"},{\"@type\":\"ListItem\",\"position\":2,\"name\":\"Bipolaridad\"}]},{\"@type\":\"WebSite\",\"@id\":\"https:\/\/laprensacristiana.com\/#website\",\"url\":\"https:\/\/laprensacristiana.com\/\",\"name\":\"La Prensa Cristiana\",\"description\":\"Anunciando Las Buenas Nuevas\",\"potentialAction\":[{\"@type\":\"SearchAction\",\"target\":{\"@type\":\"EntryPoint\",\"urlTemplate\":\"https:\/\/laprensacristiana.com\/?s={search_term_string}\"},\"query-input\":\"required name=search_term_string\"}],\"inLanguage\":\"es\"},{\"@type\":\"Person\",\"@id\":\"https:\/\/laprensacristiana.com\/#\/schema\/person\/3e7d82c6bfd6b1fa67010f8f7cd5256e\",\"name\":\"EDITOR\",\"image\":{\"@type\":\"ImageObject\",\"inLanguage\":\"es\",\"@id\":\"https:\/\/laprensacristiana.com\/#\/schema\/person\/image\/\",\"url\":\"https:\/\/secure.gravatar.com\/avatar\/72069dfb6c13772d9e8381e3638666d2?s=96&d=mm&r=g\",\"contentUrl\":\"https:\/\/secure.gravatar.com\/avatar\/72069dfb6c13772d9e8381e3638666d2?s=96&d=mm&r=g\",\"caption\":\"EDITOR\"},\"url\":\"https:\/\/laprensacristiana.com\/?author=3\"}]}<\/script>\n<!-- \/ Yoast SEO plugin. -->","yoast_head_json":{"title":"Bipolaridad - La Prensa Cristiana","robots":{"index":"index","follow":"follow","max-snippet":"max-snippet:-1","max-image-preview":"max-image-preview:large","max-video-preview":"max-video-preview:-1"},"canonical":"https:\/\/laprensacristiana.com\/?p=13256","og_locale":"es_ES","og_type":"article","og_title":"Bipolaridad - La Prensa Cristiana","og_description":"1 Samuel 10:11 Y sucedi\u00f3 que cuando todos los que le conoc\u00edan de antes vieron que ahora profetizaba con los profetas, los del pueblo se dec\u00edan unos a otros: \u00bfQu\u00e9 le ha sucedido al hijo de Cis? \u00bfEst\u00e1 Sa\u00fal tambi\u00e9n entre los profetas? El ser humano es contradictorio. Hay, dentro de cada uno de nosotros, [&hellip;]","og_url":"https:\/\/laprensacristiana.com\/?p=13256","og_site_name":"La Prensa Cristiana","article_published_time":"2022-03-14T14:15:03+00:00","article_modified_time":"2022-03-14T14:15:04+00:00","og_image":[{"width":1280,"height":714,"url":"https:\/\/laprensacristiana.com\/wp-content\/uploads\/2021\/11\/IMG_20210215_163352_769-1.jpg","type":"image\/jpeg"}],"author":"EDITOR","twitter_card":"summary_large_image","twitter_misc":{"Escrito por":"EDITOR","Tiempo de lectura":"4 minutos"},"schema":{"@context":"https:\/\/schema.org","@graph":[{"@type":"WebPage","@id":"https:\/\/laprensacristiana.com\/?p=13256","url":"https:\/\/laprensacristiana.com\/?p=13256","name":"Bipolaridad - La Prensa Cristiana","isPartOf":{"@id":"https:\/\/laprensacristiana.com\/#website"},"datePublished":"2022-03-14T14:15:03+00:00","dateModified":"2022-03-14T14:15:04+00:00","author":{"@id":"https:\/\/laprensacristiana.com\/#\/schema\/person\/3e7d82c6bfd6b1fa67010f8f7cd5256e"},"breadcrumb":{"@id":"https:\/\/laprensacristiana.com\/?p=13256#breadcrumb"},"inLanguage":"es","potentialAction":[{"@type":"ReadAction","target":["https:\/\/laprensacristiana.com\/?p=13256"]}]},{"@type":"BreadcrumbList","@id":"https:\/\/laprensacristiana.com\/?p=13256#breadcrumb","itemListElement":[{"@type":"ListItem","position":1,"name":"Portada","item":"https:\/\/laprensacristiana.com\/"},{"@type":"ListItem","position":2,"name":"Bipolaridad"}]},{"@type":"WebSite","@id":"https:\/\/laprensacristiana.com\/#website","url":"https:\/\/laprensacristiana.com\/","name":"La Prensa Cristiana","description":"Anunciando Las Buenas Nuevas","potentialAction":[{"@type":"SearchAction","target":{"@type":"EntryPoint","urlTemplate":"https:\/\/laprensacristiana.com\/?s={search_term_string}"},"query-input":"required name=search_term_string"}],"inLanguage":"es"},{"@type":"Person","@id":"https:\/\/laprensacristiana.com\/#\/schema\/person\/3e7d82c6bfd6b1fa67010f8f7cd5256e","name":"EDITOR","image":{"@type":"ImageObject","inLanguage":"es","@id":"https:\/\/laprensacristiana.com\/#\/schema\/person\/image\/","url":"https:\/\/secure.gravatar.com\/avatar\/72069dfb6c13772d9e8381e3638666d2?s=96&d=mm&r=g","contentUrl":"https:\/\/secure.gravatar.com\/avatar\/72069dfb6c13772d9e8381e3638666d2?s=96&d=mm&r=g","caption":"EDITOR"},"url":"https:\/\/laprensacristiana.com\/?author=3"}]}},"_links":{"self":[{"href":"https:\/\/laprensacristiana.com\/index.php?rest_route=\/wp\/v2\/posts\/13256"}],"collection":[{"href":"https:\/\/laprensacristiana.com\/index.php?rest_route=\/wp\/v2\/posts"}],"about":[{"href":"https:\/\/laprensacristiana.com\/index.php?rest_route=\/wp\/v2\/types\/post"}],"author":[{"embeddable":true,"href":"https:\/\/laprensacristiana.com\/index.php?rest_route=\/wp\/v2\/users\/3"}],"replies":[{"embeddable":true,"href":"https:\/\/laprensacristiana.com\/index.php?rest_route=%2Fwp%2Fv2%2Fcomments&post=13256"}],"version-history":[{"count":1,"href":"https:\/\/laprensacristiana.com\/index.php?rest_route=\/wp\/v2\/posts\/13256\/revisions"}],"predecessor-version":[{"id":13257,"href":"https:\/\/laprensacristiana.com\/index.php?rest_route=\/wp\/v2\/posts\/13256\/revisions\/13257"}],"wp:featuredmedia":[{"embeddable":true,"href":"https:\/\/laprensacristiana.com\/index.php?rest_route=\/wp\/v2\/media\/12838"}],"wp:attachment":[{"href":"https:\/\/laprensacristiana.com\/index.php?rest_route=%2Fwp%2Fv2%2Fmedia&parent=13256"}],"wp:term":[{"taxonomy":"category","embeddable":true,"href":"https:\/\/laprensacristiana.com\/index.php?rest_route=%2Fwp%2Fv2%2Fcategories&post=13256"},{"taxonomy":"post_tag","embeddable":true,"href":"https:\/\/laprensacristiana.com\/index.php?rest_route=%2Fwp%2Fv2%2Ftags&post=13256"}],"curies":[{"name":"wp","href":"https:\/\/api.w.org\/{rel}","templated":true}]}}