{"id":13295,"date":"2022-03-28T14:50:32","date_gmt":"2022-03-28T14:50:32","guid":{"rendered":"https:\/\/laprensacristiana.com\/?p=13295"},"modified":"2022-03-28T14:50:33","modified_gmt":"2022-03-28T14:50:33","slug":"jose-andres-hernandez-seguimos-el-legado-de-mis-padres-de-ayudar-a-quienes-mas-lo-necesitan","status":"publish","type":"post","link":"https:\/\/laprensacristiana.com\/?p=13295","title":{"rendered":"Jos\u00e9 Andr\u00e9s Hern\u00e1ndez: \u201cSeguimos el legado de mis padres de ayudar a quienes m\u00e1s lo necesitan\u201d"},"content":{"rendered":"\n<p>Conocido por muchos por su labor de llevar ayuda a quienes m\u00e1s lo necesitan, Jos\u00e9 Andr\u00e9s contin\u00faa dando el ejemplo del servicio inspirado por honrar a Dios, antes durante y despu\u00e9s de ser funcionario.<\/p>\n\n\n\n<p>\u200bCada semana visita diferentes comunidades del pa\u00eds para apoyar a quienes m\u00e1s lo necesitan, tambi\u00e9n se caracteriza por su compromiso de impulsar el desarrollo humano, econ\u00f3mico y social en el pa\u00eds, liderando diferentes programas de emprendimiento, conoce c\u00f3mo generar empleo ya que viene de ese sector, algunas de sus luchas precisamente son velar por la justicia social en apoyo a los emprendedores, peque\u00f1os y medianos que son quienes brindan la mayor\u00eda de oportunidades de empleo en El Salvador.<\/p>\n\n\n\n<p>\u200bEs necesario reconocer a las personas que como Jos\u00e9 Andr\u00e9s nos demuestran que El Salvador es un pa\u00eds que saldr\u00e1 adelante siempre y cuando nos apoyemos y mantengamos unidos, solidarios, que su trabajo nos inspire a ser mejores, a pesar de las adversidades que ha enfrentado ha logrado mantenerse como familia emprendedora en un mercado globalizado, muy competitivo donde las condiciones nunca fueron iguales para todos, nos comparti\u00f3 un poquito de su testimonio para inspirar a peque\u00f1os y medianos a seguir luchando, las adversidades deben volvernos m\u00e1s fuertes como ciudadanos y cristianos. Sin importar la pandemia, cat\u00e1strofes clim\u00e1ticas y otras adversidades, Jos\u00e9 Andr\u00e9s no ha dejado de apoyar con recursos propios las causas m\u00e1s importantes.<\/p>\n\n\n\n<p>\u200bAl preguntarle por qu\u00e9 dedica la mayor parte de su tiempo al servicio, nos responde: \u201cPor los principios y valores que me inculcaron mis padres, seguimos llevando el legado de ayudar a quienes m\u00e1s lo necesitan, nos apasiona servir, sabemos que de esa forma estamos honrando a Dios.\u201d<\/p>\n\n\n\n<p>Mientras que al consultarle como han hecho para mantenerse en un mercado competitivo, nos expresa: \u201cA pesar de la adversidades DIOS nos permite sobrevivir en un mercado altamente globalizado donde las condiciones de desigualdad en temas de competitividad y condiciones no han sido iguales a las de otros sectores que han gozado de privilegios como el proteccionismo a cambio de sacrificar otros sectores peque\u00f1os y medianos como el nuestro, como ejemplo el TLC con M\u00e9xico el cual nos puso a competir con transnacionales sin habernos permitido las condiciones para accesar a materias primas, como resultado m\u00e1s del 80% del mercado est\u00e1 en manos de transnacionales de otros pa\u00edses, sin embargo seguimos dando batalla contra todo pron\u00f3stico, contra un sistema dise\u00f1ado para que el grande aplaste al peque\u00f1o, somos 100 % nacionales y no pedimos privilegios solo las condiciones justas y transparentes para poder seguir impulsando el desarrollo humano, econ\u00f3mico y social de El Salvador. Somos fuente generadora de m\u00e1s de 320 empleos directos y miles de indirectos y podr\u00edamos generar muchos m\u00e1s si tan solo jug\u00e1ramos en una cancha donde el \u00e1rbitro no est\u00e9 de un lado m\u00e1s que del FAIRPLAY justo, transparente y correcto\u201d, concluy\u00f3.<\/p>\n\n\n\n<figure class=\"wp-block-gallery columns-3 is-cropped wp-block-gallery-1 is-layout-flex\"><ul class=\"blocks-gallery-grid\"><li class=\"blocks-gallery-item\"><figure><img decoding=\"async\" loading=\"lazy\" width=\"1024\" height=\"759\" src=\"https:\/\/laprensacristiana.com\/wp-content\/uploads\/2022\/03\/1-1024x759.jpg\" alt=\"\" data-id=\"13297\" data-full-url=\"https:\/\/laprensacristiana.com\/wp-content\/uploads\/2022\/03\/1.jpg\" data-link=\"https:\/\/laprensacristiana.com\/?attachment_id=13297\" class=\"wp-image-13297\" srcset=\"https:\/\/laprensacristiana.com\/wp-content\/uploads\/2022\/03\/1-1024x759.jpg 1024w, https:\/\/laprensacristiana.com\/wp-content\/uploads\/2022\/03\/1-300x222.jpg 300w, https:\/\/laprensacristiana.com\/wp-content\/uploads\/2022\/03\/1-768x569.jpg 768w, https:\/\/laprensacristiana.com\/wp-content\/uploads\/2022\/03\/1-1536x1139.jpg 1536w, https:\/\/laprensacristiana.com\/wp-content\/uploads\/2022\/03\/1-485x360.jpg 485w, https:\/\/laprensacristiana.com\/wp-content\/uploads\/2022\/03\/1-696x516.jpg 696w, https:\/\/laprensacristiana.com\/wp-content\/uploads\/2022\/03\/1-1068x792.jpg 1068w, https:\/\/laprensacristiana.com\/wp-content\/uploads\/2022\/03\/1-600x445.jpg 600w, https:\/\/laprensacristiana.com\/wp-content\/uploads\/2022\/03\/1.jpg 1600w\" sizes=\"(max-width: 1024px) 100vw, 1024px\" \/><\/figure><\/li><li class=\"blocks-gallery-item\"><figure><img decoding=\"async\" loading=\"lazy\" width=\"1024\" height=\"768\" src=\"https:\/\/laprensacristiana.com\/wp-content\/uploads\/2022\/03\/3.jpg\" alt=\"\" data-id=\"13298\" data-full-url=\"https:\/\/laprensacristiana.com\/wp-content\/uploads\/2022\/03\/3.jpg\" data-link=\"https:\/\/laprensacristiana.com\/?attachment_id=13298\" class=\"wp-image-13298\" srcset=\"https:\/\/laprensacristiana.com\/wp-content\/uploads\/2022\/03\/3.jpg 1024w, https:\/\/laprensacristiana.com\/wp-content\/uploads\/2022\/03\/3-300x225.jpg 300w, https:\/\/laprensacristiana.com\/wp-content\/uploads\/2022\/03\/3-768x576.jpg 768w, https:\/\/laprensacristiana.com\/wp-content\/uploads\/2022\/03\/3-696x522.jpg 696w, https:\/\/laprensacristiana.com\/wp-content\/uploads\/2022\/03\/3-600x450.jpg 600w\" sizes=\"(max-width: 1024px) 100vw, 1024px\" \/><\/figure><\/li><li class=\"blocks-gallery-item\"><figure><img decoding=\"async\" loading=\"lazy\" width=\"1024\" height=\"768\" src=\"https:\/\/laprensacristiana.com\/wp-content\/uploads\/2022\/03\/4.jpg\" alt=\"\" data-id=\"13299\" data-full-url=\"https:\/\/laprensacristiana.com\/wp-content\/uploads\/2022\/03\/4.jpg\" data-link=\"https:\/\/laprensacristiana.com\/?attachment_id=13299\" class=\"wp-image-13299\" srcset=\"https:\/\/laprensacristiana.com\/wp-content\/uploads\/2022\/03\/4.jpg 1024w, https:\/\/laprensacristiana.com\/wp-content\/uploads\/2022\/03\/4-300x225.jpg 300w, https:\/\/laprensacristiana.com\/wp-content\/uploads\/2022\/03\/4-768x576.jpg 768w, https:\/\/laprensacristiana.com\/wp-content\/uploads\/2022\/03\/4-696x522.jpg 696w, https:\/\/laprensacristiana.com\/wp-content\/uploads\/2022\/03\/4-600x450.jpg 600w\" sizes=\"(max-width: 1024px) 100vw, 1024px\" \/><\/figure><\/li><li class=\"blocks-gallery-item\"><figure><img decoding=\"async\" loading=\"lazy\" width=\"1024\" height=\"1018\" src=\"https:\/\/laprensacristiana.com\/wp-content\/uploads\/2022\/03\/5.jpg\" alt=\"\" data-id=\"13300\" data-full-url=\"https:\/\/laprensacristiana.com\/wp-content\/uploads\/2022\/03\/5.jpg\" data-link=\"https:\/\/laprensacristiana.com\/?attachment_id=13300\" class=\"wp-image-13300\" srcset=\"https:\/\/laprensacristiana.com\/wp-content\/uploads\/2022\/03\/5.jpg 1024w, https:\/\/laprensacristiana.com\/wp-content\/uploads\/2022\/03\/5-300x298.jpg 300w, https:\/\/laprensacristiana.com\/wp-content\/uploads\/2022\/03\/5-150x150.jpg 150w, https:\/\/laprensacristiana.com\/wp-content\/uploads\/2022\/03\/5-768x764.jpg 768w, https:\/\/laprensacristiana.com\/wp-content\/uploads\/2022\/03\/5-696x692.jpg 696w, https:\/\/laprensacristiana.com\/wp-content\/uploads\/2022\/03\/5-600x596.jpg 600w, https:\/\/laprensacristiana.com\/wp-content\/uploads\/2022\/03\/5-100x100.jpg 100w\" sizes=\"(max-width: 1024px) 100vw, 1024px\" \/><\/figure><\/li><li class=\"blocks-gallery-item\"><figure><img decoding=\"async\" loading=\"lazy\" width=\"768\" height=\"1024\" src=\"https:\/\/laprensacristiana.com\/wp-content\/uploads\/2022\/03\/6-768x1024.jpg\" alt=\"\" data-id=\"13301\" data-full-url=\"https:\/\/laprensacristiana.com\/wp-content\/uploads\/2022\/03\/6.jpg\" data-link=\"https:\/\/laprensacristiana.com\/?attachment_id=13301\" class=\"wp-image-13301\" srcset=\"https:\/\/laprensacristiana.com\/wp-content\/uploads\/2022\/03\/6-768x1024.jpg 768w, https:\/\/laprensacristiana.com\/wp-content\/uploads\/2022\/03\/6-225x300.jpg 225w, https:\/\/laprensacristiana.com\/wp-content\/uploads\/2022\/03\/6-1152x1536.jpg 1152w, https:\/\/laprensacristiana.com\/wp-content\/uploads\/2022\/03\/6-696x928.jpg 696w, https:\/\/laprensacristiana.com\/wp-content\/uploads\/2022\/03\/6-1068x1424.jpg 1068w, https:\/\/laprensacristiana.com\/wp-content\/uploads\/2022\/03\/6-600x800.jpg 600w, https:\/\/laprensacristiana.com\/wp-content\/uploads\/2022\/03\/6.jpg 1200w\" sizes=\"(max-width: 768px) 100vw, 768px\" \/><\/figure><\/li><\/ul><\/figure>\n","protected":false},"excerpt":{"rendered":"<p>Conocido por muchos por su labor de llevar ayuda a quienes m\u00e1s lo necesitan, Jos\u00e9 Andr\u00e9s contin\u00faa dando el ejemplo del servicio inspirado por honrar a Dios, antes durante y despu\u00e9s de ser funcionario. \u200bCada semana visita diferentes comunidades del pa\u00eds para apoyar a quienes m\u00e1s lo necesitan, tambi\u00e9n se caracteriza por su compromiso de [&hellip;]<\/p>\n","protected":false},"author":3,"featured_media":13296,"comment_status":"open","ping_status":"open","sticky":false,"template":"","format":"standard","meta":[],"categories":[56],"tags":[],"yoast_head":"<!-- This site is optimized with the Yoast SEO plugin v20.8 - https:\/\/yoast.com\/wordpress\/plugins\/seo\/ -->\n<title>Jos\u00e9 Andr\u00e9s Hern\u00e1ndez: \u201cSeguimos el legado de mis padres de ayudar a quienes m\u00e1s lo necesitan\u201d - La Prensa Cristiana<\/title>\n<meta name=\"robots\" content=\"index, follow, max-snippet:-1, max-image-preview:large, max-video-preview:-1\" \/>\n<link rel=\"canonical\" href=\"https:\/\/laprensacristiana.com\/?p=13295\" \/>\n<meta property=\"og:locale\" content=\"es_ES\" \/>\n<meta property=\"og:type\" content=\"article\" \/>\n<meta property=\"og:title\" content=\"Jos\u00e9 Andr\u00e9s Hern\u00e1ndez: \u201cSeguimos el legado de mis padres de ayudar a quienes m\u00e1s lo necesitan\u201d - La Prensa Cristiana\" \/>\n<meta property=\"og:description\" content=\"Conocido por muchos por su labor de llevar ayuda a quienes m\u00e1s lo necesitan, Jos\u00e9 Andr\u00e9s contin\u00faa dando el ejemplo del servicio inspirado por honrar a Dios, antes durante y despu\u00e9s de ser funcionario. \u200bCada semana visita diferentes comunidades del pa\u00eds para apoyar a quienes m\u00e1s lo necesitan, tambi\u00e9n se caracteriza por su compromiso de [&hellip;]\" \/>\n<meta property=\"og:url\" content=\"https:\/\/laprensacristiana.com\/?p=13295\" \/>\n<meta property=\"og:site_name\" content=\"La Prensa Cristiana\" \/>\n<meta property=\"article:published_time\" content=\"2022-03-28T14:50:32+00:00\" \/>\n<meta property=\"article:modified_time\" content=\"2022-03-28T14:50:33+00:00\" \/>\n<meta property=\"og:image\" content=\"https:\/\/laprensacristiana.com\/wp-content\/uploads\/2022\/03\/2.jpg\" \/>\n\t<meta property=\"og:image:width\" content=\"1024\" \/>\n\t<meta property=\"og:image:height\" content=\"768\" \/>\n\t<meta property=\"og:image:type\" content=\"image\/jpeg\" \/>\n<meta name=\"author\" content=\"EDITOR\" \/>\n<meta name=\"twitter:card\" content=\"summary_large_image\" \/>\n<meta name=\"twitter:label1\" content=\"Escrito por\" \/>\n\t<meta name=\"twitter:data1\" content=\"EDITOR\" \/>\n\t<meta name=\"twitter:label2\" content=\"Tiempo de lectura\" \/>\n\t<meta name=\"twitter:data2\" content=\"3 minutos\" \/>\n<script type=\"application\/ld+json\" class=\"yoast-schema-graph\">{\"@context\":\"https:\/\/schema.org\",\"@graph\":[{\"@type\":\"WebPage\",\"@id\":\"https:\/\/laprensacristiana.com\/?p=13295\",\"url\":\"https:\/\/laprensacristiana.com\/?p=13295\",\"name\":\"Jos\u00e9 Andr\u00e9s Hern\u00e1ndez: \u201cSeguimos el legado de mis padres de ayudar a quienes m\u00e1s lo necesitan\u201d - La Prensa Cristiana\",\"isPartOf\":{\"@id\":\"https:\/\/laprensacristiana.com\/#website\"},\"datePublished\":\"2022-03-28T14:50:32+00:00\",\"dateModified\":\"2022-03-28T14:50:33+00:00\",\"author\":{\"@id\":\"https:\/\/laprensacristiana.com\/#\/schema\/person\/3e7d82c6bfd6b1fa67010f8f7cd5256e\"},\"breadcrumb\":{\"@id\":\"https:\/\/laprensacristiana.com\/?p=13295#breadcrumb\"},\"inLanguage\":\"es\",\"potentialAction\":[{\"@type\":\"ReadAction\",\"target\":[\"https:\/\/laprensacristiana.com\/?p=13295\"]}]},{\"@type\":\"BreadcrumbList\",\"@id\":\"https:\/\/laprensacristiana.com\/?p=13295#breadcrumb\",\"itemListElement\":[{\"@type\":\"ListItem\",\"position\":1,\"name\":\"Portada\",\"item\":\"https:\/\/laprensacristiana.com\/\"},{\"@type\":\"ListItem\",\"position\":2,\"name\":\"Jos\u00e9 Andr\u00e9s Hern\u00e1ndez: \u201cSeguimos el legado de mis padres de ayudar a quienes m\u00e1s lo necesitan\u201d\"}]},{\"@type\":\"WebSite\",\"@id\":\"https:\/\/laprensacristiana.com\/#website\",\"url\":\"https:\/\/laprensacristiana.com\/\",\"name\":\"La Prensa Cristiana\",\"description\":\"Anunciando Las Buenas Nuevas\",\"potentialAction\":[{\"@type\":\"SearchAction\",\"target\":{\"@type\":\"EntryPoint\",\"urlTemplate\":\"https:\/\/laprensacristiana.com\/?s={search_term_string}\"},\"query-input\":\"required name=search_term_string\"}],\"inLanguage\":\"es\"},{\"@type\":\"Person\",\"@id\":\"https:\/\/laprensacristiana.com\/#\/schema\/person\/3e7d82c6bfd6b1fa67010f8f7cd5256e\",\"name\":\"EDITOR\",\"image\":{\"@type\":\"ImageObject\",\"inLanguage\":\"es\",\"@id\":\"https:\/\/laprensacristiana.com\/#\/schema\/person\/image\/\",\"url\":\"https:\/\/secure.gravatar.com\/avatar\/72069dfb6c13772d9e8381e3638666d2?s=96&d=mm&r=g\",\"contentUrl\":\"https:\/\/secure.gravatar.com\/avatar\/72069dfb6c13772d9e8381e3638666d2?s=96&d=mm&r=g\",\"caption\":\"EDITOR\"},\"url\":\"https:\/\/laprensacristiana.com\/?author=3\"}]}<\/script>\n<!-- \/ Yoast SEO plugin. -->","yoast_head_json":{"title":"Jos\u00e9 Andr\u00e9s Hern\u00e1ndez: \u201cSeguimos el legado de mis padres de ayudar a quienes m\u00e1s lo necesitan\u201d - La Prensa Cristiana","robots":{"index":"index","follow":"follow","max-snippet":"max-snippet:-1","max-image-preview":"max-image-preview:large","max-video-preview":"max-video-preview:-1"},"canonical":"https:\/\/laprensacristiana.com\/?p=13295","og_locale":"es_ES","og_type":"article","og_title":"Jos\u00e9 Andr\u00e9s Hern\u00e1ndez: \u201cSeguimos el legado de mis padres de ayudar a quienes m\u00e1s lo necesitan\u201d - La Prensa Cristiana","og_description":"Conocido por muchos por su labor de llevar ayuda a quienes m\u00e1s lo necesitan, Jos\u00e9 Andr\u00e9s contin\u00faa dando el ejemplo del servicio inspirado por honrar a Dios, antes durante y despu\u00e9s de ser funcionario. \u200bCada semana visita diferentes comunidades del pa\u00eds para apoyar a quienes m\u00e1s lo necesitan, tambi\u00e9n se caracteriza por su compromiso de [&hellip;]","og_url":"https:\/\/laprensacristiana.com\/?p=13295","og_site_name":"La Prensa Cristiana","article_published_time":"2022-03-28T14:50:32+00:00","article_modified_time":"2022-03-28T14:50:33+00:00","og_image":[{"width":1024,"height":768,"url":"https:\/\/laprensacristiana.com\/wp-content\/uploads\/2022\/03\/2.jpg","type":"image\/jpeg"}],"author":"EDITOR","twitter_card":"summary_large_image","twitter_misc":{"Escrito por":"EDITOR","Tiempo de lectura":"3 minutos"},"schema":{"@context":"https:\/\/schema.org","@graph":[{"@type":"WebPage","@id":"https:\/\/laprensacristiana.com\/?p=13295","url":"https:\/\/laprensacristiana.com\/?p=13295","name":"Jos\u00e9 Andr\u00e9s Hern\u00e1ndez: \u201cSeguimos el legado de mis padres de ayudar a quienes m\u00e1s lo necesitan\u201d - La Prensa Cristiana","isPartOf":{"@id":"https:\/\/laprensacristiana.com\/#website"},"datePublished":"2022-03-28T14:50:32+00:00","dateModified":"2022-03-28T14:50:33+00:00","author":{"@id":"https:\/\/laprensacristiana.com\/#\/schema\/person\/3e7d82c6bfd6b1fa67010f8f7cd5256e"},"breadcrumb":{"@id":"https:\/\/laprensacristiana.com\/?p=13295#breadcrumb"},"inLanguage":"es","potentialAction":[{"@type":"ReadAction","target":["https:\/\/laprensacristiana.com\/?p=13295"]}]},{"@type":"BreadcrumbList","@id":"https:\/\/laprensacristiana.com\/?p=13295#breadcrumb","itemListElement":[{"@type":"ListItem","position":1,"name":"Portada","item":"https:\/\/laprensacristiana.com\/"},{"@type":"ListItem","position":2,"name":"Jos\u00e9 Andr\u00e9s Hern\u00e1ndez: \u201cSeguimos el legado de mis padres de ayudar a quienes m\u00e1s lo necesitan\u201d"}]},{"@type":"WebSite","@id":"https:\/\/laprensacristiana.com\/#website","url":"https:\/\/laprensacristiana.com\/","name":"La Prensa Cristiana","description":"Anunciando Las Buenas Nuevas","potentialAction":[{"@type":"SearchAction","target":{"@type":"EntryPoint","urlTemplate":"https:\/\/laprensacristiana.com\/?s={search_term_string}"},"query-input":"required name=search_term_string"}],"inLanguage":"es"},{"@type":"Person","@id":"https:\/\/laprensacristiana.com\/#\/schema\/person\/3e7d82c6bfd6b1fa67010f8f7cd5256e","name":"EDITOR","image":{"@type":"ImageObject","inLanguage":"es","@id":"https:\/\/laprensacristiana.com\/#\/schema\/person\/image\/","url":"https:\/\/secure.gravatar.com\/avatar\/72069dfb6c13772d9e8381e3638666d2?s=96&d=mm&r=g","contentUrl":"https:\/\/secure.gravatar.com\/avatar\/72069dfb6c13772d9e8381e3638666d2?s=96&d=mm&r=g","caption":"EDITOR"},"url":"https:\/\/laprensacristiana.com\/?author=3"}]}},"_links":{"self":[{"href":"https:\/\/laprensacristiana.com\/index.php?rest_route=\/wp\/v2\/posts\/13295"}],"collection":[{"href":"https:\/\/laprensacristiana.com\/index.php?rest_route=\/wp\/v2\/posts"}],"about":[{"href":"https:\/\/laprensacristiana.com\/index.php?rest_route=\/wp\/v2\/types\/post"}],"author":[{"embeddable":true,"href":"https:\/\/laprensacristiana.com\/index.php?rest_route=\/wp\/v2\/users\/3"}],"replies":[{"embeddable":true,"href":"https:\/\/laprensacristiana.com\/index.php?rest_route=%2Fwp%2Fv2%2Fcomments&post=13295"}],"version-history":[{"count":1,"href":"https:\/\/laprensacristiana.com\/index.php?rest_route=\/wp\/v2\/posts\/13295\/revisions"}],"predecessor-version":[{"id":13302,"href":"https:\/\/laprensacristiana.com\/index.php?rest_route=\/wp\/v2\/posts\/13295\/revisions\/13302"}],"wp:featuredmedia":[{"embeddable":true,"href":"https:\/\/laprensacristiana.com\/index.php?rest_route=\/wp\/v2\/media\/13296"}],"wp:attachment":[{"href":"https:\/\/laprensacristiana.com\/index.php?rest_route=%2Fwp%2Fv2%2Fmedia&parent=13295"}],"wp:term":[{"taxonomy":"category","embeddable":true,"href":"https:\/\/laprensacristiana.com\/index.php?rest_route=%2Fwp%2Fv2%2Fcategories&post=13295"},{"taxonomy":"post_tag","embeddable":true,"href":"https:\/\/laprensacristiana.com\/index.php?rest_route=%2Fwp%2Fv2%2Ftags&post=13295"}],"curies":[{"name":"wp","href":"https:\/\/api.w.org\/{rel}","templated":true}]}}