{"id":13352,"date":"2022-04-18T20:54:23","date_gmt":"2022-04-18T20:54:23","guid":{"rendered":"https:\/\/laprensacristiana.com\/?p=13352"},"modified":"2022-04-18T20:54:24","modified_gmt":"2022-04-18T20:54:24","slug":"taber-celebra-su-45-aniversario","status":"publish","type":"post","link":"https:\/\/laprensacristiana.com\/?p=13352","title":{"rendered":"Taber celebra su 45 aniversario"},"content":{"rendered":"\n<p>La celebraci\u00f3n inici\u00f3 con un med\u00eda vigilia el viernes 08 de abril y cerr\u00f3 con 2 presentaciones del grupo Miel San Marcos el domingo 17, en las instalaciones del Tabern\u00e1culo B\u00edblico Bautista Amigos de Israel Central.&nbsp;<\/p>\n\n\n\n<p>El Tabern\u00e1culo B\u00edblico Bautista Amigos de Israel naci\u00f3 en el mes de abril de 1977, en la Colonia Miramonte en San Salvador, en la que en ese momento era la casa del Dr. Edgar L\u00f3pez Bertrand (Fundador de la misi\u00f3n), el \u201cTaber\u201d como popularmente es conocido naci\u00f3 para ser y hacer disc\u00edpulos de Jes\u00fas, prop\u00f3sito que desarrollan a trav\u00e9s de cultos todos los d\u00edas en su templo central y m\u00e1s de 500 filiales a nivel nacional e internacional, tambi\u00e9n a trav\u00e9s de los medios de comunicaci\u00f3n (Radio Bautista 89.7 FM, Canal 17) con los cuales mantienen predicaci\u00f3n continua las 24 horas del d\u00eda, los 7 d\u00edas de la semana. Adem\u00e1s cada semana visitan distintos centros penales para llevar esperanza presentando la palabra de Dios pero tambi\u00e9n insumos de higiene de manera gratuita a los reclusos, evangelizan en hospitales, dan&nbsp;&nbsp;asilo a hu\u00e9rfanos, a su vez brindan un espacio para la rehabilitaci\u00f3n de personas con adicciones. Entre otros elementos que se han sumado en estos 45 a\u00f1os de existencia.&nbsp;<\/p>\n\n\n\n<p>En la actualidad el Pastor Edgar L\u00f3pez Bertrand Jr. (Pastor general), encarrila un esfuerzo por pregonar el evangelio con \u00edmpetu a nivel nacional, a su vez que extienden como organizaci\u00f3n su mano a las personas m\u00e1s necesitadas.&nbsp;<\/p>\n\n\n\n<p>Despu\u00e9s del cierre de la campa\u00f1a de celebraci\u00f3n ha comenzado a circular una imagen que hace alusi\u00f3n a un evento para diciembre 2022 \u00bfQu\u00e9 tendr\u00e1n en mente? Pronto como La Prensa Cristiana tendremos m\u00e1s detalles.&nbsp;<\/p>\n\n\n\n<figure class=\"wp-block-image size-large\"><img decoding=\"async\" loading=\"lazy\" width=\"819\" height=\"1024\" src=\"https:\/\/laprensacristiana.com\/wp-content\/uploads\/2022\/04\/2E839A01-073F-4525-9506-530C6948B086-819x1024.jpeg\" alt=\"\" class=\"wp-image-13354\" srcset=\"https:\/\/laprensacristiana.com\/wp-content\/uploads\/2022\/04\/2E839A01-073F-4525-9506-530C6948B086-819x1024.jpeg 819w, https:\/\/laprensacristiana.com\/wp-content\/uploads\/2022\/04\/2E839A01-073F-4525-9506-530C6948B086-240x300.jpeg 240w, https:\/\/laprensacristiana.com\/wp-content\/uploads\/2022\/04\/2E839A01-073F-4525-9506-530C6948B086-768x960.jpeg 768w, https:\/\/laprensacristiana.com\/wp-content\/uploads\/2022\/04\/2E839A01-073F-4525-9506-530C6948B086-696x870.jpeg 696w, https:\/\/laprensacristiana.com\/wp-content\/uploads\/2022\/04\/2E839A01-073F-4525-9506-530C6948B086-1068x1335.jpeg 1068w, https:\/\/laprensacristiana.com\/wp-content\/uploads\/2022\/04\/2E839A01-073F-4525-9506-530C6948B086-600x750.jpeg 600w, https:\/\/laprensacristiana.com\/wp-content\/uploads\/2022\/04\/2E839A01-073F-4525-9506-530C6948B086.jpeg 1080w\" sizes=\"(max-width: 819px) 100vw, 819px\" \/><\/figure>\n","protected":false},"excerpt":{"rendered":"<p>La celebraci\u00f3n inici\u00f3 con un med\u00eda vigilia el viernes 08 de abril y cerr\u00f3 con 2 presentaciones del grupo Miel San Marcos el domingo 17, en las instalaciones del Tabern\u00e1culo B\u00edblico Bautista Amigos de Israel Central.&nbsp; El Tabern\u00e1culo B\u00edblico Bautista Amigos de Israel naci\u00f3 en el mes de abril de 1977, en la Colonia Miramonte [&hellip;]<\/p>\n","protected":false},"author":3,"featured_media":13353,"comment_status":"open","ping_status":"open","sticky":false,"template":"","format":"standard","meta":[],"categories":[56],"tags":[],"yoast_head":"<!-- This site is optimized with the Yoast SEO plugin v20.8 - https:\/\/yoast.com\/wordpress\/plugins\/seo\/ -->\n<title>Taber celebra su 45 aniversario - La Prensa Cristiana<\/title>\n<meta name=\"robots\" content=\"index, follow, max-snippet:-1, max-image-preview:large, max-video-preview:-1\" \/>\n<link rel=\"canonical\" href=\"https:\/\/laprensacristiana.com\/?p=13352\" \/>\n<meta property=\"og:locale\" content=\"es_ES\" \/>\n<meta property=\"og:type\" content=\"article\" \/>\n<meta property=\"og:title\" content=\"Taber celebra su 45 aniversario - La Prensa Cristiana\" \/>\n<meta property=\"og:description\" content=\"La celebraci\u00f3n inici\u00f3 con un med\u00eda vigilia el viernes 08 de abril y cerr\u00f3 con 2 presentaciones del grupo Miel San Marcos el domingo 17, en las instalaciones del Tabern\u00e1culo B\u00edblico Bautista Amigos de Israel Central.&nbsp; El Tabern\u00e1culo B\u00edblico Bautista Amigos de Israel naci\u00f3 en el mes de abril de 1977, en la Colonia Miramonte [&hellip;]\" \/>\n<meta property=\"og:url\" content=\"https:\/\/laprensacristiana.com\/?p=13352\" \/>\n<meta property=\"og:site_name\" content=\"La Prensa Cristiana\" \/>\n<meta property=\"article:published_time\" content=\"2022-04-18T20:54:23+00:00\" \/>\n<meta property=\"article:modified_time\" content=\"2022-04-18T20:54:24+00:00\" \/>\n<meta property=\"og:image\" content=\"https:\/\/laprensacristiana.com\/wp-content\/uploads\/2022\/04\/EE59F2B6-2BC9-4A46-BB0B-B5D3E23A0ABE.jpeg\" \/>\n\t<meta property=\"og:image:width\" content=\"1600\" \/>\n\t<meta property=\"og:image:height\" content=\"1196\" \/>\n\t<meta property=\"og:image:type\" content=\"image\/jpeg\" \/>\n<meta name=\"author\" content=\"EDITOR\" \/>\n<meta name=\"twitter:card\" content=\"summary_large_image\" \/>\n<meta name=\"twitter:label1\" content=\"Escrito por\" \/>\n\t<meta name=\"twitter:data1\" content=\"EDITOR\" \/>\n\t<meta name=\"twitter:label2\" content=\"Tiempo de lectura\" \/>\n\t<meta name=\"twitter:data2\" content=\"2 minutos\" \/>\n<script type=\"application\/ld+json\" class=\"yoast-schema-graph\">{\"@context\":\"https:\/\/schema.org\",\"@graph\":[{\"@type\":\"WebPage\",\"@id\":\"https:\/\/laprensacristiana.com\/?p=13352\",\"url\":\"https:\/\/laprensacristiana.com\/?p=13352\",\"name\":\"Taber celebra su 45 aniversario - La Prensa Cristiana\",\"isPartOf\":{\"@id\":\"https:\/\/laprensacristiana.com\/#website\"},\"datePublished\":\"2022-04-18T20:54:23+00:00\",\"dateModified\":\"2022-04-18T20:54:24+00:00\",\"author\":{\"@id\":\"https:\/\/laprensacristiana.com\/#\/schema\/person\/3e7d82c6bfd6b1fa67010f8f7cd5256e\"},\"breadcrumb\":{\"@id\":\"https:\/\/laprensacristiana.com\/?p=13352#breadcrumb\"},\"inLanguage\":\"es\",\"potentialAction\":[{\"@type\":\"ReadAction\",\"target\":[\"https:\/\/laprensacristiana.com\/?p=13352\"]}]},{\"@type\":\"BreadcrumbList\",\"@id\":\"https:\/\/laprensacristiana.com\/?p=13352#breadcrumb\",\"itemListElement\":[{\"@type\":\"ListItem\",\"position\":1,\"name\":\"Portada\",\"item\":\"https:\/\/laprensacristiana.com\/\"},{\"@type\":\"ListItem\",\"position\":2,\"name\":\"Taber celebra su 45 aniversario\"}]},{\"@type\":\"WebSite\",\"@id\":\"https:\/\/laprensacristiana.com\/#website\",\"url\":\"https:\/\/laprensacristiana.com\/\",\"name\":\"La Prensa Cristiana\",\"description\":\"Anunciando Las Buenas Nuevas\",\"potentialAction\":[{\"@type\":\"SearchAction\",\"target\":{\"@type\":\"EntryPoint\",\"urlTemplate\":\"https:\/\/laprensacristiana.com\/?s={search_term_string}\"},\"query-input\":\"required name=search_term_string\"}],\"inLanguage\":\"es\"},{\"@type\":\"Person\",\"@id\":\"https:\/\/laprensacristiana.com\/#\/schema\/person\/3e7d82c6bfd6b1fa67010f8f7cd5256e\",\"name\":\"EDITOR\",\"image\":{\"@type\":\"ImageObject\",\"inLanguage\":\"es\",\"@id\":\"https:\/\/laprensacristiana.com\/#\/schema\/person\/image\/\",\"url\":\"https:\/\/secure.gravatar.com\/avatar\/72069dfb6c13772d9e8381e3638666d2?s=96&d=mm&r=g\",\"contentUrl\":\"https:\/\/secure.gravatar.com\/avatar\/72069dfb6c13772d9e8381e3638666d2?s=96&d=mm&r=g\",\"caption\":\"EDITOR\"},\"url\":\"https:\/\/laprensacristiana.com\/?author=3\"}]}<\/script>\n<!-- \/ Yoast SEO plugin. -->","yoast_head_json":{"title":"Taber celebra su 45 aniversario - La Prensa Cristiana","robots":{"index":"index","follow":"follow","max-snippet":"max-snippet:-1","max-image-preview":"max-image-preview:large","max-video-preview":"max-video-preview:-1"},"canonical":"https:\/\/laprensacristiana.com\/?p=13352","og_locale":"es_ES","og_type":"article","og_title":"Taber celebra su 45 aniversario - La Prensa Cristiana","og_description":"La celebraci\u00f3n inici\u00f3 con un med\u00eda vigilia el viernes 08 de abril y cerr\u00f3 con 2 presentaciones del grupo Miel San Marcos el domingo 17, en las instalaciones del Tabern\u00e1culo B\u00edblico Bautista Amigos de Israel Central.&nbsp; El Tabern\u00e1culo B\u00edblico Bautista Amigos de Israel naci\u00f3 en el mes de abril de 1977, en la Colonia Miramonte [&hellip;]","og_url":"https:\/\/laprensacristiana.com\/?p=13352","og_site_name":"La Prensa Cristiana","article_published_time":"2022-04-18T20:54:23+00:00","article_modified_time":"2022-04-18T20:54:24+00:00","og_image":[{"width":1600,"height":1196,"url":"https:\/\/laprensacristiana.com\/wp-content\/uploads\/2022\/04\/EE59F2B6-2BC9-4A46-BB0B-B5D3E23A0ABE.jpeg","type":"image\/jpeg"}],"author":"EDITOR","twitter_card":"summary_large_image","twitter_misc":{"Escrito por":"EDITOR","Tiempo de lectura":"2 minutos"},"schema":{"@context":"https:\/\/schema.org","@graph":[{"@type":"WebPage","@id":"https:\/\/laprensacristiana.com\/?p=13352","url":"https:\/\/laprensacristiana.com\/?p=13352","name":"Taber celebra su 45 aniversario - La Prensa Cristiana","isPartOf":{"@id":"https:\/\/laprensacristiana.com\/#website"},"datePublished":"2022-04-18T20:54:23+00:00","dateModified":"2022-04-18T20:54:24+00:00","author":{"@id":"https:\/\/laprensacristiana.com\/#\/schema\/person\/3e7d82c6bfd6b1fa67010f8f7cd5256e"},"breadcrumb":{"@id":"https:\/\/laprensacristiana.com\/?p=13352#breadcrumb"},"inLanguage":"es","potentialAction":[{"@type":"ReadAction","target":["https:\/\/laprensacristiana.com\/?p=13352"]}]},{"@type":"BreadcrumbList","@id":"https:\/\/laprensacristiana.com\/?p=13352#breadcrumb","itemListElement":[{"@type":"ListItem","position":1,"name":"Portada","item":"https:\/\/laprensacristiana.com\/"},{"@type":"ListItem","position":2,"name":"Taber celebra su 45 aniversario"}]},{"@type":"WebSite","@id":"https:\/\/laprensacristiana.com\/#website","url":"https:\/\/laprensacristiana.com\/","name":"La Prensa Cristiana","description":"Anunciando Las Buenas Nuevas","potentialAction":[{"@type":"SearchAction","target":{"@type":"EntryPoint","urlTemplate":"https:\/\/laprensacristiana.com\/?s={search_term_string}"},"query-input":"required name=search_term_string"}],"inLanguage":"es"},{"@type":"Person","@id":"https:\/\/laprensacristiana.com\/#\/schema\/person\/3e7d82c6bfd6b1fa67010f8f7cd5256e","name":"EDITOR","image":{"@type":"ImageObject","inLanguage":"es","@id":"https:\/\/laprensacristiana.com\/#\/schema\/person\/image\/","url":"https:\/\/secure.gravatar.com\/avatar\/72069dfb6c13772d9e8381e3638666d2?s=96&d=mm&r=g","contentUrl":"https:\/\/secure.gravatar.com\/avatar\/72069dfb6c13772d9e8381e3638666d2?s=96&d=mm&r=g","caption":"EDITOR"},"url":"https:\/\/laprensacristiana.com\/?author=3"}]}},"_links":{"self":[{"href":"https:\/\/laprensacristiana.com\/index.php?rest_route=\/wp\/v2\/posts\/13352"}],"collection":[{"href":"https:\/\/laprensacristiana.com\/index.php?rest_route=\/wp\/v2\/posts"}],"about":[{"href":"https:\/\/laprensacristiana.com\/index.php?rest_route=\/wp\/v2\/types\/post"}],"author":[{"embeddable":true,"href":"https:\/\/laprensacristiana.com\/index.php?rest_route=\/wp\/v2\/users\/3"}],"replies":[{"embeddable":true,"href":"https:\/\/laprensacristiana.com\/index.php?rest_route=%2Fwp%2Fv2%2Fcomments&post=13352"}],"version-history":[{"count":1,"href":"https:\/\/laprensacristiana.com\/index.php?rest_route=\/wp\/v2\/posts\/13352\/revisions"}],"predecessor-version":[{"id":13355,"href":"https:\/\/laprensacristiana.com\/index.php?rest_route=\/wp\/v2\/posts\/13352\/revisions\/13355"}],"wp:featuredmedia":[{"embeddable":true,"href":"https:\/\/laprensacristiana.com\/index.php?rest_route=\/wp\/v2\/media\/13353"}],"wp:attachment":[{"href":"https:\/\/laprensacristiana.com\/index.php?rest_route=%2Fwp%2Fv2%2Fmedia&parent=13352"}],"wp:term":[{"taxonomy":"category","embeddable":true,"href":"https:\/\/laprensacristiana.com\/index.php?rest_route=%2Fwp%2Fv2%2Fcategories&post=13352"},{"taxonomy":"post_tag","embeddable":true,"href":"https:\/\/laprensacristiana.com\/index.php?rest_route=%2Fwp%2Fv2%2Ftags&post=13352"}],"curies":[{"name":"wp","href":"https:\/\/api.w.org\/{rel}","templated":true}]}}