{"id":13406,"date":"2022-05-23T03:50:20","date_gmt":"2022-05-23T03:50:20","guid":{"rendered":"https:\/\/laprensacristiana.com\/?p=13406"},"modified":"2022-05-23T03:50:21","modified_gmt":"2022-05-23T03:50:21","slug":"jose-andres-hernandez-debemos-construir-un-modelo-economico-que-agrade-a-dios","status":"publish","type":"post","link":"https:\/\/laprensacristiana.com\/?p=13406","title":{"rendered":"Jos\u00e9 Andr\u00e9s Hern\u00e1ndez: \u201cDebemos construir un modelo econ\u00f3mico que agrade a Dios\u201d"},"content":{"rendered":"\n<p>Ser empresario debe de ser sin\u00f3nimo de servicio a los dem\u00e1s, de tener responsabilidad empresarial, social y compromiso con el cuido del medio ambiente; as\u00ed se expresa el emprendedor Jos\u00e9 Andr\u00e9s Hern\u00e1ndez, como salvadore\u00f1os y sobre todo como cristiano debemos hacer una profunda reflexi\u00f3n sobre el modelo econ\u00f3mico salvadore\u00f1o, Un empresario debe siempre impulsar un modelo econ\u00f3mico que ayude en el desarrollo humano, econ\u00f3mico y social.<\/p>\n\n\n\n<p>\u00bfC\u00f3mo debe de ser el nuevo modelo econ\u00f3mico?, basado primeramente en principios de justicia social, que tiendan a asegurar a todos los habitantes del pa\u00eds una existencia digna del ser humano, como lo dice La Constituci\u00f3n.<\/p>\n\n\n\n<p>\u00bfC\u00f3mo construir un modelo basado en la justicia social y en la dignidad de la persona humana? Est\u00e9 no es solo un reto de cualquier gobierno de turno sino un reto para todos; El empresario cristiano debe de tener presente en todo momento que sus actos no ofendan a Dios; se\u00f1al\u00f3 adem\u00e1s que, para que el modelo econ\u00f3mico en El Salvador, cumpla con el mandato de justicia social y dignidad de la persona humana, la clave esta precisamente poner al ser humano en el centro de la actividad empresarial, al que se le reconozcan sus Derechos, se trate con respeto y no como objeto comercial.<\/p>\n\n\n\n<p>Cualquier modelo econ\u00f3mico busca el lucro, eso esta bien, lo que no puede ser visto por los cristianos como bueno, es la explotaci\u00f3n de la clase trabajadora para conseguir ese fin; se necesita construir una \u00e9tica cristiana que nos recuerde a los empresarios, cual es el prop\u00f3sito de lo que Dios nos ha confiado aqu\u00ed en la tierra, no es una tarea f\u00e1cil somos instrumentos utilizados por \u00c9l, para&nbsp; impulsar el desarrollo humano, social y econ\u00f3mico que ayude a generar &nbsp;ingresos para las familias de nuestros trabajadores, para la comunidad y para el pa\u00eds.<\/p>\n\n\n\n<p>Debemos ser los arquitectos de la construcci\u00f3n de un nuevo modelo econ\u00f3mico, fundamentado en principios y &nbsp;valores cristianos, un modelo que sea incluyente, no excluyente, que permita de manera acelerada y sostenida la transformaci\u00f3n de casi el 80% de la poblaci\u00f3n econ\u00f3micamente activa, en el cual se apueste a la generaci\u00f3n de empleos, se apoye a los emprendedores a los micro, peque\u00f1os y medianos, sobre todo cuando estos son mujeres madres solteras, jefas de hogar que con su trabajo dinamizan la econom\u00eda. Un modelo &nbsp;que apoye a estos sectores vulnerables con incentivos suficientes de manera que logren realizar sus sue\u00f1os en este pa\u00eds, sin tener que emigrar a otros pa\u00edses, que contribuya a mejorar sus ingresos y su nivel de vida por medio de la seguridad social y la bancarizaci\u00f3n, que los aleje de la explotaci\u00f3n de la usura.<\/p>\n\n\n\n<p>En conclusi\u00f3n un modelo donde prevalezca el amor al pr\u00f3jimo, con principios y valores que ayude a las futuras generaci\u00f3n y creaci\u00f3n de un mejor El Salvador, en el cual se \u00a0rompan \u00a0los paradigmas y las desigualdades \u00a0sociales como la pobreza, la exclusi\u00f3n social en la que ya no permiten el trabajo a los mayores de cuarenta a\u00f1os, a las mujeres embarazadas, a las personas con discapacidad, a los enfermos, a las personas que habitan en lugares considerados como \u201cpeligrosos\u201d. Este debe ser gran reto de un empresario Cristiano. Porque no hay mayor obra social que generar fuentes de empleo. Finaliz\u00f3<\/p>\n\n\n\n<figure class=\"wp-block-gallery columns-3 is-cropped wp-block-gallery-1 is-layout-flex\"><ul class=\"blocks-gallery-grid\"><li class=\"blocks-gallery-item\"><figure><img decoding=\"async\" loading=\"lazy\" width=\"1024\" height=\"768\" src=\"https:\/\/laprensacristiana.com\/wp-content\/uploads\/2022\/05\/WhatsApp-Image-2022-05-22-at-9.42.52-PM-5-1024x768.jpeg\" alt=\"\" data-id=\"13408\" data-full-url=\"https:\/\/laprensacristiana.com\/wp-content\/uploads\/2022\/05\/WhatsApp-Image-2022-05-22-at-9.42.52-PM-5.jpeg\" data-link=\"https:\/\/laprensacristiana.com\/?attachment_id=13408\" class=\"wp-image-13408\" srcset=\"https:\/\/laprensacristiana.com\/wp-content\/uploads\/2022\/05\/WhatsApp-Image-2022-05-22-at-9.42.52-PM-5-1024x768.jpeg 1024w, https:\/\/laprensacristiana.com\/wp-content\/uploads\/2022\/05\/WhatsApp-Image-2022-05-22-at-9.42.52-PM-5-300x225.jpeg 300w, https:\/\/laprensacristiana.com\/wp-content\/uploads\/2022\/05\/WhatsApp-Image-2022-05-22-at-9.42.52-PM-5-768x576.jpeg 768w, https:\/\/laprensacristiana.com\/wp-content\/uploads\/2022\/05\/WhatsApp-Image-2022-05-22-at-9.42.52-PM-5-1536x1152.jpeg 1536w, https:\/\/laprensacristiana.com\/wp-content\/uploads\/2022\/05\/WhatsApp-Image-2022-05-22-at-9.42.52-PM-5-696x522.jpeg 696w, https:\/\/laprensacristiana.com\/wp-content\/uploads\/2022\/05\/WhatsApp-Image-2022-05-22-at-9.42.52-PM-5-1068x801.jpeg 1068w, https:\/\/laprensacristiana.com\/wp-content\/uploads\/2022\/05\/WhatsApp-Image-2022-05-22-at-9.42.52-PM-5-600x450.jpeg 600w, https:\/\/laprensacristiana.com\/wp-content\/uploads\/2022\/05\/WhatsApp-Image-2022-05-22-at-9.42.52-PM-5.jpeg 1600w\" sizes=\"(max-width: 1024px) 100vw, 1024px\" \/><\/figure><\/li><li class=\"blocks-gallery-item\"><figure><img decoding=\"async\" loading=\"lazy\" width=\"768\" height=\"1024\" src=\"https:\/\/laprensacristiana.com\/wp-content\/uploads\/2022\/05\/WhatsApp-Image-2022-05-22-at-9.42.52-PM-4-768x1024.jpeg\" alt=\"\" data-id=\"13409\" data-full-url=\"https:\/\/laprensacristiana.com\/wp-content\/uploads\/2022\/05\/WhatsApp-Image-2022-05-22-at-9.42.52-PM-4.jpeg\" data-link=\"https:\/\/laprensacristiana.com\/?attachment_id=13409\" class=\"wp-image-13409\" srcset=\"https:\/\/laprensacristiana.com\/wp-content\/uploads\/2022\/05\/WhatsApp-Image-2022-05-22-at-9.42.52-PM-4-768x1024.jpeg 768w, https:\/\/laprensacristiana.com\/wp-content\/uploads\/2022\/05\/WhatsApp-Image-2022-05-22-at-9.42.52-PM-4-225x300.jpeg 225w, https:\/\/laprensacristiana.com\/wp-content\/uploads\/2022\/05\/WhatsApp-Image-2022-05-22-at-9.42.52-PM-4-1152x1536.jpeg 1152w, https:\/\/laprensacristiana.com\/wp-content\/uploads\/2022\/05\/WhatsApp-Image-2022-05-22-at-9.42.52-PM-4-696x928.jpeg 696w, https:\/\/laprensacristiana.com\/wp-content\/uploads\/2022\/05\/WhatsApp-Image-2022-05-22-at-9.42.52-PM-4-1068x1424.jpeg 1068w, https:\/\/laprensacristiana.com\/wp-content\/uploads\/2022\/05\/WhatsApp-Image-2022-05-22-at-9.42.52-PM-4-600x800.jpeg 600w, https:\/\/laprensacristiana.com\/wp-content\/uploads\/2022\/05\/WhatsApp-Image-2022-05-22-at-9.42.52-PM-4.jpeg 1200w\" sizes=\"(max-width: 768px) 100vw, 768px\" \/><\/figure><\/li><li class=\"blocks-gallery-item\"><figure><img decoding=\"async\" loading=\"lazy\" width=\"1024\" height=\"768\" src=\"https:\/\/laprensacristiana.com\/wp-content\/uploads\/2022\/05\/WhatsApp-Image-2022-05-22-at-9.42.52-PM-3-1024x768.jpeg\" alt=\"\" data-id=\"13410\" data-full-url=\"https:\/\/laprensacristiana.com\/wp-content\/uploads\/2022\/05\/WhatsApp-Image-2022-05-22-at-9.42.52-PM-3.jpeg\" data-link=\"https:\/\/laprensacristiana.com\/?attachment_id=13410\" class=\"wp-image-13410\" srcset=\"https:\/\/laprensacristiana.com\/wp-content\/uploads\/2022\/05\/WhatsApp-Image-2022-05-22-at-9.42.52-PM-3-1024x768.jpeg 1024w, https:\/\/laprensacristiana.com\/wp-content\/uploads\/2022\/05\/WhatsApp-Image-2022-05-22-at-9.42.52-PM-3-300x225.jpeg 300w, https:\/\/laprensacristiana.com\/wp-content\/uploads\/2022\/05\/WhatsApp-Image-2022-05-22-at-9.42.52-PM-3-768x576.jpeg 768w, https:\/\/laprensacristiana.com\/wp-content\/uploads\/2022\/05\/WhatsApp-Image-2022-05-22-at-9.42.52-PM-3-1536x1152.jpeg 1536w, https:\/\/laprensacristiana.com\/wp-content\/uploads\/2022\/05\/WhatsApp-Image-2022-05-22-at-9.42.52-PM-3-696x522.jpeg 696w, https:\/\/laprensacristiana.com\/wp-content\/uploads\/2022\/05\/WhatsApp-Image-2022-05-22-at-9.42.52-PM-3-1068x801.jpeg 1068w, https:\/\/laprensacristiana.com\/wp-content\/uploads\/2022\/05\/WhatsApp-Image-2022-05-22-at-9.42.52-PM-3-600x450.jpeg 600w, https:\/\/laprensacristiana.com\/wp-content\/uploads\/2022\/05\/WhatsApp-Image-2022-05-22-at-9.42.52-PM-3.jpeg 1600w\" sizes=\"(max-width: 1024px) 100vw, 1024px\" \/><\/figure><\/li><li class=\"blocks-gallery-item\"><figure><img decoding=\"async\" loading=\"lazy\" width=\"1024\" height=\"768\" src=\"https:\/\/laprensacristiana.com\/wp-content\/uploads\/2022\/05\/WhatsApp-Image-2022-05-22-at-9.42.52-PM-2-1024x768.jpeg\" alt=\"\" data-id=\"13411\" data-full-url=\"https:\/\/laprensacristiana.com\/wp-content\/uploads\/2022\/05\/WhatsApp-Image-2022-05-22-at-9.42.52-PM-2.jpeg\" data-link=\"https:\/\/laprensacristiana.com\/?attachment_id=13411\" class=\"wp-image-13411\" srcset=\"https:\/\/laprensacristiana.com\/wp-content\/uploads\/2022\/05\/WhatsApp-Image-2022-05-22-at-9.42.52-PM-2-1024x768.jpeg 1024w, https:\/\/laprensacristiana.com\/wp-content\/uploads\/2022\/05\/WhatsApp-Image-2022-05-22-at-9.42.52-PM-2-300x225.jpeg 300w, https:\/\/laprensacristiana.com\/wp-content\/uploads\/2022\/05\/WhatsApp-Image-2022-05-22-at-9.42.52-PM-2-768x576.jpeg 768w, https:\/\/laprensacristiana.com\/wp-content\/uploads\/2022\/05\/WhatsApp-Image-2022-05-22-at-9.42.52-PM-2-1536x1152.jpeg 1536w, https:\/\/laprensacristiana.com\/wp-content\/uploads\/2022\/05\/WhatsApp-Image-2022-05-22-at-9.42.52-PM-2-696x522.jpeg 696w, https:\/\/laprensacristiana.com\/wp-content\/uploads\/2022\/05\/WhatsApp-Image-2022-05-22-at-9.42.52-PM-2-1068x801.jpeg 1068w, https:\/\/laprensacristiana.com\/wp-content\/uploads\/2022\/05\/WhatsApp-Image-2022-05-22-at-9.42.52-PM-2-600x450.jpeg 600w, https:\/\/laprensacristiana.com\/wp-content\/uploads\/2022\/05\/WhatsApp-Image-2022-05-22-at-9.42.52-PM-2.jpeg 1600w\" sizes=\"(max-width: 1024px) 100vw, 1024px\" \/><\/figure><\/li><li class=\"blocks-gallery-item\"><figure><img decoding=\"async\" loading=\"lazy\" width=\"1024\" height=\"768\" src=\"https:\/\/laprensacristiana.com\/wp-content\/uploads\/2022\/05\/WhatsApp-Image-2022-05-22-at-9.42.52-PM-1-1024x768.jpeg\" alt=\"\" data-id=\"13412\" data-full-url=\"https:\/\/laprensacristiana.com\/wp-content\/uploads\/2022\/05\/WhatsApp-Image-2022-05-22-at-9.42.52-PM-1.jpeg\" data-link=\"https:\/\/laprensacristiana.com\/?attachment_id=13412\" class=\"wp-image-13412\" srcset=\"https:\/\/laprensacristiana.com\/wp-content\/uploads\/2022\/05\/WhatsApp-Image-2022-05-22-at-9.42.52-PM-1-1024x768.jpeg 1024w, https:\/\/laprensacristiana.com\/wp-content\/uploads\/2022\/05\/WhatsApp-Image-2022-05-22-at-9.42.52-PM-1-300x225.jpeg 300w, https:\/\/laprensacristiana.com\/wp-content\/uploads\/2022\/05\/WhatsApp-Image-2022-05-22-at-9.42.52-PM-1-768x576.jpeg 768w, https:\/\/laprensacristiana.com\/wp-content\/uploads\/2022\/05\/WhatsApp-Image-2022-05-22-at-9.42.52-PM-1-1536x1152.jpeg 1536w, https:\/\/laprensacristiana.com\/wp-content\/uploads\/2022\/05\/WhatsApp-Image-2022-05-22-at-9.42.52-PM-1-696x522.jpeg 696w, https:\/\/laprensacristiana.com\/wp-content\/uploads\/2022\/05\/WhatsApp-Image-2022-05-22-at-9.42.52-PM-1-1068x801.jpeg 1068w, https:\/\/laprensacristiana.com\/wp-content\/uploads\/2022\/05\/WhatsApp-Image-2022-05-22-at-9.42.52-PM-1-600x450.jpeg 600w, https:\/\/laprensacristiana.com\/wp-content\/uploads\/2022\/05\/WhatsApp-Image-2022-05-22-at-9.42.52-PM-1.jpeg 1600w\" sizes=\"(max-width: 1024px) 100vw, 1024px\" \/><\/figure><\/li><li class=\"blocks-gallery-item\"><figure><img decoding=\"async\" loading=\"lazy\" width=\"1024\" height=\"768\" src=\"https:\/\/laprensacristiana.com\/wp-content\/uploads\/2022\/05\/WhatsApp-Image-2022-05-22-at-9.42.52-PM-1024x768.jpeg\" alt=\"\" data-id=\"13413\" data-full-url=\"https:\/\/laprensacristiana.com\/wp-content\/uploads\/2022\/05\/WhatsApp-Image-2022-05-22-at-9.42.52-PM.jpeg\" data-link=\"https:\/\/laprensacristiana.com\/?attachment_id=13413\" class=\"wp-image-13413\" srcset=\"https:\/\/laprensacristiana.com\/wp-content\/uploads\/2022\/05\/WhatsApp-Image-2022-05-22-at-9.42.52-PM-1024x768.jpeg 1024w, https:\/\/laprensacristiana.com\/wp-content\/uploads\/2022\/05\/WhatsApp-Image-2022-05-22-at-9.42.52-PM-300x225.jpeg 300w, https:\/\/laprensacristiana.com\/wp-content\/uploads\/2022\/05\/WhatsApp-Image-2022-05-22-at-9.42.52-PM-768x576.jpeg 768w, https:\/\/laprensacristiana.com\/wp-content\/uploads\/2022\/05\/WhatsApp-Image-2022-05-22-at-9.42.52-PM-1536x1152.jpeg 1536w, https:\/\/laprensacristiana.com\/wp-content\/uploads\/2022\/05\/WhatsApp-Image-2022-05-22-at-9.42.52-PM-696x522.jpeg 696w, https:\/\/laprensacristiana.com\/wp-content\/uploads\/2022\/05\/WhatsApp-Image-2022-05-22-at-9.42.52-PM-1068x801.jpeg 1068w, https:\/\/laprensacristiana.com\/wp-content\/uploads\/2022\/05\/WhatsApp-Image-2022-05-22-at-9.42.52-PM-600x450.jpeg 600w, https:\/\/laprensacristiana.com\/wp-content\/uploads\/2022\/05\/WhatsApp-Image-2022-05-22-at-9.42.52-PM.jpeg 1600w\" sizes=\"(max-width: 1024px) 100vw, 1024px\" \/><\/figure><\/li><li class=\"blocks-gallery-item\"><figure><img decoding=\"async\" loading=\"lazy\" width=\"1024\" height=\"768\" src=\"https:\/\/laprensacristiana.com\/wp-content\/uploads\/2022\/05\/WhatsApp-Image-2022-05-22-at-9.42.51-PM-3-1024x768.jpeg\" alt=\"\" data-id=\"13414\" data-full-url=\"https:\/\/laprensacristiana.com\/wp-content\/uploads\/2022\/05\/WhatsApp-Image-2022-05-22-at-9.42.51-PM-3.jpeg\" data-link=\"https:\/\/laprensacristiana.com\/?attachment_id=13414\" class=\"wp-image-13414\" srcset=\"https:\/\/laprensacristiana.com\/wp-content\/uploads\/2022\/05\/WhatsApp-Image-2022-05-22-at-9.42.51-PM-3-1024x768.jpeg 1024w, https:\/\/laprensacristiana.com\/wp-content\/uploads\/2022\/05\/WhatsApp-Image-2022-05-22-at-9.42.51-PM-3-300x225.jpeg 300w, https:\/\/laprensacristiana.com\/wp-content\/uploads\/2022\/05\/WhatsApp-Image-2022-05-22-at-9.42.51-PM-3-768x576.jpeg 768w, https:\/\/laprensacristiana.com\/wp-content\/uploads\/2022\/05\/WhatsApp-Image-2022-05-22-at-9.42.51-PM-3-1536x1152.jpeg 1536w, https:\/\/laprensacristiana.com\/wp-content\/uploads\/2022\/05\/WhatsApp-Image-2022-05-22-at-9.42.51-PM-3-696x522.jpeg 696w, https:\/\/laprensacristiana.com\/wp-content\/uploads\/2022\/05\/WhatsApp-Image-2022-05-22-at-9.42.51-PM-3-1068x801.jpeg 1068w, https:\/\/laprensacristiana.com\/wp-content\/uploads\/2022\/05\/WhatsApp-Image-2022-05-22-at-9.42.51-PM-3-600x450.jpeg 600w, https:\/\/laprensacristiana.com\/wp-content\/uploads\/2022\/05\/WhatsApp-Image-2022-05-22-at-9.42.51-PM-3.jpeg 1600w\" sizes=\"(max-width: 1024px) 100vw, 1024px\" \/><\/figure><\/li><li class=\"blocks-gallery-item\"><figure><img decoding=\"async\" loading=\"lazy\" width=\"1024\" height=\"768\" src=\"https:\/\/laprensacristiana.com\/wp-content\/uploads\/2022\/05\/WhatsApp-Image-2022-05-22-at-9.42.51-PM-1-1024x768.jpeg\" alt=\"\" data-id=\"13415\" data-full-url=\"https:\/\/laprensacristiana.com\/wp-content\/uploads\/2022\/05\/WhatsApp-Image-2022-05-22-at-9.42.51-PM-1.jpeg\" data-link=\"https:\/\/laprensacristiana.com\/?attachment_id=13415\" class=\"wp-image-13415\" srcset=\"https:\/\/laprensacristiana.com\/wp-content\/uploads\/2022\/05\/WhatsApp-Image-2022-05-22-at-9.42.51-PM-1-1024x768.jpeg 1024w, https:\/\/laprensacristiana.com\/wp-content\/uploads\/2022\/05\/WhatsApp-Image-2022-05-22-at-9.42.51-PM-1-300x225.jpeg 300w, https:\/\/laprensacristiana.com\/wp-content\/uploads\/2022\/05\/WhatsApp-Image-2022-05-22-at-9.42.51-PM-1-768x576.jpeg 768w, https:\/\/laprensacristiana.com\/wp-content\/uploads\/2022\/05\/WhatsApp-Image-2022-05-22-at-9.42.51-PM-1-696x522.jpeg 696w, https:\/\/laprensacristiana.com\/wp-content\/uploads\/2022\/05\/WhatsApp-Image-2022-05-22-at-9.42.51-PM-1-1068x801.jpeg 1068w, https:\/\/laprensacristiana.com\/wp-content\/uploads\/2022\/05\/WhatsApp-Image-2022-05-22-at-9.42.51-PM-1-600x450.jpeg 600w, https:\/\/laprensacristiana.com\/wp-content\/uploads\/2022\/05\/WhatsApp-Image-2022-05-22-at-9.42.51-PM-1.jpeg 1119w\" sizes=\"(max-width: 1024px) 100vw, 1024px\" \/><\/figure><\/li><li class=\"blocks-gallery-item\"><figure><img decoding=\"async\" loading=\"lazy\" width=\"1024\" height=\"593\" src=\"https:\/\/laprensacristiana.com\/wp-content\/uploads\/2022\/05\/WhatsApp-Image-2022-05-22-at-9.42.51-PM-1024x593.jpeg\" alt=\"\" data-id=\"13416\" data-full-url=\"https:\/\/laprensacristiana.com\/wp-content\/uploads\/2022\/05\/WhatsApp-Image-2022-05-22-at-9.42.51-PM.jpeg\" data-link=\"https:\/\/laprensacristiana.com\/?attachment_id=13416\" class=\"wp-image-13416\" srcset=\"https:\/\/laprensacristiana.com\/wp-content\/uploads\/2022\/05\/WhatsApp-Image-2022-05-22-at-9.42.51-PM-1024x593.jpeg 1024w, https:\/\/laprensacristiana.com\/wp-content\/uploads\/2022\/05\/WhatsApp-Image-2022-05-22-at-9.42.51-PM-300x174.jpeg 300w, https:\/\/laprensacristiana.com\/wp-content\/uploads\/2022\/05\/WhatsApp-Image-2022-05-22-at-9.42.51-PM-768x445.jpeg 768w, https:\/\/laprensacristiana.com\/wp-content\/uploads\/2022\/05\/WhatsApp-Image-2022-05-22-at-9.42.51-PM-696x403.jpeg 696w, https:\/\/laprensacristiana.com\/wp-content\/uploads\/2022\/05\/WhatsApp-Image-2022-05-22-at-9.42.51-PM-600x348.jpeg 600w, https:\/\/laprensacristiana.com\/wp-content\/uploads\/2022\/05\/WhatsApp-Image-2022-05-22-at-9.42.51-PM.jpeg 1060w\" sizes=\"(max-width: 1024px) 100vw, 1024px\" \/><\/figure><\/li><\/ul><\/figure>\n","protected":false},"excerpt":{"rendered":"<p>Ser empresario debe de ser sin\u00f3nimo de servicio a los dem\u00e1s, de tener responsabilidad empresarial, social y compromiso con el cuido del medio ambiente; as\u00ed se expresa el emprendedor Jos\u00e9 Andr\u00e9s Hern\u00e1ndez, como salvadore\u00f1os y sobre todo como cristiano debemos hacer una profunda reflexi\u00f3n sobre el modelo econ\u00f3mico salvadore\u00f1o, Un empresario debe siempre impulsar un [&hellip;]<\/p>\n","protected":false},"author":3,"featured_media":13407,"comment_status":"open","ping_status":"open","sticky":false,"template":"","format":"standard","meta":[],"categories":[56],"tags":[],"yoast_head":"<!-- This site is optimized with the Yoast SEO plugin v20.8 - https:\/\/yoast.com\/wordpress\/plugins\/seo\/ -->\n<title>Jos\u00e9 Andr\u00e9s Hern\u00e1ndez: \u201cDebemos construir un modelo econ\u00f3mico que agrade a Dios\u201d - La Prensa Cristiana<\/title>\n<meta name=\"robots\" content=\"index, follow, max-snippet:-1, max-image-preview:large, max-video-preview:-1\" \/>\n<link rel=\"canonical\" href=\"https:\/\/laprensacristiana.com\/?p=13406\" \/>\n<meta property=\"og:locale\" content=\"es_ES\" \/>\n<meta property=\"og:type\" content=\"article\" \/>\n<meta property=\"og:title\" content=\"Jos\u00e9 Andr\u00e9s Hern\u00e1ndez: \u201cDebemos construir un modelo econ\u00f3mico que agrade a Dios\u201d - La Prensa Cristiana\" \/>\n<meta property=\"og:description\" content=\"Ser empresario debe de ser sin\u00f3nimo de servicio a los dem\u00e1s, de tener responsabilidad empresarial, social y compromiso con el cuido del medio ambiente; as\u00ed se expresa el emprendedor Jos\u00e9 Andr\u00e9s Hern\u00e1ndez, como salvadore\u00f1os y sobre todo como cristiano debemos hacer una profunda reflexi\u00f3n sobre el modelo econ\u00f3mico salvadore\u00f1o, Un empresario debe siempre impulsar un [&hellip;]\" \/>\n<meta property=\"og:url\" content=\"https:\/\/laprensacristiana.com\/?p=13406\" \/>\n<meta property=\"og:site_name\" content=\"La Prensa Cristiana\" \/>\n<meta property=\"article:published_time\" content=\"2022-05-23T03:50:20+00:00\" \/>\n<meta property=\"article:modified_time\" content=\"2022-05-23T03:50:21+00:00\" \/>\n<meta property=\"og:image\" content=\"https:\/\/laprensacristiana.com\/wp-content\/uploads\/2022\/05\/WhatsApp-Image-2022-05-22-at-9.42.51-PM-2.jpeg\" \/>\n\t<meta property=\"og:image:width\" content=\"1600\" \/>\n\t<meta property=\"og:image:height\" content=\"1200\" \/>\n\t<meta property=\"og:image:type\" content=\"image\/jpeg\" \/>\n<meta name=\"author\" content=\"EDITOR\" \/>\n<meta name=\"twitter:card\" content=\"summary_large_image\" \/>\n<meta name=\"twitter:label1\" content=\"Escrito por\" \/>\n\t<meta name=\"twitter:data1\" content=\"EDITOR\" \/>\n\t<meta name=\"twitter:label2\" content=\"Tiempo de lectura\" \/>\n\t<meta name=\"twitter:data2\" content=\"3 minutos\" \/>\n<script type=\"application\/ld+json\" class=\"yoast-schema-graph\">{\"@context\":\"https:\/\/schema.org\",\"@graph\":[{\"@type\":\"WebPage\",\"@id\":\"https:\/\/laprensacristiana.com\/?p=13406\",\"url\":\"https:\/\/laprensacristiana.com\/?p=13406\",\"name\":\"Jos\u00e9 Andr\u00e9s Hern\u00e1ndez: \u201cDebemos construir un modelo econ\u00f3mico que agrade a Dios\u201d - La Prensa Cristiana\",\"isPartOf\":{\"@id\":\"https:\/\/laprensacristiana.com\/#website\"},\"datePublished\":\"2022-05-23T03:50:20+00:00\",\"dateModified\":\"2022-05-23T03:50:21+00:00\",\"author\":{\"@id\":\"https:\/\/laprensacristiana.com\/#\/schema\/person\/3e7d82c6bfd6b1fa67010f8f7cd5256e\"},\"breadcrumb\":{\"@id\":\"https:\/\/laprensacristiana.com\/?p=13406#breadcrumb\"},\"inLanguage\":\"es\",\"potentialAction\":[{\"@type\":\"ReadAction\",\"target\":[\"https:\/\/laprensacristiana.com\/?p=13406\"]}]},{\"@type\":\"BreadcrumbList\",\"@id\":\"https:\/\/laprensacristiana.com\/?p=13406#breadcrumb\",\"itemListElement\":[{\"@type\":\"ListItem\",\"position\":1,\"name\":\"Portada\",\"item\":\"https:\/\/laprensacristiana.com\/\"},{\"@type\":\"ListItem\",\"position\":2,\"name\":\"Jos\u00e9 Andr\u00e9s Hern\u00e1ndez: \u201cDebemos construir un modelo econ\u00f3mico que agrade a Dios\u201d\"}]},{\"@type\":\"WebSite\",\"@id\":\"https:\/\/laprensacristiana.com\/#website\",\"url\":\"https:\/\/laprensacristiana.com\/\",\"name\":\"La Prensa Cristiana\",\"description\":\"Anunciando Las Buenas Nuevas\",\"potentialAction\":[{\"@type\":\"SearchAction\",\"target\":{\"@type\":\"EntryPoint\",\"urlTemplate\":\"https:\/\/laprensacristiana.com\/?s={search_term_string}\"},\"query-input\":\"required name=search_term_string\"}],\"inLanguage\":\"es\"},{\"@type\":\"Person\",\"@id\":\"https:\/\/laprensacristiana.com\/#\/schema\/person\/3e7d82c6bfd6b1fa67010f8f7cd5256e\",\"name\":\"EDITOR\",\"image\":{\"@type\":\"ImageObject\",\"inLanguage\":\"es\",\"@id\":\"https:\/\/laprensacristiana.com\/#\/schema\/person\/image\/\",\"url\":\"https:\/\/secure.gravatar.com\/avatar\/72069dfb6c13772d9e8381e3638666d2?s=96&d=mm&r=g\",\"contentUrl\":\"https:\/\/secure.gravatar.com\/avatar\/72069dfb6c13772d9e8381e3638666d2?s=96&d=mm&r=g\",\"caption\":\"EDITOR\"},\"url\":\"https:\/\/laprensacristiana.com\/?author=3\"}]}<\/script>\n<!-- \/ Yoast SEO plugin. -->","yoast_head_json":{"title":"Jos\u00e9 Andr\u00e9s Hern\u00e1ndez: \u201cDebemos construir un modelo econ\u00f3mico que agrade a Dios\u201d - La Prensa Cristiana","robots":{"index":"index","follow":"follow","max-snippet":"max-snippet:-1","max-image-preview":"max-image-preview:large","max-video-preview":"max-video-preview:-1"},"canonical":"https:\/\/laprensacristiana.com\/?p=13406","og_locale":"es_ES","og_type":"article","og_title":"Jos\u00e9 Andr\u00e9s Hern\u00e1ndez: \u201cDebemos construir un modelo econ\u00f3mico que agrade a Dios\u201d - La Prensa Cristiana","og_description":"Ser empresario debe de ser sin\u00f3nimo de servicio a los dem\u00e1s, de tener responsabilidad empresarial, social y compromiso con el cuido del medio ambiente; as\u00ed se expresa el emprendedor Jos\u00e9 Andr\u00e9s Hern\u00e1ndez, como salvadore\u00f1os y sobre todo como cristiano debemos hacer una profunda reflexi\u00f3n sobre el modelo econ\u00f3mico salvadore\u00f1o, Un empresario debe siempre impulsar un [&hellip;]","og_url":"https:\/\/laprensacristiana.com\/?p=13406","og_site_name":"La Prensa Cristiana","article_published_time":"2022-05-23T03:50:20+00:00","article_modified_time":"2022-05-23T03:50:21+00:00","og_image":[{"width":1600,"height":1200,"url":"https:\/\/laprensacristiana.com\/wp-content\/uploads\/2022\/05\/WhatsApp-Image-2022-05-22-at-9.42.51-PM-2.jpeg","type":"image\/jpeg"}],"author":"EDITOR","twitter_card":"summary_large_image","twitter_misc":{"Escrito por":"EDITOR","Tiempo de lectura":"3 minutos"},"schema":{"@context":"https:\/\/schema.org","@graph":[{"@type":"WebPage","@id":"https:\/\/laprensacristiana.com\/?p=13406","url":"https:\/\/laprensacristiana.com\/?p=13406","name":"Jos\u00e9 Andr\u00e9s Hern\u00e1ndez: \u201cDebemos construir un modelo econ\u00f3mico que agrade a Dios\u201d - La Prensa Cristiana","isPartOf":{"@id":"https:\/\/laprensacristiana.com\/#website"},"datePublished":"2022-05-23T03:50:20+00:00","dateModified":"2022-05-23T03:50:21+00:00","author":{"@id":"https:\/\/laprensacristiana.com\/#\/schema\/person\/3e7d82c6bfd6b1fa67010f8f7cd5256e"},"breadcrumb":{"@id":"https:\/\/laprensacristiana.com\/?p=13406#breadcrumb"},"inLanguage":"es","potentialAction":[{"@type":"ReadAction","target":["https:\/\/laprensacristiana.com\/?p=13406"]}]},{"@type":"BreadcrumbList","@id":"https:\/\/laprensacristiana.com\/?p=13406#breadcrumb","itemListElement":[{"@type":"ListItem","position":1,"name":"Portada","item":"https:\/\/laprensacristiana.com\/"},{"@type":"ListItem","position":2,"name":"Jos\u00e9 Andr\u00e9s Hern\u00e1ndez: \u201cDebemos construir un modelo econ\u00f3mico que agrade a Dios\u201d"}]},{"@type":"WebSite","@id":"https:\/\/laprensacristiana.com\/#website","url":"https:\/\/laprensacristiana.com\/","name":"La Prensa Cristiana","description":"Anunciando Las Buenas Nuevas","potentialAction":[{"@type":"SearchAction","target":{"@type":"EntryPoint","urlTemplate":"https:\/\/laprensacristiana.com\/?s={search_term_string}"},"query-input":"required name=search_term_string"}],"inLanguage":"es"},{"@type":"Person","@id":"https:\/\/laprensacristiana.com\/#\/schema\/person\/3e7d82c6bfd6b1fa67010f8f7cd5256e","name":"EDITOR","image":{"@type":"ImageObject","inLanguage":"es","@id":"https:\/\/laprensacristiana.com\/#\/schema\/person\/image\/","url":"https:\/\/secure.gravatar.com\/avatar\/72069dfb6c13772d9e8381e3638666d2?s=96&d=mm&r=g","contentUrl":"https:\/\/secure.gravatar.com\/avatar\/72069dfb6c13772d9e8381e3638666d2?s=96&d=mm&r=g","caption":"EDITOR"},"url":"https:\/\/laprensacristiana.com\/?author=3"}]}},"_links":{"self":[{"href":"https:\/\/laprensacristiana.com\/index.php?rest_route=\/wp\/v2\/posts\/13406"}],"collection":[{"href":"https:\/\/laprensacristiana.com\/index.php?rest_route=\/wp\/v2\/posts"}],"about":[{"href":"https:\/\/laprensacristiana.com\/index.php?rest_route=\/wp\/v2\/types\/post"}],"author":[{"embeddable":true,"href":"https:\/\/laprensacristiana.com\/index.php?rest_route=\/wp\/v2\/users\/3"}],"replies":[{"embeddable":true,"href":"https:\/\/laprensacristiana.com\/index.php?rest_route=%2Fwp%2Fv2%2Fcomments&post=13406"}],"version-history":[{"count":1,"href":"https:\/\/laprensacristiana.com\/index.php?rest_route=\/wp\/v2\/posts\/13406\/revisions"}],"predecessor-version":[{"id":13417,"href":"https:\/\/laprensacristiana.com\/index.php?rest_route=\/wp\/v2\/posts\/13406\/revisions\/13417"}],"wp:featuredmedia":[{"embeddable":true,"href":"https:\/\/laprensacristiana.com\/index.php?rest_route=\/wp\/v2\/media\/13407"}],"wp:attachment":[{"href":"https:\/\/laprensacristiana.com\/index.php?rest_route=%2Fwp%2Fv2%2Fmedia&parent=13406"}],"wp:term":[{"taxonomy":"category","embeddable":true,"href":"https:\/\/laprensacristiana.com\/index.php?rest_route=%2Fwp%2Fv2%2Fcategories&post=13406"},{"taxonomy":"post_tag","embeddable":true,"href":"https:\/\/laprensacristiana.com\/index.php?rest_route=%2Fwp%2Fv2%2Ftags&post=13406"}],"curies":[{"name":"wp","href":"https:\/\/api.w.org\/{rel}","templated":true}]}}