{"id":13425,"date":"2022-05-24T19:16:11","date_gmt":"2022-05-24T19:16:11","guid":{"rendered":"https:\/\/laprensacristiana.com\/?p=13425"},"modified":"2022-05-24T19:16:13","modified_gmt":"2022-05-24T19:16:13","slug":"casa-emanuel-entrega-reconocimiento-a-la-prensa-cristiana-por-su-6-aniversario","status":"publish","type":"post","link":"https:\/\/laprensacristiana.com\/?p=13425","title":{"rendered":"Casa Emanuel entrega reconocimiento a La Prensa Cristiana por su 6\u00b0 Aniversario"},"content":{"rendered":"\n<p>El Pastor Otoniel Alvarado de la Iglesia Casa Emanuel para Todas las Naciones realiz\u00f3 la entrega de una placa de reconocimiento a La Prensa Cristiana en el marco de su sexto aniversario de anunciar las buenas nuevas.<\/p>\n\n\n\n<p>En la placa se puede leer el texto: \u201cCasa Emanuel para Todas las Naciones y el programa de reflexiones H2o, extiende el presente reconocimiento a La Prensa Cristiana y a su director y fundador Luis Medina, por motivo de su 6\u00b0 Aniversario \u201ccompartiendo las buenas nuevas de salvaci\u00f3n\u201d, dado en el mes de mayo de 2022, San Salvador, El Salvador.<\/p>\n\n\n\n<p>La entrega oficial se realiz\u00f3 en las instalaciones de la iglesia, \u201cMuchas felicidades, deseamos que sigan muchos a\u00f1os m\u00e1s, que la bendici\u00f3n de Dios sea sobre este ministerio\u201d, expres\u00f3 el pastor Pai Otoniel Alvarado.<\/p>\n\n\n\n<figure class=\"wp-block-image size-large\"><img decoding=\"async\" loading=\"lazy\" width=\"768\" height=\"1024\" src=\"https:\/\/laprensacristiana.com\/wp-content\/uploads\/2022\/05\/Reconocimiento-1.jpeg\" alt=\"\" class=\"wp-image-13426\" srcset=\"https:\/\/laprensacristiana.com\/wp-content\/uploads\/2022\/05\/Reconocimiento-1.jpeg 768w, https:\/\/laprensacristiana.com\/wp-content\/uploads\/2022\/05\/Reconocimiento-1-225x300.jpeg 225w, https:\/\/laprensacristiana.com\/wp-content\/uploads\/2022\/05\/Reconocimiento-1-696x928.jpeg 696w, https:\/\/laprensacristiana.com\/wp-content\/uploads\/2022\/05\/Reconocimiento-1-600x800.jpeg 600w\" sizes=\"(max-width: 768px) 100vw, 768px\" \/><\/figure>\n","protected":false},"excerpt":{"rendered":"<p>El Pastor Otoniel Alvarado de la Iglesia Casa Emanuel para Todas las Naciones realiz\u00f3 la entrega de una placa de reconocimiento a La Prensa Cristiana en el marco de su sexto aniversario de anunciar las buenas nuevas. En la placa se puede leer el texto: \u201cCasa Emanuel para Todas las Naciones y el programa de [&hellip;]<\/p>\n","protected":false},"author":3,"featured_media":13427,"comment_status":"open","ping_status":"open","sticky":false,"template":"","format":"standard","meta":[],"categories":[56],"tags":[],"yoast_head":"<!-- This site is optimized with the Yoast SEO plugin v20.8 - https:\/\/yoast.com\/wordpress\/plugins\/seo\/ -->\n<title>Casa Emanuel entrega reconocimiento a La Prensa Cristiana por su 6\u00b0 Aniversario - La Prensa Cristiana<\/title>\n<meta name=\"robots\" content=\"index, follow, max-snippet:-1, max-image-preview:large, max-video-preview:-1\" \/>\n<link rel=\"canonical\" href=\"https:\/\/laprensacristiana.com\/?p=13425\" \/>\n<meta property=\"og:locale\" content=\"es_ES\" \/>\n<meta property=\"og:type\" content=\"article\" \/>\n<meta property=\"og:title\" content=\"Casa Emanuel entrega reconocimiento a La Prensa Cristiana por su 6\u00b0 Aniversario - La Prensa Cristiana\" \/>\n<meta property=\"og:description\" content=\"El Pastor Otoniel Alvarado de la Iglesia Casa Emanuel para Todas las Naciones realiz\u00f3 la entrega de una placa de reconocimiento a La Prensa Cristiana en el marco de su sexto aniversario de anunciar las buenas nuevas. En la placa se puede leer el texto: \u201cCasa Emanuel para Todas las Naciones y el programa de [&hellip;]\" \/>\n<meta property=\"og:url\" content=\"https:\/\/laprensacristiana.com\/?p=13425\" \/>\n<meta property=\"og:site_name\" content=\"La Prensa Cristiana\" \/>\n<meta property=\"article:published_time\" content=\"2022-05-24T19:16:11+00:00\" \/>\n<meta property=\"article:modified_time\" content=\"2022-05-24T19:16:13+00:00\" \/>\n<meta property=\"og:image\" content=\"https:\/\/laprensacristiana.com\/wp-content\/uploads\/2022\/05\/Reconocimiento-2-scaled.jpg\" \/>\n\t<meta property=\"og:image:width\" content=\"2560\" \/>\n\t<meta property=\"og:image:height\" content=\"1451\" \/>\n\t<meta property=\"og:image:type\" content=\"image\/jpeg\" \/>\n<meta name=\"author\" content=\"EDITOR\" \/>\n<meta name=\"twitter:card\" content=\"summary_large_image\" \/>\n<meta name=\"twitter:label1\" content=\"Escrito por\" \/>\n\t<meta name=\"twitter:data1\" content=\"EDITOR\" \/>\n\t<meta name=\"twitter:label2\" content=\"Tiempo de lectura\" \/>\n\t<meta name=\"twitter:data2\" content=\"1 minuto\" \/>\n<script type=\"application\/ld+json\" class=\"yoast-schema-graph\">{\"@context\":\"https:\/\/schema.org\",\"@graph\":[{\"@type\":\"WebPage\",\"@id\":\"https:\/\/laprensacristiana.com\/?p=13425\",\"url\":\"https:\/\/laprensacristiana.com\/?p=13425\",\"name\":\"Casa Emanuel entrega reconocimiento a La Prensa Cristiana por su 6\u00b0 Aniversario - La Prensa Cristiana\",\"isPartOf\":{\"@id\":\"https:\/\/laprensacristiana.com\/#website\"},\"datePublished\":\"2022-05-24T19:16:11+00:00\",\"dateModified\":\"2022-05-24T19:16:13+00:00\",\"author\":{\"@id\":\"https:\/\/laprensacristiana.com\/#\/schema\/person\/3e7d82c6bfd6b1fa67010f8f7cd5256e\"},\"breadcrumb\":{\"@id\":\"https:\/\/laprensacristiana.com\/?p=13425#breadcrumb\"},\"inLanguage\":\"es\",\"potentialAction\":[{\"@type\":\"ReadAction\",\"target\":[\"https:\/\/laprensacristiana.com\/?p=13425\"]}]},{\"@type\":\"BreadcrumbList\",\"@id\":\"https:\/\/laprensacristiana.com\/?p=13425#breadcrumb\",\"itemListElement\":[{\"@type\":\"ListItem\",\"position\":1,\"name\":\"Portada\",\"item\":\"https:\/\/laprensacristiana.com\/\"},{\"@type\":\"ListItem\",\"position\":2,\"name\":\"Casa Emanuel entrega reconocimiento a La Prensa Cristiana por su 6\u00b0 Aniversario\"}]},{\"@type\":\"WebSite\",\"@id\":\"https:\/\/laprensacristiana.com\/#website\",\"url\":\"https:\/\/laprensacristiana.com\/\",\"name\":\"La Prensa Cristiana\",\"description\":\"Anunciando Las Buenas Nuevas\",\"potentialAction\":[{\"@type\":\"SearchAction\",\"target\":{\"@type\":\"EntryPoint\",\"urlTemplate\":\"https:\/\/laprensacristiana.com\/?s={search_term_string}\"},\"query-input\":\"required name=search_term_string\"}],\"inLanguage\":\"es\"},{\"@type\":\"Person\",\"@id\":\"https:\/\/laprensacristiana.com\/#\/schema\/person\/3e7d82c6bfd6b1fa67010f8f7cd5256e\",\"name\":\"EDITOR\",\"image\":{\"@type\":\"ImageObject\",\"inLanguage\":\"es\",\"@id\":\"https:\/\/laprensacristiana.com\/#\/schema\/person\/image\/\",\"url\":\"https:\/\/secure.gravatar.com\/avatar\/72069dfb6c13772d9e8381e3638666d2?s=96&d=mm&r=g\",\"contentUrl\":\"https:\/\/secure.gravatar.com\/avatar\/72069dfb6c13772d9e8381e3638666d2?s=96&d=mm&r=g\",\"caption\":\"EDITOR\"},\"url\":\"https:\/\/laprensacristiana.com\/?author=3\"}]}<\/script>\n<!-- \/ Yoast SEO plugin. -->","yoast_head_json":{"title":"Casa Emanuel entrega reconocimiento a La Prensa Cristiana por su 6\u00b0 Aniversario - La Prensa Cristiana","robots":{"index":"index","follow":"follow","max-snippet":"max-snippet:-1","max-image-preview":"max-image-preview:large","max-video-preview":"max-video-preview:-1"},"canonical":"https:\/\/laprensacristiana.com\/?p=13425","og_locale":"es_ES","og_type":"article","og_title":"Casa Emanuel entrega reconocimiento a La Prensa Cristiana por su 6\u00b0 Aniversario - La Prensa Cristiana","og_description":"El Pastor Otoniel Alvarado de la Iglesia Casa Emanuel para Todas las Naciones realiz\u00f3 la entrega de una placa de reconocimiento a La Prensa Cristiana en el marco de su sexto aniversario de anunciar las buenas nuevas. En la placa se puede leer el texto: \u201cCasa Emanuel para Todas las Naciones y el programa de [&hellip;]","og_url":"https:\/\/laprensacristiana.com\/?p=13425","og_site_name":"La Prensa Cristiana","article_published_time":"2022-05-24T19:16:11+00:00","article_modified_time":"2022-05-24T19:16:13+00:00","og_image":[{"width":2560,"height":1451,"url":"https:\/\/laprensacristiana.com\/wp-content\/uploads\/2022\/05\/Reconocimiento-2-scaled.jpg","type":"image\/jpeg"}],"author":"EDITOR","twitter_card":"summary_large_image","twitter_misc":{"Escrito por":"EDITOR","Tiempo de lectura":"1 minuto"},"schema":{"@context":"https:\/\/schema.org","@graph":[{"@type":"WebPage","@id":"https:\/\/laprensacristiana.com\/?p=13425","url":"https:\/\/laprensacristiana.com\/?p=13425","name":"Casa Emanuel entrega reconocimiento a La Prensa Cristiana por su 6\u00b0 Aniversario - La Prensa Cristiana","isPartOf":{"@id":"https:\/\/laprensacristiana.com\/#website"},"datePublished":"2022-05-24T19:16:11+00:00","dateModified":"2022-05-24T19:16:13+00:00","author":{"@id":"https:\/\/laprensacristiana.com\/#\/schema\/person\/3e7d82c6bfd6b1fa67010f8f7cd5256e"},"breadcrumb":{"@id":"https:\/\/laprensacristiana.com\/?p=13425#breadcrumb"},"inLanguage":"es","potentialAction":[{"@type":"ReadAction","target":["https:\/\/laprensacristiana.com\/?p=13425"]}]},{"@type":"BreadcrumbList","@id":"https:\/\/laprensacristiana.com\/?p=13425#breadcrumb","itemListElement":[{"@type":"ListItem","position":1,"name":"Portada","item":"https:\/\/laprensacristiana.com\/"},{"@type":"ListItem","position":2,"name":"Casa Emanuel entrega reconocimiento a La Prensa Cristiana por su 6\u00b0 Aniversario"}]},{"@type":"WebSite","@id":"https:\/\/laprensacristiana.com\/#website","url":"https:\/\/laprensacristiana.com\/","name":"La Prensa Cristiana","description":"Anunciando Las Buenas Nuevas","potentialAction":[{"@type":"SearchAction","target":{"@type":"EntryPoint","urlTemplate":"https:\/\/laprensacristiana.com\/?s={search_term_string}"},"query-input":"required name=search_term_string"}],"inLanguage":"es"},{"@type":"Person","@id":"https:\/\/laprensacristiana.com\/#\/schema\/person\/3e7d82c6bfd6b1fa67010f8f7cd5256e","name":"EDITOR","image":{"@type":"ImageObject","inLanguage":"es","@id":"https:\/\/laprensacristiana.com\/#\/schema\/person\/image\/","url":"https:\/\/secure.gravatar.com\/avatar\/72069dfb6c13772d9e8381e3638666d2?s=96&d=mm&r=g","contentUrl":"https:\/\/secure.gravatar.com\/avatar\/72069dfb6c13772d9e8381e3638666d2?s=96&d=mm&r=g","caption":"EDITOR"},"url":"https:\/\/laprensacristiana.com\/?author=3"}]}},"_links":{"self":[{"href":"https:\/\/laprensacristiana.com\/index.php?rest_route=\/wp\/v2\/posts\/13425"}],"collection":[{"href":"https:\/\/laprensacristiana.com\/index.php?rest_route=\/wp\/v2\/posts"}],"about":[{"href":"https:\/\/laprensacristiana.com\/index.php?rest_route=\/wp\/v2\/types\/post"}],"author":[{"embeddable":true,"href":"https:\/\/laprensacristiana.com\/index.php?rest_route=\/wp\/v2\/users\/3"}],"replies":[{"embeddable":true,"href":"https:\/\/laprensacristiana.com\/index.php?rest_route=%2Fwp%2Fv2%2Fcomments&post=13425"}],"version-history":[{"count":1,"href":"https:\/\/laprensacristiana.com\/index.php?rest_route=\/wp\/v2\/posts\/13425\/revisions"}],"predecessor-version":[{"id":13428,"href":"https:\/\/laprensacristiana.com\/index.php?rest_route=\/wp\/v2\/posts\/13425\/revisions\/13428"}],"wp:featuredmedia":[{"embeddable":true,"href":"https:\/\/laprensacristiana.com\/index.php?rest_route=\/wp\/v2\/media\/13427"}],"wp:attachment":[{"href":"https:\/\/laprensacristiana.com\/index.php?rest_route=%2Fwp%2Fv2%2Fmedia&parent=13425"}],"wp:term":[{"taxonomy":"category","embeddable":true,"href":"https:\/\/laprensacristiana.com\/index.php?rest_route=%2Fwp%2Fv2%2Fcategories&post=13425"},{"taxonomy":"post_tag","embeddable":true,"href":"https:\/\/laprensacristiana.com\/index.php?rest_route=%2Fwp%2Fv2%2Ftags&post=13425"}],"curies":[{"name":"wp","href":"https:\/\/api.w.org\/{rel}","templated":true}]}}