{"id":13434,"date":"2022-05-29T13:17:07","date_gmt":"2022-05-29T13:17:07","guid":{"rendered":"https:\/\/laprensacristiana.com\/?p=13434"},"modified":"2022-05-29T13:30:45","modified_gmt":"2022-05-29T13:30:45","slug":"celebran-dia-mundial-del-evangelismo-con-un-desfile-en-zacatecoluca","status":"publish","type":"post","link":"https:\/\/laprensacristiana.com\/?p=13434","title":{"rendered":"Celebran d\u00eda mundial del evangelismo con un desfile en Zacatecoluca"},"content":{"rendered":"\n<p>Por: Periodista Daniel Echeverr\u00eda&nbsp;<\/p>\n\n\n\n<p>Esta ma\u00f1ana se realiz\u00f3 un Desfile conmemorando el d\u00eda mundial de la Evangelizaci\u00f3n.&nbsp;<\/p>\n\n\n\n<p>Este desfile inici\u00f3 desde Centro Comercial San Antonio, culminando en parque Central de Zacatecoluca.<\/p>\n\n\n\n<p>Este evento fue organizado por Iglesias Cristianas del Departamento de la Paz en fuerte alianza con Compassi\u00f3n Internacional.<\/p>\n\n\n\n<p>Unidos desarrollan programas sociales que ha permitido sacar de pobreza extrema a muchos ni\u00f1os y j\u00f3venes con fuerte dosis de espiritualidad a Jesucristo.<\/p>\n\n\n\n<figure class=\"wp-block-gallery columns-3 is-cropped wp-block-gallery-1 is-layout-flex\"><ul class=\"blocks-gallery-grid\"><li class=\"blocks-gallery-item\"><figure><img decoding=\"async\" loading=\"lazy\" width=\"718\" height=\"960\" src=\"https:\/\/laprensacristiana.com\/wp-content\/uploads\/2022\/05\/F547DCB6-0488-4684-8654-37125AA50465.jpeg\" alt=\"\" data-id=\"13436\" data-full-url=\"https:\/\/laprensacristiana.com\/wp-content\/uploads\/2022\/05\/F547DCB6-0488-4684-8654-37125AA50465.jpeg\" data-link=\"https:\/\/laprensacristiana.com\/?attachment_id=13436\" class=\"wp-image-13436\" srcset=\"https:\/\/laprensacristiana.com\/wp-content\/uploads\/2022\/05\/F547DCB6-0488-4684-8654-37125AA50465.jpeg 718w, https:\/\/laprensacristiana.com\/wp-content\/uploads\/2022\/05\/F547DCB6-0488-4684-8654-37125AA50465-224x300.jpeg 224w, https:\/\/laprensacristiana.com\/wp-content\/uploads\/2022\/05\/F547DCB6-0488-4684-8654-37125AA50465-696x931.jpeg 696w, https:\/\/laprensacristiana.com\/wp-content\/uploads\/2022\/05\/F547DCB6-0488-4684-8654-37125AA50465-600x802.jpeg 600w\" sizes=\"(max-width: 718px) 100vw, 718px\" \/><\/figure><\/li><li class=\"blocks-gallery-item\"><figure><img decoding=\"async\" loading=\"lazy\" width=\"960\" height=\"540\" src=\"https:\/\/laprensacristiana.com\/wp-content\/uploads\/2022\/05\/876937A5-3E91-4B0B-A089-59563A8FC317.jpeg\" alt=\"\" data-id=\"13437\" data-full-url=\"https:\/\/laprensacristiana.com\/wp-content\/uploads\/2022\/05\/876937A5-3E91-4B0B-A089-59563A8FC317.jpeg\" data-link=\"https:\/\/laprensacristiana.com\/?attachment_id=13437\" class=\"wp-image-13437\" srcset=\"https:\/\/laprensacristiana.com\/wp-content\/uploads\/2022\/05\/876937A5-3E91-4B0B-A089-59563A8FC317.jpeg 960w, https:\/\/laprensacristiana.com\/wp-content\/uploads\/2022\/05\/876937A5-3E91-4B0B-A089-59563A8FC317-300x169.jpeg 300w, https:\/\/laprensacristiana.com\/wp-content\/uploads\/2022\/05\/876937A5-3E91-4B0B-A089-59563A8FC317-768x432.jpeg 768w, https:\/\/laprensacristiana.com\/wp-content\/uploads\/2022\/05\/876937A5-3E91-4B0B-A089-59563A8FC317-696x392.jpeg 696w, https:\/\/laprensacristiana.com\/wp-content\/uploads\/2022\/05\/876937A5-3E91-4B0B-A089-59563A8FC317-600x338.jpeg 600w\" sizes=\"(max-width: 960px) 100vw, 960px\" \/><\/figure><\/li><li class=\"blocks-gallery-item\"><figure><img decoding=\"async\" loading=\"lazy\" width=\"960\" height=\"720\" src=\"https:\/\/laprensacristiana.com\/wp-content\/uploads\/2022\/05\/7D28AFFE-61DA-4866-9630-928C5C88E51B.jpeg\" alt=\"\" data-id=\"13438\" data-full-url=\"https:\/\/laprensacristiana.com\/wp-content\/uploads\/2022\/05\/7D28AFFE-61DA-4866-9630-928C5C88E51B.jpeg\" data-link=\"https:\/\/laprensacristiana.com\/?attachment_id=13438\" class=\"wp-image-13438\" srcset=\"https:\/\/laprensacristiana.com\/wp-content\/uploads\/2022\/05\/7D28AFFE-61DA-4866-9630-928C5C88E51B.jpeg 960w, https:\/\/laprensacristiana.com\/wp-content\/uploads\/2022\/05\/7D28AFFE-61DA-4866-9630-928C5C88E51B-300x225.jpeg 300w, https:\/\/laprensacristiana.com\/wp-content\/uploads\/2022\/05\/7D28AFFE-61DA-4866-9630-928C5C88E51B-768x576.jpeg 768w, https:\/\/laprensacristiana.com\/wp-content\/uploads\/2022\/05\/7D28AFFE-61DA-4866-9630-928C5C88E51B-696x522.jpeg 696w, https:\/\/laprensacristiana.com\/wp-content\/uploads\/2022\/05\/7D28AFFE-61DA-4866-9630-928C5C88E51B-600x450.jpeg 600w\" sizes=\"(max-width: 960px) 100vw, 960px\" \/><\/figure><\/li><li class=\"blocks-gallery-item\"><figure><img decoding=\"async\" loading=\"lazy\" width=\"960\" height=\"540\" src=\"https:\/\/laprensacristiana.com\/wp-content\/uploads\/2022\/05\/71AF2CA7-0801-492F-9CB8-BA85BA1DB63E.jpeg\" alt=\"\" data-id=\"13439\" data-full-url=\"https:\/\/laprensacristiana.com\/wp-content\/uploads\/2022\/05\/71AF2CA7-0801-492F-9CB8-BA85BA1DB63E.jpeg\" data-link=\"https:\/\/laprensacristiana.com\/?attachment_id=13439\" class=\"wp-image-13439\" srcset=\"https:\/\/laprensacristiana.com\/wp-content\/uploads\/2022\/05\/71AF2CA7-0801-492F-9CB8-BA85BA1DB63E.jpeg 960w, https:\/\/laprensacristiana.com\/wp-content\/uploads\/2022\/05\/71AF2CA7-0801-492F-9CB8-BA85BA1DB63E-300x169.jpeg 300w, https:\/\/laprensacristiana.com\/wp-content\/uploads\/2022\/05\/71AF2CA7-0801-492F-9CB8-BA85BA1DB63E-768x432.jpeg 768w, https:\/\/laprensacristiana.com\/wp-content\/uploads\/2022\/05\/71AF2CA7-0801-492F-9CB8-BA85BA1DB63E-696x392.jpeg 696w, https:\/\/laprensacristiana.com\/wp-content\/uploads\/2022\/05\/71AF2CA7-0801-492F-9CB8-BA85BA1DB63E-600x338.jpeg 600w\" sizes=\"(max-width: 960px) 100vw, 960px\" \/><\/figure><\/li><li class=\"blocks-gallery-item\"><figure><img decoding=\"async\" loading=\"lazy\" width=\"718\" height=\"960\" src=\"https:\/\/laprensacristiana.com\/wp-content\/uploads\/2022\/05\/C8B18471-74F7-448B-B9E4-8AC13B91A432.jpeg\" alt=\"\" data-id=\"13440\" data-full-url=\"https:\/\/laprensacristiana.com\/wp-content\/uploads\/2022\/05\/C8B18471-74F7-448B-B9E4-8AC13B91A432.jpeg\" data-link=\"https:\/\/laprensacristiana.com\/?attachment_id=13440\" class=\"wp-image-13440\" srcset=\"https:\/\/laprensacristiana.com\/wp-content\/uploads\/2022\/05\/C8B18471-74F7-448B-B9E4-8AC13B91A432.jpeg 718w, https:\/\/laprensacristiana.com\/wp-content\/uploads\/2022\/05\/C8B18471-74F7-448B-B9E4-8AC13B91A432-224x300.jpeg 224w, https:\/\/laprensacristiana.com\/wp-content\/uploads\/2022\/05\/C8B18471-74F7-448B-B9E4-8AC13B91A432-696x931.jpeg 696w, https:\/\/laprensacristiana.com\/wp-content\/uploads\/2022\/05\/C8B18471-74F7-448B-B9E4-8AC13B91A432-600x802.jpeg 600w\" sizes=\"(max-width: 718px) 100vw, 718px\" \/><\/figure><\/li><li class=\"blocks-gallery-item\"><figure><img decoding=\"async\" loading=\"lazy\" width=\"960\" height=\"540\" src=\"https:\/\/laprensacristiana.com\/wp-content\/uploads\/2022\/05\/CF5B4C11-B6ED-40F6-86B3-AEB613E09D8F.jpeg\" alt=\"\" data-id=\"13441\" data-full-url=\"https:\/\/laprensacristiana.com\/wp-content\/uploads\/2022\/05\/CF5B4C11-B6ED-40F6-86B3-AEB613E09D8F.jpeg\" data-link=\"https:\/\/laprensacristiana.com\/?attachment_id=13441\" class=\"wp-image-13441\" srcset=\"https:\/\/laprensacristiana.com\/wp-content\/uploads\/2022\/05\/CF5B4C11-B6ED-40F6-86B3-AEB613E09D8F.jpeg 960w, https:\/\/laprensacristiana.com\/wp-content\/uploads\/2022\/05\/CF5B4C11-B6ED-40F6-86B3-AEB613E09D8F-300x169.jpeg 300w, https:\/\/laprensacristiana.com\/wp-content\/uploads\/2022\/05\/CF5B4C11-B6ED-40F6-86B3-AEB613E09D8F-768x432.jpeg 768w, https:\/\/laprensacristiana.com\/wp-content\/uploads\/2022\/05\/CF5B4C11-B6ED-40F6-86B3-AEB613E09D8F-696x392.jpeg 696w, https:\/\/laprensacristiana.com\/wp-content\/uploads\/2022\/05\/CF5B4C11-B6ED-40F6-86B3-AEB613E09D8F-600x338.jpeg 600w\" sizes=\"(max-width: 960px) 100vw, 960px\" \/><\/figure><\/li><\/ul><\/figure>\n","protected":false},"excerpt":{"rendered":"<p>Por: Periodista Daniel Echeverr\u00eda&nbsp; Esta ma\u00f1ana se realiz\u00f3 un Desfile conmemorando el d\u00eda mundial de la Evangelizaci\u00f3n.&nbsp; Este desfile inici\u00f3 desde Centro Comercial San Antonio, culminando en parque Central de Zacatecoluca. Este evento fue organizado por Iglesias Cristianas del Departamento de la Paz en fuerte alianza con Compassi\u00f3n Internacional. Unidos desarrollan programas sociales que ha [&hellip;]<\/p>\n","protected":false},"author":3,"featured_media":13435,"comment_status":"open","ping_status":"open","sticky":false,"template":"","format":"standard","meta":[],"categories":[56],"tags":[],"yoast_head":"<!-- This site is optimized with the Yoast SEO plugin v20.8 - https:\/\/yoast.com\/wordpress\/plugins\/seo\/ -->\n<title>Celebran d\u00eda mundial del evangelismo con un desfile en Zacatecoluca - La Prensa Cristiana<\/title>\n<meta name=\"robots\" content=\"index, follow, max-snippet:-1, max-image-preview:large, max-video-preview:-1\" \/>\n<link rel=\"canonical\" href=\"https:\/\/laprensacristiana.com\/?p=13434\" \/>\n<meta property=\"og:locale\" content=\"es_ES\" \/>\n<meta property=\"og:type\" content=\"article\" \/>\n<meta property=\"og:title\" content=\"Celebran d\u00eda mundial del evangelismo con un desfile en Zacatecoluca - La Prensa Cristiana\" \/>\n<meta property=\"og:description\" content=\"Por: Periodista Daniel Echeverr\u00eda&nbsp; Esta ma\u00f1ana se realiz\u00f3 un Desfile conmemorando el d\u00eda mundial de la Evangelizaci\u00f3n.&nbsp; Este desfile inici\u00f3 desde Centro Comercial San Antonio, culminando en parque Central de Zacatecoluca. Este evento fue organizado por Iglesias Cristianas del Departamento de la Paz en fuerte alianza con Compassi\u00f3n Internacional. Unidos desarrollan programas sociales que ha [&hellip;]\" \/>\n<meta property=\"og:url\" content=\"https:\/\/laprensacristiana.com\/?p=13434\" \/>\n<meta property=\"og:site_name\" content=\"La Prensa Cristiana\" \/>\n<meta property=\"article:published_time\" content=\"2022-05-29T13:17:07+00:00\" \/>\n<meta property=\"article:modified_time\" content=\"2022-05-29T13:30:45+00:00\" \/>\n<meta property=\"og:image\" content=\"https:\/\/laprensacristiana.com\/wp-content\/uploads\/2022\/05\/2E0D1871-DFF8-4125-AB43-6A4CC2353308.jpeg\" \/>\n\t<meta property=\"og:image:width\" content=\"960\" \/>\n\t<meta property=\"og:image:height\" content=\"540\" \/>\n\t<meta property=\"og:image:type\" content=\"image\/jpeg\" \/>\n<meta name=\"author\" content=\"EDITOR\" \/>\n<meta name=\"twitter:card\" content=\"summary_large_image\" \/>\n<meta name=\"twitter:label1\" content=\"Escrito por\" \/>\n\t<meta name=\"twitter:data1\" content=\"EDITOR\" \/>\n<script type=\"application\/ld+json\" class=\"yoast-schema-graph\">{\"@context\":\"https:\/\/schema.org\",\"@graph\":[{\"@type\":\"WebPage\",\"@id\":\"https:\/\/laprensacristiana.com\/?p=13434\",\"url\":\"https:\/\/laprensacristiana.com\/?p=13434\",\"name\":\"Celebran d\u00eda mundial del evangelismo con un desfile en Zacatecoluca - La Prensa Cristiana\",\"isPartOf\":{\"@id\":\"https:\/\/laprensacristiana.com\/#website\"},\"datePublished\":\"2022-05-29T13:17:07+00:00\",\"dateModified\":\"2022-05-29T13:30:45+00:00\",\"author\":{\"@id\":\"https:\/\/laprensacristiana.com\/#\/schema\/person\/3e7d82c6bfd6b1fa67010f8f7cd5256e\"},\"breadcrumb\":{\"@id\":\"https:\/\/laprensacristiana.com\/?p=13434#breadcrumb\"},\"inLanguage\":\"es\",\"potentialAction\":[{\"@type\":\"ReadAction\",\"target\":[\"https:\/\/laprensacristiana.com\/?p=13434\"]}]},{\"@type\":\"BreadcrumbList\",\"@id\":\"https:\/\/laprensacristiana.com\/?p=13434#breadcrumb\",\"itemListElement\":[{\"@type\":\"ListItem\",\"position\":1,\"name\":\"Portada\",\"item\":\"https:\/\/laprensacristiana.com\/\"},{\"@type\":\"ListItem\",\"position\":2,\"name\":\"Celebran d\u00eda mundial del evangelismo con un desfile en Zacatecoluca\"}]},{\"@type\":\"WebSite\",\"@id\":\"https:\/\/laprensacristiana.com\/#website\",\"url\":\"https:\/\/laprensacristiana.com\/\",\"name\":\"La Prensa Cristiana\",\"description\":\"Anunciando Las Buenas Nuevas\",\"potentialAction\":[{\"@type\":\"SearchAction\",\"target\":{\"@type\":\"EntryPoint\",\"urlTemplate\":\"https:\/\/laprensacristiana.com\/?s={search_term_string}\"},\"query-input\":\"required name=search_term_string\"}],\"inLanguage\":\"es\"},{\"@type\":\"Person\",\"@id\":\"https:\/\/laprensacristiana.com\/#\/schema\/person\/3e7d82c6bfd6b1fa67010f8f7cd5256e\",\"name\":\"EDITOR\",\"image\":{\"@type\":\"ImageObject\",\"inLanguage\":\"es\",\"@id\":\"https:\/\/laprensacristiana.com\/#\/schema\/person\/image\/\",\"url\":\"https:\/\/secure.gravatar.com\/avatar\/72069dfb6c13772d9e8381e3638666d2?s=96&d=mm&r=g\",\"contentUrl\":\"https:\/\/secure.gravatar.com\/avatar\/72069dfb6c13772d9e8381e3638666d2?s=96&d=mm&r=g\",\"caption\":\"EDITOR\"},\"url\":\"https:\/\/laprensacristiana.com\/?author=3\"}]}<\/script>\n<!-- \/ Yoast SEO plugin. -->","yoast_head_json":{"title":"Celebran d\u00eda mundial del evangelismo con un desfile en Zacatecoluca - La Prensa Cristiana","robots":{"index":"index","follow":"follow","max-snippet":"max-snippet:-1","max-image-preview":"max-image-preview:large","max-video-preview":"max-video-preview:-1"},"canonical":"https:\/\/laprensacristiana.com\/?p=13434","og_locale":"es_ES","og_type":"article","og_title":"Celebran d\u00eda mundial del evangelismo con un desfile en Zacatecoluca - La Prensa Cristiana","og_description":"Por: Periodista Daniel Echeverr\u00eda&nbsp; Esta ma\u00f1ana se realiz\u00f3 un Desfile conmemorando el d\u00eda mundial de la Evangelizaci\u00f3n.&nbsp; Este desfile inici\u00f3 desde Centro Comercial San Antonio, culminando en parque Central de Zacatecoluca. Este evento fue organizado por Iglesias Cristianas del Departamento de la Paz en fuerte alianza con Compassi\u00f3n Internacional. Unidos desarrollan programas sociales que ha [&hellip;]","og_url":"https:\/\/laprensacristiana.com\/?p=13434","og_site_name":"La Prensa Cristiana","article_published_time":"2022-05-29T13:17:07+00:00","article_modified_time":"2022-05-29T13:30:45+00:00","og_image":[{"width":960,"height":540,"url":"https:\/\/laprensacristiana.com\/wp-content\/uploads\/2022\/05\/2E0D1871-DFF8-4125-AB43-6A4CC2353308.jpeg","type":"image\/jpeg"}],"author":"EDITOR","twitter_card":"summary_large_image","twitter_misc":{"Escrito por":"EDITOR"},"schema":{"@context":"https:\/\/schema.org","@graph":[{"@type":"WebPage","@id":"https:\/\/laprensacristiana.com\/?p=13434","url":"https:\/\/laprensacristiana.com\/?p=13434","name":"Celebran d\u00eda mundial del evangelismo con un desfile en Zacatecoluca - La Prensa Cristiana","isPartOf":{"@id":"https:\/\/laprensacristiana.com\/#website"},"datePublished":"2022-05-29T13:17:07+00:00","dateModified":"2022-05-29T13:30:45+00:00","author":{"@id":"https:\/\/laprensacristiana.com\/#\/schema\/person\/3e7d82c6bfd6b1fa67010f8f7cd5256e"},"breadcrumb":{"@id":"https:\/\/laprensacristiana.com\/?p=13434#breadcrumb"},"inLanguage":"es","potentialAction":[{"@type":"ReadAction","target":["https:\/\/laprensacristiana.com\/?p=13434"]}]},{"@type":"BreadcrumbList","@id":"https:\/\/laprensacristiana.com\/?p=13434#breadcrumb","itemListElement":[{"@type":"ListItem","position":1,"name":"Portada","item":"https:\/\/laprensacristiana.com\/"},{"@type":"ListItem","position":2,"name":"Celebran d\u00eda mundial del evangelismo con un desfile en Zacatecoluca"}]},{"@type":"WebSite","@id":"https:\/\/laprensacristiana.com\/#website","url":"https:\/\/laprensacristiana.com\/","name":"La Prensa Cristiana","description":"Anunciando Las Buenas Nuevas","potentialAction":[{"@type":"SearchAction","target":{"@type":"EntryPoint","urlTemplate":"https:\/\/laprensacristiana.com\/?s={search_term_string}"},"query-input":"required name=search_term_string"}],"inLanguage":"es"},{"@type":"Person","@id":"https:\/\/laprensacristiana.com\/#\/schema\/person\/3e7d82c6bfd6b1fa67010f8f7cd5256e","name":"EDITOR","image":{"@type":"ImageObject","inLanguage":"es","@id":"https:\/\/laprensacristiana.com\/#\/schema\/person\/image\/","url":"https:\/\/secure.gravatar.com\/avatar\/72069dfb6c13772d9e8381e3638666d2?s=96&d=mm&r=g","contentUrl":"https:\/\/secure.gravatar.com\/avatar\/72069dfb6c13772d9e8381e3638666d2?s=96&d=mm&r=g","caption":"EDITOR"},"url":"https:\/\/laprensacristiana.com\/?author=3"}]}},"_links":{"self":[{"href":"https:\/\/laprensacristiana.com\/index.php?rest_route=\/wp\/v2\/posts\/13434"}],"collection":[{"href":"https:\/\/laprensacristiana.com\/index.php?rest_route=\/wp\/v2\/posts"}],"about":[{"href":"https:\/\/laprensacristiana.com\/index.php?rest_route=\/wp\/v2\/types\/post"}],"author":[{"embeddable":true,"href":"https:\/\/laprensacristiana.com\/index.php?rest_route=\/wp\/v2\/users\/3"}],"replies":[{"embeddable":true,"href":"https:\/\/laprensacristiana.com\/index.php?rest_route=%2Fwp%2Fv2%2Fcomments&post=13434"}],"version-history":[{"count":3,"href":"https:\/\/laprensacristiana.com\/index.php?rest_route=\/wp\/v2\/posts\/13434\/revisions"}],"predecessor-version":[{"id":13444,"href":"https:\/\/laprensacristiana.com\/index.php?rest_route=\/wp\/v2\/posts\/13434\/revisions\/13444"}],"wp:featuredmedia":[{"embeddable":true,"href":"https:\/\/laprensacristiana.com\/index.php?rest_route=\/wp\/v2\/media\/13435"}],"wp:attachment":[{"href":"https:\/\/laprensacristiana.com\/index.php?rest_route=%2Fwp%2Fv2%2Fmedia&parent=13434"}],"wp:term":[{"taxonomy":"category","embeddable":true,"href":"https:\/\/laprensacristiana.com\/index.php?rest_route=%2Fwp%2Fv2%2Fcategories&post=13434"},{"taxonomy":"post_tag","embeddable":true,"href":"https:\/\/laprensacristiana.com\/index.php?rest_route=%2Fwp%2Fv2%2Ftags&post=13434"}],"curies":[{"name":"wp","href":"https:\/\/api.w.org\/{rel}","templated":true}]}}