{"id":13534,"date":"2022-06-30T14:06:29","date_gmt":"2022-06-30T14:06:29","guid":{"rendered":"https:\/\/laprensacristiana.com\/?p=13534"},"modified":"2022-06-30T14:06:31","modified_gmt":"2022-06-30T14:06:31","slug":"capellanes-unidos-de-ny-el-salvador-celebra-su-11-graduacion","status":"publish","type":"post","link":"https:\/\/laprensacristiana.com\/?p=13534","title":{"rendered":"Capellanes Unidos de NY-El Salvador celebra su 11\u00b0 graduaci\u00f3n"},"content":{"rendered":"\n<p>El ministerio de Capellanes Unidos de New York-El Salvador realiz\u00f3 la onceava graduaci\u00f3n en la que prepar\u00f3 y embisti\u00f3 a 77 nuevos capellanes.<\/p>\n\n\n\n<p>La celebraci\u00f3n se realiz\u00f3 en las instalaciones del Edificio Gamaliel del Tabern\u00e1culo B\u00edblico Bautista Amigos de Israel.<\/p>\n\n\n\n<p>Durante el evento se cont\u00f3 con la participaci\u00f3n musical de Lorenzo Mart\u00ednez, quien adem\u00e1s de ser pastor, fue parte de los graduandos.<\/p>\n\n\n\n<p>Desde la ciudad de New York, Estados Unidos, su fundador el capell\u00e1n y obispo Erick Arriaza explic\u00f3 que esta visi\u00f3n de servir a los dem\u00e1s naci\u00f3 hace 30 a\u00f1os y han capacitado a m\u00e1s de 10,000 personas alrededor del mundo.<\/p>\n\n\n\n<p>En El Salvador su director Nacional, el capell\u00e1n Lester Aguirre explic\u00f3 que cada uno de los que integran esta formaci\u00f3n son un ejemplo de humildad por aceptar este llamado y un ejemplo de amor por su deseo de servir a los dem\u00e1s.<\/p>\n\n\n\n<p>En el acto cada uno de los graduandos recibi\u00f3 su certificaci\u00f3n como capell\u00e1n con su respectivo diploma y placa caracter\u00edstica de la capellan\u00eda.<\/p>\n\n\n\n<figure class=\"wp-block-gallery columns-3 is-cropped wp-block-gallery-1 is-layout-flex\"><ul class=\"blocks-gallery-grid\"><li class=\"blocks-gallery-item\"><figure><img decoding=\"async\" loading=\"lazy\" width=\"900\" height=\"600\" src=\"https:\/\/laprensacristiana.com\/wp-content\/uploads\/2022\/06\/35.png\" alt=\"\" data-id=\"13536\" data-link=\"https:\/\/laprensacristiana.com\/?attachment_id=13536\" class=\"wp-image-13536\" srcset=\"https:\/\/laprensacristiana.com\/wp-content\/uploads\/2022\/06\/35.png 900w, https:\/\/laprensacristiana.com\/wp-content\/uploads\/2022\/06\/35-300x200.png 300w, https:\/\/laprensacristiana.com\/wp-content\/uploads\/2022\/06\/35-768x512.png 768w, https:\/\/laprensacristiana.com\/wp-content\/uploads\/2022\/06\/35-696x464.png 696w, https:\/\/laprensacristiana.com\/wp-content\/uploads\/2022\/06\/35-600x400.png 600w\" sizes=\"(max-width: 900px) 100vw, 900px\" \/><\/figure><\/li><li class=\"blocks-gallery-item\"><figure><img decoding=\"async\" loading=\"lazy\" width=\"900\" height=\"600\" src=\"https:\/\/laprensacristiana.com\/wp-content\/uploads\/2022\/06\/55.png\" alt=\"\" data-id=\"13537\" data-link=\"https:\/\/laprensacristiana.com\/?attachment_id=13537\" class=\"wp-image-13537\" srcset=\"https:\/\/laprensacristiana.com\/wp-content\/uploads\/2022\/06\/55.png 900w, https:\/\/laprensacristiana.com\/wp-content\/uploads\/2022\/06\/55-300x200.png 300w, https:\/\/laprensacristiana.com\/wp-content\/uploads\/2022\/06\/55-768x512.png 768w, https:\/\/laprensacristiana.com\/wp-content\/uploads\/2022\/06\/55-696x464.png 696w, https:\/\/laprensacristiana.com\/wp-content\/uploads\/2022\/06\/55-600x400.png 600w\" sizes=\"(max-width: 900px) 100vw, 900px\" \/><\/figure><\/li><li class=\"blocks-gallery-item\"><figure><img decoding=\"async\" loading=\"lazy\" width=\"900\" height=\"600\" src=\"https:\/\/laprensacristiana.com\/wp-content\/uploads\/2022\/06\/42.png\" alt=\"\" data-id=\"13538\" data-link=\"https:\/\/laprensacristiana.com\/?attachment_id=13538\" class=\"wp-image-13538\" srcset=\"https:\/\/laprensacristiana.com\/wp-content\/uploads\/2022\/06\/42.png 900w, https:\/\/laprensacristiana.com\/wp-content\/uploads\/2022\/06\/42-300x200.png 300w, https:\/\/laprensacristiana.com\/wp-content\/uploads\/2022\/06\/42-768x512.png 768w, https:\/\/laprensacristiana.com\/wp-content\/uploads\/2022\/06\/42-696x464.png 696w, https:\/\/laprensacristiana.com\/wp-content\/uploads\/2022\/06\/42-600x400.png 600w\" sizes=\"(max-width: 900px) 100vw, 900px\" \/><\/figure><\/li><li class=\"blocks-gallery-item\"><figure><img decoding=\"async\" loading=\"lazy\" width=\"900\" height=\"600\" src=\"https:\/\/laprensacristiana.com\/wp-content\/uploads\/2022\/06\/43.png\" alt=\"\" data-id=\"13539\" data-full-url=\"https:\/\/laprensacristiana.com\/wp-content\/uploads\/2022\/06\/43.png\" data-link=\"https:\/\/laprensacristiana.com\/?attachment_id=13539\" class=\"wp-image-13539\" srcset=\"https:\/\/laprensacristiana.com\/wp-content\/uploads\/2022\/06\/43.png 900w, https:\/\/laprensacristiana.com\/wp-content\/uploads\/2022\/06\/43-300x200.png 300w, https:\/\/laprensacristiana.com\/wp-content\/uploads\/2022\/06\/43-768x512.png 768w, https:\/\/laprensacristiana.com\/wp-content\/uploads\/2022\/06\/43-696x464.png 696w, https:\/\/laprensacristiana.com\/wp-content\/uploads\/2022\/06\/43-600x400.png 600w\" sizes=\"(max-width: 900px) 100vw, 900px\" \/><\/figure><\/li><\/ul><\/figure>\n","protected":false},"excerpt":{"rendered":"<p>El ministerio de Capellanes Unidos de New York-El Salvador realiz\u00f3 la onceava graduaci\u00f3n en la que prepar\u00f3 y embisti\u00f3 a 77 nuevos capellanes. La celebraci\u00f3n se realiz\u00f3 en las instalaciones del Edificio Gamaliel del Tabern\u00e1culo B\u00edblico Bautista Amigos de Israel. Durante el evento se cont\u00f3 con la participaci\u00f3n musical de Lorenzo Mart\u00ednez, quien adem\u00e1s de [&hellip;]<\/p>\n","protected":false},"author":3,"featured_media":13535,"comment_status":"open","ping_status":"open","sticky":false,"template":"","format":"standard","meta":[],"categories":[56],"tags":[],"yoast_head":"<!-- This site is optimized with the Yoast SEO plugin v20.8 - https:\/\/yoast.com\/wordpress\/plugins\/seo\/ -->\n<title>Capellanes Unidos de NY-El Salvador celebra su 11\u00b0 graduaci\u00f3n - La Prensa Cristiana<\/title>\n<meta name=\"robots\" content=\"index, follow, max-snippet:-1, max-image-preview:large, max-video-preview:-1\" \/>\n<link rel=\"canonical\" href=\"https:\/\/laprensacristiana.com\/?p=13534\" \/>\n<meta property=\"og:locale\" content=\"es_ES\" \/>\n<meta property=\"og:type\" content=\"article\" \/>\n<meta property=\"og:title\" content=\"Capellanes Unidos de NY-El Salvador celebra su 11\u00b0 graduaci\u00f3n - La Prensa Cristiana\" \/>\n<meta property=\"og:description\" content=\"El ministerio de Capellanes Unidos de New York-El Salvador realiz\u00f3 la onceava graduaci\u00f3n en la que prepar\u00f3 y embisti\u00f3 a 77 nuevos capellanes. La celebraci\u00f3n se realiz\u00f3 en las instalaciones del Edificio Gamaliel del Tabern\u00e1culo B\u00edblico Bautista Amigos de Israel. Durante el evento se cont\u00f3 con la participaci\u00f3n musical de Lorenzo Mart\u00ednez, quien adem\u00e1s de [&hellip;]\" \/>\n<meta property=\"og:url\" content=\"https:\/\/laprensacristiana.com\/?p=13534\" \/>\n<meta property=\"og:site_name\" content=\"La Prensa Cristiana\" \/>\n<meta property=\"article:published_time\" content=\"2022-06-30T14:06:29+00:00\" \/>\n<meta property=\"article:modified_time\" content=\"2022-06-30T14:06:31+00:00\" \/>\n<meta property=\"og:image\" content=\"https:\/\/laprensacristiana.com\/wp-content\/uploads\/2022\/06\/26.png\" \/>\n\t<meta property=\"og:image:width\" content=\"900\" \/>\n\t<meta property=\"og:image:height\" content=\"600\" \/>\n\t<meta property=\"og:image:type\" content=\"image\/png\" \/>\n<meta name=\"author\" content=\"EDITOR\" \/>\n<meta name=\"twitter:card\" content=\"summary_large_image\" \/>\n<meta name=\"twitter:label1\" content=\"Escrito por\" \/>\n\t<meta name=\"twitter:data1\" content=\"EDITOR\" \/>\n\t<meta name=\"twitter:label2\" content=\"Tiempo de lectura\" \/>\n\t<meta name=\"twitter:data2\" content=\"1 minuto\" \/>\n<script type=\"application\/ld+json\" class=\"yoast-schema-graph\">{\"@context\":\"https:\/\/schema.org\",\"@graph\":[{\"@type\":\"WebPage\",\"@id\":\"https:\/\/laprensacristiana.com\/?p=13534\",\"url\":\"https:\/\/laprensacristiana.com\/?p=13534\",\"name\":\"Capellanes Unidos de NY-El Salvador celebra su 11\u00b0 graduaci\u00f3n - La Prensa Cristiana\",\"isPartOf\":{\"@id\":\"https:\/\/laprensacristiana.com\/#website\"},\"datePublished\":\"2022-06-30T14:06:29+00:00\",\"dateModified\":\"2022-06-30T14:06:31+00:00\",\"author\":{\"@id\":\"https:\/\/laprensacristiana.com\/#\/schema\/person\/3e7d82c6bfd6b1fa67010f8f7cd5256e\"},\"breadcrumb\":{\"@id\":\"https:\/\/laprensacristiana.com\/?p=13534#breadcrumb\"},\"inLanguage\":\"es\",\"potentialAction\":[{\"@type\":\"ReadAction\",\"target\":[\"https:\/\/laprensacristiana.com\/?p=13534\"]}]},{\"@type\":\"BreadcrumbList\",\"@id\":\"https:\/\/laprensacristiana.com\/?p=13534#breadcrumb\",\"itemListElement\":[{\"@type\":\"ListItem\",\"position\":1,\"name\":\"Portada\",\"item\":\"https:\/\/laprensacristiana.com\/\"},{\"@type\":\"ListItem\",\"position\":2,\"name\":\"Capellanes Unidos de NY-El Salvador celebra su 11\u00b0 graduaci\u00f3n\"}]},{\"@type\":\"WebSite\",\"@id\":\"https:\/\/laprensacristiana.com\/#website\",\"url\":\"https:\/\/laprensacristiana.com\/\",\"name\":\"La Prensa Cristiana\",\"description\":\"Anunciando Las Buenas Nuevas\",\"potentialAction\":[{\"@type\":\"SearchAction\",\"target\":{\"@type\":\"EntryPoint\",\"urlTemplate\":\"https:\/\/laprensacristiana.com\/?s={search_term_string}\"},\"query-input\":\"required name=search_term_string\"}],\"inLanguage\":\"es\"},{\"@type\":\"Person\",\"@id\":\"https:\/\/laprensacristiana.com\/#\/schema\/person\/3e7d82c6bfd6b1fa67010f8f7cd5256e\",\"name\":\"EDITOR\",\"image\":{\"@type\":\"ImageObject\",\"inLanguage\":\"es\",\"@id\":\"https:\/\/laprensacristiana.com\/#\/schema\/person\/image\/\",\"url\":\"https:\/\/secure.gravatar.com\/avatar\/72069dfb6c13772d9e8381e3638666d2?s=96&d=mm&r=g\",\"contentUrl\":\"https:\/\/secure.gravatar.com\/avatar\/72069dfb6c13772d9e8381e3638666d2?s=96&d=mm&r=g\",\"caption\":\"EDITOR\"},\"url\":\"https:\/\/laprensacristiana.com\/?author=3\"}]}<\/script>\n<!-- \/ Yoast SEO plugin. -->","yoast_head_json":{"title":"Capellanes Unidos de NY-El Salvador celebra su 11\u00b0 graduaci\u00f3n - La Prensa Cristiana","robots":{"index":"index","follow":"follow","max-snippet":"max-snippet:-1","max-image-preview":"max-image-preview:large","max-video-preview":"max-video-preview:-1"},"canonical":"https:\/\/laprensacristiana.com\/?p=13534","og_locale":"es_ES","og_type":"article","og_title":"Capellanes Unidos de NY-El Salvador celebra su 11\u00b0 graduaci\u00f3n - La Prensa Cristiana","og_description":"El ministerio de Capellanes Unidos de New York-El Salvador realiz\u00f3 la onceava graduaci\u00f3n en la que prepar\u00f3 y embisti\u00f3 a 77 nuevos capellanes. La celebraci\u00f3n se realiz\u00f3 en las instalaciones del Edificio Gamaliel del Tabern\u00e1culo B\u00edblico Bautista Amigos de Israel. Durante el evento se cont\u00f3 con la participaci\u00f3n musical de Lorenzo Mart\u00ednez, quien adem\u00e1s de [&hellip;]","og_url":"https:\/\/laprensacristiana.com\/?p=13534","og_site_name":"La Prensa Cristiana","article_published_time":"2022-06-30T14:06:29+00:00","article_modified_time":"2022-06-30T14:06:31+00:00","og_image":[{"width":900,"height":600,"url":"https:\/\/laprensacristiana.com\/wp-content\/uploads\/2022\/06\/26.png","type":"image\/png"}],"author":"EDITOR","twitter_card":"summary_large_image","twitter_misc":{"Escrito por":"EDITOR","Tiempo de lectura":"1 minuto"},"schema":{"@context":"https:\/\/schema.org","@graph":[{"@type":"WebPage","@id":"https:\/\/laprensacristiana.com\/?p=13534","url":"https:\/\/laprensacristiana.com\/?p=13534","name":"Capellanes Unidos de NY-El Salvador celebra su 11\u00b0 graduaci\u00f3n - La Prensa Cristiana","isPartOf":{"@id":"https:\/\/laprensacristiana.com\/#website"},"datePublished":"2022-06-30T14:06:29+00:00","dateModified":"2022-06-30T14:06:31+00:00","author":{"@id":"https:\/\/laprensacristiana.com\/#\/schema\/person\/3e7d82c6bfd6b1fa67010f8f7cd5256e"},"breadcrumb":{"@id":"https:\/\/laprensacristiana.com\/?p=13534#breadcrumb"},"inLanguage":"es","potentialAction":[{"@type":"ReadAction","target":["https:\/\/laprensacristiana.com\/?p=13534"]}]},{"@type":"BreadcrumbList","@id":"https:\/\/laprensacristiana.com\/?p=13534#breadcrumb","itemListElement":[{"@type":"ListItem","position":1,"name":"Portada","item":"https:\/\/laprensacristiana.com\/"},{"@type":"ListItem","position":2,"name":"Capellanes Unidos de NY-El Salvador celebra su 11\u00b0 graduaci\u00f3n"}]},{"@type":"WebSite","@id":"https:\/\/laprensacristiana.com\/#website","url":"https:\/\/laprensacristiana.com\/","name":"La Prensa Cristiana","description":"Anunciando Las Buenas Nuevas","potentialAction":[{"@type":"SearchAction","target":{"@type":"EntryPoint","urlTemplate":"https:\/\/laprensacristiana.com\/?s={search_term_string}"},"query-input":"required name=search_term_string"}],"inLanguage":"es"},{"@type":"Person","@id":"https:\/\/laprensacristiana.com\/#\/schema\/person\/3e7d82c6bfd6b1fa67010f8f7cd5256e","name":"EDITOR","image":{"@type":"ImageObject","inLanguage":"es","@id":"https:\/\/laprensacristiana.com\/#\/schema\/person\/image\/","url":"https:\/\/secure.gravatar.com\/avatar\/72069dfb6c13772d9e8381e3638666d2?s=96&d=mm&r=g","contentUrl":"https:\/\/secure.gravatar.com\/avatar\/72069dfb6c13772d9e8381e3638666d2?s=96&d=mm&r=g","caption":"EDITOR"},"url":"https:\/\/laprensacristiana.com\/?author=3"}]}},"_links":{"self":[{"href":"https:\/\/laprensacristiana.com\/index.php?rest_route=\/wp\/v2\/posts\/13534"}],"collection":[{"href":"https:\/\/laprensacristiana.com\/index.php?rest_route=\/wp\/v2\/posts"}],"about":[{"href":"https:\/\/laprensacristiana.com\/index.php?rest_route=\/wp\/v2\/types\/post"}],"author":[{"embeddable":true,"href":"https:\/\/laprensacristiana.com\/index.php?rest_route=\/wp\/v2\/users\/3"}],"replies":[{"embeddable":true,"href":"https:\/\/laprensacristiana.com\/index.php?rest_route=%2Fwp%2Fv2%2Fcomments&post=13534"}],"version-history":[{"count":1,"href":"https:\/\/laprensacristiana.com\/index.php?rest_route=\/wp\/v2\/posts\/13534\/revisions"}],"predecessor-version":[{"id":13540,"href":"https:\/\/laprensacristiana.com\/index.php?rest_route=\/wp\/v2\/posts\/13534\/revisions\/13540"}],"wp:featuredmedia":[{"embeddable":true,"href":"https:\/\/laprensacristiana.com\/index.php?rest_route=\/wp\/v2\/media\/13535"}],"wp:attachment":[{"href":"https:\/\/laprensacristiana.com\/index.php?rest_route=%2Fwp%2Fv2%2Fmedia&parent=13534"}],"wp:term":[{"taxonomy":"category","embeddable":true,"href":"https:\/\/laprensacristiana.com\/index.php?rest_route=%2Fwp%2Fv2%2Fcategories&post=13534"},{"taxonomy":"post_tag","embeddable":true,"href":"https:\/\/laprensacristiana.com\/index.php?rest_route=%2Fwp%2Fv2%2Ftags&post=13534"}],"curies":[{"name":"wp","href":"https:\/\/api.w.org\/{rel}","templated":true}]}}