{"id":13572,"date":"2022-07-14T00:20:22","date_gmt":"2022-07-14T00:20:22","guid":{"rendered":"https:\/\/laprensacristiana.com\/?p=13572"},"modified":"2022-07-14T00:20:24","modified_gmt":"2022-07-14T00:20:24","slug":"mas-de-200-pastores-se-reunieron-para-compartir-un-corazon-misionero","status":"publish","type":"post","link":"https:\/\/laprensacristiana.com\/?p=13572","title":{"rendered":"M\u00e1s de 200 pastores se reunieron para compartir un coraz\u00f3n misionero"},"content":{"rendered":"\n<p>Esta ma\u00f1ana se llev\u00f3 a cabo en Iglesia Tierra de Bendici\u00f3n ubicada en Lourdes Col\u00f3n departamento de la Libertad, la conferencia \u201cLevantemos a Centro Am\u00e9rica\u201d, m\u00e1s de 200 pastores se dieron cita para compartir y escuchar a los ponentes Pastor Joshua An Misionero de GMI, Pastor David Choi Misionero GMI de Guatemala, un mensaje que invit\u00f3 a todos los presentes a salir de las iglesias y poder llevar el mensaje de Salvaci\u00f3n a todo El Salvador y el mundo.<\/p>\n\n\n\n<figure class=\"wp-block-gallery columns-2 is-cropped wp-block-gallery-1 is-layout-flex\"><ul class=\"blocks-gallery-grid\"><li class=\"blocks-gallery-item\"><figure><img decoding=\"async\" loading=\"lazy\" width=\"720\" height=\"540\" src=\"https:\/\/laprensacristiana.com\/wp-content\/uploads\/2022\/07\/WhatsApp-Image-2022-07-13-at-6.16.55-PM.jpeg\" alt=\"\" data-id=\"13574\" data-link=\"https:\/\/laprensacristiana.com\/?attachment_id=13574\" class=\"wp-image-13574\" srcset=\"https:\/\/laprensacristiana.com\/wp-content\/uploads\/2022\/07\/WhatsApp-Image-2022-07-13-at-6.16.55-PM.jpeg 720w, https:\/\/laprensacristiana.com\/wp-content\/uploads\/2022\/07\/WhatsApp-Image-2022-07-13-at-6.16.55-PM-300x225.jpeg 300w, https:\/\/laprensacristiana.com\/wp-content\/uploads\/2022\/07\/WhatsApp-Image-2022-07-13-at-6.16.55-PM-696x522.jpeg 696w, https:\/\/laprensacristiana.com\/wp-content\/uploads\/2022\/07\/WhatsApp-Image-2022-07-13-at-6.16.55-PM-600x450.jpeg 600w\" sizes=\"(max-width: 720px) 100vw, 720px\" \/><\/figure><\/li><li class=\"blocks-gallery-item\"><figure><img decoding=\"async\" loading=\"lazy\" width=\"720\" height=\"540\" src=\"https:\/\/laprensacristiana.com\/wp-content\/uploads\/2022\/07\/WhatsApp-Image-2022-07-13-at-6.17.00-PM.jpeg\" alt=\"\" data-id=\"13575\" data-full-url=\"https:\/\/laprensacristiana.com\/wp-content\/uploads\/2022\/07\/WhatsApp-Image-2022-07-13-at-6.17.00-PM.jpeg\" data-link=\"https:\/\/laprensacristiana.com\/?attachment_id=13575\" class=\"wp-image-13575\" srcset=\"https:\/\/laprensacristiana.com\/wp-content\/uploads\/2022\/07\/WhatsApp-Image-2022-07-13-at-6.17.00-PM.jpeg 720w, https:\/\/laprensacristiana.com\/wp-content\/uploads\/2022\/07\/WhatsApp-Image-2022-07-13-at-6.17.00-PM-300x225.jpeg 300w, https:\/\/laprensacristiana.com\/wp-content\/uploads\/2022\/07\/WhatsApp-Image-2022-07-13-at-6.17.00-PM-696x522.jpeg 696w, https:\/\/laprensacristiana.com\/wp-content\/uploads\/2022\/07\/WhatsApp-Image-2022-07-13-at-6.17.00-PM-600x450.jpeg 600w\" sizes=\"(max-width: 720px) 100vw, 720px\" \/><\/figure><\/li><\/ul><\/figure>\n\n\n\n<p>GMI es una organizaci\u00f3n formadora de pastores y misioneros para llevar el evangelio a otros pa\u00edses.&nbsp; Durante el evento se hizo entrega de m\u00e1s de 200 Biblias de estudio a todos los asistentes a la conferencia.<\/p>\n\n\n\n<p>El pastor Yuri Mart\u00ednez quien fue el anfitri\u00f3n junto a su iglesia comparti\u00f3 a trav\u00e9s de sus redes sociales la alegr\u00eda de abrir las puertas de su congregaci\u00f3n para este magno evento: \u201cEst\u00e9 mi\u00e9rcoles el Se\u00f1or nos permite tener el privilegio de albergar a pastores de GMI, mientras El Se\u00f1or nos regale vida, salud y su Esp\u00edritu nos permita seguiremos firmes y adelante\u201d, concluy\u00f3.<\/p>\n","protected":false},"excerpt":{"rendered":"<p>Esta ma\u00f1ana se llev\u00f3 a cabo en Iglesia Tierra de Bendici\u00f3n ubicada en Lourdes Col\u00f3n departamento de la Libertad, la conferencia \u201cLevantemos a Centro Am\u00e9rica\u201d, m\u00e1s de 200 pastores se dieron cita para compartir y escuchar a los ponentes Pastor Joshua An Misionero de GMI, Pastor David Choi Misionero GMI de Guatemala, un mensaje que [&hellip;]<\/p>\n","protected":false},"author":3,"featured_media":13573,"comment_status":"open","ping_status":"open","sticky":false,"template":"","format":"standard","meta":[],"categories":[56],"tags":[],"yoast_head":"<!-- This site is optimized with the Yoast SEO plugin v20.8 - https:\/\/yoast.com\/wordpress\/plugins\/seo\/ -->\n<title>M\u00e1s de 200 pastores se reunieron para compartir un coraz\u00f3n misionero - La Prensa Cristiana<\/title>\n<meta name=\"robots\" content=\"index, follow, max-snippet:-1, max-image-preview:large, max-video-preview:-1\" \/>\n<link rel=\"canonical\" href=\"https:\/\/laprensacristiana.com\/?p=13572\" \/>\n<meta property=\"og:locale\" content=\"es_ES\" \/>\n<meta property=\"og:type\" content=\"article\" \/>\n<meta property=\"og:title\" content=\"M\u00e1s de 200 pastores se reunieron para compartir un coraz\u00f3n misionero - La Prensa Cristiana\" \/>\n<meta property=\"og:description\" content=\"Esta ma\u00f1ana se llev\u00f3 a cabo en Iglesia Tierra de Bendici\u00f3n ubicada en Lourdes Col\u00f3n departamento de la Libertad, la conferencia \u201cLevantemos a Centro Am\u00e9rica\u201d, m\u00e1s de 200 pastores se dieron cita para compartir y escuchar a los ponentes Pastor Joshua An Misionero de GMI, Pastor David Choi Misionero GMI de Guatemala, un mensaje que [&hellip;]\" \/>\n<meta property=\"og:url\" content=\"https:\/\/laprensacristiana.com\/?p=13572\" \/>\n<meta property=\"og:site_name\" content=\"La Prensa Cristiana\" \/>\n<meta property=\"article:published_time\" content=\"2022-07-14T00:20:22+00:00\" \/>\n<meta property=\"article:modified_time\" content=\"2022-07-14T00:20:24+00:00\" \/>\n<meta property=\"og:image\" content=\"https:\/\/laprensacristiana.com\/wp-content\/uploads\/2022\/07\/WhatsApp-Image-2022-07-13-at-6.16.53-PM.jpeg\" \/>\n\t<meta property=\"og:image:width\" content=\"720\" \/>\n\t<meta property=\"og:image:height\" content=\"350\" \/>\n\t<meta property=\"og:image:type\" content=\"image\/jpeg\" \/>\n<meta name=\"author\" content=\"EDITOR\" \/>\n<meta name=\"twitter:card\" content=\"summary_large_image\" \/>\n<meta name=\"twitter:label1\" content=\"Escrito por\" \/>\n\t<meta name=\"twitter:data1\" content=\"EDITOR\" \/>\n\t<meta name=\"twitter:label2\" content=\"Tiempo de lectura\" \/>\n\t<meta name=\"twitter:data2\" content=\"1 minuto\" \/>\n<script type=\"application\/ld+json\" class=\"yoast-schema-graph\">{\"@context\":\"https:\/\/schema.org\",\"@graph\":[{\"@type\":\"WebPage\",\"@id\":\"https:\/\/laprensacristiana.com\/?p=13572\",\"url\":\"https:\/\/laprensacristiana.com\/?p=13572\",\"name\":\"M\u00e1s de 200 pastores se reunieron para compartir un coraz\u00f3n misionero - La Prensa Cristiana\",\"isPartOf\":{\"@id\":\"https:\/\/laprensacristiana.com\/#website\"},\"datePublished\":\"2022-07-14T00:20:22+00:00\",\"dateModified\":\"2022-07-14T00:20:24+00:00\",\"author\":{\"@id\":\"https:\/\/laprensacristiana.com\/#\/schema\/person\/3e7d82c6bfd6b1fa67010f8f7cd5256e\"},\"breadcrumb\":{\"@id\":\"https:\/\/laprensacristiana.com\/?p=13572#breadcrumb\"},\"inLanguage\":\"es\",\"potentialAction\":[{\"@type\":\"ReadAction\",\"target\":[\"https:\/\/laprensacristiana.com\/?p=13572\"]}]},{\"@type\":\"BreadcrumbList\",\"@id\":\"https:\/\/laprensacristiana.com\/?p=13572#breadcrumb\",\"itemListElement\":[{\"@type\":\"ListItem\",\"position\":1,\"name\":\"Portada\",\"item\":\"https:\/\/laprensacristiana.com\/\"},{\"@type\":\"ListItem\",\"position\":2,\"name\":\"M\u00e1s de 200 pastores se reunieron para compartir un coraz\u00f3n misionero\"}]},{\"@type\":\"WebSite\",\"@id\":\"https:\/\/laprensacristiana.com\/#website\",\"url\":\"https:\/\/laprensacristiana.com\/\",\"name\":\"La Prensa Cristiana\",\"description\":\"Anunciando Las Buenas Nuevas\",\"potentialAction\":[{\"@type\":\"SearchAction\",\"target\":{\"@type\":\"EntryPoint\",\"urlTemplate\":\"https:\/\/laprensacristiana.com\/?s={search_term_string}\"},\"query-input\":\"required name=search_term_string\"}],\"inLanguage\":\"es\"},{\"@type\":\"Person\",\"@id\":\"https:\/\/laprensacristiana.com\/#\/schema\/person\/3e7d82c6bfd6b1fa67010f8f7cd5256e\",\"name\":\"EDITOR\",\"image\":{\"@type\":\"ImageObject\",\"inLanguage\":\"es\",\"@id\":\"https:\/\/laprensacristiana.com\/#\/schema\/person\/image\/\",\"url\":\"https:\/\/secure.gravatar.com\/avatar\/72069dfb6c13772d9e8381e3638666d2?s=96&d=mm&r=g\",\"contentUrl\":\"https:\/\/secure.gravatar.com\/avatar\/72069dfb6c13772d9e8381e3638666d2?s=96&d=mm&r=g\",\"caption\":\"EDITOR\"},\"url\":\"https:\/\/laprensacristiana.com\/?author=3\"}]}<\/script>\n<!-- \/ Yoast SEO plugin. -->","yoast_head_json":{"title":"M\u00e1s de 200 pastores se reunieron para compartir un coraz\u00f3n misionero - La Prensa Cristiana","robots":{"index":"index","follow":"follow","max-snippet":"max-snippet:-1","max-image-preview":"max-image-preview:large","max-video-preview":"max-video-preview:-1"},"canonical":"https:\/\/laprensacristiana.com\/?p=13572","og_locale":"es_ES","og_type":"article","og_title":"M\u00e1s de 200 pastores se reunieron para compartir un coraz\u00f3n misionero - La Prensa Cristiana","og_description":"Esta ma\u00f1ana se llev\u00f3 a cabo en Iglesia Tierra de Bendici\u00f3n ubicada en Lourdes Col\u00f3n departamento de la Libertad, la conferencia \u201cLevantemos a Centro Am\u00e9rica\u201d, m\u00e1s de 200 pastores se dieron cita para compartir y escuchar a los ponentes Pastor Joshua An Misionero de GMI, Pastor David Choi Misionero GMI de Guatemala, un mensaje que [&hellip;]","og_url":"https:\/\/laprensacristiana.com\/?p=13572","og_site_name":"La Prensa Cristiana","article_published_time":"2022-07-14T00:20:22+00:00","article_modified_time":"2022-07-14T00:20:24+00:00","og_image":[{"width":720,"height":350,"url":"https:\/\/laprensacristiana.com\/wp-content\/uploads\/2022\/07\/WhatsApp-Image-2022-07-13-at-6.16.53-PM.jpeg","type":"image\/jpeg"}],"author":"EDITOR","twitter_card":"summary_large_image","twitter_misc":{"Escrito por":"EDITOR","Tiempo de lectura":"1 minuto"},"schema":{"@context":"https:\/\/schema.org","@graph":[{"@type":"WebPage","@id":"https:\/\/laprensacristiana.com\/?p=13572","url":"https:\/\/laprensacristiana.com\/?p=13572","name":"M\u00e1s de 200 pastores se reunieron para compartir un coraz\u00f3n misionero - La Prensa Cristiana","isPartOf":{"@id":"https:\/\/laprensacristiana.com\/#website"},"datePublished":"2022-07-14T00:20:22+00:00","dateModified":"2022-07-14T00:20:24+00:00","author":{"@id":"https:\/\/laprensacristiana.com\/#\/schema\/person\/3e7d82c6bfd6b1fa67010f8f7cd5256e"},"breadcrumb":{"@id":"https:\/\/laprensacristiana.com\/?p=13572#breadcrumb"},"inLanguage":"es","potentialAction":[{"@type":"ReadAction","target":["https:\/\/laprensacristiana.com\/?p=13572"]}]},{"@type":"BreadcrumbList","@id":"https:\/\/laprensacristiana.com\/?p=13572#breadcrumb","itemListElement":[{"@type":"ListItem","position":1,"name":"Portada","item":"https:\/\/laprensacristiana.com\/"},{"@type":"ListItem","position":2,"name":"M\u00e1s de 200 pastores se reunieron para compartir un coraz\u00f3n misionero"}]},{"@type":"WebSite","@id":"https:\/\/laprensacristiana.com\/#website","url":"https:\/\/laprensacristiana.com\/","name":"La Prensa Cristiana","description":"Anunciando Las Buenas Nuevas","potentialAction":[{"@type":"SearchAction","target":{"@type":"EntryPoint","urlTemplate":"https:\/\/laprensacristiana.com\/?s={search_term_string}"},"query-input":"required name=search_term_string"}],"inLanguage":"es"},{"@type":"Person","@id":"https:\/\/laprensacristiana.com\/#\/schema\/person\/3e7d82c6bfd6b1fa67010f8f7cd5256e","name":"EDITOR","image":{"@type":"ImageObject","inLanguage":"es","@id":"https:\/\/laprensacristiana.com\/#\/schema\/person\/image\/","url":"https:\/\/secure.gravatar.com\/avatar\/72069dfb6c13772d9e8381e3638666d2?s=96&d=mm&r=g","contentUrl":"https:\/\/secure.gravatar.com\/avatar\/72069dfb6c13772d9e8381e3638666d2?s=96&d=mm&r=g","caption":"EDITOR"},"url":"https:\/\/laprensacristiana.com\/?author=3"}]}},"_links":{"self":[{"href":"https:\/\/laprensacristiana.com\/index.php?rest_route=\/wp\/v2\/posts\/13572"}],"collection":[{"href":"https:\/\/laprensacristiana.com\/index.php?rest_route=\/wp\/v2\/posts"}],"about":[{"href":"https:\/\/laprensacristiana.com\/index.php?rest_route=\/wp\/v2\/types\/post"}],"author":[{"embeddable":true,"href":"https:\/\/laprensacristiana.com\/index.php?rest_route=\/wp\/v2\/users\/3"}],"replies":[{"embeddable":true,"href":"https:\/\/laprensacristiana.com\/index.php?rest_route=%2Fwp%2Fv2%2Fcomments&post=13572"}],"version-history":[{"count":1,"href":"https:\/\/laprensacristiana.com\/index.php?rest_route=\/wp\/v2\/posts\/13572\/revisions"}],"predecessor-version":[{"id":13576,"href":"https:\/\/laprensacristiana.com\/index.php?rest_route=\/wp\/v2\/posts\/13572\/revisions\/13576"}],"wp:featuredmedia":[{"embeddable":true,"href":"https:\/\/laprensacristiana.com\/index.php?rest_route=\/wp\/v2\/media\/13573"}],"wp:attachment":[{"href":"https:\/\/laprensacristiana.com\/index.php?rest_route=%2Fwp%2Fv2%2Fmedia&parent=13572"}],"wp:term":[{"taxonomy":"category","embeddable":true,"href":"https:\/\/laprensacristiana.com\/index.php?rest_route=%2Fwp%2Fv2%2Fcategories&post=13572"},{"taxonomy":"post_tag","embeddable":true,"href":"https:\/\/laprensacristiana.com\/index.php?rest_route=%2Fwp%2Fv2%2Ftags&post=13572"}],"curies":[{"name":"wp","href":"https:\/\/api.w.org\/{rel}","templated":true}]}}