{"id":13594,"date":"2022-07-18T17:10:31","date_gmt":"2022-07-18T17:10:31","guid":{"rendered":"https:\/\/laprensacristiana.com\/?p=13594"},"modified":"2022-07-18T17:10:32","modified_gmt":"2022-07-18T17:10:32","slug":"iglesia-del-dios-vivo-celebra-51-anos","status":"publish","type":"post","link":"https:\/\/laprensacristiana.com\/?p=13594","title":{"rendered":"Iglesia Del Dios Vivo celebra 51 a\u00f1os"},"content":{"rendered":"\n<p>La denominaci\u00f3n Iglesia del Dios Vivo dirigida por el pastor Noe S\u00e1nchez, con sede en el Barrio San Jacinto, celebr\u00f3 51 de predicar el evangelio en El Salvador.&nbsp;<\/p>\n\n\n\n<p>La semana del 12 al 17 de julio realizaron diversos cultos con invitados especiales para exhalar a Dios y agradecer su fidelidad por m\u00e1s de medio siglo. Contando con la participaci\u00f3n de los pastores Jos\u00e9 Luis Novoa, Vladimir G\u00e1lvez, Carlos Castillo y Nelson Gonz\u00e1lez.&nbsp;<\/p>\n\n\n\n<p>El fin de semana realizaron un congreso con el tema: \u201cTransformados\u201d, en el cual contaron con la participaci\u00f3n de diversos exponentes: Los salmistas Ricardo Quinteros, Abraham Reyes, los pastores Jos\u00e9 de la Paz Palacios, Jos\u00e9 Luis Novoa y el anfitri\u00f3n Noe S\u00e1nchez.&nbsp;<\/p>\n\n\n\n<p>Para cerrar con broche de oro el aniversario, desarrollaron un concierto con la banda de regu\u00e9 Lion RFC y la banda Atrios.\u00a0<br><\/p>\n\n\n\n<figure class=\"wp-block-image size-large\"><img decoding=\"async\" loading=\"lazy\" width=\"1024\" height=\"683\" src=\"https:\/\/laprensacristiana.com\/wp-content\/uploads\/2022\/07\/B6F59134-BD60-44F6-BA4E-21FA22A786DE-1024x683.jpeg\" alt=\"\" class=\"wp-image-13597\" srcset=\"https:\/\/laprensacristiana.com\/wp-content\/uploads\/2022\/07\/B6F59134-BD60-44F6-BA4E-21FA22A786DE-1024x683.jpeg 1024w, https:\/\/laprensacristiana.com\/wp-content\/uploads\/2022\/07\/B6F59134-BD60-44F6-BA4E-21FA22A786DE-300x200.jpeg 300w, https:\/\/laprensacristiana.com\/wp-content\/uploads\/2022\/07\/B6F59134-BD60-44F6-BA4E-21FA22A786DE-768x512.jpeg 768w, https:\/\/laprensacristiana.com\/wp-content\/uploads\/2022\/07\/B6F59134-BD60-44F6-BA4E-21FA22A786DE-1536x1024.jpeg 1536w, https:\/\/laprensacristiana.com\/wp-content\/uploads\/2022\/07\/B6F59134-BD60-44F6-BA4E-21FA22A786DE-696x464.jpeg 696w, https:\/\/laprensacristiana.com\/wp-content\/uploads\/2022\/07\/B6F59134-BD60-44F6-BA4E-21FA22A786DE-1068x712.jpeg 1068w, https:\/\/laprensacristiana.com\/wp-content\/uploads\/2022\/07\/B6F59134-BD60-44F6-BA4E-21FA22A786DE-600x400.jpeg 600w, https:\/\/laprensacristiana.com\/wp-content\/uploads\/2022\/07\/B6F59134-BD60-44F6-BA4E-21FA22A786DE.jpeg 1620w\" sizes=\"(max-width: 1024px) 100vw, 1024px\" \/><\/figure>\n\n\n\n<p>\u201cNo ha sido f\u00e1cil todos estos a\u00f1os, tengo 27 a\u00f1os de estar sirviendo en la iglesia, que es m\u00e1s de la mitad de a\u00f1os que tiene la misi\u00f3n, antes de mi estuvo mi padre al frente, a la edad de 25 a\u00f1os Dios permiti\u00f3 que yo iniciar\u00e1 a pastorear, le doy gracias al Se\u00f1or porque \u00e9l ha sido quien nos ha sostenido, ninguna gloria y honra sea para mi, toda sea para Dios. Indic\u00f3 el pastor Noe S\u00e1nchez, pastor Iglesia Del Dios Vivo.&nbsp;<\/p>\n\n\n\n<figure class=\"wp-block-image size-large\"><img decoding=\"async\" loading=\"lazy\" width=\"1024\" height=\"683\" src=\"https:\/\/laprensacristiana.com\/wp-content\/uploads\/2022\/07\/2B940368-B111-4F2A-A8CE-CA647851DA81-1024x683.jpeg\" alt=\"\" class=\"wp-image-13596\" srcset=\"https:\/\/laprensacristiana.com\/wp-content\/uploads\/2022\/07\/2B940368-B111-4F2A-A8CE-CA647851DA81-1024x683.jpeg 1024w, https:\/\/laprensacristiana.com\/wp-content\/uploads\/2022\/07\/2B940368-B111-4F2A-A8CE-CA647851DA81-300x200.jpeg 300w, https:\/\/laprensacristiana.com\/wp-content\/uploads\/2022\/07\/2B940368-B111-4F2A-A8CE-CA647851DA81-768x512.jpeg 768w, https:\/\/laprensacristiana.com\/wp-content\/uploads\/2022\/07\/2B940368-B111-4F2A-A8CE-CA647851DA81-1536x1024.jpeg 1536w, https:\/\/laprensacristiana.com\/wp-content\/uploads\/2022\/07\/2B940368-B111-4F2A-A8CE-CA647851DA81-696x464.jpeg 696w, https:\/\/laprensacristiana.com\/wp-content\/uploads\/2022\/07\/2B940368-B111-4F2A-A8CE-CA647851DA81-1068x712.jpeg 1068w, https:\/\/laprensacristiana.com\/wp-content\/uploads\/2022\/07\/2B940368-B111-4F2A-A8CE-CA647851DA81-600x400.jpeg 600w, https:\/\/laprensacristiana.com\/wp-content\/uploads\/2022\/07\/2B940368-B111-4F2A-A8CE-CA647851DA81.jpeg 1620w\" sizes=\"(max-width: 1024px) 100vw, 1024px\" \/><\/figure>\n","protected":false},"excerpt":{"rendered":"<p>La denominaci\u00f3n Iglesia del Dios Vivo dirigida por el pastor Noe S\u00e1nchez, con sede en el Barrio San Jacinto, celebr\u00f3 51 de predicar el evangelio en El Salvador.&nbsp; La semana del 12 al 17 de julio realizaron diversos cultos con invitados especiales para exhalar a Dios y agradecer su fidelidad por m\u00e1s de medio siglo. [&hellip;]<\/p>\n","protected":false},"author":3,"featured_media":13595,"comment_status":"open","ping_status":"open","sticky":false,"template":"","format":"standard","meta":[],"categories":[56],"tags":[],"yoast_head":"<!-- This site is optimized with the Yoast SEO plugin v20.8 - https:\/\/yoast.com\/wordpress\/plugins\/seo\/ -->\n<title>Iglesia Del Dios Vivo celebra 51 a\u00f1os - La Prensa Cristiana<\/title>\n<meta name=\"robots\" content=\"index, follow, max-snippet:-1, max-image-preview:large, max-video-preview:-1\" \/>\n<link rel=\"canonical\" href=\"https:\/\/laprensacristiana.com\/?p=13594\" \/>\n<meta property=\"og:locale\" content=\"es_ES\" \/>\n<meta property=\"og:type\" content=\"article\" \/>\n<meta property=\"og:title\" content=\"Iglesia Del Dios Vivo celebra 51 a\u00f1os - La Prensa Cristiana\" \/>\n<meta property=\"og:description\" content=\"La denominaci\u00f3n Iglesia del Dios Vivo dirigida por el pastor Noe S\u00e1nchez, con sede en el Barrio San Jacinto, celebr\u00f3 51 de predicar el evangelio en El Salvador.&nbsp; La semana del 12 al 17 de julio realizaron diversos cultos con invitados especiales para exhalar a Dios y agradecer su fidelidad por m\u00e1s de medio siglo. [&hellip;]\" \/>\n<meta property=\"og:url\" content=\"https:\/\/laprensacristiana.com\/?p=13594\" \/>\n<meta property=\"og:site_name\" content=\"La Prensa Cristiana\" \/>\n<meta property=\"article:published_time\" content=\"2022-07-18T17:10:31+00:00\" \/>\n<meta property=\"article:modified_time\" content=\"2022-07-18T17:10:32+00:00\" \/>\n<meta property=\"og:image\" content=\"https:\/\/laprensacristiana.com\/wp-content\/uploads\/2022\/07\/D6B7D474-EA62-4B64-82B6-5876085631CF.jpeg\" \/>\n\t<meta property=\"og:image:width\" content=\"1620\" \/>\n\t<meta property=\"og:image:height\" content=\"1080\" \/>\n\t<meta property=\"og:image:type\" content=\"image\/jpeg\" \/>\n<meta name=\"author\" content=\"EDITOR\" \/>\n<meta name=\"twitter:card\" content=\"summary_large_image\" \/>\n<meta name=\"twitter:label1\" content=\"Escrito por\" \/>\n\t<meta name=\"twitter:data1\" content=\"EDITOR\" \/>\n\t<meta name=\"twitter:label2\" content=\"Tiempo de lectura\" \/>\n\t<meta name=\"twitter:data2\" content=\"1 minuto\" \/>\n<script type=\"application\/ld+json\" class=\"yoast-schema-graph\">{\"@context\":\"https:\/\/schema.org\",\"@graph\":[{\"@type\":\"WebPage\",\"@id\":\"https:\/\/laprensacristiana.com\/?p=13594\",\"url\":\"https:\/\/laprensacristiana.com\/?p=13594\",\"name\":\"Iglesia Del Dios Vivo celebra 51 a\u00f1os - La Prensa Cristiana\",\"isPartOf\":{\"@id\":\"https:\/\/laprensacristiana.com\/#website\"},\"datePublished\":\"2022-07-18T17:10:31+00:00\",\"dateModified\":\"2022-07-18T17:10:32+00:00\",\"author\":{\"@id\":\"https:\/\/laprensacristiana.com\/#\/schema\/person\/3e7d82c6bfd6b1fa67010f8f7cd5256e\"},\"breadcrumb\":{\"@id\":\"https:\/\/laprensacristiana.com\/?p=13594#breadcrumb\"},\"inLanguage\":\"es\",\"potentialAction\":[{\"@type\":\"ReadAction\",\"target\":[\"https:\/\/laprensacristiana.com\/?p=13594\"]}]},{\"@type\":\"BreadcrumbList\",\"@id\":\"https:\/\/laprensacristiana.com\/?p=13594#breadcrumb\",\"itemListElement\":[{\"@type\":\"ListItem\",\"position\":1,\"name\":\"Portada\",\"item\":\"https:\/\/laprensacristiana.com\/\"},{\"@type\":\"ListItem\",\"position\":2,\"name\":\"Iglesia Del Dios Vivo celebra 51 a\u00f1os\"}]},{\"@type\":\"WebSite\",\"@id\":\"https:\/\/laprensacristiana.com\/#website\",\"url\":\"https:\/\/laprensacristiana.com\/\",\"name\":\"La Prensa Cristiana\",\"description\":\"Anunciando Las Buenas Nuevas\",\"potentialAction\":[{\"@type\":\"SearchAction\",\"target\":{\"@type\":\"EntryPoint\",\"urlTemplate\":\"https:\/\/laprensacristiana.com\/?s={search_term_string}\"},\"query-input\":\"required name=search_term_string\"}],\"inLanguage\":\"es\"},{\"@type\":\"Person\",\"@id\":\"https:\/\/laprensacristiana.com\/#\/schema\/person\/3e7d82c6bfd6b1fa67010f8f7cd5256e\",\"name\":\"EDITOR\",\"image\":{\"@type\":\"ImageObject\",\"inLanguage\":\"es\",\"@id\":\"https:\/\/laprensacristiana.com\/#\/schema\/person\/image\/\",\"url\":\"https:\/\/secure.gravatar.com\/avatar\/72069dfb6c13772d9e8381e3638666d2?s=96&d=mm&r=g\",\"contentUrl\":\"https:\/\/secure.gravatar.com\/avatar\/72069dfb6c13772d9e8381e3638666d2?s=96&d=mm&r=g\",\"caption\":\"EDITOR\"},\"url\":\"https:\/\/laprensacristiana.com\/?author=3\"}]}<\/script>\n<!-- \/ Yoast SEO plugin. -->","yoast_head_json":{"title":"Iglesia Del Dios Vivo celebra 51 a\u00f1os - La Prensa Cristiana","robots":{"index":"index","follow":"follow","max-snippet":"max-snippet:-1","max-image-preview":"max-image-preview:large","max-video-preview":"max-video-preview:-1"},"canonical":"https:\/\/laprensacristiana.com\/?p=13594","og_locale":"es_ES","og_type":"article","og_title":"Iglesia Del Dios Vivo celebra 51 a\u00f1os - La Prensa Cristiana","og_description":"La denominaci\u00f3n Iglesia del Dios Vivo dirigida por el pastor Noe S\u00e1nchez, con sede en el Barrio San Jacinto, celebr\u00f3 51 de predicar el evangelio en El Salvador.&nbsp; La semana del 12 al 17 de julio realizaron diversos cultos con invitados especiales para exhalar a Dios y agradecer su fidelidad por m\u00e1s de medio siglo. [&hellip;]","og_url":"https:\/\/laprensacristiana.com\/?p=13594","og_site_name":"La Prensa Cristiana","article_published_time":"2022-07-18T17:10:31+00:00","article_modified_time":"2022-07-18T17:10:32+00:00","og_image":[{"width":1620,"height":1080,"url":"https:\/\/laprensacristiana.com\/wp-content\/uploads\/2022\/07\/D6B7D474-EA62-4B64-82B6-5876085631CF.jpeg","type":"image\/jpeg"}],"author":"EDITOR","twitter_card":"summary_large_image","twitter_misc":{"Escrito por":"EDITOR","Tiempo de lectura":"1 minuto"},"schema":{"@context":"https:\/\/schema.org","@graph":[{"@type":"WebPage","@id":"https:\/\/laprensacristiana.com\/?p=13594","url":"https:\/\/laprensacristiana.com\/?p=13594","name":"Iglesia Del Dios Vivo celebra 51 a\u00f1os - La Prensa Cristiana","isPartOf":{"@id":"https:\/\/laprensacristiana.com\/#website"},"datePublished":"2022-07-18T17:10:31+00:00","dateModified":"2022-07-18T17:10:32+00:00","author":{"@id":"https:\/\/laprensacristiana.com\/#\/schema\/person\/3e7d82c6bfd6b1fa67010f8f7cd5256e"},"breadcrumb":{"@id":"https:\/\/laprensacristiana.com\/?p=13594#breadcrumb"},"inLanguage":"es","potentialAction":[{"@type":"ReadAction","target":["https:\/\/laprensacristiana.com\/?p=13594"]}]},{"@type":"BreadcrumbList","@id":"https:\/\/laprensacristiana.com\/?p=13594#breadcrumb","itemListElement":[{"@type":"ListItem","position":1,"name":"Portada","item":"https:\/\/laprensacristiana.com\/"},{"@type":"ListItem","position":2,"name":"Iglesia Del Dios Vivo celebra 51 a\u00f1os"}]},{"@type":"WebSite","@id":"https:\/\/laprensacristiana.com\/#website","url":"https:\/\/laprensacristiana.com\/","name":"La Prensa Cristiana","description":"Anunciando Las Buenas Nuevas","potentialAction":[{"@type":"SearchAction","target":{"@type":"EntryPoint","urlTemplate":"https:\/\/laprensacristiana.com\/?s={search_term_string}"},"query-input":"required name=search_term_string"}],"inLanguage":"es"},{"@type":"Person","@id":"https:\/\/laprensacristiana.com\/#\/schema\/person\/3e7d82c6bfd6b1fa67010f8f7cd5256e","name":"EDITOR","image":{"@type":"ImageObject","inLanguage":"es","@id":"https:\/\/laprensacristiana.com\/#\/schema\/person\/image\/","url":"https:\/\/secure.gravatar.com\/avatar\/72069dfb6c13772d9e8381e3638666d2?s=96&d=mm&r=g","contentUrl":"https:\/\/secure.gravatar.com\/avatar\/72069dfb6c13772d9e8381e3638666d2?s=96&d=mm&r=g","caption":"EDITOR"},"url":"https:\/\/laprensacristiana.com\/?author=3"}]}},"_links":{"self":[{"href":"https:\/\/laprensacristiana.com\/index.php?rest_route=\/wp\/v2\/posts\/13594"}],"collection":[{"href":"https:\/\/laprensacristiana.com\/index.php?rest_route=\/wp\/v2\/posts"}],"about":[{"href":"https:\/\/laprensacristiana.com\/index.php?rest_route=\/wp\/v2\/types\/post"}],"author":[{"embeddable":true,"href":"https:\/\/laprensacristiana.com\/index.php?rest_route=\/wp\/v2\/users\/3"}],"replies":[{"embeddable":true,"href":"https:\/\/laprensacristiana.com\/index.php?rest_route=%2Fwp%2Fv2%2Fcomments&post=13594"}],"version-history":[{"count":1,"href":"https:\/\/laprensacristiana.com\/index.php?rest_route=\/wp\/v2\/posts\/13594\/revisions"}],"predecessor-version":[{"id":13598,"href":"https:\/\/laprensacristiana.com\/index.php?rest_route=\/wp\/v2\/posts\/13594\/revisions\/13598"}],"wp:featuredmedia":[{"embeddable":true,"href":"https:\/\/laprensacristiana.com\/index.php?rest_route=\/wp\/v2\/media\/13595"}],"wp:attachment":[{"href":"https:\/\/laprensacristiana.com\/index.php?rest_route=%2Fwp%2Fv2%2Fmedia&parent=13594"}],"wp:term":[{"taxonomy":"category","embeddable":true,"href":"https:\/\/laprensacristiana.com\/index.php?rest_route=%2Fwp%2Fv2%2Fcategories&post=13594"},{"taxonomy":"post_tag","embeddable":true,"href":"https:\/\/laprensacristiana.com\/index.php?rest_route=%2Fwp%2Fv2%2Ftags&post=13594"}],"curies":[{"name":"wp","href":"https:\/\/api.w.org\/{rel}","templated":true}]}}