{"id":13612,"date":"2022-07-21T20:03:09","date_gmt":"2022-07-21T20:03:09","guid":{"rendered":"https:\/\/laprensacristiana.com\/?p=13612"},"modified":"2022-07-21T20:03:10","modified_gmt":"2022-07-21T20:03:10","slug":"pastor-david-alfonso-pino-y-ministerio-castillo-del-rey-reciben-premio-sol-de-justicia","status":"publish","type":"post","link":"https:\/\/laprensacristiana.com\/?p=13612","title":{"rendered":"Pastor David Alfonso Pino y Ministerio Castillo del Rey reciben premio Sol de Justicia"},"content":{"rendered":"\n<p>La Universidad Evang\u00e9lica de El Salvador en el marco de su aniversario n\u00famero 41 entreg\u00f3 el m\u00e1ximo galard\u00f3n que otorga la instituci\u00f3n, el premio Sol de Justicia al pastor David Alfonso Pino de la Misi\u00f3n Centroamericana y al Ministerio Castillo del Rey de las Asambleas de Dios.<\/p>\n\n\n\n<figure class=\"wp-block-embed-wordpress wp-block-embed is-type-wp-embed is-provider-la-prensa-cristiana\"><div class=\"wp-block-embed__wrapper\">\n<blockquote class=\"wp-embedded-content\" data-secret=\"bD52q5clTG\"><a href=\"https:\/\/laprensacristiana.com\/?p=6241\">Pastora Rosa Hilda \u00c1ngel Premio Sol de Justicia 2019<\/a><\/blockquote><iframe class=\"wp-embedded-content\" sandbox=\"allow-scripts\" security=\"restricted\" style=\"position: absolute; clip: rect(1px, 1px, 1px, 1px);\" title=\"\u00abPastora Rosa Hilda \u00c1ngel Premio Sol de Justicia 2019\u00bb \u2014 La Prensa Cristiana\" src=\"https:\/\/laprensacristiana.com\/?p=6241&#038;embed=true#?secret=bD52q5clTG\" data-secret=\"bD52q5clTG\" width=\"600\" height=\"338\" frameborder=\"0\" marginwidth=\"0\" marginheight=\"0\" scrolling=\"no\"><\/iframe>\n<\/div><\/figure>\n\n\n\n<p>El evento tuvo lugar el lunes 18 de julio en el aula magna de la universidad. El m\u00e9rito se le entrega a quien ha trabajado por varias d\u00e9cadas en la labor de honrar al Se\u00f1or, el premio tiene sus or\u00edgenes en el a\u00f1o 2004, es un proceso en el cual las denominaciones env\u00edan a sus seleccionados, se forma una comisi\u00f3n de l\u00edderes a nivel de pa\u00eds y se selecciona seg\u00fan el trabajo que han hecho.<\/p>\n\n\n\n<figure class=\"wp-block-embed-wordpress wp-block-embed is-type-wp-embed is-provider-la-prensa-cristiana\"><div class=\"wp-block-embed__wrapper\">\n<blockquote class=\"wp-embedded-content\" data-secret=\"PmNraRpCwl\"><a href=\"https:\/\/laprensacristiana.com\/?p=4179\">Entrega de Premio Sol de Justicia 2018<\/a><\/blockquote><iframe class=\"wp-embedded-content\" sandbox=\"allow-scripts\" security=\"restricted\" style=\"position: absolute; clip: rect(1px, 1px, 1px, 1px);\" title=\"\u00abEntrega de Premio Sol de Justicia 2018\u00bb \u2014 La Prensa Cristiana\" src=\"https:\/\/laprensacristiana.com\/?p=4179&#038;embed=true#?secret=PmNraRpCwl\" data-secret=\"PmNraRpCwl\" width=\"600\" height=\"338\" frameborder=\"0\" marginwidth=\"0\" marginheight=\"0\" scrolling=\"no\"><\/iframe>\n<\/div><\/figure>\n\n\n\n<p>En el acto se cont\u00f3 con la participaci\u00f3n especial del salmista V\u00edctor Hern\u00e1ndez y una reflexi\u00f3n con el pastor Luis \u00c1ngel Diaz de Iglesia de Dios GDS y tambi\u00e9n presidente de Alianza Evang\u00e9lica de El Salvador.<\/p>\n\n\n\n<p>\u201cEste es un premio que reconocemos como el m\u00e1ximo galard\u00f3n que esta instituci\u00f3n puede otorgar a hombres y mujeres, a lideres, a siervos y a instituciones que contribuyen a establecer el reino de Dios en este pa\u00eds, es un orgullo para nosotros poder dar este reconocimiento \u201c, explic\u00f3 el Licenciado Carlos Vigil, presidente del directorio ejecutivo UEES.<\/p>\n\n\n\n<figure class=\"wp-block-embed-wordpress wp-block-embed is-type-wp-embed is-provider-la-prensa-cristiana\"><div class=\"wp-block-embed__wrapper\">\n<blockquote class=\"wp-embedded-content\" data-secret=\"Fa74Xvy0zj\"><a href=\"https:\/\/laprensacristiana.com\/?p=3051\">Otorgan premio Sol de Justicia al Maestro Benjam\u00edn Sol\u00eds Men\u00e9ndez<\/a><\/blockquote><iframe class=\"wp-embedded-content\" sandbox=\"allow-scripts\" security=\"restricted\" style=\"position: absolute; clip: rect(1px, 1px, 1px, 1px);\" title=\"\u00abOtorgan premio Sol de Justicia al Maestro Benjam\u00edn Sol\u00eds Men\u00e9ndez\u00bb \u2014 La Prensa Cristiana\" src=\"https:\/\/laprensacristiana.com\/?p=3051&#038;embed=true#?secret=Fa74Xvy0zj\" data-secret=\"Fa74Xvy0zj\" width=\"600\" height=\"338\" frameborder=\"0\" marginwidth=\"0\" marginheight=\"0\" scrolling=\"no\"><\/iframe>\n<\/div><\/figure>\n\n\n\n<p>En la actualidad se han entregado 16 preseas a pastores y 4 a instituciones cristianas en El Salvador, sumando un total de 20 galardones entregados.<\/p>\n\n\n\n<p>El pastor David Alfonso Pino Rivas es el pastor general de la Iglesia Centro B\u00edblico Bel\u00e9n de la Misi\u00f3n Centro Americana, desde hace 25 a\u00f1os: \u201cMis padres Luis Alfonso Pino y Elsa de Pino, sembraron en nosotros, por eso ahora nosotros cosechamos lo que ellos sembraron, doy gracias a Dios por la vida de mi esposa (Roxana de Pino), por su apoyo incondicional en el trabajo de la obra del Se\u00f1or, estoy convencido que a la par de un siervo de Dios, hay una gran sierva de Dios. Doy gracias a Dios por esta universidad que sigue ense\u00f1ando los principios y valores del reino de Dios\u201d, indic\u00f3. \u00a0<\/p>\n\n\n\n<figure class=\"wp-block-image size-large\"><img decoding=\"async\" loading=\"lazy\" width=\"819\" height=\"1024\" src=\"https:\/\/laprensacristiana.com\/wp-content\/uploads\/2022\/07\/293477076_5524484407591458_3405838404409632247_n-819x1024.jpg\" alt=\"\" class=\"wp-image-13614\" srcset=\"https:\/\/laprensacristiana.com\/wp-content\/uploads\/2022\/07\/293477076_5524484407591458_3405838404409632247_n-819x1024.jpg 819w, https:\/\/laprensacristiana.com\/wp-content\/uploads\/2022\/07\/293477076_5524484407591458_3405838404409632247_n-240x300.jpg 240w, https:\/\/laprensacristiana.com\/wp-content\/uploads\/2022\/07\/293477076_5524484407591458_3405838404409632247_n-768x960.jpg 768w, https:\/\/laprensacristiana.com\/wp-content\/uploads\/2022\/07\/293477076_5524484407591458_3405838404409632247_n-1229x1536.jpg 1229w, https:\/\/laprensacristiana.com\/wp-content\/uploads\/2022\/07\/293477076_5524484407591458_3405838404409632247_n-696x870.jpg 696w, https:\/\/laprensacristiana.com\/wp-content\/uploads\/2022\/07\/293477076_5524484407591458_3405838404409632247_n-1068x1335.jpg 1068w, https:\/\/laprensacristiana.com\/wp-content\/uploads\/2022\/07\/293477076_5524484407591458_3405838404409632247_n-600x750.jpg 600w, https:\/\/laprensacristiana.com\/wp-content\/uploads\/2022\/07\/293477076_5524484407591458_3405838404409632247_n.jpg 1440w\" sizes=\"(max-width: 819px) 100vw, 819px\" \/><figcaption>Pastor David Alfonso Pino Rivas junto a su esposa Roxana de Pino (Iglesia Centro B\u00edblico Bel\u00e9n, MCA)<\/figcaption><\/figure>\n\n\n\n<p>Al evento asisten autoridades de las diferentes instituciones evang\u00e9licas, para presenciar y acompa\u00f1ar a uno de sus consiervos, cuya trayectoria deja huella en el pa\u00eds. &nbsp;<\/p>\n\n\n\n<p>El Ministerio Castillo del Rey &nbsp;de las Asambleas de Dios fue fundado por los esposos Terri Y Donald Tripplet, en el marco del conflicto armado que vivi\u00f3 El Salvador en los a\u00f1os 80\u00b4s, presenciaron el fallecimiento de un ni\u00f1o cerca de ellos, desde entonces tomaron la decisi\u00f3n de no permitir que ning\u00fan ni\u00f1o se fuera de esta tierra sin conocer de Dios, entonces comenzaron a trav\u00e9s de las iglesias locales y colegios cristianos a capacitar equipos de j\u00f3venes con el mensaje que Cristo Salva y viene pronto, en la actualidad tienen presencia en 31 pa\u00edses. \u201cGracias por honrar a los miles de voluntarios que trabajamos unidos dentro de El Salvador para alcanzar a los ni\u00f1os con el mensaje que Cristo Salva, Cristo sana, Cristo bautiza y Cristo viene pronto, queremos alcanzar a todos los ni\u00f1os del mundo\u201d. &nbsp;Acot\u00f3 el misionero Donald Tripplet.<\/p>\n\n\n\n<figure class=\"wp-block-image size-large\"><img decoding=\"async\" loading=\"lazy\" width=\"819\" height=\"1024\" src=\"https:\/\/laprensacristiana.com\/wp-content\/uploads\/2022\/07\/294691204_5524484404258125_4204925980182879081_n-819x1024.jpg\" alt=\"\" class=\"wp-image-13615\" srcset=\"https:\/\/laprensacristiana.com\/wp-content\/uploads\/2022\/07\/294691204_5524484404258125_4204925980182879081_n-819x1024.jpg 819w, https:\/\/laprensacristiana.com\/wp-content\/uploads\/2022\/07\/294691204_5524484404258125_4204925980182879081_n-240x300.jpg 240w, https:\/\/laprensacristiana.com\/wp-content\/uploads\/2022\/07\/294691204_5524484404258125_4204925980182879081_n-768x960.jpg 768w, https:\/\/laprensacristiana.com\/wp-content\/uploads\/2022\/07\/294691204_5524484404258125_4204925980182879081_n-1229x1536.jpg 1229w, https:\/\/laprensacristiana.com\/wp-content\/uploads\/2022\/07\/294691204_5524484404258125_4204925980182879081_n-696x870.jpg 696w, https:\/\/laprensacristiana.com\/wp-content\/uploads\/2022\/07\/294691204_5524484404258125_4204925980182879081_n-1068x1335.jpg 1068w, https:\/\/laprensacristiana.com\/wp-content\/uploads\/2022\/07\/294691204_5524484404258125_4204925980182879081_n-600x750.jpg 600w, https:\/\/laprensacristiana.com\/wp-content\/uploads\/2022\/07\/294691204_5524484404258125_4204925980182879081_n.jpg 1440w\" sizes=\"(max-width: 819px) 100vw, 819px\" \/><figcaption>Terri Y Donald Tripplet (Ministerio Castillo del Rey)<\/figcaption><\/figure>\n\n\n\n<p>Por su parte el Capell\u00e1n de la Universidad Evang\u00e9lica de El Salvador, Cesar Mel\u00e9ndez, agradeci\u00f3 a Dios por la vida de los galardonados: \u201cDamos gracias a Dios por lo que el sigue haciendo en nuestro pa\u00eds, damos la gloria a \u00e9l, damos un aplauso a nuestro sol de justicia, nuestro Se\u00f1or Jesucristo, al rendimos en absoluto nuestras vidas\u201d concluy\u00f3.<\/p>\n","protected":false},"excerpt":{"rendered":"<p>La Universidad Evang\u00e9lica de El Salvador en el marco de su aniversario n\u00famero 41 entreg\u00f3 el m\u00e1ximo galard\u00f3n que otorga la instituci\u00f3n, el premio Sol de Justicia al pastor David Alfonso Pino de la Misi\u00f3n Centroamericana y al Ministerio Castillo del Rey de las Asambleas de Dios. El evento tuvo lugar el lunes 18 de [&hellip;]<\/p>\n","protected":false},"author":3,"featured_media":13613,"comment_status":"open","ping_status":"open","sticky":false,"template":"","format":"standard","meta":[],"categories":[56],"tags":[],"yoast_head":"<!-- This site is optimized with the Yoast SEO plugin v20.8 - https:\/\/yoast.com\/wordpress\/plugins\/seo\/ -->\n<title>Pastor David Alfonso Pino y Ministerio Castillo del Rey reciben premio Sol de Justicia - La Prensa Cristiana<\/title>\n<meta name=\"robots\" content=\"index, follow, max-snippet:-1, max-image-preview:large, max-video-preview:-1\" \/>\n<link rel=\"canonical\" href=\"https:\/\/laprensacristiana.com\/?p=13612\" \/>\n<meta property=\"og:locale\" content=\"es_ES\" \/>\n<meta property=\"og:type\" content=\"article\" \/>\n<meta property=\"og:title\" content=\"Pastor David Alfonso Pino y Ministerio Castillo del Rey reciben premio Sol de Justicia - La Prensa Cristiana\" \/>\n<meta property=\"og:description\" content=\"La Universidad Evang\u00e9lica de El Salvador en el marco de su aniversario n\u00famero 41 entreg\u00f3 el m\u00e1ximo galard\u00f3n que otorga la instituci\u00f3n, el premio Sol de Justicia al pastor David Alfonso Pino de la Misi\u00f3n Centroamericana y al Ministerio Castillo del Rey de las Asambleas de Dios. El evento tuvo lugar el lunes 18 de [&hellip;]\" \/>\n<meta property=\"og:url\" content=\"https:\/\/laprensacristiana.com\/?p=13612\" \/>\n<meta property=\"og:site_name\" content=\"La Prensa Cristiana\" \/>\n<meta property=\"article:published_time\" content=\"2022-07-21T20:03:09+00:00\" \/>\n<meta property=\"article:modified_time\" content=\"2022-07-21T20:03:10+00:00\" \/>\n<meta property=\"og:image\" content=\"https:\/\/laprensacristiana.com\/wp-content\/uploads\/2022\/07\/Black-Flat-Minimalist-Accounting-Business-Website-scaled.jpg\" \/>\n\t<meta property=\"og:image:width\" content=\"2560\" \/>\n\t<meta property=\"og:image:height\" content=\"1233\" \/>\n\t<meta property=\"og:image:type\" content=\"image\/jpeg\" \/>\n<meta name=\"author\" content=\"EDITOR\" \/>\n<meta name=\"twitter:card\" content=\"summary_large_image\" \/>\n<meta name=\"twitter:label1\" content=\"Escrito por\" \/>\n\t<meta name=\"twitter:data1\" content=\"EDITOR\" \/>\n\t<meta name=\"twitter:label2\" content=\"Tiempo de lectura\" \/>\n\t<meta name=\"twitter:data2\" content=\"3 minutos\" \/>\n<script type=\"application\/ld+json\" class=\"yoast-schema-graph\">{\"@context\":\"https:\/\/schema.org\",\"@graph\":[{\"@type\":\"WebPage\",\"@id\":\"https:\/\/laprensacristiana.com\/?p=13612\",\"url\":\"https:\/\/laprensacristiana.com\/?p=13612\",\"name\":\"Pastor David Alfonso Pino y Ministerio Castillo del Rey reciben premio Sol de Justicia - La Prensa Cristiana\",\"isPartOf\":{\"@id\":\"https:\/\/laprensacristiana.com\/#website\"},\"datePublished\":\"2022-07-21T20:03:09+00:00\",\"dateModified\":\"2022-07-21T20:03:10+00:00\",\"author\":{\"@id\":\"https:\/\/laprensacristiana.com\/#\/schema\/person\/3e7d82c6bfd6b1fa67010f8f7cd5256e\"},\"breadcrumb\":{\"@id\":\"https:\/\/laprensacristiana.com\/?p=13612#breadcrumb\"},\"inLanguage\":\"es\",\"potentialAction\":[{\"@type\":\"ReadAction\",\"target\":[\"https:\/\/laprensacristiana.com\/?p=13612\"]}]},{\"@type\":\"BreadcrumbList\",\"@id\":\"https:\/\/laprensacristiana.com\/?p=13612#breadcrumb\",\"itemListElement\":[{\"@type\":\"ListItem\",\"position\":1,\"name\":\"Portada\",\"item\":\"https:\/\/laprensacristiana.com\/\"},{\"@type\":\"ListItem\",\"position\":2,\"name\":\"Pastor David Alfonso Pino y Ministerio Castillo del Rey reciben premio Sol de Justicia\"}]},{\"@type\":\"WebSite\",\"@id\":\"https:\/\/laprensacristiana.com\/#website\",\"url\":\"https:\/\/laprensacristiana.com\/\",\"name\":\"La Prensa Cristiana\",\"description\":\"Anunciando Las Buenas Nuevas\",\"potentialAction\":[{\"@type\":\"SearchAction\",\"target\":{\"@type\":\"EntryPoint\",\"urlTemplate\":\"https:\/\/laprensacristiana.com\/?s={search_term_string}\"},\"query-input\":\"required name=search_term_string\"}],\"inLanguage\":\"es\"},{\"@type\":\"Person\",\"@id\":\"https:\/\/laprensacristiana.com\/#\/schema\/person\/3e7d82c6bfd6b1fa67010f8f7cd5256e\",\"name\":\"EDITOR\",\"image\":{\"@type\":\"ImageObject\",\"inLanguage\":\"es\",\"@id\":\"https:\/\/laprensacristiana.com\/#\/schema\/person\/image\/\",\"url\":\"https:\/\/secure.gravatar.com\/avatar\/72069dfb6c13772d9e8381e3638666d2?s=96&d=mm&r=g\",\"contentUrl\":\"https:\/\/secure.gravatar.com\/avatar\/72069dfb6c13772d9e8381e3638666d2?s=96&d=mm&r=g\",\"caption\":\"EDITOR\"},\"url\":\"https:\/\/laprensacristiana.com\/?author=3\"}]}<\/script>\n<!-- \/ Yoast SEO plugin. -->","yoast_head_json":{"title":"Pastor David Alfonso Pino y Ministerio Castillo del Rey reciben premio Sol de Justicia - La Prensa Cristiana","robots":{"index":"index","follow":"follow","max-snippet":"max-snippet:-1","max-image-preview":"max-image-preview:large","max-video-preview":"max-video-preview:-1"},"canonical":"https:\/\/laprensacristiana.com\/?p=13612","og_locale":"es_ES","og_type":"article","og_title":"Pastor David Alfonso Pino y Ministerio Castillo del Rey reciben premio Sol de Justicia - La Prensa Cristiana","og_description":"La Universidad Evang\u00e9lica de El Salvador en el marco de su aniversario n\u00famero 41 entreg\u00f3 el m\u00e1ximo galard\u00f3n que otorga la instituci\u00f3n, el premio Sol de Justicia al pastor David Alfonso Pino de la Misi\u00f3n Centroamericana y al Ministerio Castillo del Rey de las Asambleas de Dios. El evento tuvo lugar el lunes 18 de [&hellip;]","og_url":"https:\/\/laprensacristiana.com\/?p=13612","og_site_name":"La Prensa Cristiana","article_published_time":"2022-07-21T20:03:09+00:00","article_modified_time":"2022-07-21T20:03:10+00:00","og_image":[{"width":2560,"height":1233,"url":"https:\/\/laprensacristiana.com\/wp-content\/uploads\/2022\/07\/Black-Flat-Minimalist-Accounting-Business-Website-scaled.jpg","type":"image\/jpeg"}],"author":"EDITOR","twitter_card":"summary_large_image","twitter_misc":{"Escrito por":"EDITOR","Tiempo de lectura":"3 minutos"},"schema":{"@context":"https:\/\/schema.org","@graph":[{"@type":"WebPage","@id":"https:\/\/laprensacristiana.com\/?p=13612","url":"https:\/\/laprensacristiana.com\/?p=13612","name":"Pastor David Alfonso Pino y Ministerio Castillo del Rey reciben premio Sol de Justicia - La Prensa Cristiana","isPartOf":{"@id":"https:\/\/laprensacristiana.com\/#website"},"datePublished":"2022-07-21T20:03:09+00:00","dateModified":"2022-07-21T20:03:10+00:00","author":{"@id":"https:\/\/laprensacristiana.com\/#\/schema\/person\/3e7d82c6bfd6b1fa67010f8f7cd5256e"},"breadcrumb":{"@id":"https:\/\/laprensacristiana.com\/?p=13612#breadcrumb"},"inLanguage":"es","potentialAction":[{"@type":"ReadAction","target":["https:\/\/laprensacristiana.com\/?p=13612"]}]},{"@type":"BreadcrumbList","@id":"https:\/\/laprensacristiana.com\/?p=13612#breadcrumb","itemListElement":[{"@type":"ListItem","position":1,"name":"Portada","item":"https:\/\/laprensacristiana.com\/"},{"@type":"ListItem","position":2,"name":"Pastor David Alfonso Pino y Ministerio Castillo del Rey reciben premio Sol de Justicia"}]},{"@type":"WebSite","@id":"https:\/\/laprensacristiana.com\/#website","url":"https:\/\/laprensacristiana.com\/","name":"La Prensa Cristiana","description":"Anunciando Las Buenas Nuevas","potentialAction":[{"@type":"SearchAction","target":{"@type":"EntryPoint","urlTemplate":"https:\/\/laprensacristiana.com\/?s={search_term_string}"},"query-input":"required name=search_term_string"}],"inLanguage":"es"},{"@type":"Person","@id":"https:\/\/laprensacristiana.com\/#\/schema\/person\/3e7d82c6bfd6b1fa67010f8f7cd5256e","name":"EDITOR","image":{"@type":"ImageObject","inLanguage":"es","@id":"https:\/\/laprensacristiana.com\/#\/schema\/person\/image\/","url":"https:\/\/secure.gravatar.com\/avatar\/72069dfb6c13772d9e8381e3638666d2?s=96&d=mm&r=g","contentUrl":"https:\/\/secure.gravatar.com\/avatar\/72069dfb6c13772d9e8381e3638666d2?s=96&d=mm&r=g","caption":"EDITOR"},"url":"https:\/\/laprensacristiana.com\/?author=3"}]}},"_links":{"self":[{"href":"https:\/\/laprensacristiana.com\/index.php?rest_route=\/wp\/v2\/posts\/13612"}],"collection":[{"href":"https:\/\/laprensacristiana.com\/index.php?rest_route=\/wp\/v2\/posts"}],"about":[{"href":"https:\/\/laprensacristiana.com\/index.php?rest_route=\/wp\/v2\/types\/post"}],"author":[{"embeddable":true,"href":"https:\/\/laprensacristiana.com\/index.php?rest_route=\/wp\/v2\/users\/3"}],"replies":[{"embeddable":true,"href":"https:\/\/laprensacristiana.com\/index.php?rest_route=%2Fwp%2Fv2%2Fcomments&post=13612"}],"version-history":[{"count":1,"href":"https:\/\/laprensacristiana.com\/index.php?rest_route=\/wp\/v2\/posts\/13612\/revisions"}],"predecessor-version":[{"id":13616,"href":"https:\/\/laprensacristiana.com\/index.php?rest_route=\/wp\/v2\/posts\/13612\/revisions\/13616"}],"wp:featuredmedia":[{"embeddable":true,"href":"https:\/\/laprensacristiana.com\/index.php?rest_route=\/wp\/v2\/media\/13613"}],"wp:attachment":[{"href":"https:\/\/laprensacristiana.com\/index.php?rest_route=%2Fwp%2Fv2%2Fmedia&parent=13612"}],"wp:term":[{"taxonomy":"category","embeddable":true,"href":"https:\/\/laprensacristiana.com\/index.php?rest_route=%2Fwp%2Fv2%2Fcategories&post=13612"},{"taxonomy":"post_tag","embeddable":true,"href":"https:\/\/laprensacristiana.com\/index.php?rest_route=%2Fwp%2Fv2%2Ftags&post=13612"}],"curies":[{"name":"wp","href":"https:\/\/api.w.org\/{rel}","templated":true}]}}