{"id":13646,"date":"2022-07-30T05:15:41","date_gmt":"2022-07-30T05:15:41","guid":{"rendered":"https:\/\/laprensacristiana.com\/?p=13646"},"modified":"2022-07-30T05:15:42","modified_gmt":"2022-07-30T05:15:42","slug":"fallece-ulises-fundador-de-la-banda-rescate","status":"publish","type":"post","link":"https:\/\/laprensacristiana.com\/?p=13646","title":{"rendered":"Fallece Ulises, fundador  de la banda Rescate"},"content":{"rendered":"\n<p>Hace unos minutos el Pastor Dante Gebel a trav\u00e9s de sus redes sociales di\u00f3 a conocer la triste noticia&nbsp;&nbsp;del facellimiento de Ulises Eyherabide, conocido como el l\u00edder y fundador de la banda de Rock cristiano Rescate.<\/p>\n\n\n\n<p>La causa de su muerte est\u00e1 relacionada a una larga batalla contra el cancer de colon.&nbsp;<\/p>\n\n\n\n<p>Ulises Miguel Eyherabide naci\u00f3 el 01 de febrero de 1967 en San Nicolas de los Arroyos, Argentina, ademas de su talento musical, era arquitecto y dise\u00f1ador gr\u00e1fico de profesi\u00f3n.<\/p>\n\n\n\n<p>Ulises grab\u00f3 con la Banda Recate 8 producciones, componiendo y&nbsp;&nbsp;produciendo la mayor\u00eda de los discos.&nbsp;&nbsp;Tambi\u00e9n colabor\u00f3 en diferentes canciones junto a otros productores. Realiz\u00f3 colaboraciones con diferentes artistas cristianos, como: Redimi2 , Alex Campos,&nbsp;&nbsp;kike Pav\u00f3n, Vertical, Marcos Vidal, Annette Moreno, y muchos m\u00e1s.&nbsp;<\/p>\n\n\n\n<p>El 27 de febrero del a\u00f1o 2020 la banda Rescate anunci\u00f3 a trav\u00e9s de sus redes sociales su retiro de la m\u00fasica.<\/p>\n","protected":false},"excerpt":{"rendered":"<p>Hace unos minutos el Pastor Dante Gebel a trav\u00e9s de sus redes sociales di\u00f3 a conocer la triste noticia&nbsp;&nbsp;del facellimiento de Ulises Eyherabide, conocido como el l\u00edder y fundador de la banda de Rock cristiano Rescate. La causa de su muerte est\u00e1 relacionada a una larga batalla contra el cancer de colon.&nbsp; Ulises Miguel Eyherabide [&hellip;]<\/p>\n","protected":false},"author":3,"featured_media":13647,"comment_status":"open","ping_status":"open","sticky":false,"template":"","format":"standard","meta":[],"categories":[56],"tags":[],"yoast_head":"<!-- This site is optimized with the Yoast SEO plugin v20.8 - https:\/\/yoast.com\/wordpress\/plugins\/seo\/ -->\n<title>Fallece Ulises, fundador de la banda Rescate - La Prensa Cristiana<\/title>\n<meta name=\"robots\" content=\"index, follow, max-snippet:-1, max-image-preview:large, max-video-preview:-1\" \/>\n<link rel=\"canonical\" href=\"https:\/\/laprensacristiana.com\/?p=13646\" \/>\n<meta property=\"og:locale\" content=\"es_ES\" \/>\n<meta property=\"og:type\" content=\"article\" \/>\n<meta property=\"og:title\" content=\"Fallece Ulises, fundador de la banda Rescate - La Prensa Cristiana\" \/>\n<meta property=\"og:description\" content=\"Hace unos minutos el Pastor Dante Gebel a trav\u00e9s de sus redes sociales di\u00f3 a conocer la triste noticia&nbsp;&nbsp;del facellimiento de Ulises Eyherabide, conocido como el l\u00edder y fundador de la banda de Rock cristiano Rescate. La causa de su muerte est\u00e1 relacionada a una larga batalla contra el cancer de colon.&nbsp; Ulises Miguel Eyherabide [&hellip;]\" \/>\n<meta property=\"og:url\" content=\"https:\/\/laprensacristiana.com\/?p=13646\" \/>\n<meta property=\"og:site_name\" content=\"La Prensa Cristiana\" \/>\n<meta property=\"article:published_time\" content=\"2022-07-30T05:15:41+00:00\" \/>\n<meta property=\"article:modified_time\" content=\"2022-07-30T05:15:42+00:00\" \/>\n<meta property=\"og:image\" content=\"https:\/\/laprensacristiana.com\/wp-content\/uploads\/2022\/07\/E809BF9F-3BAF-49CE-80C9-4523B3734D9E.jpeg\" \/>\n\t<meta property=\"og:image:width\" content=\"1080\" \/>\n\t<meta property=\"og:image:height\" content=\"1079\" \/>\n\t<meta property=\"og:image:type\" content=\"image\/jpeg\" \/>\n<meta name=\"author\" content=\"EDITOR\" \/>\n<meta name=\"twitter:card\" content=\"summary_large_image\" \/>\n<meta name=\"twitter:label1\" content=\"Escrito por\" \/>\n\t<meta name=\"twitter:data1\" content=\"EDITOR\" \/>\n\t<meta name=\"twitter:label2\" content=\"Tiempo de lectura\" \/>\n\t<meta name=\"twitter:data2\" content=\"1 minuto\" \/>\n<script type=\"application\/ld+json\" class=\"yoast-schema-graph\">{\"@context\":\"https:\/\/schema.org\",\"@graph\":[{\"@type\":\"WebPage\",\"@id\":\"https:\/\/laprensacristiana.com\/?p=13646\",\"url\":\"https:\/\/laprensacristiana.com\/?p=13646\",\"name\":\"Fallece Ulises, fundador de la banda Rescate - La Prensa Cristiana\",\"isPartOf\":{\"@id\":\"https:\/\/laprensacristiana.com\/#website\"},\"datePublished\":\"2022-07-30T05:15:41+00:00\",\"dateModified\":\"2022-07-30T05:15:42+00:00\",\"author\":{\"@id\":\"https:\/\/laprensacristiana.com\/#\/schema\/person\/3e7d82c6bfd6b1fa67010f8f7cd5256e\"},\"breadcrumb\":{\"@id\":\"https:\/\/laprensacristiana.com\/?p=13646#breadcrumb\"},\"inLanguage\":\"es\",\"potentialAction\":[{\"@type\":\"ReadAction\",\"target\":[\"https:\/\/laprensacristiana.com\/?p=13646\"]}]},{\"@type\":\"BreadcrumbList\",\"@id\":\"https:\/\/laprensacristiana.com\/?p=13646#breadcrumb\",\"itemListElement\":[{\"@type\":\"ListItem\",\"position\":1,\"name\":\"Portada\",\"item\":\"https:\/\/laprensacristiana.com\/\"},{\"@type\":\"ListItem\",\"position\":2,\"name\":\"Fallece Ulises, fundador de la banda Rescate\"}]},{\"@type\":\"WebSite\",\"@id\":\"https:\/\/laprensacristiana.com\/#website\",\"url\":\"https:\/\/laprensacristiana.com\/\",\"name\":\"La Prensa Cristiana\",\"description\":\"Anunciando Las Buenas Nuevas\",\"potentialAction\":[{\"@type\":\"SearchAction\",\"target\":{\"@type\":\"EntryPoint\",\"urlTemplate\":\"https:\/\/laprensacristiana.com\/?s={search_term_string}\"},\"query-input\":\"required name=search_term_string\"}],\"inLanguage\":\"es\"},{\"@type\":\"Person\",\"@id\":\"https:\/\/laprensacristiana.com\/#\/schema\/person\/3e7d82c6bfd6b1fa67010f8f7cd5256e\",\"name\":\"EDITOR\",\"image\":{\"@type\":\"ImageObject\",\"inLanguage\":\"es\",\"@id\":\"https:\/\/laprensacristiana.com\/#\/schema\/person\/image\/\",\"url\":\"https:\/\/secure.gravatar.com\/avatar\/72069dfb6c13772d9e8381e3638666d2?s=96&d=mm&r=g\",\"contentUrl\":\"https:\/\/secure.gravatar.com\/avatar\/72069dfb6c13772d9e8381e3638666d2?s=96&d=mm&r=g\",\"caption\":\"EDITOR\"},\"url\":\"https:\/\/laprensacristiana.com\/?author=3\"}]}<\/script>\n<!-- \/ Yoast SEO plugin. -->","yoast_head_json":{"title":"Fallece Ulises, fundador de la banda Rescate - La Prensa Cristiana","robots":{"index":"index","follow":"follow","max-snippet":"max-snippet:-1","max-image-preview":"max-image-preview:large","max-video-preview":"max-video-preview:-1"},"canonical":"https:\/\/laprensacristiana.com\/?p=13646","og_locale":"es_ES","og_type":"article","og_title":"Fallece Ulises, fundador de la banda Rescate - La Prensa Cristiana","og_description":"Hace unos minutos el Pastor Dante Gebel a trav\u00e9s de sus redes sociales di\u00f3 a conocer la triste noticia&nbsp;&nbsp;del facellimiento de Ulises Eyherabide, conocido como el l\u00edder y fundador de la banda de Rock cristiano Rescate. La causa de su muerte est\u00e1 relacionada a una larga batalla contra el cancer de colon.&nbsp; Ulises Miguel Eyherabide [&hellip;]","og_url":"https:\/\/laprensacristiana.com\/?p=13646","og_site_name":"La Prensa Cristiana","article_published_time":"2022-07-30T05:15:41+00:00","article_modified_time":"2022-07-30T05:15:42+00:00","og_image":[{"width":1080,"height":1079,"url":"https:\/\/laprensacristiana.com\/wp-content\/uploads\/2022\/07\/E809BF9F-3BAF-49CE-80C9-4523B3734D9E.jpeg","type":"image\/jpeg"}],"author":"EDITOR","twitter_card":"summary_large_image","twitter_misc":{"Escrito por":"EDITOR","Tiempo de lectura":"1 minuto"},"schema":{"@context":"https:\/\/schema.org","@graph":[{"@type":"WebPage","@id":"https:\/\/laprensacristiana.com\/?p=13646","url":"https:\/\/laprensacristiana.com\/?p=13646","name":"Fallece Ulises, fundador de la banda Rescate - La Prensa Cristiana","isPartOf":{"@id":"https:\/\/laprensacristiana.com\/#website"},"datePublished":"2022-07-30T05:15:41+00:00","dateModified":"2022-07-30T05:15:42+00:00","author":{"@id":"https:\/\/laprensacristiana.com\/#\/schema\/person\/3e7d82c6bfd6b1fa67010f8f7cd5256e"},"breadcrumb":{"@id":"https:\/\/laprensacristiana.com\/?p=13646#breadcrumb"},"inLanguage":"es","potentialAction":[{"@type":"ReadAction","target":["https:\/\/laprensacristiana.com\/?p=13646"]}]},{"@type":"BreadcrumbList","@id":"https:\/\/laprensacristiana.com\/?p=13646#breadcrumb","itemListElement":[{"@type":"ListItem","position":1,"name":"Portada","item":"https:\/\/laprensacristiana.com\/"},{"@type":"ListItem","position":2,"name":"Fallece Ulises, fundador de la banda Rescate"}]},{"@type":"WebSite","@id":"https:\/\/laprensacristiana.com\/#website","url":"https:\/\/laprensacristiana.com\/","name":"La Prensa Cristiana","description":"Anunciando Las Buenas Nuevas","potentialAction":[{"@type":"SearchAction","target":{"@type":"EntryPoint","urlTemplate":"https:\/\/laprensacristiana.com\/?s={search_term_string}"},"query-input":"required name=search_term_string"}],"inLanguage":"es"},{"@type":"Person","@id":"https:\/\/laprensacristiana.com\/#\/schema\/person\/3e7d82c6bfd6b1fa67010f8f7cd5256e","name":"EDITOR","image":{"@type":"ImageObject","inLanguage":"es","@id":"https:\/\/laprensacristiana.com\/#\/schema\/person\/image\/","url":"https:\/\/secure.gravatar.com\/avatar\/72069dfb6c13772d9e8381e3638666d2?s=96&d=mm&r=g","contentUrl":"https:\/\/secure.gravatar.com\/avatar\/72069dfb6c13772d9e8381e3638666d2?s=96&d=mm&r=g","caption":"EDITOR"},"url":"https:\/\/laprensacristiana.com\/?author=3"}]}},"_links":{"self":[{"href":"https:\/\/laprensacristiana.com\/index.php?rest_route=\/wp\/v2\/posts\/13646"}],"collection":[{"href":"https:\/\/laprensacristiana.com\/index.php?rest_route=\/wp\/v2\/posts"}],"about":[{"href":"https:\/\/laprensacristiana.com\/index.php?rest_route=\/wp\/v2\/types\/post"}],"author":[{"embeddable":true,"href":"https:\/\/laprensacristiana.com\/index.php?rest_route=\/wp\/v2\/users\/3"}],"replies":[{"embeddable":true,"href":"https:\/\/laprensacristiana.com\/index.php?rest_route=%2Fwp%2Fv2%2Fcomments&post=13646"}],"version-history":[{"count":1,"href":"https:\/\/laprensacristiana.com\/index.php?rest_route=\/wp\/v2\/posts\/13646\/revisions"}],"predecessor-version":[{"id":13648,"href":"https:\/\/laprensacristiana.com\/index.php?rest_route=\/wp\/v2\/posts\/13646\/revisions\/13648"}],"wp:featuredmedia":[{"embeddable":true,"href":"https:\/\/laprensacristiana.com\/index.php?rest_route=\/wp\/v2\/media\/13647"}],"wp:attachment":[{"href":"https:\/\/laprensacristiana.com\/index.php?rest_route=%2Fwp%2Fv2%2Fmedia&parent=13646"}],"wp:term":[{"taxonomy":"category","embeddable":true,"href":"https:\/\/laprensacristiana.com\/index.php?rest_route=%2Fwp%2Fv2%2Fcategories&post=13646"},{"taxonomy":"post_tag","embeddable":true,"href":"https:\/\/laprensacristiana.com\/index.php?rest_route=%2Fwp%2Fv2%2Ftags&post=13646"}],"curies":[{"name":"wp","href":"https:\/\/api.w.org\/{rel}","templated":true}]}}