{"id":13649,"date":"2022-07-30T14:30:21","date_gmt":"2022-07-30T14:30:21","guid":{"rendered":"https:\/\/laprensacristiana.com\/?p=13649"},"modified":"2022-07-30T14:30:22","modified_gmt":"2022-07-30T14:30:22","slug":"ministerio-chica-de-fe-y-fundacion-youth-to-lead-llevan-alimentos-a-personas-en-situacion-de-calle","status":"publish","type":"post","link":"https:\/\/laprensacristiana.com\/?p=13649","title":{"rendered":"Ministerio Chica de Fe y fundaci\u00f3n Youth To Lead llevan alimentos a personas en situaci\u00f3n de calle"},"content":{"rendered":"\n<p>El Ministerio Internacional Chica de Fe, en alianza con la Fundaci\u00f3n Youth To Lead entregaron alimentos a personas en situaci\u00f3n vulnerable que viven en las calles y pacientes en la sala de emergencia del Hospital San Rafael en Santa Tecla y sus alrededores.&nbsp;<\/p>\n\n\n\n<p>Se evangeliz\u00f3 a m\u00e1s de 200 personas, brindando esperanza y palabra de Dios con apoyo de pastores, servidores y voluntarios.&nbsp;<\/p>\n\n\n\n<p>El Ministerio Internacional Chica de Fe, naci\u00f3 en medio de la pandemia para ser un oasis para la vida de las mujeres a nivel nacional e internacional, causando un impacto en la vida espiritual, donde ellas son restauradas y discipuladas para llevar proyectos sociales y evangel\u00edsticos.&nbsp;<\/p>\n\n\n\n<p>La Directora y Fundadora Delia M\u00e1rtir, cree firmemente que las mujeres son l\u00edderes y al conocer m\u00e1s de Dios desarrollan la visi\u00f3n y prop\u00f3sito de vida.&nbsp;<\/p>\n\n\n\n<p>Dicho Ministerio se mantiene activo en redes sociales con diferentes proyectos online como por ejemplo: #RetoMiDevocional, #ProgramasBiblicos #Interceseci\u00f3n y presenciales como las actividades dentro del Proyecto DAR+ que consiste en Ayuda Social y Evangelismo con Visita a las Calles, Brigadas M\u00e9dicas, Visita a Hogares de Ni\u00f1os y Adulto Mayor y entrega de canastas b\u00e1sicas a madres solteras.&nbsp;<\/p>\n\n\n\n<p>Redes sociales del Ministerio:&nbsp;<\/p>\n\n\n\n<p>Facebook, Instagram y Tik Tok: @chicadefeoficial&nbsp;<\/p>\n\n\n\n<p>Redes sociales de la l\u00edder:&nbsp;<\/p>\n\n\n\n<p>Facebook:<\/p>\n\n\n\n<p>@deliamartirsv&nbsp;<\/p>\n\n\n\n<p>Instagram:<\/p>\n\n\n\n<p>@deliamartir<\/p>\n\n\n\n<figure class=\"wp-block-gallery columns-3 is-cropped wp-block-gallery-1 is-layout-flex\"><ul class=\"blocks-gallery-grid\"><li class=\"blocks-gallery-item\"><figure><img decoding=\"async\" loading=\"lazy\" width=\"768\" height=\"1024\" src=\"https:\/\/laprensacristiana.com\/wp-content\/uploads\/2022\/07\/4E998E61-DA5F-463D-89EE-C8CE5FB66897-768x1024.jpeg\" alt=\"\" data-id=\"13651\" data-full-url=\"https:\/\/laprensacristiana.com\/wp-content\/uploads\/2022\/07\/4E998E61-DA5F-463D-89EE-C8CE5FB66897.jpeg\" data-link=\"https:\/\/laprensacristiana.com\/?attachment_id=13651\" class=\"wp-image-13651\" srcset=\"https:\/\/laprensacristiana.com\/wp-content\/uploads\/2022\/07\/4E998E61-DA5F-463D-89EE-C8CE5FB66897-768x1024.jpeg 768w, https:\/\/laprensacristiana.com\/wp-content\/uploads\/2022\/07\/4E998E61-DA5F-463D-89EE-C8CE5FB66897-225x300.jpeg 225w, https:\/\/laprensacristiana.com\/wp-content\/uploads\/2022\/07\/4E998E61-DA5F-463D-89EE-C8CE5FB66897-1152x1536.jpeg 1152w, https:\/\/laprensacristiana.com\/wp-content\/uploads\/2022\/07\/4E998E61-DA5F-463D-89EE-C8CE5FB66897-696x928.jpeg 696w, https:\/\/laprensacristiana.com\/wp-content\/uploads\/2022\/07\/4E998E61-DA5F-463D-89EE-C8CE5FB66897-1068x1424.jpeg 1068w, https:\/\/laprensacristiana.com\/wp-content\/uploads\/2022\/07\/4E998E61-DA5F-463D-89EE-C8CE5FB66897-600x800.jpeg 600w, https:\/\/laprensacristiana.com\/wp-content\/uploads\/2022\/07\/4E998E61-DA5F-463D-89EE-C8CE5FB66897.jpeg 1200w\" sizes=\"(max-width: 768px) 100vw, 768px\" \/><\/figure><\/li><li class=\"blocks-gallery-item\"><figure><img decoding=\"async\" loading=\"lazy\" width=\"768\" height=\"1024\" src=\"https:\/\/laprensacristiana.com\/wp-content\/uploads\/2022\/07\/B74D0F34-189E-4BD1-AC07-92C8C8A67339-768x1024.jpeg\" alt=\"\" data-id=\"13652\" data-full-url=\"https:\/\/laprensacristiana.com\/wp-content\/uploads\/2022\/07\/B74D0F34-189E-4BD1-AC07-92C8C8A67339.jpeg\" data-link=\"https:\/\/laprensacristiana.com\/?attachment_id=13652\" class=\"wp-image-13652\" srcset=\"https:\/\/laprensacristiana.com\/wp-content\/uploads\/2022\/07\/B74D0F34-189E-4BD1-AC07-92C8C8A67339-768x1024.jpeg 768w, https:\/\/laprensacristiana.com\/wp-content\/uploads\/2022\/07\/B74D0F34-189E-4BD1-AC07-92C8C8A67339-225x300.jpeg 225w, https:\/\/laprensacristiana.com\/wp-content\/uploads\/2022\/07\/B74D0F34-189E-4BD1-AC07-92C8C8A67339-1152x1536.jpeg 1152w, https:\/\/laprensacristiana.com\/wp-content\/uploads\/2022\/07\/B74D0F34-189E-4BD1-AC07-92C8C8A67339-696x928.jpeg 696w, https:\/\/laprensacristiana.com\/wp-content\/uploads\/2022\/07\/B74D0F34-189E-4BD1-AC07-92C8C8A67339-1068x1424.jpeg 1068w, https:\/\/laprensacristiana.com\/wp-content\/uploads\/2022\/07\/B74D0F34-189E-4BD1-AC07-92C8C8A67339-600x800.jpeg 600w, https:\/\/laprensacristiana.com\/wp-content\/uploads\/2022\/07\/B74D0F34-189E-4BD1-AC07-92C8C8A67339.jpeg 1200w\" sizes=\"(max-width: 768px) 100vw, 768px\" \/><\/figure><\/li><li class=\"blocks-gallery-item\"><figure><img decoding=\"async\" loading=\"lazy\" width=\"1024\" height=\"682\" src=\"https:\/\/laprensacristiana.com\/wp-content\/uploads\/2022\/07\/F1EE6924-772E-4CB0-841E-C4CE59008B2D-1024x682.jpeg\" alt=\"\" data-id=\"13653\" data-full-url=\"https:\/\/laprensacristiana.com\/wp-content\/uploads\/2022\/07\/F1EE6924-772E-4CB0-841E-C4CE59008B2D.jpeg\" data-link=\"https:\/\/laprensacristiana.com\/?attachment_id=13653\" class=\"wp-image-13653\" srcset=\"https:\/\/laprensacristiana.com\/wp-content\/uploads\/2022\/07\/F1EE6924-772E-4CB0-841E-C4CE59008B2D-1024x682.jpeg 1024w, https:\/\/laprensacristiana.com\/wp-content\/uploads\/2022\/07\/F1EE6924-772E-4CB0-841E-C4CE59008B2D-300x200.jpeg 300w, https:\/\/laprensacristiana.com\/wp-content\/uploads\/2022\/07\/F1EE6924-772E-4CB0-841E-C4CE59008B2D-768x511.jpeg 768w, https:\/\/laprensacristiana.com\/wp-content\/uploads\/2022\/07\/F1EE6924-772E-4CB0-841E-C4CE59008B2D-696x463.jpeg 696w, https:\/\/laprensacristiana.com\/wp-content\/uploads\/2022\/07\/F1EE6924-772E-4CB0-841E-C4CE59008B2D-1068x711.jpeg 1068w, https:\/\/laprensacristiana.com\/wp-content\/uploads\/2022\/07\/F1EE6924-772E-4CB0-841E-C4CE59008B2D-600x399.jpeg 600w, https:\/\/laprensacristiana.com\/wp-content\/uploads\/2022\/07\/F1EE6924-772E-4CB0-841E-C4CE59008B2D.jpeg 1280w\" sizes=\"(max-width: 1024px) 100vw, 1024px\" \/><\/figure><\/li><li class=\"blocks-gallery-item\"><figure><img decoding=\"async\" loading=\"lazy\" width=\"768\" height=\"1024\" src=\"https:\/\/laprensacristiana.com\/wp-content\/uploads\/2022\/07\/A7F174A9-A491-4EE4-BC81-5E69318B5410-768x1024.jpeg\" alt=\"\" data-id=\"13654\" data-full-url=\"https:\/\/laprensacristiana.com\/wp-content\/uploads\/2022\/07\/A7F174A9-A491-4EE4-BC81-5E69318B5410.jpeg\" data-link=\"https:\/\/laprensacristiana.com\/?attachment_id=13654\" class=\"wp-image-13654\" srcset=\"https:\/\/laprensacristiana.com\/wp-content\/uploads\/2022\/07\/A7F174A9-A491-4EE4-BC81-5E69318B5410-768x1024.jpeg 768w, https:\/\/laprensacristiana.com\/wp-content\/uploads\/2022\/07\/A7F174A9-A491-4EE4-BC81-5E69318B5410-225x300.jpeg 225w, https:\/\/laprensacristiana.com\/wp-content\/uploads\/2022\/07\/A7F174A9-A491-4EE4-BC81-5E69318B5410-696x928.jpeg 696w, https:\/\/laprensacristiana.com\/wp-content\/uploads\/2022\/07\/A7F174A9-A491-4EE4-BC81-5E69318B5410-600x800.jpeg 600w, https:\/\/laprensacristiana.com\/wp-content\/uploads\/2022\/07\/A7F174A9-A491-4EE4-BC81-5E69318B5410.jpeg 960w\" sizes=\"(max-width: 768px) 100vw, 768px\" \/><\/figure><\/li><li class=\"blocks-gallery-item\"><figure><img decoding=\"async\" loading=\"lazy\" width=\"768\" height=\"1024\" src=\"https:\/\/laprensacristiana.com\/wp-content\/uploads\/2022\/07\/6EF8E191-9BD1-4C28-9766-904A0C51DB45-768x1024.jpeg\" alt=\"\" data-id=\"13655\" data-full-url=\"https:\/\/laprensacristiana.com\/wp-content\/uploads\/2022\/07\/6EF8E191-9BD1-4C28-9766-904A0C51DB45.jpeg\" data-link=\"https:\/\/laprensacristiana.com\/?attachment_id=13655\" class=\"wp-image-13655\" srcset=\"https:\/\/laprensacristiana.com\/wp-content\/uploads\/2022\/07\/6EF8E191-9BD1-4C28-9766-904A0C51DB45-768x1024.jpeg 768w, https:\/\/laprensacristiana.com\/wp-content\/uploads\/2022\/07\/6EF8E191-9BD1-4C28-9766-904A0C51DB45-225x300.jpeg 225w, https:\/\/laprensacristiana.com\/wp-content\/uploads\/2022\/07\/6EF8E191-9BD1-4C28-9766-904A0C51DB45-696x928.jpeg 696w, https:\/\/laprensacristiana.com\/wp-content\/uploads\/2022\/07\/6EF8E191-9BD1-4C28-9766-904A0C51DB45-600x800.jpeg 600w, https:\/\/laprensacristiana.com\/wp-content\/uploads\/2022\/07\/6EF8E191-9BD1-4C28-9766-904A0C51DB45.jpeg 960w\" sizes=\"(max-width: 768px) 100vw, 768px\" \/><\/figure><\/li><li class=\"blocks-gallery-item\"><figure><img decoding=\"async\" loading=\"lazy\" width=\"768\" height=\"1024\" src=\"https:\/\/laprensacristiana.com\/wp-content\/uploads\/2022\/07\/BD19E8F8-3F46-419F-9A5C-FDA098554D55-768x1024.jpeg\" alt=\"\" data-id=\"13656\" data-full-url=\"https:\/\/laprensacristiana.com\/wp-content\/uploads\/2022\/07\/BD19E8F8-3F46-419F-9A5C-FDA098554D55.jpeg\" data-link=\"https:\/\/laprensacristiana.com\/?attachment_id=13656\" class=\"wp-image-13656\" srcset=\"https:\/\/laprensacristiana.com\/wp-content\/uploads\/2022\/07\/BD19E8F8-3F46-419F-9A5C-FDA098554D55-768x1024.jpeg 768w, https:\/\/laprensacristiana.com\/wp-content\/uploads\/2022\/07\/BD19E8F8-3F46-419F-9A5C-FDA098554D55-225x300.jpeg 225w, https:\/\/laprensacristiana.com\/wp-content\/uploads\/2022\/07\/BD19E8F8-3F46-419F-9A5C-FDA098554D55-696x928.jpeg 696w, https:\/\/laprensacristiana.com\/wp-content\/uploads\/2022\/07\/BD19E8F8-3F46-419F-9A5C-FDA098554D55-600x800.jpeg 600w, https:\/\/laprensacristiana.com\/wp-content\/uploads\/2022\/07\/BD19E8F8-3F46-419F-9A5C-FDA098554D55.jpeg 960w\" sizes=\"(max-width: 768px) 100vw, 768px\" \/><\/figure><\/li><li class=\"blocks-gallery-item\"><figure><img decoding=\"async\" loading=\"lazy\" width=\"768\" height=\"1024\" src=\"https:\/\/laprensacristiana.com\/wp-content\/uploads\/2022\/07\/10114A41-BC6A-4FA7-AA8E-0AFBC99F02A6-768x1024.jpeg\" alt=\"\" data-id=\"13657\" data-full-url=\"https:\/\/laprensacristiana.com\/wp-content\/uploads\/2022\/07\/10114A41-BC6A-4FA7-AA8E-0AFBC99F02A6.jpeg\" data-link=\"https:\/\/laprensacristiana.com\/?attachment_id=13657\" class=\"wp-image-13657\" srcset=\"https:\/\/laprensacristiana.com\/wp-content\/uploads\/2022\/07\/10114A41-BC6A-4FA7-AA8E-0AFBC99F02A6-768x1024.jpeg 768w, https:\/\/laprensacristiana.com\/wp-content\/uploads\/2022\/07\/10114A41-BC6A-4FA7-AA8E-0AFBC99F02A6-225x300.jpeg 225w, https:\/\/laprensacristiana.com\/wp-content\/uploads\/2022\/07\/10114A41-BC6A-4FA7-AA8E-0AFBC99F02A6-696x928.jpeg 696w, https:\/\/laprensacristiana.com\/wp-content\/uploads\/2022\/07\/10114A41-BC6A-4FA7-AA8E-0AFBC99F02A6-600x800.jpeg 600w, https:\/\/laprensacristiana.com\/wp-content\/uploads\/2022\/07\/10114A41-BC6A-4FA7-AA8E-0AFBC99F02A6.jpeg 960w\" sizes=\"(max-width: 768px) 100vw, 768px\" \/><\/figure><\/li><li class=\"blocks-gallery-item\"><figure><img decoding=\"async\" loading=\"lazy\" width=\"768\" height=\"1024\" src=\"https:\/\/laprensacristiana.com\/wp-content\/uploads\/2022\/07\/85ADF4C0-E5E0-44A4-870B-A15E53C474E0-768x1024.jpeg\" alt=\"\" data-id=\"13658\" data-full-url=\"https:\/\/laprensacristiana.com\/wp-content\/uploads\/2022\/07\/85ADF4C0-E5E0-44A4-870B-A15E53C474E0.jpeg\" data-link=\"https:\/\/laprensacristiana.com\/?attachment_id=13658\" class=\"wp-image-13658\" srcset=\"https:\/\/laprensacristiana.com\/wp-content\/uploads\/2022\/07\/85ADF4C0-E5E0-44A4-870B-A15E53C474E0-768x1024.jpeg 768w, https:\/\/laprensacristiana.com\/wp-content\/uploads\/2022\/07\/85ADF4C0-E5E0-44A4-870B-A15E53C474E0-225x300.jpeg 225w, https:\/\/laprensacristiana.com\/wp-content\/uploads\/2022\/07\/85ADF4C0-E5E0-44A4-870B-A15E53C474E0-696x928.jpeg 696w, https:\/\/laprensacristiana.com\/wp-content\/uploads\/2022\/07\/85ADF4C0-E5E0-44A4-870B-A15E53C474E0-600x800.jpeg 600w, https:\/\/laprensacristiana.com\/wp-content\/uploads\/2022\/07\/85ADF4C0-E5E0-44A4-870B-A15E53C474E0.jpeg 960w\" sizes=\"(max-width: 768px) 100vw, 768px\" \/><\/figure><\/li><\/ul><\/figure>\n","protected":false},"excerpt":{"rendered":"<p>El Ministerio Internacional Chica de Fe, en alianza con la Fundaci\u00f3n Youth To Lead entregaron alimentos a personas en situaci\u00f3n vulnerable que viven en las calles y pacientes en la sala de emergencia del Hospital San Rafael en Santa Tecla y sus alrededores.&nbsp; Se evangeliz\u00f3 a m\u00e1s de 200 personas, brindando esperanza y palabra de [&hellip;]<\/p>\n","protected":false},"author":3,"featured_media":13650,"comment_status":"open","ping_status":"open","sticky":false,"template":"","format":"standard","meta":[],"categories":[56],"tags":[],"yoast_head":"<!-- This site is optimized with the Yoast SEO plugin v20.8 - https:\/\/yoast.com\/wordpress\/plugins\/seo\/ -->\n<title>Ministerio Chica de Fe y fundaci\u00f3n Youth To Lead llevan alimentos a personas en situaci\u00f3n de calle - La Prensa Cristiana<\/title>\n<meta name=\"robots\" content=\"index, follow, max-snippet:-1, max-image-preview:large, max-video-preview:-1\" \/>\n<link rel=\"canonical\" href=\"https:\/\/laprensacristiana.com\/?p=13649\" \/>\n<meta property=\"og:locale\" content=\"es_ES\" \/>\n<meta property=\"og:type\" content=\"article\" \/>\n<meta property=\"og:title\" content=\"Ministerio Chica de Fe y fundaci\u00f3n Youth To Lead llevan alimentos a personas en situaci\u00f3n de calle - La Prensa Cristiana\" \/>\n<meta property=\"og:description\" content=\"El Ministerio Internacional Chica de Fe, en alianza con la Fundaci\u00f3n Youth To Lead entregaron alimentos a personas en situaci\u00f3n vulnerable que viven en las calles y pacientes en la sala de emergencia del Hospital San Rafael en Santa Tecla y sus alrededores.&nbsp; Se evangeliz\u00f3 a m\u00e1s de 200 personas, brindando esperanza y palabra de [&hellip;]\" \/>\n<meta property=\"og:url\" content=\"https:\/\/laprensacristiana.com\/?p=13649\" \/>\n<meta property=\"og:site_name\" content=\"La Prensa Cristiana\" \/>\n<meta property=\"article:published_time\" content=\"2022-07-30T14:30:21+00:00\" \/>\n<meta property=\"article:modified_time\" content=\"2022-07-30T14:30:22+00:00\" \/>\n<meta property=\"og:image\" content=\"https:\/\/laprensacristiana.com\/wp-content\/uploads\/2022\/07\/765472B4-F6B7-4980-B3CC-ECA366024022.jpeg\" \/>\n\t<meta property=\"og:image:width\" content=\"960\" \/>\n\t<meta property=\"og:image:height\" content=\"1280\" \/>\n\t<meta property=\"og:image:type\" content=\"image\/jpeg\" \/>\n<meta name=\"author\" content=\"EDITOR\" \/>\n<meta name=\"twitter:card\" content=\"summary_large_image\" \/>\n<meta name=\"twitter:label1\" content=\"Escrito por\" \/>\n\t<meta name=\"twitter:data1\" content=\"EDITOR\" \/>\n\t<meta name=\"twitter:label2\" content=\"Tiempo de lectura\" \/>\n\t<meta name=\"twitter:data2\" content=\"1 minuto\" \/>\n<script type=\"application\/ld+json\" class=\"yoast-schema-graph\">{\"@context\":\"https:\/\/schema.org\",\"@graph\":[{\"@type\":\"WebPage\",\"@id\":\"https:\/\/laprensacristiana.com\/?p=13649\",\"url\":\"https:\/\/laprensacristiana.com\/?p=13649\",\"name\":\"Ministerio Chica de Fe y fundaci\u00f3n Youth To Lead llevan alimentos a personas en situaci\u00f3n de calle - La Prensa Cristiana\",\"isPartOf\":{\"@id\":\"https:\/\/laprensacristiana.com\/#website\"},\"datePublished\":\"2022-07-30T14:30:21+00:00\",\"dateModified\":\"2022-07-30T14:30:22+00:00\",\"author\":{\"@id\":\"https:\/\/laprensacristiana.com\/#\/schema\/person\/3e7d82c6bfd6b1fa67010f8f7cd5256e\"},\"breadcrumb\":{\"@id\":\"https:\/\/laprensacristiana.com\/?p=13649#breadcrumb\"},\"inLanguage\":\"es\",\"potentialAction\":[{\"@type\":\"ReadAction\",\"target\":[\"https:\/\/laprensacristiana.com\/?p=13649\"]}]},{\"@type\":\"BreadcrumbList\",\"@id\":\"https:\/\/laprensacristiana.com\/?p=13649#breadcrumb\",\"itemListElement\":[{\"@type\":\"ListItem\",\"position\":1,\"name\":\"Portada\",\"item\":\"https:\/\/laprensacristiana.com\/\"},{\"@type\":\"ListItem\",\"position\":2,\"name\":\"Ministerio Chica de Fe y fundaci\u00f3n Youth To Lead llevan alimentos a personas en situaci\u00f3n de calle\"}]},{\"@type\":\"WebSite\",\"@id\":\"https:\/\/laprensacristiana.com\/#website\",\"url\":\"https:\/\/laprensacristiana.com\/\",\"name\":\"La Prensa Cristiana\",\"description\":\"Anunciando Las Buenas Nuevas\",\"potentialAction\":[{\"@type\":\"SearchAction\",\"target\":{\"@type\":\"EntryPoint\",\"urlTemplate\":\"https:\/\/laprensacristiana.com\/?s={search_term_string}\"},\"query-input\":\"required name=search_term_string\"}],\"inLanguage\":\"es\"},{\"@type\":\"Person\",\"@id\":\"https:\/\/laprensacristiana.com\/#\/schema\/person\/3e7d82c6bfd6b1fa67010f8f7cd5256e\",\"name\":\"EDITOR\",\"image\":{\"@type\":\"ImageObject\",\"inLanguage\":\"es\",\"@id\":\"https:\/\/laprensacristiana.com\/#\/schema\/person\/image\/\",\"url\":\"https:\/\/secure.gravatar.com\/avatar\/72069dfb6c13772d9e8381e3638666d2?s=96&d=mm&r=g\",\"contentUrl\":\"https:\/\/secure.gravatar.com\/avatar\/72069dfb6c13772d9e8381e3638666d2?s=96&d=mm&r=g\",\"caption\":\"EDITOR\"},\"url\":\"https:\/\/laprensacristiana.com\/?author=3\"}]}<\/script>\n<!-- \/ Yoast SEO plugin. -->","yoast_head_json":{"title":"Ministerio Chica de Fe y fundaci\u00f3n Youth To Lead llevan alimentos a personas en situaci\u00f3n de calle - La Prensa Cristiana","robots":{"index":"index","follow":"follow","max-snippet":"max-snippet:-1","max-image-preview":"max-image-preview:large","max-video-preview":"max-video-preview:-1"},"canonical":"https:\/\/laprensacristiana.com\/?p=13649","og_locale":"es_ES","og_type":"article","og_title":"Ministerio Chica de Fe y fundaci\u00f3n Youth To Lead llevan alimentos a personas en situaci\u00f3n de calle - La Prensa Cristiana","og_description":"El Ministerio Internacional Chica de Fe, en alianza con la Fundaci\u00f3n Youth To Lead entregaron alimentos a personas en situaci\u00f3n vulnerable que viven en las calles y pacientes en la sala de emergencia del Hospital San Rafael en Santa Tecla y sus alrededores.&nbsp; Se evangeliz\u00f3 a m\u00e1s de 200 personas, brindando esperanza y palabra de [&hellip;]","og_url":"https:\/\/laprensacristiana.com\/?p=13649","og_site_name":"La Prensa Cristiana","article_published_time":"2022-07-30T14:30:21+00:00","article_modified_time":"2022-07-30T14:30:22+00:00","og_image":[{"width":960,"height":1280,"url":"https:\/\/laprensacristiana.com\/wp-content\/uploads\/2022\/07\/765472B4-F6B7-4980-B3CC-ECA366024022.jpeg","type":"image\/jpeg"}],"author":"EDITOR","twitter_card":"summary_large_image","twitter_misc":{"Escrito por":"EDITOR","Tiempo de lectura":"1 minuto"},"schema":{"@context":"https:\/\/schema.org","@graph":[{"@type":"WebPage","@id":"https:\/\/laprensacristiana.com\/?p=13649","url":"https:\/\/laprensacristiana.com\/?p=13649","name":"Ministerio Chica de Fe y fundaci\u00f3n Youth To Lead llevan alimentos a personas en situaci\u00f3n de calle - La Prensa Cristiana","isPartOf":{"@id":"https:\/\/laprensacristiana.com\/#website"},"datePublished":"2022-07-30T14:30:21+00:00","dateModified":"2022-07-30T14:30:22+00:00","author":{"@id":"https:\/\/laprensacristiana.com\/#\/schema\/person\/3e7d82c6bfd6b1fa67010f8f7cd5256e"},"breadcrumb":{"@id":"https:\/\/laprensacristiana.com\/?p=13649#breadcrumb"},"inLanguage":"es","potentialAction":[{"@type":"ReadAction","target":["https:\/\/laprensacristiana.com\/?p=13649"]}]},{"@type":"BreadcrumbList","@id":"https:\/\/laprensacristiana.com\/?p=13649#breadcrumb","itemListElement":[{"@type":"ListItem","position":1,"name":"Portada","item":"https:\/\/laprensacristiana.com\/"},{"@type":"ListItem","position":2,"name":"Ministerio Chica de Fe y fundaci\u00f3n Youth To Lead llevan alimentos a personas en situaci\u00f3n de calle"}]},{"@type":"WebSite","@id":"https:\/\/laprensacristiana.com\/#website","url":"https:\/\/laprensacristiana.com\/","name":"La Prensa Cristiana","description":"Anunciando Las Buenas Nuevas","potentialAction":[{"@type":"SearchAction","target":{"@type":"EntryPoint","urlTemplate":"https:\/\/laprensacristiana.com\/?s={search_term_string}"},"query-input":"required name=search_term_string"}],"inLanguage":"es"},{"@type":"Person","@id":"https:\/\/laprensacristiana.com\/#\/schema\/person\/3e7d82c6bfd6b1fa67010f8f7cd5256e","name":"EDITOR","image":{"@type":"ImageObject","inLanguage":"es","@id":"https:\/\/laprensacristiana.com\/#\/schema\/person\/image\/","url":"https:\/\/secure.gravatar.com\/avatar\/72069dfb6c13772d9e8381e3638666d2?s=96&d=mm&r=g","contentUrl":"https:\/\/secure.gravatar.com\/avatar\/72069dfb6c13772d9e8381e3638666d2?s=96&d=mm&r=g","caption":"EDITOR"},"url":"https:\/\/laprensacristiana.com\/?author=3"}]}},"_links":{"self":[{"href":"https:\/\/laprensacristiana.com\/index.php?rest_route=\/wp\/v2\/posts\/13649"}],"collection":[{"href":"https:\/\/laprensacristiana.com\/index.php?rest_route=\/wp\/v2\/posts"}],"about":[{"href":"https:\/\/laprensacristiana.com\/index.php?rest_route=\/wp\/v2\/types\/post"}],"author":[{"embeddable":true,"href":"https:\/\/laprensacristiana.com\/index.php?rest_route=\/wp\/v2\/users\/3"}],"replies":[{"embeddable":true,"href":"https:\/\/laprensacristiana.com\/index.php?rest_route=%2Fwp%2Fv2%2Fcomments&post=13649"}],"version-history":[{"count":1,"href":"https:\/\/laprensacristiana.com\/index.php?rest_route=\/wp\/v2\/posts\/13649\/revisions"}],"predecessor-version":[{"id":13659,"href":"https:\/\/laprensacristiana.com\/index.php?rest_route=\/wp\/v2\/posts\/13649\/revisions\/13659"}],"wp:featuredmedia":[{"embeddable":true,"href":"https:\/\/laprensacristiana.com\/index.php?rest_route=\/wp\/v2\/media\/13650"}],"wp:attachment":[{"href":"https:\/\/laprensacristiana.com\/index.php?rest_route=%2Fwp%2Fv2%2Fmedia&parent=13649"}],"wp:term":[{"taxonomy":"category","embeddable":true,"href":"https:\/\/laprensacristiana.com\/index.php?rest_route=%2Fwp%2Fv2%2Fcategories&post=13649"},{"taxonomy":"post_tag","embeddable":true,"href":"https:\/\/laprensacristiana.com\/index.php?rest_route=%2Fwp%2Fv2%2Ftags&post=13649"}],"curies":[{"name":"wp","href":"https:\/\/api.w.org\/{rel}","templated":true}]}}