{"id":13667,"date":"2022-08-01T15:42:47","date_gmt":"2022-08-01T15:42:47","guid":{"rendered":"https:\/\/laprensacristiana.com\/?p=13667"},"modified":"2022-08-01T15:42:48","modified_gmt":"2022-08-01T15:42:48","slug":"genocidio-canadiense-en-escuelas-residenciales","status":"publish","type":"post","link":"https:\/\/laprensacristiana.com\/?p=13667","title":{"rendered":"Genocidio canadiense en escuelas residenciales"},"content":{"rendered":"\n<p>Cuando el Papa Francisco dijo, al salir de Canad\u00e1, que cree que lo que sucedi\u00f3 en las escuelas residenciales de este pa\u00eds equivali\u00f3 a un genocidio, lo que muchos pueblos ind\u00edgenas de todo el pa\u00eds escucharon fue un reconocimiento largamente retrasado de una verdad obvia.<\/p>\n\n\n\n<p>Ghislain Picard, jefe regional de la Asamblea de las Primeras Naciones para Quebec y Labrador, dijo que los comentarios del Papa, que hizo durante su vuelo de regreso a Roma al final de una gira canadiense de seis d\u00edas, son una se\u00f1al de progreso.<\/p>\n\n\n\n<p>Durante los viajes del Papa a Canad\u00e1, que duraron del 24 al 29 de julio, visit\u00f3 Alberta, Quebec y Nunavut. En el camino, hizo varias disculpas por el papel de los cat\u00f3licos en los da\u00f1os en las escuelas residenciales de Canad\u00e1, alrededor del 60 por ciento de las cuales fueron administradas por la iglesia.<\/p>\n\n\n\n<p>Tristes y sombr\u00edas las explicaciones del jefe de la Iglesia Cat\u00f3lica Romana ante el abuso sistem\u00e1tico de infantes, todos ellos indefensos, separados de sus familias y carentes de derechos -como los que hoy se estilan para todas las personas- en un espacio de tiempo que es demasiado: \u00a1un siglo!<\/p>\n\n\n\n<p>Los ni\u00f1os ind\u00edgenas que asist\u00edan a las escuelas, que funcionaron durante m\u00e1s de un siglo, fueron separados de sus padres y comunidades y se les prohibi\u00f3 hablar sus idiomas nativos. A veces eran abusadas f\u00edsica o sexualmente. El Centro Nacional para la Verdad y la Reconciliaci\u00f3n mantiene un registro de m\u00e1s de 4.000 ni\u00f1os que murieron en las instituciones o despu\u00e9s de asistir a ellas. (Fuente: The Globe and Mail, Toronto, Canad\u00e1).<\/p>\n\n\n\n<p>\u00bfPor qu\u00e9 se dan tantos esc\u00e1ndalos en el mundo religioso, que en teor\u00eda solo busca el beneficio del ser humano, para llegar al abuso directo y sin tapujos?<\/p>\n\n\n\n<p>\u00bfY por qu\u00e9 se da mucho abuso que se echa al bolsillo el 7\u00ba. Mandamiento (\u00bfignorando tambi\u00e9n el 10\u00ba Mandamiento? Y esto no es privativo solo de la Iglesia Cat\u00f3lica Romana. No, es un fen\u00f3meno universal que echa por tierra cualquier ordenamiento moral. En las distintas expresiones de la religi\u00f3n cristiana se ense\u00f1a la defensa de la vida, no la explotaci\u00f3n de la misma ni tampoco el abuso.<\/p>\n\n\n\n<p>\u00bfHa llegado tarde la Iglesia Cat\u00f3lica Romana para dar sus excusas? Probablemente 100 a\u00f1os tarde. Pero tan tarde como eso, han llegado otras iglesias \u201ccristianas\u201d ocultando sus hechos de corrupci\u00f3n, de maltrato a sus miembros (especialmente el abuso a las mujeres), de estafas financieras y algunas de ellas millonarias.<\/p>\n\n\n\n<p>Quiz\u00e1 llega el tiempo de sanar a la religi\u00f3n cristiana. Para que sea cre\u00edble, para que los j\u00f3venes vuelvan a las iglesias, para que todos los \u201cnegocios\u201d de la religi\u00f3n sean transparentes. Y para que se vuelva a defender la vida, especialmente la vida de los ni\u00f1os. Despu\u00e9s de todo, fue Jesucristo, fundador de una religi\u00f3n que dijo que aquellos que hicieran caer a un ni\u00f1o de su fe, le valdr\u00eda mejor hundirse en lo profundo de la mar.<\/p>\n\n\n\n<p>(guillermo.serrano@ideasyvoces)<\/p>\n","protected":false},"excerpt":{"rendered":"<p>Cuando el Papa Francisco dijo, al salir de Canad\u00e1, que cree que lo que sucedi\u00f3 en las escuelas residenciales de este pa\u00eds equivali\u00f3 a un genocidio, lo que muchos pueblos ind\u00edgenas de todo el pa\u00eds escucharon fue un reconocimiento largamente retrasado de una verdad obvia. Ghislain Picard, jefe regional de la Asamblea de las Primeras [&hellip;]<\/p>\n","protected":false},"author":3,"featured_media":12597,"comment_status":"open","ping_status":"open","sticky":false,"template":"","format":"standard","meta":[],"categories":[113],"tags":[],"yoast_head":"<!-- This site is optimized with the Yoast SEO plugin v20.8 - https:\/\/yoast.com\/wordpress\/plugins\/seo\/ -->\n<title>Genocidio canadiense en escuelas residenciales - La Prensa Cristiana<\/title>\n<meta name=\"robots\" content=\"index, follow, max-snippet:-1, max-image-preview:large, max-video-preview:-1\" \/>\n<link rel=\"canonical\" href=\"https:\/\/laprensacristiana.com\/?p=13667\" \/>\n<meta property=\"og:locale\" content=\"es_ES\" \/>\n<meta property=\"og:type\" content=\"article\" \/>\n<meta property=\"og:title\" content=\"Genocidio canadiense en escuelas residenciales - La Prensa Cristiana\" \/>\n<meta property=\"og:description\" content=\"Cuando el Papa Francisco dijo, al salir de Canad\u00e1, que cree que lo que sucedi\u00f3 en las escuelas residenciales de este pa\u00eds equivali\u00f3 a un genocidio, lo que muchos pueblos ind\u00edgenas de todo el pa\u00eds escucharon fue un reconocimiento largamente retrasado de una verdad obvia. Ghislain Picard, jefe regional de la Asamblea de las Primeras [&hellip;]\" \/>\n<meta property=\"og:url\" content=\"https:\/\/laprensacristiana.com\/?p=13667\" \/>\n<meta property=\"og:site_name\" content=\"La Prensa Cristiana\" \/>\n<meta property=\"article:published_time\" content=\"2022-08-01T15:42:47+00:00\" \/>\n<meta property=\"article:modified_time\" content=\"2022-08-01T15:42:48+00:00\" \/>\n<meta property=\"og:image\" content=\"https:\/\/laprensacristiana.com\/wp-content\/uploads\/2021\/09\/WhatsApp-Image-2021-09-27-at-08.58.18.jpeg\" \/>\n\t<meta property=\"og:image:width\" content=\"487\" \/>\n\t<meta property=\"og:image:height\" content=\"330\" \/>\n\t<meta property=\"og:image:type\" content=\"image\/jpeg\" \/>\n<meta name=\"author\" content=\"EDITOR\" \/>\n<meta name=\"twitter:card\" content=\"summary_large_image\" \/>\n<meta name=\"twitter:label1\" content=\"Escrito por\" \/>\n\t<meta name=\"twitter:data1\" content=\"EDITOR\" \/>\n\t<meta name=\"twitter:label2\" content=\"Tiempo de lectura\" \/>\n\t<meta name=\"twitter:data2\" content=\"3 minutos\" \/>\n<script type=\"application\/ld+json\" class=\"yoast-schema-graph\">{\"@context\":\"https:\/\/schema.org\",\"@graph\":[{\"@type\":\"WebPage\",\"@id\":\"https:\/\/laprensacristiana.com\/?p=13667\",\"url\":\"https:\/\/laprensacristiana.com\/?p=13667\",\"name\":\"Genocidio canadiense en escuelas residenciales - La Prensa Cristiana\",\"isPartOf\":{\"@id\":\"https:\/\/laprensacristiana.com\/#website\"},\"datePublished\":\"2022-08-01T15:42:47+00:00\",\"dateModified\":\"2022-08-01T15:42:48+00:00\",\"author\":{\"@id\":\"https:\/\/laprensacristiana.com\/#\/schema\/person\/3e7d82c6bfd6b1fa67010f8f7cd5256e\"},\"breadcrumb\":{\"@id\":\"https:\/\/laprensacristiana.com\/?p=13667#breadcrumb\"},\"inLanguage\":\"es\",\"potentialAction\":[{\"@type\":\"ReadAction\",\"target\":[\"https:\/\/laprensacristiana.com\/?p=13667\"]}]},{\"@type\":\"BreadcrumbList\",\"@id\":\"https:\/\/laprensacristiana.com\/?p=13667#breadcrumb\",\"itemListElement\":[{\"@type\":\"ListItem\",\"position\":1,\"name\":\"Portada\",\"item\":\"https:\/\/laprensacristiana.com\/\"},{\"@type\":\"ListItem\",\"position\":2,\"name\":\"Genocidio canadiense en escuelas residenciales\"}]},{\"@type\":\"WebSite\",\"@id\":\"https:\/\/laprensacristiana.com\/#website\",\"url\":\"https:\/\/laprensacristiana.com\/\",\"name\":\"La Prensa Cristiana\",\"description\":\"Anunciando Las Buenas Nuevas\",\"potentialAction\":[{\"@type\":\"SearchAction\",\"target\":{\"@type\":\"EntryPoint\",\"urlTemplate\":\"https:\/\/laprensacristiana.com\/?s={search_term_string}\"},\"query-input\":\"required name=search_term_string\"}],\"inLanguage\":\"es\"},{\"@type\":\"Person\",\"@id\":\"https:\/\/laprensacristiana.com\/#\/schema\/person\/3e7d82c6bfd6b1fa67010f8f7cd5256e\",\"name\":\"EDITOR\",\"image\":{\"@type\":\"ImageObject\",\"inLanguage\":\"es\",\"@id\":\"https:\/\/laprensacristiana.com\/#\/schema\/person\/image\/\",\"url\":\"https:\/\/secure.gravatar.com\/avatar\/72069dfb6c13772d9e8381e3638666d2?s=96&d=mm&r=g\",\"contentUrl\":\"https:\/\/secure.gravatar.com\/avatar\/72069dfb6c13772d9e8381e3638666d2?s=96&d=mm&r=g\",\"caption\":\"EDITOR\"},\"url\":\"https:\/\/laprensacristiana.com\/?author=3\"}]}<\/script>\n<!-- \/ Yoast SEO plugin. -->","yoast_head_json":{"title":"Genocidio canadiense en escuelas residenciales - La Prensa Cristiana","robots":{"index":"index","follow":"follow","max-snippet":"max-snippet:-1","max-image-preview":"max-image-preview:large","max-video-preview":"max-video-preview:-1"},"canonical":"https:\/\/laprensacristiana.com\/?p=13667","og_locale":"es_ES","og_type":"article","og_title":"Genocidio canadiense en escuelas residenciales - La Prensa Cristiana","og_description":"Cuando el Papa Francisco dijo, al salir de Canad\u00e1, que cree que lo que sucedi\u00f3 en las escuelas residenciales de este pa\u00eds equivali\u00f3 a un genocidio, lo que muchos pueblos ind\u00edgenas de todo el pa\u00eds escucharon fue un reconocimiento largamente retrasado de una verdad obvia. Ghislain Picard, jefe regional de la Asamblea de las Primeras [&hellip;]","og_url":"https:\/\/laprensacristiana.com\/?p=13667","og_site_name":"La Prensa Cristiana","article_published_time":"2022-08-01T15:42:47+00:00","article_modified_time":"2022-08-01T15:42:48+00:00","og_image":[{"width":487,"height":330,"url":"https:\/\/laprensacristiana.com\/wp-content\/uploads\/2021\/09\/WhatsApp-Image-2021-09-27-at-08.58.18.jpeg","type":"image\/jpeg"}],"author":"EDITOR","twitter_card":"summary_large_image","twitter_misc":{"Escrito por":"EDITOR","Tiempo de lectura":"3 minutos"},"schema":{"@context":"https:\/\/schema.org","@graph":[{"@type":"WebPage","@id":"https:\/\/laprensacristiana.com\/?p=13667","url":"https:\/\/laprensacristiana.com\/?p=13667","name":"Genocidio canadiense en escuelas residenciales - La Prensa Cristiana","isPartOf":{"@id":"https:\/\/laprensacristiana.com\/#website"},"datePublished":"2022-08-01T15:42:47+00:00","dateModified":"2022-08-01T15:42:48+00:00","author":{"@id":"https:\/\/laprensacristiana.com\/#\/schema\/person\/3e7d82c6bfd6b1fa67010f8f7cd5256e"},"breadcrumb":{"@id":"https:\/\/laprensacristiana.com\/?p=13667#breadcrumb"},"inLanguage":"es","potentialAction":[{"@type":"ReadAction","target":["https:\/\/laprensacristiana.com\/?p=13667"]}]},{"@type":"BreadcrumbList","@id":"https:\/\/laprensacristiana.com\/?p=13667#breadcrumb","itemListElement":[{"@type":"ListItem","position":1,"name":"Portada","item":"https:\/\/laprensacristiana.com\/"},{"@type":"ListItem","position":2,"name":"Genocidio canadiense en escuelas residenciales"}]},{"@type":"WebSite","@id":"https:\/\/laprensacristiana.com\/#website","url":"https:\/\/laprensacristiana.com\/","name":"La Prensa Cristiana","description":"Anunciando Las Buenas Nuevas","potentialAction":[{"@type":"SearchAction","target":{"@type":"EntryPoint","urlTemplate":"https:\/\/laprensacristiana.com\/?s={search_term_string}"},"query-input":"required name=search_term_string"}],"inLanguage":"es"},{"@type":"Person","@id":"https:\/\/laprensacristiana.com\/#\/schema\/person\/3e7d82c6bfd6b1fa67010f8f7cd5256e","name":"EDITOR","image":{"@type":"ImageObject","inLanguage":"es","@id":"https:\/\/laprensacristiana.com\/#\/schema\/person\/image\/","url":"https:\/\/secure.gravatar.com\/avatar\/72069dfb6c13772d9e8381e3638666d2?s=96&d=mm&r=g","contentUrl":"https:\/\/secure.gravatar.com\/avatar\/72069dfb6c13772d9e8381e3638666d2?s=96&d=mm&r=g","caption":"EDITOR"},"url":"https:\/\/laprensacristiana.com\/?author=3"}]}},"_links":{"self":[{"href":"https:\/\/laprensacristiana.com\/index.php?rest_route=\/wp\/v2\/posts\/13667"}],"collection":[{"href":"https:\/\/laprensacristiana.com\/index.php?rest_route=\/wp\/v2\/posts"}],"about":[{"href":"https:\/\/laprensacristiana.com\/index.php?rest_route=\/wp\/v2\/types\/post"}],"author":[{"embeddable":true,"href":"https:\/\/laprensacristiana.com\/index.php?rest_route=\/wp\/v2\/users\/3"}],"replies":[{"embeddable":true,"href":"https:\/\/laprensacristiana.com\/index.php?rest_route=%2Fwp%2Fv2%2Fcomments&post=13667"}],"version-history":[{"count":1,"href":"https:\/\/laprensacristiana.com\/index.php?rest_route=\/wp\/v2\/posts\/13667\/revisions"}],"predecessor-version":[{"id":13668,"href":"https:\/\/laprensacristiana.com\/index.php?rest_route=\/wp\/v2\/posts\/13667\/revisions\/13668"}],"wp:featuredmedia":[{"embeddable":true,"href":"https:\/\/laprensacristiana.com\/index.php?rest_route=\/wp\/v2\/media\/12597"}],"wp:attachment":[{"href":"https:\/\/laprensacristiana.com\/index.php?rest_route=%2Fwp%2Fv2%2Fmedia&parent=13667"}],"wp:term":[{"taxonomy":"category","embeddable":true,"href":"https:\/\/laprensacristiana.com\/index.php?rest_route=%2Fwp%2Fv2%2Fcategories&post=13667"},{"taxonomy":"post_tag","embeddable":true,"href":"https:\/\/laprensacristiana.com\/index.php?rest_route=%2Fwp%2Fv2%2Ftags&post=13667"}],"curies":[{"name":"wp","href":"https:\/\/api.w.org\/{rel}","templated":true}]}}